{"id":201738,"date":"2019-02-07T08:00:21","date_gmt":"2019-02-07T10:00:21","guid":{"rendered":"https:\/\/www.notibras.com\/site\/?p=201738"},"modified":"2019-02-07T08:52:56","modified_gmt":"2019-02-07T10:52:56","slug":"moro-conversa-com-deputados-e-alivia-lei-de-crime","status":"publish","type":"post","link":"https:\/\/www.notibras.com\/site\/moro-conversa-com-deputados-e-alivia-lei-de-crime\/","title":{"rendered":"Moro conversa com deputados e alivia lei de crime"},"content":{"rendered":"<p>O ministro da Justi\u00e7a e Seguran\u00e7a P\u00fablica, S\u00e9rgio Moro, atendeu a reivindica\u00e7\u00f5es de governadores e do ministro do Supremo Tribunal Federal (STF) Celso de Mello e, dois dias depois de apresentar o pacote anticrime, anunciou mudan\u00e7as no texto. O projeto de Moro criminaliza o caixa 2 nas campanhas eleitorais e endurece penas para crime organizado e corrup\u00e7\u00e3o.<\/p>\n<p>Nesta quarta-feira, 6, Moro apresentou o texto a cerca de cem deputados, na C\u00e2mara, em encontro promovido pela Frente Parlamentar de Seguran\u00e7a. A reuni\u00e3o ocorreu a portas fechadas, mas deputados do PSL e do PSOL ignoraram o sigilo e transmitiram parte dela ao vivo em suas redes sociais.<\/p>\n<p>No seu primeiro teste pol\u00edtico no Congresso, Moro afirmou aos deputados que o pacote anticrime n\u00e3o tem ideologia e os convocou a apoiar o texto. &#8220;\u00c9 uma proposta de responsabilidade do governo e do Congresso&#8221;, disse o ministro.<\/p>\n<p>A tentativa da oposi\u00e7\u00e3o de constranger Moro com perguntas sobre investiga\u00e7\u00f5es envolvendo o senador Fl\u00e1vio Bolsonaro (PSL-RJ), filho do presidente Jair Bolsonaro, e o ministro da Casa Civil, Onyx Lorenzoni, foi frustrada. O deputado Glauber Braga (PSOL-RJ), chegou a ser vaiado por criticar o ministro. &#8220;O senhor Moro vai falar at\u00e9 as 16 horas para n\u00e3o responder as perguntas?&#8221;, gritou.<\/p>\n<p>Os governistas reagiram pedindo &#8220;mais respeito&#8221; e que o colega parasse com &#8220;a palha\u00e7ada&#8221;. &#8220;O clima n\u00e3o foi dos melhores porque ele fala uma hora e escuta um minuto. Ele precisa entender que deixou de ser juiz da Lava Jato&#8221;, disse o deputado Marcelo Freixo (PSOL-RJ).<\/p>\n<p>Moro pediu desculpas pela demora em sua apresenta\u00e7\u00e3o e disse que est\u00e1 de portas abertas para receber os deputados que tiverem interesse em dialogar com ele sobre o tema.<\/p>\n<p><strong>Mudan\u00e7as<\/strong> &#8211; No Supremo, ministros como o decano Celso de Mello apontaram falhas que j\u00e1 levaram Moro a fazer altera\u00e7\u00f5es na proposta. Uma delas obrigar\u00e1 o titular da Justi\u00e7a a encaminhar dois e n\u00e3o um projeto ao Congresso. Isso para evitar erro de procedimento, uma vez que nem todas as mudan\u00e7as propostas podem ser feitas por lei ordin\u00e1ria.<\/p>\n<p>Moro tamb\u00e9m aceitou alterar alguns pontos, ap\u00f3s acatar sugest\u00f5es de governadores feitas a ele em reuni\u00e3o na segunda-feira. A primeira delas prev\u00ea que as audi\u00eancias de presos em estabelecimentos fora da comarca devem ocorrer &#8220;obrigatoriamente&#8221; por videoconfer\u00eancia. O texto original usava o termo &#8220;preferencialmente&#8221;.<\/p>\n<p>Al\u00e9m disso, Moro fez um acr\u00e9scimo no trecho segundo o qual o juiz deve negar liberdade provis\u00f3ria a presos em flagrante que forem reincidentes ou integrantes de organiza\u00e7\u00e3o criminosa. Agora, a regra ir\u00e1 se estender a presos em flagrante por porte de arma de fogo de uso restrito em circunst\u00e2ncias que indiquem ser membro de grupo criminoso.<\/p>\n<p>Outro ajuste permitir\u00e1 que presos fiquem mais de tr\u00eas anos em penitenci\u00e1rias de seguran\u00e7a m\u00e1xima. Na vers\u00e3o original essa medida era &#8220;excepcional&#8221;. No total, o projeto altera 14 leis do C\u00f3digo Penal, C\u00f3digo de Processo Penal, Lei de Execu\u00e7\u00e3o Penal, Lei de Crimes Hediondos e C\u00f3digo Eleitoral.<\/p>\n","protected":false},"excerpt":{"rendered":"<p>O ministro da Justi\u00e7a e Seguran\u00e7a P\u00fablica, S\u00e9rgio Moro, atendeu a reivindica\u00e7\u00f5es de governadores e do ministro do Supremo Tribunal Federal (STF) Celso de Mello e, dois dias depois de apresentar o pacote anticrime, anunciou mudan\u00e7as no texto. O projeto de Moro criminaliza o caixa 2 nas campanhas eleitorais e endurece penas para crime organizado [&hellip;]<\/p>\n","protected":false},"author":2,"featured_media":201739,"comment_status":"closed","ping_status":"closed","sticky":false,"template":"","format":"standard","meta":{"_acf_changed":false,"footnotes":""},"categories":[16],"tags":[95],"class_list":["post-201738","post","type-post","status-publish","format-standard","has-post-thumbnail","hentry","category-brasil","tag-capa"],"acf":[],"yoast_head":"<!-- This site is optimized with the Yoast SEO plugin v27.2 - https:\/\/yoast.com\/product\/yoast-seo-wordpress\/ -->\n<title>Moro conversa com deputados e alivia lei de crime - Notibras<\/title>\n<meta name=\"robots\" content=\"index, follow, max-snippet:-1, max-image-preview:large, max-video-preview:-1\" \/>\n<link rel=\"canonical\" href=\"https:\/\/www.notibras.com\/site\/moro-conversa-com-deputados-e-alivia-lei-de-crime\/\" \/>\n<meta property=\"og:locale\" content=\"pt_BR\" \/>\n<meta property=\"og:type\" content=\"article\" \/>\n<meta property=\"og:title\" content=\"Moro conversa com deputados e alivia lei de crime - Notibras\" \/>\n<meta property=\"og:description\" content=\"O ministro da Justi\u00e7a e Seguran\u00e7a P\u00fablica, S\u00e9rgio Moro, atendeu a reivindica\u00e7\u00f5es de governadores e do ministro do Supremo Tribunal Federal (STF) Celso de Mello e, dois dias depois de apresentar o pacote anticrime, anunciou mudan\u00e7as no texto. O projeto de Moro criminaliza o caixa 2 nas campanhas eleitorais e endurece penas para crime organizado [&hellip;]\" \/>\n<meta property=\"og:url\" content=\"https:\/\/www.notibras.com\/site\/moro-conversa-com-deputados-e-alivia-lei-de-crime\/\" \/>\n<meta property=\"og:site_name\" content=\"Notibras\" \/>\n<meta property=\"article:publisher\" content=\"https:\/\/www.facebook.com\/notibras\/\" \/>\n<meta property=\"article:published_time\" content=\"2019-02-07T10:00:21+00:00\" \/>\n<meta property=\"article:modified_time\" content=\"2019-02-07T10:52:56+00:00\" \/>\n<meta property=\"og:image\" content=\"https:\/\/www.notibras.com\/site\/wp-content\/uploads\/2019\/02\/moro-lei.6.jpg\" \/>\n\t<meta property=\"og:image:width\" content=\"1140\" \/>\n\t<meta property=\"og:image:height\" content=\"760\" \/>\n\t<meta property=\"og:image:type\" content=\"image\/jpeg\" \/>\n<meta name=\"author\" content=\"Reda\u00e7\u00e3o\" \/>\n<meta name=\"twitter:card\" content=\"summary_large_image\" \/>\n<meta name=\"twitter:creator\" content=\"@Notibras\" \/>\n<meta name=\"twitter:site\" content=\"@Notibras\" \/>\n<meta name=\"twitter:label1\" content=\"Escrito por\" \/>\n\t<meta name=\"twitter:data1\" content=\"Reda\u00e7\u00e3o\" \/>\n\t<meta name=\"twitter:label2\" content=\"Est. tempo de leitura\" \/>\n\t<meta name=\"twitter:data2\" content=\"3 minutos\" \/>\n<script type=\"application\/ld+json\" class=\"yoast-schema-graph\">{\"@context\":\"https:\/\/schema.org\",\"@graph\":[{\"@type\":\"Article\",\"@id\":\"https:\/\/www.notibras.com\/site\/moro-conversa-com-deputados-e-alivia-lei-de-crime\/#article\",\"isPartOf\":{\"@id\":\"https:\/\/www.notibras.com\/site\/moro-conversa-com-deputados-e-alivia-lei-de-crime\/\"},\"author\":{\"name\":\"Reda\u00e7\u00e3o\",\"@id\":\"https:\/\/www.notibras.com\/site\/#\/schema\/person\/36ab0979449956132d3e5b517ea76ac8\"},\"headline\":\"Moro conversa com deputados e alivia lei de crime\",\"datePublished\":\"2019-02-07T10:00:21+00:00\",\"dateModified\":\"2019-02-07T10:52:56+00:00\",\"mainEntityOfPage\":{\"@id\":\"https:\/\/www.notibras.com\/site\/moro-conversa-com-deputados-e-alivia-lei-de-crime\/\"},\"wordCount\":533,\"publisher\":{\"@id\":\"https:\/\/www.notibras.com\/site\/#organization\"},\"image\":{\"@id\":\"https:\/\/www.notibras.com\/site\/moro-conversa-com-deputados-e-alivia-lei-de-crime\/#primaryimage\"},\"thumbnailUrl\":\"https:\/\/www.notibras.com\/site\/wp-content\/uploads\/2019\/02\/moro-lei.6.jpg\",\"keywords\":[\"capa\"],\"articleSection\":[\"Brasil\"],\"inLanguage\":\"pt-BR\"},{\"@type\":\"WebPage\",\"@id\":\"https:\/\/www.notibras.com\/site\/moro-conversa-com-deputados-e-alivia-lei-de-crime\/\",\"url\":\"https:\/\/www.notibras.com\/site\/moro-conversa-com-deputados-e-alivia-lei-de-crime\/\",\"name\":\"Moro conversa com deputados e alivia lei de crime - Notibras\",\"isPartOf\":{\"@id\":\"https:\/\/www.notibras.com\/site\/#website\"},\"primaryImageOfPage\":{\"@id\":\"https:\/\/www.notibras.com\/site\/moro-conversa-com-deputados-e-alivia-lei-de-crime\/#primaryimage\"},\"image\":{\"@id\":\"https:\/\/www.notibras.com\/site\/moro-conversa-com-deputados-e-alivia-lei-de-crime\/#primaryimage\"},\"thumbnailUrl\":\"https:\/\/www.notibras.com\/site\/wp-content\/uploads\/2019\/02\/moro-lei.6.jpg\",\"datePublished\":\"2019-02-07T10:00:21+00:00\",\"dateModified\":\"2019-02-07T10:52:56+00:00\",\"breadcrumb\":{\"@id\":\"https:\/\/www.notibras.com\/site\/moro-conversa-com-deputados-e-alivia-lei-de-crime\/#breadcrumb\"},\"inLanguage\":\"pt-BR\",\"potentialAction\":[{\"@type\":\"ReadAction\",\"target\":[\"https:\/\/www.notibras.com\/site\/moro-conversa-com-deputados-e-alivia-lei-de-crime\/\"]}]},{\"@type\":\"ImageObject\",\"inLanguage\":\"pt-BR\",\"@id\":\"https:\/\/www.notibras.com\/site\/moro-conversa-com-deputados-e-alivia-lei-de-crime\/#primaryimage\",\"url\":\"https:\/\/www.notibras.com\/site\/wp-content\/uploads\/2019\/02\/moro-lei.6.jpg\",\"contentUrl\":\"https:\/\/www.notibras.com\/site\/wp-content\/uploads\/2019\/02\/moro-lei.6.jpg\",\"width\":1140,\"height\":760,\"caption\":\"Foto: Marcelo Camargo\/ABr\"},{\"@type\":\"BreadcrumbList\",\"@id\":\"https:\/\/www.notibras.com\/site\/moro-conversa-com-deputados-e-alivia-lei-de-crime\/#breadcrumb\",\"itemListElement\":[{\"@type\":\"ListItem\",\"position\":1,\"name\":\"In\u00edcio\",\"item\":\"https:\/\/www.notibras.com\/site\/\"},{\"@type\":\"ListItem\",\"position\":2,\"name\":\"Moro conversa com deputados e alivia lei de crime\"}]},{\"@type\":\"WebSite\",\"@id\":\"https:\/\/www.notibras.com\/site\/#website\",\"url\":\"https:\/\/www.notibras.com\/site\/\",\"name\":\"Notibras\",\"description\":\"Not\u00edcias de Bras\u00edlia, do Brasil e do Mundo\",\"publisher\":{\"@id\":\"https:\/\/www.notibras.com\/site\/#organization\"},\"potentialAction\":[{\"@type\":\"SearchAction\",\"target\":{\"@type\":\"EntryPoint\",\"urlTemplate\":\"https:\/\/www.notibras.com\/site\/?s={search_term_string}\"},\"query-input\":{\"@type\":\"PropertyValueSpecification\",\"valueRequired\":true,\"valueName\":\"search_term_string\"}}],\"inLanguage\":\"pt-BR\"},{\"@type\":\"Organization\",\"@id\":\"https:\/\/www.notibras.com\/site\/#organization\",\"name\":\"Grupo Notibras de Comunica\u00e7\u00e3o\",\"url\":\"https:\/\/www.notibras.com\/site\/\",\"logo\":{\"@type\":\"ImageObject\",\"inLanguage\":\"pt-BR\",\"@id\":\"https:\/\/www.notibras.com\/site\/#\/schema\/logo\/image\/\",\"url\":\"https:\/\/www.notibras.com\/site\/wp-content\/uploads\/2023\/01\/notibras23.png\",\"contentUrl\":\"https:\/\/www.notibras.com\/site\/wp-content\/uploads\/2023\/01\/notibras23.png\",\"width\":350,\"height\":87,\"caption\":\"Grupo Notibras de Comunica\u00e7\u00e3o\"},\"image\":{\"@id\":\"https:\/\/www.notibras.com\/site\/#\/schema\/logo\/image\/\"},\"sameAs\":[\"https:\/\/www.facebook.com\/notibras\/\",\"https:\/\/x.com\/Notibras\",\"https:\/\/www.instagram.com\/notibras\/\"]},{\"@type\":\"Person\",\"@id\":\"https:\/\/www.notibras.com\/site\/#\/schema\/person\/36ab0979449956132d3e5b517ea76ac8\",\"name\":\"Reda\u00e7\u00e3o\",\"image\":{\"@type\":\"ImageObject\",\"inLanguage\":\"pt-BR\",\"@id\":\"https:\/\/secure.gravatar.com\/avatar\/e0a867bdedb85fd243eadf09663511f96fc81e0720a4a42581f334ad4303aa6b?s=96&d=mm&r=g\",\"url\":\"https:\/\/secure.gravatar.com\/avatar\/e0a867bdedb85fd243eadf09663511f96fc81e0720a4a42581f334ad4303aa6b?s=96&d=mm&r=g\",\"contentUrl\":\"https:\/\/secure.gravatar.com\/avatar\/e0a867bdedb85fd243eadf09663511f96fc81e0720a4a42581f334ad4303aa6b?s=96&d=mm&r=g\",\"caption\":\"Reda\u00e7\u00e3o\"}}]}<\/script>\n<!-- \/ Yoast SEO plugin. -->","yoast_head_json":{"title":"Moro conversa com deputados e alivia lei de crime - Notibras","robots":{"index":"index","follow":"follow","max-snippet":"max-snippet:-1","max-image-preview":"max-image-preview:large","max-video-preview":"max-video-preview:-1"},"canonical":"https:\/\/www.notibras.com\/site\/moro-conversa-com-deputados-e-alivia-lei-de-crime\/","og_locale":"pt_BR","og_type":"article","og_title":"Moro conversa com deputados e alivia lei de crime - Notibras","og_description":"O ministro da Justi\u00e7a e Seguran\u00e7a P\u00fablica, S\u00e9rgio Moro, atendeu a reivindica\u00e7\u00f5es de governadores e do ministro do Supremo Tribunal Federal (STF) Celso de Mello e, dois dias depois de apresentar o pacote anticrime, anunciou mudan\u00e7as no texto. O projeto de Moro criminaliza o caixa 2 nas campanhas eleitorais e endurece penas para crime organizado [&hellip;]","og_url":"https:\/\/www.notibras.com\/site\/moro-conversa-com-deputados-e-alivia-lei-de-crime\/","og_site_name":"Notibras","article_publisher":"https:\/\/www.facebook.com\/notibras\/","article_published_time":"2019-02-07T10:00:21+00:00","article_modified_time":"2019-02-07T10:52:56+00:00","og_image":[{"width":1140,"height":760,"url":"https:\/\/www.notibras.com\/site\/wp-content\/uploads\/2019\/02\/moro-lei.6.jpg","type":"image\/jpeg"}],"author":"Reda\u00e7\u00e3o","twitter_card":"summary_large_image","twitter_creator":"@Notibras","twitter_site":"@Notibras","twitter_misc":{"Escrito por":"Reda\u00e7\u00e3o","Est. tempo de leitura":"3 minutos"},"schema":{"@context":"https:\/\/schema.org","@graph":[{"@type":"Article","@id":"https:\/\/www.notibras.com\/site\/moro-conversa-com-deputados-e-alivia-lei-de-crime\/#article","isPartOf":{"@id":"https:\/\/www.notibras.com\/site\/moro-conversa-com-deputados-e-alivia-lei-de-crime\/"},"author":{"name":"Reda\u00e7\u00e3o","@id":"https:\/\/www.notibras.com\/site\/#\/schema\/person\/36ab0979449956132d3e5b517ea76ac8"},"headline":"Moro conversa com deputados e alivia lei de crime","datePublished":"2019-02-07T10:00:21+00:00","dateModified":"2019-02-07T10:52:56+00:00","mainEntityOfPage":{"@id":"https:\/\/www.notibras.com\/site\/moro-conversa-com-deputados-e-alivia-lei-de-crime\/"},"wordCount":533,"publisher":{"@id":"https:\/\/www.notibras.com\/site\/#organization"},"image":{"@id":"https:\/\/www.notibras.com\/site\/moro-conversa-com-deputados-e-alivia-lei-de-crime\/#primaryimage"},"thumbnailUrl":"https:\/\/www.notibras.com\/site\/wp-content\/uploads\/2019\/02\/moro-lei.6.jpg","keywords":["capa"],"articleSection":["Brasil"],"inLanguage":"pt-BR"},{"@type":"WebPage","@id":"https:\/\/www.notibras.com\/site\/moro-conversa-com-deputados-e-alivia-lei-de-crime\/","url":"https:\/\/www.notibras.com\/site\/moro-conversa-com-deputados-e-alivia-lei-de-crime\/","name":"Moro conversa com deputados e alivia lei de crime - Notibras","isPartOf":{"@id":"https:\/\/www.notibras.com\/site\/#website"},"primaryImageOfPage":{"@id":"https:\/\/www.notibras.com\/site\/moro-conversa-com-deputados-e-alivia-lei-de-crime\/#primaryimage"},"image":{"@id":"https:\/\/www.notibras.com\/site\/moro-conversa-com-deputados-e-alivia-lei-de-crime\/#primaryimage"},"thumbnailUrl":"https:\/\/www.notibras.com\/site\/wp-content\/uploads\/2019\/02\/moro-lei.6.jpg","datePublished":"2019-02-07T10:00:21+00:00","dateModified":"2019-02-07T10:52:56+00:00","breadcrumb":{"@id":"https:\/\/www.notibras.com\/site\/moro-conversa-com-deputados-e-alivia-lei-de-crime\/#breadcrumb"},"inLanguage":"pt-BR","potentialAction":[{"@type":"ReadAction","target":["https:\/\/www.notibras.com\/site\/moro-conversa-com-deputados-e-alivia-lei-de-crime\/"]}]},{"@type":"ImageObject","inLanguage":"pt-BR","@id":"https:\/\/www.notibras.com\/site\/moro-conversa-com-deputados-e-alivia-lei-de-crime\/#primaryimage","url":"https:\/\/www.notibras.com\/site\/wp-content\/uploads\/2019\/02\/moro-lei.6.jpg","contentUrl":"https:\/\/www.notibras.com\/site\/wp-content\/uploads\/2019\/02\/moro-lei.6.jpg","width":1140,"height":760,"caption":"Foto: Marcelo Camargo\/ABr"},{"@type":"BreadcrumbList","@id":"https:\/\/www.notibras.com\/site\/moro-conversa-com-deputados-e-alivia-lei-de-crime\/#breadcrumb","itemListElement":[{"@type":"ListItem","position":1,"name":"In\u00edcio","item":"https:\/\/www.notibras.com\/site\/"},{"@type":"ListItem","position":2,"name":"Moro conversa com deputados e alivia lei de crime"}]},{"@type":"WebSite","@id":"https:\/\/www.notibras.com\/site\/#website","url":"https:\/\/www.notibras.com\/site\/","name":"Notibras","description":"Not\u00edcias de Bras\u00edlia, do Brasil e do Mundo","publisher":{"@id":"https:\/\/www.notibras.com\/site\/#organization"},"potentialAction":[{"@type":"SearchAction","target":{"@type":"EntryPoint","urlTemplate":"https:\/\/www.notibras.com\/site\/?s={search_term_string}"},"query-input":{"@type":"PropertyValueSpecification","valueRequired":true,"valueName":"search_term_string"}}],"inLanguage":"pt-BR"},{"@type":"Organization","@id":"https:\/\/www.notibras.com\/site\/#organization","name":"Grupo Notibras de Comunica\u00e7\u00e3o","url":"https:\/\/www.notibras.com\/site\/","logo":{"@type":"ImageObject","inLanguage":"pt-BR","@id":"https:\/\/www.notibras.com\/site\/#\/schema\/logo\/image\/","url":"https:\/\/www.notibras.com\/site\/wp-content\/uploads\/2023\/01\/notibras23.png","contentUrl":"https:\/\/www.notibras.com\/site\/wp-content\/uploads\/2023\/01\/notibras23.png","width":350,"height":87,"caption":"Grupo Notibras de Comunica\u00e7\u00e3o"},"image":{"@id":"https:\/\/www.notibras.com\/site\/#\/schema\/logo\/image\/"},"sameAs":["https:\/\/www.facebook.com\/notibras\/","https:\/\/x.com\/Notibras","https:\/\/www.instagram.com\/notibras\/"]},{"@type":"Person","@id":"https:\/\/www.notibras.com\/site\/#\/schema\/person\/36ab0979449956132d3e5b517ea76ac8","name":"Reda\u00e7\u00e3o","image":{"@type":"ImageObject","inLanguage":"pt-BR","@id":"https:\/\/secure.gravatar.com\/avatar\/e0a867bdedb85fd243eadf09663511f96fc81e0720a4a42581f334ad4303aa6b?s=96&d=mm&r=g","url":"https:\/\/secure.gravatar.com\/avatar\/e0a867bdedb85fd243eadf09663511f96fc81e0720a4a42581f334ad4303aa6b?s=96&d=mm&r=g","contentUrl":"https:\/\/secure.gravatar.com\/avatar\/e0a867bdedb85fd243eadf09663511f96fc81e0720a4a42581f334ad4303aa6b?s=96&d=mm&r=g","caption":"Reda\u00e7\u00e3o"}}]}},"amp_enabled":true,"_links":{"self":[{"href":"https:\/\/www.notibras.com\/site\/wp-json\/wp\/v2\/posts\/201738","targetHints":{"allow":["GET"]}}],"collection":[{"href":"https:\/\/www.notibras.com\/site\/wp-json\/wp\/v2\/posts"}],"about":[{"href":"https:\/\/www.notibras.com\/site\/wp-json\/wp\/v2\/types\/post"}],"author":[{"embeddable":true,"href":"https:\/\/www.notibras.com\/site\/wp-json\/wp\/v2\/users\/2"}],"replies":[{"embeddable":true,"href":"https:\/\/www.notibras.com\/site\/wp-json\/wp\/v2\/comments?post=201738"}],"version-history":[{"count":3,"href":"https:\/\/www.notibras.com\/site\/wp-json\/wp\/v2\/posts\/201738\/revisions"}],"predecessor-version":[{"id":201742,"href":"https:\/\/www.notibras.com\/site\/wp-json\/wp\/v2\/posts\/201738\/revisions\/201742"}],"wp:featuredmedia":[{"embeddable":true,"href":"https:\/\/www.notibras.com\/site\/wp-json\/wp\/v2\/media\/201739"}],"wp:attachment":[{"href":"https:\/\/www.notibras.com\/site\/wp-json\/wp\/v2\/media?parent=201738"}],"wp:term":[{"taxonomy":"category","embeddable":true,"href":"https:\/\/www.notibras.com\/site\/wp-json\/wp\/v2\/categories?post=201738"},{"taxonomy":"post_tag","embeddable":true,"href":"https:\/\/www.notibras.com\/site\/wp-json\/wp\/v2\/tags?post=201738"}],"curies":[{"name":"wp","href":"https:\/\/api.w.org\/{rel}","templated":true}]}}