{"id":201768,"date":"2019-02-07T14:14:11","date_gmt":"2019-02-07T16:14:11","guid":{"rendered":"https:\/\/www.notibras.com\/site\/?p=201768"},"modified":"2019-02-07T14:26:57","modified_gmt":"2019-02-07T16:26:57","slug":"gabriela-hardt-confisca-sitio-de-lula-em-atibaia","status":"publish","type":"post","link":"https:\/\/www.notibras.com\/site\/gabriela-hardt-confisca-sitio-de-lula-em-atibaia\/","title":{"rendered":"Gabriela Hardt confisca s\u00edtio de Lula em Atibaia"},"content":{"rendered":"<p>A condenar o ex-presidente Luiz In\u00e1cio Lula da Silva a 12 anos e 11 meses de pris\u00e3o, a ju\u00edza federal Gabriela Hardt tamb\u00e9m mandou confiscar o s\u00edtio Santa B\u00e1rbara, em Atibaia, piv\u00f4 da nova senten\u00e7a contra o petista. Segundo a magistrada, a lei de lavagem de dinheiro prev\u00ea a \u2018perda, em favor da Uni\u00e3o, dos bens e valores relacionados, direta ou indiretamente, \u00e0 pr\u00e1tica dos crimes\u2019.<\/p>\n<p>A ju\u00edza afirma que ter conclu\u00eddo \u2018que s\u00e3o proveito do crime de lavagem as benfeitorias feitas nas reformas do s\u00edtio de Atibaia, para as quais foram empregados ao menos R$ 1.020.500,0o\u2019. \u201cJ\u00e1 foi narrado nesta senten\u00e7a que n\u00e3o se discute aqui a propriedade do s\u00edtio. Contudo, os valores das benfeitorias, feitas em especial no im\u00f3vel de matr\u00edcula 55.422, registrado em nome de Fernando Bittar e sua esposa, no m\u00ednimo equivalem ao valor do terreno, comprado em 2010 pelo valor de R$ 500.000,00\u201d.<\/p>\n<p>\u201cN\u00e3o h\u00e1 com se decretar a perda das benfeitorias sem que se afete o principal\u201d, afirmou.<\/p>\n<p>A magistrada determina. \u201cDiante disto, n\u00e3o vislumbrando como realizar o decreto de confisco somente das benfeitorias, decreto o confisco do im\u00f3vel, determinando que ap\u00f3s aliena\u00e7\u00e3o, eventual diferen\u00e7a entre o valor das benfeitorias objeto dos crimes aqui reconhecidos e o valor pago pela totalidade do im\u00f3vel seja revertida aos propriet\u00e1rios indicado no registro\u201d.<\/p>\n<p>\u201cA fim de assegurar o confisco, decreto o sequestro sobre o im\u00f3vel registrado sob a Matricula 55.422, do Livro 2, do registro Geral de Atibaia, S\u00e3o Paulo. Independentemente do tr\u00e2nsito em julgado, expe\u00e7a-se precat\u00f3ria para lavratura do termo de sequestro e para registrar o confisco junto ao Registro de Im\u00f3veis. Desnecess\u00e1ria no momento avalia\u00e7\u00e3o do bem, pois eventual aliena\u00e7\u00e3o depender\u00e1 do tr\u00e2nsito em julgado, caso n\u00e3o haja not\u00edcia de deprecia\u00e7\u00e3o que justifique a aliena\u00e7\u00e3o antecipada\u201d, anotou.<\/p>\n<p>A senten\u00e7a de Gabriela Hardt tem 360 p\u00e1ginas. Tamb\u00e9m foram condenados os empres\u00e1rios Jos\u00e9 Adelm\u00e1rio Pinheiro Neto, o L\u00e9o Pinheiro, ligado a OAS, a 1 ano, 7 meses e 15 dias, o pecuarista Jos\u00e9 Carlos Bumlai a 3 anos e 9 meses, o advogado Roberto Teixeira a 2 anos de reclus\u00e3o, o empres\u00e1rio Fernando Bittar (propriet\u00e1rio formal do s\u00edtio) a 3 anos de reclus\u00e3o e o empres\u00e1rio ligado \u00e0 OAS Paulo Gordilho a 3 anos de reclus\u00e3o.<\/p>\n<p>A ju\u00edza condenou os empres\u00e1rios Marcelo Odebrecht a 5 anos e 4 meses , Emilio Odebrecht a 3 anos e 3 meses, Alexandrino Alencar a 4 anos e Carlos Armando Guedes Paschoal a 2 anos. O engenheiro Emyr Diniz Costa Junior recebeu 3 anos de pris\u00e3o. Todos s\u00e3o delatores e, por isso, v\u00e3o cumprir as penas acertadas em seus acordos.<\/p>\n<p>Gabriela Hardt absolveu Rog\u00e9rio Aur\u00e9lio Pimentel, o \u2018capataz\u2019 das obras do s\u00edtio.<\/p>\n<p>A Lava Jato afirma que o s\u00edtio passou por tr\u00eas reformas: uma sob comando do pecuarista Jos\u00e9 Carlos Bumlai, no valor de R$ 150 mil, outra da Odebrecht, de R$ 700 mil e uma terceira reforma na cozinha, pela OAS, de R$ 170 mil, em um total de R$ 1,02 milh\u00e3o.<\/p>\n<p>O s\u00edtio Santa B\u00e1rbara \u00e9 piv\u00f4 da terceira a\u00e7\u00e3o penal da Lava Jato, no Paran\u00e1, contra o ex-presidente \u2013 al\u00e9m de sua segunda condena\u00e7\u00e3o. O petista ainda \u00e9 acusado por corrup\u00e7\u00e3o e lavagem de dinheiro por supostas propinas da Odebrecht \u2013 um terreno que abrigaria o Instituto Lula e um apartamento vizinho ao que morava o ex-presidente em S\u00e3o Bernardo do Campo.<\/p>\n","protected":false},"excerpt":{"rendered":"<p>A condenar o ex-presidente Luiz In\u00e1cio Lula da Silva a 12 anos e 11 meses de pris\u00e3o, a ju\u00edza federal Gabriela Hardt tamb\u00e9m mandou confiscar o s\u00edtio Santa B\u00e1rbara, em Atibaia, piv\u00f4 da nova senten\u00e7a contra o petista. Segundo a magistrada, a lei de lavagem de dinheiro prev\u00ea a \u2018perda, em favor da Uni\u00e3o, dos [&hellip;]<\/p>\n","protected":false},"author":2,"featured_media":201769,"comment_status":"closed","ping_status":"closed","sticky":false,"template":"","format":"standard","meta":{"_acf_changed":false,"footnotes":""},"categories":[16],"tags":[95],"class_list":["post-201768","post","type-post","status-publish","format-standard","has-post-thumbnail","hentry","category-brasil","tag-capa"],"acf":[],"yoast_head":"<!-- This site is optimized with the Yoast SEO plugin v27.2 - https:\/\/yoast.com\/product\/yoast-seo-wordpress\/ -->\n<title>Gabriela Hardt confisca s\u00edtio de Lula em Atibaia - Notibras<\/title>\n<meta name=\"robots\" content=\"index, follow, max-snippet:-1, max-image-preview:large, max-video-preview:-1\" \/>\n<link rel=\"canonical\" href=\"https:\/\/www.notibras.com\/site\/gabriela-hardt-confisca-sitio-de-lula-em-atibaia\/\" \/>\n<meta property=\"og:locale\" content=\"pt_BR\" \/>\n<meta property=\"og:type\" content=\"article\" \/>\n<meta property=\"og:title\" content=\"Gabriela Hardt confisca s\u00edtio de Lula em Atibaia - Notibras\" \/>\n<meta property=\"og:description\" content=\"A condenar o ex-presidente Luiz In\u00e1cio Lula da Silva a 12 anos e 11 meses de pris\u00e3o, a ju\u00edza federal Gabriela Hardt tamb\u00e9m mandou confiscar o s\u00edtio Santa B\u00e1rbara, em Atibaia, piv\u00f4 da nova senten\u00e7a contra o petista. Segundo a magistrada, a lei de lavagem de dinheiro prev\u00ea a \u2018perda, em favor da Uni\u00e3o, dos [&hellip;]\" \/>\n<meta property=\"og:url\" content=\"https:\/\/www.notibras.com\/site\/gabriela-hardt-confisca-sitio-de-lula-em-atibaia\/\" \/>\n<meta property=\"og:site_name\" content=\"Notibras\" \/>\n<meta property=\"article:publisher\" content=\"https:\/\/www.facebook.com\/notibras\/\" \/>\n<meta property=\"article:published_time\" content=\"2019-02-07T16:14:11+00:00\" \/>\n<meta property=\"article:modified_time\" content=\"2019-02-07T16:26:57+00:00\" \/>\n<meta property=\"og:image\" content=\"https:\/\/www.notibras.com\/site\/wp-content\/uploads\/2019\/02\/sitio-confisco.jpg\" \/>\n\t<meta property=\"og:image:width\" content=\"1024\" \/>\n\t<meta property=\"og:image:height\" content=\"683\" \/>\n\t<meta property=\"og:image:type\" content=\"image\/jpeg\" \/>\n<meta name=\"author\" content=\"Reda\u00e7\u00e3o\" \/>\n<meta name=\"twitter:card\" content=\"summary_large_image\" \/>\n<meta name=\"twitter:creator\" content=\"@Notibras\" \/>\n<meta name=\"twitter:site\" content=\"@Notibras\" \/>\n<meta name=\"twitter:label1\" content=\"Escrito por\" \/>\n\t<meta name=\"twitter:data1\" content=\"Reda\u00e7\u00e3o\" \/>\n\t<meta name=\"twitter:label2\" content=\"Est. tempo de leitura\" \/>\n\t<meta name=\"twitter:data2\" content=\"3 minutos\" \/>\n<script type=\"application\/ld+json\" class=\"yoast-schema-graph\">{\"@context\":\"https:\/\/schema.org\",\"@graph\":[{\"@type\":\"Article\",\"@id\":\"https:\/\/www.notibras.com\/site\/gabriela-hardt-confisca-sitio-de-lula-em-atibaia\/#article\",\"isPartOf\":{\"@id\":\"https:\/\/www.notibras.com\/site\/gabriela-hardt-confisca-sitio-de-lula-em-atibaia\/\"},\"author\":{\"name\":\"Reda\u00e7\u00e3o\",\"@id\":\"https:\/\/www.notibras.com\/site\/#\/schema\/person\/36ab0979449956132d3e5b517ea76ac8\"},\"headline\":\"Gabriela Hardt confisca s\u00edtio de Lula em Atibaia\",\"datePublished\":\"2019-02-07T16:14:11+00:00\",\"dateModified\":\"2019-02-07T16:26:57+00:00\",\"mainEntityOfPage\":{\"@id\":\"https:\/\/www.notibras.com\/site\/gabriela-hardt-confisca-sitio-de-lula-em-atibaia\/\"},\"wordCount\":601,\"publisher\":{\"@id\":\"https:\/\/www.notibras.com\/site\/#organization\"},\"image\":{\"@id\":\"https:\/\/www.notibras.com\/site\/gabriela-hardt-confisca-sitio-de-lula-em-atibaia\/#primaryimage\"},\"thumbnailUrl\":\"https:\/\/www.notibras.com\/site\/wp-content\/uploads\/2019\/02\/sitio-confisco.jpg\",\"keywords\":[\"capa\"],\"articleSection\":[\"Brasil\"],\"inLanguage\":\"pt-BR\"},{\"@type\":\"WebPage\",\"@id\":\"https:\/\/www.notibras.com\/site\/gabriela-hardt-confisca-sitio-de-lula-em-atibaia\/\",\"url\":\"https:\/\/www.notibras.com\/site\/gabriela-hardt-confisca-sitio-de-lula-em-atibaia\/\",\"name\":\"Gabriela Hardt confisca s\u00edtio de Lula em Atibaia - Notibras\",\"isPartOf\":{\"@id\":\"https:\/\/www.notibras.com\/site\/#website\"},\"primaryImageOfPage\":{\"@id\":\"https:\/\/www.notibras.com\/site\/gabriela-hardt-confisca-sitio-de-lula-em-atibaia\/#primaryimage\"},\"image\":{\"@id\":\"https:\/\/www.notibras.com\/site\/gabriela-hardt-confisca-sitio-de-lula-em-atibaia\/#primaryimage\"},\"thumbnailUrl\":\"https:\/\/www.notibras.com\/site\/wp-content\/uploads\/2019\/02\/sitio-confisco.jpg\",\"datePublished\":\"2019-02-07T16:14:11+00:00\",\"dateModified\":\"2019-02-07T16:26:57+00:00\",\"breadcrumb\":{\"@id\":\"https:\/\/www.notibras.com\/site\/gabriela-hardt-confisca-sitio-de-lula-em-atibaia\/#breadcrumb\"},\"inLanguage\":\"pt-BR\",\"potentialAction\":[{\"@type\":\"ReadAction\",\"target\":[\"https:\/\/www.notibras.com\/site\/gabriela-hardt-confisca-sitio-de-lula-em-atibaia\/\"]}]},{\"@type\":\"ImageObject\",\"inLanguage\":\"pt-BR\",\"@id\":\"https:\/\/www.notibras.com\/site\/gabriela-hardt-confisca-sitio-de-lula-em-atibaia\/#primaryimage\",\"url\":\"https:\/\/www.notibras.com\/site\/wp-content\/uploads\/2019\/02\/sitio-confisco.jpg\",\"contentUrl\":\"https:\/\/www.notibras.com\/site\/wp-content\/uploads\/2019\/02\/sitio-confisco.jpg\",\"width\":1024,\"height\":683,\"caption\":\"Foto\/Arquivo Notibras\"},{\"@type\":\"BreadcrumbList\",\"@id\":\"https:\/\/www.notibras.com\/site\/gabriela-hardt-confisca-sitio-de-lula-em-atibaia\/#breadcrumb\",\"itemListElement\":[{\"@type\":\"ListItem\",\"position\":1,\"name\":\"In\u00edcio\",\"item\":\"https:\/\/www.notibras.com\/site\/\"},{\"@type\":\"ListItem\",\"position\":2,\"name\":\"Gabriela Hardt confisca s\u00edtio de Lula em Atibaia\"}]},{\"@type\":\"WebSite\",\"@id\":\"https:\/\/www.notibras.com\/site\/#website\",\"url\":\"https:\/\/www.notibras.com\/site\/\",\"name\":\"Notibras\",\"description\":\"Not\u00edcias de Bras\u00edlia, do Brasil e do Mundo\",\"publisher\":{\"@id\":\"https:\/\/www.notibras.com\/site\/#organization\"},\"potentialAction\":[{\"@type\":\"SearchAction\",\"target\":{\"@type\":\"EntryPoint\",\"urlTemplate\":\"https:\/\/www.notibras.com\/site\/?s={search_term_string}\"},\"query-input\":{\"@type\":\"PropertyValueSpecification\",\"valueRequired\":true,\"valueName\":\"search_term_string\"}}],\"inLanguage\":\"pt-BR\"},{\"@type\":\"Organization\",\"@id\":\"https:\/\/www.notibras.com\/site\/#organization\",\"name\":\"Grupo Notibras de Comunica\u00e7\u00e3o\",\"url\":\"https:\/\/www.notibras.com\/site\/\",\"logo\":{\"@type\":\"ImageObject\",\"inLanguage\":\"pt-BR\",\"@id\":\"https:\/\/www.notibras.com\/site\/#\/schema\/logo\/image\/\",\"url\":\"https:\/\/www.notibras.com\/site\/wp-content\/uploads\/2023\/01\/notibras23.png\",\"contentUrl\":\"https:\/\/www.notibras.com\/site\/wp-content\/uploads\/2023\/01\/notibras23.png\",\"width\":350,\"height\":87,\"caption\":\"Grupo Notibras de Comunica\u00e7\u00e3o\"},\"image\":{\"@id\":\"https:\/\/www.notibras.com\/site\/#\/schema\/logo\/image\/\"},\"sameAs\":[\"https:\/\/www.facebook.com\/notibras\/\",\"https:\/\/x.com\/Notibras\",\"https:\/\/www.instagram.com\/notibras\/\"]},{\"@type\":\"Person\",\"@id\":\"https:\/\/www.notibras.com\/site\/#\/schema\/person\/36ab0979449956132d3e5b517ea76ac8\",\"name\":\"Reda\u00e7\u00e3o\",\"image\":{\"@type\":\"ImageObject\",\"inLanguage\":\"pt-BR\",\"@id\":\"https:\/\/secure.gravatar.com\/avatar\/e0a867bdedb85fd243eadf09663511f96fc81e0720a4a42581f334ad4303aa6b?s=96&d=mm&r=g\",\"url\":\"https:\/\/secure.gravatar.com\/avatar\/e0a867bdedb85fd243eadf09663511f96fc81e0720a4a42581f334ad4303aa6b?s=96&d=mm&r=g\",\"contentUrl\":\"https:\/\/secure.gravatar.com\/avatar\/e0a867bdedb85fd243eadf09663511f96fc81e0720a4a42581f334ad4303aa6b?s=96&d=mm&r=g\",\"caption\":\"Reda\u00e7\u00e3o\"}}]}<\/script>\n<!-- \/ Yoast SEO plugin. -->","yoast_head_json":{"title":"Gabriela Hardt confisca s\u00edtio de Lula em Atibaia - Notibras","robots":{"index":"index","follow":"follow","max-snippet":"max-snippet:-1","max-image-preview":"max-image-preview:large","max-video-preview":"max-video-preview:-1"},"canonical":"https:\/\/www.notibras.com\/site\/gabriela-hardt-confisca-sitio-de-lula-em-atibaia\/","og_locale":"pt_BR","og_type":"article","og_title":"Gabriela Hardt confisca s\u00edtio de Lula em Atibaia - Notibras","og_description":"A condenar o ex-presidente Luiz In\u00e1cio Lula da Silva a 12 anos e 11 meses de pris\u00e3o, a ju\u00edza federal Gabriela Hardt tamb\u00e9m mandou confiscar o s\u00edtio Santa B\u00e1rbara, em Atibaia, piv\u00f4 da nova senten\u00e7a contra o petista. Segundo a magistrada, a lei de lavagem de dinheiro prev\u00ea a \u2018perda, em favor da Uni\u00e3o, dos [&hellip;]","og_url":"https:\/\/www.notibras.com\/site\/gabriela-hardt-confisca-sitio-de-lula-em-atibaia\/","og_site_name":"Notibras","article_publisher":"https:\/\/www.facebook.com\/notibras\/","article_published_time":"2019-02-07T16:14:11+00:00","article_modified_time":"2019-02-07T16:26:57+00:00","og_image":[{"width":1024,"height":683,"url":"https:\/\/www.notibras.com\/site\/wp-content\/uploads\/2019\/02\/sitio-confisco.jpg","type":"image\/jpeg"}],"author":"Reda\u00e7\u00e3o","twitter_card":"summary_large_image","twitter_creator":"@Notibras","twitter_site":"@Notibras","twitter_misc":{"Escrito por":"Reda\u00e7\u00e3o","Est. tempo de leitura":"3 minutos"},"schema":{"@context":"https:\/\/schema.org","@graph":[{"@type":"Article","@id":"https:\/\/www.notibras.com\/site\/gabriela-hardt-confisca-sitio-de-lula-em-atibaia\/#article","isPartOf":{"@id":"https:\/\/www.notibras.com\/site\/gabriela-hardt-confisca-sitio-de-lula-em-atibaia\/"},"author":{"name":"Reda\u00e7\u00e3o","@id":"https:\/\/www.notibras.com\/site\/#\/schema\/person\/36ab0979449956132d3e5b517ea76ac8"},"headline":"Gabriela Hardt confisca s\u00edtio de Lula em Atibaia","datePublished":"2019-02-07T16:14:11+00:00","dateModified":"2019-02-07T16:26:57+00:00","mainEntityOfPage":{"@id":"https:\/\/www.notibras.com\/site\/gabriela-hardt-confisca-sitio-de-lula-em-atibaia\/"},"wordCount":601,"publisher":{"@id":"https:\/\/www.notibras.com\/site\/#organization"},"image":{"@id":"https:\/\/www.notibras.com\/site\/gabriela-hardt-confisca-sitio-de-lula-em-atibaia\/#primaryimage"},"thumbnailUrl":"https:\/\/www.notibras.com\/site\/wp-content\/uploads\/2019\/02\/sitio-confisco.jpg","keywords":["capa"],"articleSection":["Brasil"],"inLanguage":"pt-BR"},{"@type":"WebPage","@id":"https:\/\/www.notibras.com\/site\/gabriela-hardt-confisca-sitio-de-lula-em-atibaia\/","url":"https:\/\/www.notibras.com\/site\/gabriela-hardt-confisca-sitio-de-lula-em-atibaia\/","name":"Gabriela Hardt confisca s\u00edtio de Lula em Atibaia - Notibras","isPartOf":{"@id":"https:\/\/www.notibras.com\/site\/#website"},"primaryImageOfPage":{"@id":"https:\/\/www.notibras.com\/site\/gabriela-hardt-confisca-sitio-de-lula-em-atibaia\/#primaryimage"},"image":{"@id":"https:\/\/www.notibras.com\/site\/gabriela-hardt-confisca-sitio-de-lula-em-atibaia\/#primaryimage"},"thumbnailUrl":"https:\/\/www.notibras.com\/site\/wp-content\/uploads\/2019\/02\/sitio-confisco.jpg","datePublished":"2019-02-07T16:14:11+00:00","dateModified":"2019-02-07T16:26:57+00:00","breadcrumb":{"@id":"https:\/\/www.notibras.com\/site\/gabriela-hardt-confisca-sitio-de-lula-em-atibaia\/#breadcrumb"},"inLanguage":"pt-BR","potentialAction":[{"@type":"ReadAction","target":["https:\/\/www.notibras.com\/site\/gabriela-hardt-confisca-sitio-de-lula-em-atibaia\/"]}]},{"@type":"ImageObject","inLanguage":"pt-BR","@id":"https:\/\/www.notibras.com\/site\/gabriela-hardt-confisca-sitio-de-lula-em-atibaia\/#primaryimage","url":"https:\/\/www.notibras.com\/site\/wp-content\/uploads\/2019\/02\/sitio-confisco.jpg","contentUrl":"https:\/\/www.notibras.com\/site\/wp-content\/uploads\/2019\/02\/sitio-confisco.jpg","width":1024,"height":683,"caption":"Foto\/Arquivo Notibras"},{"@type":"BreadcrumbList","@id":"https:\/\/www.notibras.com\/site\/gabriela-hardt-confisca-sitio-de-lula-em-atibaia\/#breadcrumb","itemListElement":[{"@type":"ListItem","position":1,"name":"In\u00edcio","item":"https:\/\/www.notibras.com\/site\/"},{"@type":"ListItem","position":2,"name":"Gabriela Hardt confisca s\u00edtio de Lula em Atibaia"}]},{"@type":"WebSite","@id":"https:\/\/www.notibras.com\/site\/#website","url":"https:\/\/www.notibras.com\/site\/","name":"Notibras","description":"Not\u00edcias de Bras\u00edlia, do Brasil e do Mundo","publisher":{"@id":"https:\/\/www.notibras.com\/site\/#organization"},"potentialAction":[{"@type":"SearchAction","target":{"@type":"EntryPoint","urlTemplate":"https:\/\/www.notibras.com\/site\/?s={search_term_string}"},"query-input":{"@type":"PropertyValueSpecification","valueRequired":true,"valueName":"search_term_string"}}],"inLanguage":"pt-BR"},{"@type":"Organization","@id":"https:\/\/www.notibras.com\/site\/#organization","name":"Grupo Notibras de Comunica\u00e7\u00e3o","url":"https:\/\/www.notibras.com\/site\/","logo":{"@type":"ImageObject","inLanguage":"pt-BR","@id":"https:\/\/www.notibras.com\/site\/#\/schema\/logo\/image\/","url":"https:\/\/www.notibras.com\/site\/wp-content\/uploads\/2023\/01\/notibras23.png","contentUrl":"https:\/\/www.notibras.com\/site\/wp-content\/uploads\/2023\/01\/notibras23.png","width":350,"height":87,"caption":"Grupo Notibras de Comunica\u00e7\u00e3o"},"image":{"@id":"https:\/\/www.notibras.com\/site\/#\/schema\/logo\/image\/"},"sameAs":["https:\/\/www.facebook.com\/notibras\/","https:\/\/x.com\/Notibras","https:\/\/www.instagram.com\/notibras\/"]},{"@type":"Person","@id":"https:\/\/www.notibras.com\/site\/#\/schema\/person\/36ab0979449956132d3e5b517ea76ac8","name":"Reda\u00e7\u00e3o","image":{"@type":"ImageObject","inLanguage":"pt-BR","@id":"https:\/\/secure.gravatar.com\/avatar\/e0a867bdedb85fd243eadf09663511f96fc81e0720a4a42581f334ad4303aa6b?s=96&d=mm&r=g","url":"https:\/\/secure.gravatar.com\/avatar\/e0a867bdedb85fd243eadf09663511f96fc81e0720a4a42581f334ad4303aa6b?s=96&d=mm&r=g","contentUrl":"https:\/\/secure.gravatar.com\/avatar\/e0a867bdedb85fd243eadf09663511f96fc81e0720a4a42581f334ad4303aa6b?s=96&d=mm&r=g","caption":"Reda\u00e7\u00e3o"}}]}},"amp_enabled":true,"_links":{"self":[{"href":"https:\/\/www.notibras.com\/site\/wp-json\/wp\/v2\/posts\/201768","targetHints":{"allow":["GET"]}}],"collection":[{"href":"https:\/\/www.notibras.com\/site\/wp-json\/wp\/v2\/posts"}],"about":[{"href":"https:\/\/www.notibras.com\/site\/wp-json\/wp\/v2\/types\/post"}],"author":[{"embeddable":true,"href":"https:\/\/www.notibras.com\/site\/wp-json\/wp\/v2\/users\/2"}],"replies":[{"embeddable":true,"href":"https:\/\/www.notibras.com\/site\/wp-json\/wp\/v2\/comments?post=201768"}],"version-history":[{"count":2,"href":"https:\/\/www.notibras.com\/site\/wp-json\/wp\/v2\/posts\/201768\/revisions"}],"predecessor-version":[{"id":201771,"href":"https:\/\/www.notibras.com\/site\/wp-json\/wp\/v2\/posts\/201768\/revisions\/201771"}],"wp:featuredmedia":[{"embeddable":true,"href":"https:\/\/www.notibras.com\/site\/wp-json\/wp\/v2\/media\/201769"}],"wp:attachment":[{"href":"https:\/\/www.notibras.com\/site\/wp-json\/wp\/v2\/media?parent=201768"}],"wp:term":[{"taxonomy":"category","embeddable":true,"href":"https:\/\/www.notibras.com\/site\/wp-json\/wp\/v2\/categories?post=201768"},{"taxonomy":"post_tag","embeddable":true,"href":"https:\/\/www.notibras.com\/site\/wp-json\/wp\/v2\/tags?post=201768"}],"curies":[{"name":"wp","href":"https:\/\/api.w.org\/{rel}","templated":true}]}}