{"id":201792,"date":"2019-02-07T14:24:47","date_gmt":"2019-02-07T16:24:47","guid":{"rendered":"https:\/\/www.notibras.com\/site\/?p=201792"},"modified":"2019-02-07T14:30:19","modified_gmt":"2019-02-07T16:30:19","slug":"trump-prepara-a-queda-de-maduro-ou-sai-ou-tiramos","status":"publish","type":"post","link":"https:\/\/www.notibras.com\/site\/trump-prepara-a-queda-de-maduro-ou-sai-ou-tiramos\/","title":{"rendered":"Trump prepara a queda de Maduro. Ou sai ou tiramos"},"content":{"rendered":"<p>Os Estados Unidos est\u00e3o trabalhando em diferentes cen\u00e1rios para a mudan\u00e7a de regime na Venezuela. A ordem do presidente Donald Trump e tirar Nicol\u00e1s Maduro do poder. Ou sai por bel, ou ser\u00e1 arrastado \u00e0 for\u00e7a.<\/p>\n<p>Esse quadro de tens\u00e3o foi desenhado nesta quinta, 7, pela porta-voz do Minist\u00e9rio das Rela\u00e7\u00f5es Exteriores da R\u00fassia, Maria Zakharova, ap\u00f3s uma reuni\u00e3o do Minist\u00e9rio da Defesa em Moscou.<\/p>\n<p>Os russos, por\u00e9m, disse Zakharova, n\u00e3o permitir\u00e3o qualquer ato hostil contra a Venezuela. Maduro tem sido rejeitado pela grande maioria dos pa\u00edses. Mas tem apoio formal da R\u00fassia, China, Ir\u00e3 e Turquia.<\/p>\n<p>&#8220;H\u00e1 sinais claros de Washington sobre a possibilidade de usar a for\u00e7a para derrubar as autoridades legais, inclusive por meio de invas\u00e3o militar direta. Isso est\u00e1 sendo dito abertamente na Casa Branca&#8221;, afirmou a porta-voz.<\/p>\n<p>Zakharova sublinhou que &#8220;esse tipo de declara\u00e7\u00e3o da boca dos oficiais americanos \u00e9 uma viola\u00e7\u00e3o direta da Carta da ONU, ordenando que seus membros se abstenham da amea\u00e7a ou uso da for\u00e7a nas rela\u00e7\u00f5es internacionais&#8221;. Segundo ela, Washington espera apenas sinal verde do Brasil e da Col\u00f4mbia para enviar suas tropas \u00e0 Venezuela.<\/p>\n<p>Segundo Zakharova, a decis\u00e3o sobre o uso da for\u00e7a j\u00e1 foi tomada por Washington, &#8220;tudo mais nada mais \u00e9 do que uma opera\u00e7\u00e3o de cobertura&#8221;.<\/p>\n<p>Ainda de acordo com a porta-voz da chancelaria russa, os Estados Unidos incitaram os militares da Venezuela a cometer crimes, prometendo anistia por trair as autoridades do pa\u00eds.<\/p>\n<p>&#8220;Washington se voltou para as amea\u00e7as diretas de san\u00e7\u00f5es \u00e0s for\u00e7as armadas venezuelanas, que permanecem leais ao governo leg\u00edtimo. Essa \u00e9 apenas uma leitura nova e diferente da abordagem &#8216;cenoura e bast\u00e3o&#8217;. Por um lado, elas amea\u00e7am uma poss\u00edvel puni\u00e7\u00e3o. Por outro lado, eles prometem uma recompensa em potencial&#8221;, observou Zakharova.<\/p>\n<p>Na quarta-feira, 6, o assessor de seguran\u00e7a nacional dos EUA, John Bolton, disse que Trump estava disposto a renunciar a san\u00e7\u00f5es punitivas contra oficiais militares venezuelanos se prometerem lealdade ao l\u00edder da oposi\u00e7\u00e3o Juan Guaido, que se proclamou presidente interino do pa\u00eds latino-americano.<\/p>\n<p>A crise na Venezuela se intensificou quando o l\u00edder da oposi\u00e7\u00e3o, Guaido, proclamou-se presidente interino da Venezuela em 23 de janeiro, depois que a Assembl\u00e9ia Nacional, controlada pela oposi\u00e7\u00e3o, declarou que Maduro havia usurpado o poder .<br \/>\nMaduro chamou Guaido de fantoche dos Estados Unidos e acusou Washington de tentar realizar um golpe de Estado na Venezuela.<\/p>\n<p>A R\u00fassia, que comanda uma ofensiva em defesa de Maduro, o M\u00e9xico e o Uruguai, al\u00e9m de Cuba, Ir\u00e3 e Turquia, est\u00e3o entre os que manifestaram seu apoio a Maduro como o \u00fanico presidente leg\u00edtimo do pa\u00eds e expressaram prontid\u00e3o para agir como mediadores no conflito entre o governo e a oposi\u00e7\u00e3o.<\/p>\n","protected":false},"excerpt":{"rendered":"<p>Os Estados Unidos est\u00e3o trabalhando em diferentes cen\u00e1rios para a mudan\u00e7a de regime na Venezuela. A ordem do presidente Donald Trump e tirar Nicol\u00e1s Maduro do poder. Ou sai por bel, ou ser\u00e1 arrastado \u00e0 for\u00e7a. Esse quadro de tens\u00e3o foi desenhado nesta quinta, 7, pela porta-voz do Minist\u00e9rio das Rela\u00e7\u00f5es Exteriores da R\u00fassia, Maria [&hellip;]<\/p>\n","protected":false},"author":2,"featured_media":201793,"comment_status":"closed","ping_status":"closed","sticky":false,"template":"","format":"standard","meta":{"_acf_changed":false,"footnotes":""},"categories":[17],"tags":[95],"class_list":["post-201792","post","type-post","status-publish","format-standard","has-post-thumbnail","hentry","category-mundo","tag-capa"],"acf":[],"yoast_head":"<!-- This site is optimized with the Yoast SEO plugin v27.2 - https:\/\/yoast.com\/product\/yoast-seo-wordpress\/ -->\n<title>Trump prepara a queda de Maduro. Ou sai ou tiramos - Notibras<\/title>\n<meta name=\"robots\" content=\"index, follow, max-snippet:-1, max-image-preview:large, max-video-preview:-1\" \/>\n<link rel=\"canonical\" href=\"https:\/\/www.notibras.com\/site\/trump-prepara-a-queda-de-maduro-ou-sai-ou-tiramos\/\" \/>\n<meta property=\"og:locale\" content=\"pt_BR\" \/>\n<meta property=\"og:type\" content=\"article\" \/>\n<meta property=\"og:title\" content=\"Trump prepara a queda de Maduro. Ou sai ou tiramos - Notibras\" \/>\n<meta property=\"og:description\" content=\"Os Estados Unidos est\u00e3o trabalhando em diferentes cen\u00e1rios para a mudan\u00e7a de regime na Venezuela. A ordem do presidente Donald Trump e tirar Nicol\u00e1s Maduro do poder. Ou sai por bel, ou ser\u00e1 arrastado \u00e0 for\u00e7a. Esse quadro de tens\u00e3o foi desenhado nesta quinta, 7, pela porta-voz do Minist\u00e9rio das Rela\u00e7\u00f5es Exteriores da R\u00fassia, Maria [&hellip;]\" \/>\n<meta property=\"og:url\" content=\"https:\/\/www.notibras.com\/site\/trump-prepara-a-queda-de-maduro-ou-sai-ou-tiramos\/\" \/>\n<meta property=\"og:site_name\" content=\"Notibras\" \/>\n<meta property=\"article:publisher\" content=\"https:\/\/www.facebook.com\/notibras\/\" \/>\n<meta property=\"article:published_time\" content=\"2019-02-07T16:24:47+00:00\" \/>\n<meta property=\"article:modified_time\" content=\"2019-02-07T16:30:19+00:00\" \/>\n<meta property=\"og:image\" content=\"https:\/\/www.notibras.com\/site\/wp-content\/uploads\/2019\/02\/maduro.golpe_.jpg\" \/>\n\t<meta property=\"og:image:width\" content=\"1000\" \/>\n\t<meta property=\"og:image:height\" content=\"541\" \/>\n\t<meta property=\"og:image:type\" content=\"image\/jpeg\" \/>\n<meta name=\"author\" content=\"Reda\u00e7\u00e3o\" \/>\n<meta name=\"twitter:card\" content=\"summary_large_image\" \/>\n<meta name=\"twitter:creator\" content=\"@Notibras\" \/>\n<meta name=\"twitter:site\" content=\"@Notibras\" \/>\n<meta name=\"twitter:label1\" content=\"Escrito por\" \/>\n\t<meta name=\"twitter:data1\" content=\"Reda\u00e7\u00e3o\" \/>\n\t<meta name=\"twitter:label2\" content=\"Est. tempo de leitura\" \/>\n\t<meta name=\"twitter:data2\" content=\"2 minutos\" \/>\n<script type=\"application\/ld+json\" class=\"yoast-schema-graph\">{\"@context\":\"https:\/\/schema.org\",\"@graph\":[{\"@type\":\"Article\",\"@id\":\"https:\/\/www.notibras.com\/site\/trump-prepara-a-queda-de-maduro-ou-sai-ou-tiramos\/#article\",\"isPartOf\":{\"@id\":\"https:\/\/www.notibras.com\/site\/trump-prepara-a-queda-de-maduro-ou-sai-ou-tiramos\/\"},\"author\":{\"name\":\"Reda\u00e7\u00e3o\",\"@id\":\"https:\/\/www.notibras.com\/site\/#\/schema\/person\/36ab0979449956132d3e5b517ea76ac8\"},\"headline\":\"Trump prepara a queda de Maduro. Ou sai ou tiramos\",\"datePublished\":\"2019-02-07T16:24:47+00:00\",\"dateModified\":\"2019-02-07T16:30:19+00:00\",\"mainEntityOfPage\":{\"@id\":\"https:\/\/www.notibras.com\/site\/trump-prepara-a-queda-de-maduro-ou-sai-ou-tiramos\/\"},\"wordCount\":496,\"publisher\":{\"@id\":\"https:\/\/www.notibras.com\/site\/#organization\"},\"image\":{\"@id\":\"https:\/\/www.notibras.com\/site\/trump-prepara-a-queda-de-maduro-ou-sai-ou-tiramos\/#primaryimage\"},\"thumbnailUrl\":\"https:\/\/www.notibras.com\/site\/wp-content\/uploads\/2019\/02\/maduro.golpe_.jpg\",\"keywords\":[\"capa\"],\"articleSection\":[\"Mundo\"],\"inLanguage\":\"pt-BR\"},{\"@type\":\"WebPage\",\"@id\":\"https:\/\/www.notibras.com\/site\/trump-prepara-a-queda-de-maduro-ou-sai-ou-tiramos\/\",\"url\":\"https:\/\/www.notibras.com\/site\/trump-prepara-a-queda-de-maduro-ou-sai-ou-tiramos\/\",\"name\":\"Trump prepara a queda de Maduro. Ou sai ou tiramos - Notibras\",\"isPartOf\":{\"@id\":\"https:\/\/www.notibras.com\/site\/#website\"},\"primaryImageOfPage\":{\"@id\":\"https:\/\/www.notibras.com\/site\/trump-prepara-a-queda-de-maduro-ou-sai-ou-tiramos\/#primaryimage\"},\"image\":{\"@id\":\"https:\/\/www.notibras.com\/site\/trump-prepara-a-queda-de-maduro-ou-sai-ou-tiramos\/#primaryimage\"},\"thumbnailUrl\":\"https:\/\/www.notibras.com\/site\/wp-content\/uploads\/2019\/02\/maduro.golpe_.jpg\",\"datePublished\":\"2019-02-07T16:24:47+00:00\",\"dateModified\":\"2019-02-07T16:30:19+00:00\",\"breadcrumb\":{\"@id\":\"https:\/\/www.notibras.com\/site\/trump-prepara-a-queda-de-maduro-ou-sai-ou-tiramos\/#breadcrumb\"},\"inLanguage\":\"pt-BR\",\"potentialAction\":[{\"@type\":\"ReadAction\",\"target\":[\"https:\/\/www.notibras.com\/site\/trump-prepara-a-queda-de-maduro-ou-sai-ou-tiramos\/\"]}]},{\"@type\":\"ImageObject\",\"inLanguage\":\"pt-BR\",\"@id\":\"https:\/\/www.notibras.com\/site\/trump-prepara-a-queda-de-maduro-ou-sai-ou-tiramos\/#primaryimage\",\"url\":\"https:\/\/www.notibras.com\/site\/wp-content\/uploads\/2019\/02\/maduro.golpe_.jpg\",\"contentUrl\":\"https:\/\/www.notibras.com\/site\/wp-content\/uploads\/2019\/02\/maduro.golpe_.jpg\",\"width\":1000,\"height\":541,\"caption\":\"Foto\/Sputniknews\"},{\"@type\":\"BreadcrumbList\",\"@id\":\"https:\/\/www.notibras.com\/site\/trump-prepara-a-queda-de-maduro-ou-sai-ou-tiramos\/#breadcrumb\",\"itemListElement\":[{\"@type\":\"ListItem\",\"position\":1,\"name\":\"In\u00edcio\",\"item\":\"https:\/\/www.notibras.com\/site\/\"},{\"@type\":\"ListItem\",\"position\":2,\"name\":\"Trump prepara a queda de Maduro. Ou sai ou tiramos\"}]},{\"@type\":\"WebSite\",\"@id\":\"https:\/\/www.notibras.com\/site\/#website\",\"url\":\"https:\/\/www.notibras.com\/site\/\",\"name\":\"Notibras\",\"description\":\"Not\u00edcias de Bras\u00edlia, do Brasil e do Mundo\",\"publisher\":{\"@id\":\"https:\/\/www.notibras.com\/site\/#organization\"},\"potentialAction\":[{\"@type\":\"SearchAction\",\"target\":{\"@type\":\"EntryPoint\",\"urlTemplate\":\"https:\/\/www.notibras.com\/site\/?s={search_term_string}\"},\"query-input\":{\"@type\":\"PropertyValueSpecification\",\"valueRequired\":true,\"valueName\":\"search_term_string\"}}],\"inLanguage\":\"pt-BR\"},{\"@type\":\"Organization\",\"@id\":\"https:\/\/www.notibras.com\/site\/#organization\",\"name\":\"Grupo Notibras de Comunica\u00e7\u00e3o\",\"url\":\"https:\/\/www.notibras.com\/site\/\",\"logo\":{\"@type\":\"ImageObject\",\"inLanguage\":\"pt-BR\",\"@id\":\"https:\/\/www.notibras.com\/site\/#\/schema\/logo\/image\/\",\"url\":\"https:\/\/www.notibras.com\/site\/wp-content\/uploads\/2023\/01\/notibras23.png\",\"contentUrl\":\"https:\/\/www.notibras.com\/site\/wp-content\/uploads\/2023\/01\/notibras23.png\",\"width\":350,\"height\":87,\"caption\":\"Grupo Notibras de Comunica\u00e7\u00e3o\"},\"image\":{\"@id\":\"https:\/\/www.notibras.com\/site\/#\/schema\/logo\/image\/\"},\"sameAs\":[\"https:\/\/www.facebook.com\/notibras\/\",\"https:\/\/x.com\/Notibras\",\"https:\/\/www.instagram.com\/notibras\/\"]},{\"@type\":\"Person\",\"@id\":\"https:\/\/www.notibras.com\/site\/#\/schema\/person\/36ab0979449956132d3e5b517ea76ac8\",\"name\":\"Reda\u00e7\u00e3o\",\"image\":{\"@type\":\"ImageObject\",\"inLanguage\":\"pt-BR\",\"@id\":\"https:\/\/secure.gravatar.com\/avatar\/e0a867bdedb85fd243eadf09663511f96fc81e0720a4a42581f334ad4303aa6b?s=96&d=mm&r=g\",\"url\":\"https:\/\/secure.gravatar.com\/avatar\/e0a867bdedb85fd243eadf09663511f96fc81e0720a4a42581f334ad4303aa6b?s=96&d=mm&r=g\",\"contentUrl\":\"https:\/\/secure.gravatar.com\/avatar\/e0a867bdedb85fd243eadf09663511f96fc81e0720a4a42581f334ad4303aa6b?s=96&d=mm&r=g\",\"caption\":\"Reda\u00e7\u00e3o\"}}]}<\/script>\n<!-- \/ Yoast SEO plugin. -->","yoast_head_json":{"title":"Trump prepara a queda de Maduro. Ou sai ou tiramos - Notibras","robots":{"index":"index","follow":"follow","max-snippet":"max-snippet:-1","max-image-preview":"max-image-preview:large","max-video-preview":"max-video-preview:-1"},"canonical":"https:\/\/www.notibras.com\/site\/trump-prepara-a-queda-de-maduro-ou-sai-ou-tiramos\/","og_locale":"pt_BR","og_type":"article","og_title":"Trump prepara a queda de Maduro. Ou sai ou tiramos - Notibras","og_description":"Os Estados Unidos est\u00e3o trabalhando em diferentes cen\u00e1rios para a mudan\u00e7a de regime na Venezuela. A ordem do presidente Donald Trump e tirar Nicol\u00e1s Maduro do poder. Ou sai por bel, ou ser\u00e1 arrastado \u00e0 for\u00e7a. Esse quadro de tens\u00e3o foi desenhado nesta quinta, 7, pela porta-voz do Minist\u00e9rio das Rela\u00e7\u00f5es Exteriores da R\u00fassia, Maria [&hellip;]","og_url":"https:\/\/www.notibras.com\/site\/trump-prepara-a-queda-de-maduro-ou-sai-ou-tiramos\/","og_site_name":"Notibras","article_publisher":"https:\/\/www.facebook.com\/notibras\/","article_published_time":"2019-02-07T16:24:47+00:00","article_modified_time":"2019-02-07T16:30:19+00:00","og_image":[{"width":1000,"height":541,"url":"https:\/\/www.notibras.com\/site\/wp-content\/uploads\/2019\/02\/maduro.golpe_.jpg","type":"image\/jpeg"}],"author":"Reda\u00e7\u00e3o","twitter_card":"summary_large_image","twitter_creator":"@Notibras","twitter_site":"@Notibras","twitter_misc":{"Escrito por":"Reda\u00e7\u00e3o","Est. tempo de leitura":"2 minutos"},"schema":{"@context":"https:\/\/schema.org","@graph":[{"@type":"Article","@id":"https:\/\/www.notibras.com\/site\/trump-prepara-a-queda-de-maduro-ou-sai-ou-tiramos\/#article","isPartOf":{"@id":"https:\/\/www.notibras.com\/site\/trump-prepara-a-queda-de-maduro-ou-sai-ou-tiramos\/"},"author":{"name":"Reda\u00e7\u00e3o","@id":"https:\/\/www.notibras.com\/site\/#\/schema\/person\/36ab0979449956132d3e5b517ea76ac8"},"headline":"Trump prepara a queda de Maduro. Ou sai ou tiramos","datePublished":"2019-02-07T16:24:47+00:00","dateModified":"2019-02-07T16:30:19+00:00","mainEntityOfPage":{"@id":"https:\/\/www.notibras.com\/site\/trump-prepara-a-queda-de-maduro-ou-sai-ou-tiramos\/"},"wordCount":496,"publisher":{"@id":"https:\/\/www.notibras.com\/site\/#organization"},"image":{"@id":"https:\/\/www.notibras.com\/site\/trump-prepara-a-queda-de-maduro-ou-sai-ou-tiramos\/#primaryimage"},"thumbnailUrl":"https:\/\/www.notibras.com\/site\/wp-content\/uploads\/2019\/02\/maduro.golpe_.jpg","keywords":["capa"],"articleSection":["Mundo"],"inLanguage":"pt-BR"},{"@type":"WebPage","@id":"https:\/\/www.notibras.com\/site\/trump-prepara-a-queda-de-maduro-ou-sai-ou-tiramos\/","url":"https:\/\/www.notibras.com\/site\/trump-prepara-a-queda-de-maduro-ou-sai-ou-tiramos\/","name":"Trump prepara a queda de Maduro. Ou sai ou tiramos - Notibras","isPartOf":{"@id":"https:\/\/www.notibras.com\/site\/#website"},"primaryImageOfPage":{"@id":"https:\/\/www.notibras.com\/site\/trump-prepara-a-queda-de-maduro-ou-sai-ou-tiramos\/#primaryimage"},"image":{"@id":"https:\/\/www.notibras.com\/site\/trump-prepara-a-queda-de-maduro-ou-sai-ou-tiramos\/#primaryimage"},"thumbnailUrl":"https:\/\/www.notibras.com\/site\/wp-content\/uploads\/2019\/02\/maduro.golpe_.jpg","datePublished":"2019-02-07T16:24:47+00:00","dateModified":"2019-02-07T16:30:19+00:00","breadcrumb":{"@id":"https:\/\/www.notibras.com\/site\/trump-prepara-a-queda-de-maduro-ou-sai-ou-tiramos\/#breadcrumb"},"inLanguage":"pt-BR","potentialAction":[{"@type":"ReadAction","target":["https:\/\/www.notibras.com\/site\/trump-prepara-a-queda-de-maduro-ou-sai-ou-tiramos\/"]}]},{"@type":"ImageObject","inLanguage":"pt-BR","@id":"https:\/\/www.notibras.com\/site\/trump-prepara-a-queda-de-maduro-ou-sai-ou-tiramos\/#primaryimage","url":"https:\/\/www.notibras.com\/site\/wp-content\/uploads\/2019\/02\/maduro.golpe_.jpg","contentUrl":"https:\/\/www.notibras.com\/site\/wp-content\/uploads\/2019\/02\/maduro.golpe_.jpg","width":1000,"height":541,"caption":"Foto\/Sputniknews"},{"@type":"BreadcrumbList","@id":"https:\/\/www.notibras.com\/site\/trump-prepara-a-queda-de-maduro-ou-sai-ou-tiramos\/#breadcrumb","itemListElement":[{"@type":"ListItem","position":1,"name":"In\u00edcio","item":"https:\/\/www.notibras.com\/site\/"},{"@type":"ListItem","position":2,"name":"Trump prepara a queda de Maduro. Ou sai ou tiramos"}]},{"@type":"WebSite","@id":"https:\/\/www.notibras.com\/site\/#website","url":"https:\/\/www.notibras.com\/site\/","name":"Notibras","description":"Not\u00edcias de Bras\u00edlia, do Brasil e do Mundo","publisher":{"@id":"https:\/\/www.notibras.com\/site\/#organization"},"potentialAction":[{"@type":"SearchAction","target":{"@type":"EntryPoint","urlTemplate":"https:\/\/www.notibras.com\/site\/?s={search_term_string}"},"query-input":{"@type":"PropertyValueSpecification","valueRequired":true,"valueName":"search_term_string"}}],"inLanguage":"pt-BR"},{"@type":"Organization","@id":"https:\/\/www.notibras.com\/site\/#organization","name":"Grupo Notibras de Comunica\u00e7\u00e3o","url":"https:\/\/www.notibras.com\/site\/","logo":{"@type":"ImageObject","inLanguage":"pt-BR","@id":"https:\/\/www.notibras.com\/site\/#\/schema\/logo\/image\/","url":"https:\/\/www.notibras.com\/site\/wp-content\/uploads\/2023\/01\/notibras23.png","contentUrl":"https:\/\/www.notibras.com\/site\/wp-content\/uploads\/2023\/01\/notibras23.png","width":350,"height":87,"caption":"Grupo Notibras de Comunica\u00e7\u00e3o"},"image":{"@id":"https:\/\/www.notibras.com\/site\/#\/schema\/logo\/image\/"},"sameAs":["https:\/\/www.facebook.com\/notibras\/","https:\/\/x.com\/Notibras","https:\/\/www.instagram.com\/notibras\/"]},{"@type":"Person","@id":"https:\/\/www.notibras.com\/site\/#\/schema\/person\/36ab0979449956132d3e5b517ea76ac8","name":"Reda\u00e7\u00e3o","image":{"@type":"ImageObject","inLanguage":"pt-BR","@id":"https:\/\/secure.gravatar.com\/avatar\/e0a867bdedb85fd243eadf09663511f96fc81e0720a4a42581f334ad4303aa6b?s=96&d=mm&r=g","url":"https:\/\/secure.gravatar.com\/avatar\/e0a867bdedb85fd243eadf09663511f96fc81e0720a4a42581f334ad4303aa6b?s=96&d=mm&r=g","contentUrl":"https:\/\/secure.gravatar.com\/avatar\/e0a867bdedb85fd243eadf09663511f96fc81e0720a4a42581f334ad4303aa6b?s=96&d=mm&r=g","caption":"Reda\u00e7\u00e3o"}}]}},"amp_enabled":true,"_links":{"self":[{"href":"https:\/\/www.notibras.com\/site\/wp-json\/wp\/v2\/posts\/201792","targetHints":{"allow":["GET"]}}],"collection":[{"href":"https:\/\/www.notibras.com\/site\/wp-json\/wp\/v2\/posts"}],"about":[{"href":"https:\/\/www.notibras.com\/site\/wp-json\/wp\/v2\/types\/post"}],"author":[{"embeddable":true,"href":"https:\/\/www.notibras.com\/site\/wp-json\/wp\/v2\/users\/2"}],"replies":[{"embeddable":true,"href":"https:\/\/www.notibras.com\/site\/wp-json\/wp\/v2\/comments?post=201792"}],"version-history":[{"count":6,"href":"https:\/\/www.notibras.com\/site\/wp-json\/wp\/v2\/posts\/201792\/revisions"}],"predecessor-version":[{"id":201799,"href":"https:\/\/www.notibras.com\/site\/wp-json\/wp\/v2\/posts\/201792\/revisions\/201799"}],"wp:featuredmedia":[{"embeddable":true,"href":"https:\/\/www.notibras.com\/site\/wp-json\/wp\/v2\/media\/201793"}],"wp:attachment":[{"href":"https:\/\/www.notibras.com\/site\/wp-json\/wp\/v2\/media?parent=201792"}],"wp:term":[{"taxonomy":"category","embeddable":true,"href":"https:\/\/www.notibras.com\/site\/wp-json\/wp\/v2\/categories?post=201792"},{"taxonomy":"post_tag","embeddable":true,"href":"https:\/\/www.notibras.com\/site\/wp-json\/wp\/v2\/tags?post=201792"}],"curies":[{"name":"wp","href":"https:\/\/api.w.org\/{rel}","templated":true}]}}