{"id":201803,"date":"2019-02-07T16:39:12","date_gmt":"2019-02-07T18:39:12","guid":{"rendered":"https:\/\/www.notibras.com\/site\/?p=201803"},"modified":"2019-02-07T16:39:12","modified_gmt":"2019-02-07T18:39:12","slug":"linha-dura-do-mp-fecha-com-moro-vamos-juntos-a-vitoria-e-nossa","status":"publish","type":"post","link":"https:\/\/www.notibras.com\/site\/linha-dura-do-mp-fecha-com-moro-vamos-juntos-a-vitoria-e-nossa\/","title":{"rendered":"Linha dura do MP fecha com Moro. &#8216;Vamos juntos. A vit\u00f3ria \u00e9 nossa&#8217;"},"content":{"rendered":"<p>Alvo de cr\u00edticas pesadas de advogados e juristas, o pacote anticrime do ministro S\u00e9rgio Moro ganhou apoio do Minist\u00e9rio P\u00fablico Pr\u00f3-Sociedade, que re\u00fane promotores \u2018linha dura\u2019 em todo o Pa\u00eds. Em nota p\u00fablica, a entidade se rebela contra o que chama de \u2018ataques destrutivos e falaciosos\u2019 \u00e0s propostas do ex-juiz da Lava Jato, entregues nesta quarta, 6, no Congresso.<\/p>\n<p>\u201cEm todo e qualquer conjunto de propostas de \u00e1rea t\u00e3o sens\u00edvel, sempre poder\u00e1 haver necessidade de pequenas mudan\u00e7as e ajustes a serem debatidos\u201d, diz o manifesto do MP Pr\u00f3-Sociedade.<\/p>\n<p>Os fundadores do MP Pr\u00f3-Sociedade se identificam como \u2018institui\u00e7\u00e3o que coloca a sociedade em primeiro lugar\u2019.<\/p>\n<p>Na avalia\u00e7\u00e3o dos promotores o pacote \u00e9 voltado a \u2018uma pol\u00edtica de maior efetivismo no combate ao crime, \u00e0 impunidade, \u00e0 corrup\u00e7\u00e3o, \u00e0 bandidolatria, ao democ\u00eddio de que a sociedade \u00e9 v\u00edtima no Brasil h\u00e1 v\u00e1rias d\u00e9cadas\u2019.<\/p>\n<p>Eles apontam para o \u2018inimigo\u2019. \u201cDe quem partem esses ataques? Dos mesmos setores cuja doutrina, ideologia e del\u00edrios trouxeram o caos para a seguran\u00e7a p\u00fablica nos \u00faltimos 30 anos. Dos mesmos que transformaram bandidos em protagonistas oprimidos de vers\u00f5es psicod\u00e9licas da realidade e reduziram as v\u00edtimas inocentes \u00e0 condi\u00e7\u00e3o de meros figurantes indesej\u00e1veis.\u201d<\/p>\n<p>\u201cS\u00e3o eles que hoje querem cobrar em 30 dias as solu\u00e7\u00f5es para a destrui\u00e7\u00e3o de dezenas de anos\u201d, segue a nota. \u201cEsquecem que estamos apenas em uma manh\u00e3, ap\u00f3s d\u00e9cadas de escurid\u00e3o\u2026\u201d<\/p>\n<p>Afirmam que as cr\u00edticas ao projeto de Moro partem \u2018dos mesmos que transformaram bandidos em protagonistas oprimidos de vers\u00f5es psicod\u00e9licas da realidade e reduziram as v\u00edtimas inocentes \u00e0 condi\u00e7\u00e3o de meros figurantes indesej\u00e1veis\u2019.<\/p>\n<p>Eles classificam o ministro como \u2018homem cujo passado mostrou coragem, conhecimento jur\u00eddicolegal e Justi\u00e7a dignos de serem seguidos por todos os operadores de direito\u2019.<\/p>\n<p>Argumentam que o ex-juiz da Lava Jato d\u00e1 \u2018passos consistentes no sentido de corrigir as err\u00e1ticas, malfadadas e lament\u00e1veis pol\u00edticas criminais de laxismo penal, desencarceramento indevido e complac\u00eancia que h\u00e1 muito desvirtuaram nosso sistema de justi\u00e7a, no sentido mais literal da palavra, quase conseguindo tirar dele toda e qualquer virtude\u2019.<\/p>\n<p><strong>Leia a nota<\/strong><br \/>\n\u201cH\u00e1 poucos dias, ao final do primeiro m\u00eas do atual governo federal, foram divulgadas pelo Exmo. Sr. Prof. Dr. S\u00e9rgio Moro, Ministro da Justi\u00e7a, propostas de aperfei\u00e7oamento da legisla\u00e7\u00e3o penal e processual, voltadas a iniciar uma pol\u00edtica de maior efetivismo no combate ao crime: \u00e0 impunidade, \u00e0 corrup\u00e7\u00e3o, \u00e0 bandidolatria, ao democ\u00eddio de que a Sociedade \u00e9 v\u00edtima no Brasil h\u00e1 v\u00e1rias d\u00e9cadas.<\/p>\n<p>Em todo e qualquer conjunto de propostas de \u00e1rea t\u00e3o sens\u00edvel, sempre poder\u00e1 haver necessidade de pequenas mudan\u00e7as e ajustes a serem debatidos. No entanto, temos presenciado alguns ataques destrutivos e falaciosos a elas.<\/p>\n<p>E de quem partem esses ataques? Dos mesmos setores cuja doutrina, ideologia e del\u00edrios trouxeram o caos para a seguran\u00e7a p\u00fablica nos \u00faltimos 30 anos.<\/p>\n<p>Dos mesmos que transformaram bandidos em protagonistas oprimidos de vers\u00f5es psicod\u00e9licas da realidade e reduziram as v\u00edtimas inocentes \u00e0 condi\u00e7\u00e3o de meros figurantes indesej\u00e1veis.<\/p>\n<p>Os mesmos que acham que a sociedade s\u00f3 est\u00e1 correta quando segue as opini\u00f5es deles e que, quando diverge, \u00e9 apenas a dona de um question\u00e1vel senso comum que deve ser substitu\u00eddo pelas id\u00e9ias de supostos iluminados, sempre contramajorit\u00e1rios, que devem dar as cartas, de prefer\u00eancia por meio de ativismo judicial, usurpa\u00e7\u00e3o do poder legislativo (pois cr\u00eaem que este teria sido eleito por pessoas \u2018de poucas luzes\u2019) e medidas in\u00f3cuas ou temer\u00e1rias que tiram as liberdades das pessoas de bem para evitar que se puna com firmeza quem comete crimes.<\/p>\n<p>S\u00e3o eles que hoje querem cobrar em 30 dias as solu\u00e7\u00f5es para a destrui\u00e7\u00e3o de dezenas de anos. Esquecem que estamos apenas em uma manh\u00e3, ap\u00f3s d\u00e9cadas de escurid\u00e3o\u2026<\/p>\n<p>Assim sendo, o Minist\u00e9rio P\u00fablico Pr\u00f3-Sociedade: preocupado com um Direito que promova a seguran\u00e7a p\u00fablica e proteja as v\u00edtimas inocentes rompendo a cultura da impunidade que impera no pa\u00eds e se intensificou h\u00e1 tr\u00eas d\u00e9cadas; desejoso de conter a hemorragia que coloca nas ruas cada vez mais bandidos em uma pol\u00edtica democida e pretendendo que a concep\u00e7\u00e3o do novo direito penal e processual penal esteja distante da bandidolatria que vigorou em nossa p\u00e1tria, vem apoiar a iniciativa do \u2018Pacote Anticrime\u2019 do ministro S\u00e9rgio Moro; homem cujo passado mostrou coragem, conhecimento jur\u00eddicolegal e Justi\u00e7a dignos de serem seguidos por todos os operadores de direito e cujo presente mostra passos consistentes no sentido de corrigir as err\u00e1ticas, malfadadas e lament\u00e1veis pol\u00edticas criminais de laxismo penal, desencarceramento indevido e complac\u00eancia que h\u00e1 muito desvirtuaram nosso sistema de justi\u00e7a, no sentido mais literal da palavra: quase conseguindo tirar dele toda e qualquer virtude.<\/p>\n<p>Exmo. sr.ministro S\u00e9rgio Moro, que seu futuro possa ser, junto com o da sociedade, um futuro de esperan\u00e7a na justi\u00e7a e de combate \u00e0 impunidade e que as medidas ora propostas possam ser aperfei\u00e7oadas, ajustadas, melhoradas e at\u00e9 mesmo corrigidas, por meio, isso sim, de cr\u00edticas justas e voltadas para acabar com a mencionada cultura de impunidade que assola o pa\u00eds, com respeito aos direitos humanos, sempre lembrando que eles s\u00e3o universais, e abrangem tamb\u00e9m, e com maior prioridade, aqueles cujas vidas n\u00e3o s\u00e3o dedicadas ao crime, para que possamos resgatar o sentido da express\u00e3o que, se hoje virou sin\u00f4nimo de direitos de bandidos, n\u00e3o foi porque o povo tolamente a distorceu, mas porque o povo foi s\u00e1bio em lhe dar um sentido figurado que corresponde \u00e0 aplica\u00e7\u00e3o pr\u00e1tica que vem presenciando e que foi dada por juristas, operadores do direito e pol\u00edticos, equivocados pelos mais diversos motivos.<\/p>\n<p>Parab\u00e9ns pela iniciativa e sigamos em frente passando com a caravana: permita-nos exortar com as palavras do Almirante Barroso na vit\u00f3ria da Tr\u00edplice Alian\u00e7a na Batalha Naval do Riachuelo: \u201cSustentar fogo, que a vit\u00f3ria \u00e9 nossa!\u201d Minist\u00e9rio P\u00fablico Pr\u00f3-Sociedade\u201d.<\/p>\n","protected":false},"excerpt":{"rendered":"<p>Alvo de cr\u00edticas pesadas de advogados e juristas, o pacote anticrime do ministro S\u00e9rgio Moro ganhou apoio do Minist\u00e9rio P\u00fablico Pr\u00f3-Sociedade, que re\u00fane promotores \u2018linha dura\u2019 em todo o Pa\u00eds. Em nota p\u00fablica, a entidade se rebela contra o que chama de \u2018ataques destrutivos e falaciosos\u2019 \u00e0s propostas do ex-juiz da Lava Jato, entregues nesta [&hellip;]<\/p>\n","protected":false},"author":2,"featured_media":201804,"comment_status":"closed","ping_status":"closed","sticky":false,"template":"","format":"standard","meta":{"_acf_changed":false,"footnotes":""},"categories":[16],"tags":[95],"class_list":["post-201803","post","type-post","status-publish","format-standard","has-post-thumbnail","hentry","category-brasil","tag-capa"],"acf":[],"yoast_head":"<!-- This site is optimized with the Yoast SEO plugin v27.2 - https:\/\/yoast.com\/product\/yoast-seo-wordpress\/ -->\n<title>Linha dura do MP fecha com Moro. &#039;Vamos juntos. A vit\u00f3ria \u00e9 nossa&#039; - Notibras<\/title>\n<meta name=\"robots\" content=\"index, follow, max-snippet:-1, max-image-preview:large, max-video-preview:-1\" \/>\n<link rel=\"canonical\" href=\"https:\/\/www.notibras.com\/site\/linha-dura-do-mp-fecha-com-moro-vamos-juntos-a-vitoria-e-nossa\/\" \/>\n<meta property=\"og:locale\" content=\"pt_BR\" \/>\n<meta property=\"og:type\" content=\"article\" \/>\n<meta property=\"og:title\" content=\"Linha dura do MP fecha com Moro. &#039;Vamos juntos. A vit\u00f3ria \u00e9 nossa&#039; - Notibras\" \/>\n<meta property=\"og:description\" content=\"Alvo de cr\u00edticas pesadas de advogados e juristas, o pacote anticrime do ministro S\u00e9rgio Moro ganhou apoio do Minist\u00e9rio P\u00fablico Pr\u00f3-Sociedade, que re\u00fane promotores \u2018linha dura\u2019 em todo o Pa\u00eds. Em nota p\u00fablica, a entidade se rebela contra o que chama de \u2018ataques destrutivos e falaciosos\u2019 \u00e0s propostas do ex-juiz da Lava Jato, entregues nesta [&hellip;]\" \/>\n<meta property=\"og:url\" content=\"https:\/\/www.notibras.com\/site\/linha-dura-do-mp-fecha-com-moro-vamos-juntos-a-vitoria-e-nossa\/\" \/>\n<meta property=\"og:site_name\" content=\"Notibras\" \/>\n<meta property=\"article:publisher\" content=\"https:\/\/www.facebook.com\/notibras\/\" \/>\n<meta property=\"article:published_time\" content=\"2019-02-07T18:39:12+00:00\" \/>\n<meta property=\"og:image\" content=\"https:\/\/www.notibras.com\/site\/wp-content\/uploads\/2019\/02\/moro.7.jpg\" \/>\n\t<meta property=\"og:image:width\" content=\"1140\" \/>\n\t<meta property=\"og:image:height\" content=\"760\" \/>\n\t<meta property=\"og:image:type\" content=\"image\/jpeg\" \/>\n<meta name=\"author\" content=\"Reda\u00e7\u00e3o\" \/>\n<meta name=\"twitter:card\" content=\"summary_large_image\" \/>\n<meta name=\"twitter:creator\" content=\"@Notibras\" \/>\n<meta name=\"twitter:site\" content=\"@Notibras\" \/>\n<meta name=\"twitter:label1\" content=\"Escrito por\" \/>\n\t<meta name=\"twitter:data1\" content=\"Reda\u00e7\u00e3o\" \/>\n\t<meta name=\"twitter:label2\" content=\"Est. tempo de leitura\" \/>\n\t<meta name=\"twitter:data2\" content=\"5 minutos\" \/>\n<script type=\"application\/ld+json\" class=\"yoast-schema-graph\">{\"@context\":\"https:\/\/schema.org\",\"@graph\":[{\"@type\":\"Article\",\"@id\":\"https:\/\/www.notibras.com\/site\/linha-dura-do-mp-fecha-com-moro-vamos-juntos-a-vitoria-e-nossa\/#article\",\"isPartOf\":{\"@id\":\"https:\/\/www.notibras.com\/site\/linha-dura-do-mp-fecha-com-moro-vamos-juntos-a-vitoria-e-nossa\/\"},\"author\":{\"name\":\"Reda\u00e7\u00e3o\",\"@id\":\"https:\/\/www.notibras.com\/site\/#\/schema\/person\/36ab0979449956132d3e5b517ea76ac8\"},\"headline\":\"Linha dura do MP fecha com Moro. &#8216;Vamos juntos. A vit\u00f3ria \u00e9 nossa&#8217;\",\"datePublished\":\"2019-02-07T18:39:12+00:00\",\"mainEntityOfPage\":{\"@id\":\"https:\/\/www.notibras.com\/site\/linha-dura-do-mp-fecha-com-moro-vamos-juntos-a-vitoria-e-nossa\/\"},\"wordCount\":1061,\"publisher\":{\"@id\":\"https:\/\/www.notibras.com\/site\/#organization\"},\"image\":{\"@id\":\"https:\/\/www.notibras.com\/site\/linha-dura-do-mp-fecha-com-moro-vamos-juntos-a-vitoria-e-nossa\/#primaryimage\"},\"thumbnailUrl\":\"https:\/\/www.notibras.com\/site\/wp-content\/uploads\/2019\/02\/moro.7.jpg\",\"keywords\":[\"capa\"],\"articleSection\":[\"Brasil\"],\"inLanguage\":\"pt-BR\"},{\"@type\":\"WebPage\",\"@id\":\"https:\/\/www.notibras.com\/site\/linha-dura-do-mp-fecha-com-moro-vamos-juntos-a-vitoria-e-nossa\/\",\"url\":\"https:\/\/www.notibras.com\/site\/linha-dura-do-mp-fecha-com-moro-vamos-juntos-a-vitoria-e-nossa\/\",\"name\":\"Linha dura do MP fecha com Moro. 'Vamos juntos. A vit\u00f3ria \u00e9 nossa' - Notibras\",\"isPartOf\":{\"@id\":\"https:\/\/www.notibras.com\/site\/#website\"},\"primaryImageOfPage\":{\"@id\":\"https:\/\/www.notibras.com\/site\/linha-dura-do-mp-fecha-com-moro-vamos-juntos-a-vitoria-e-nossa\/#primaryimage\"},\"image\":{\"@id\":\"https:\/\/www.notibras.com\/site\/linha-dura-do-mp-fecha-com-moro-vamos-juntos-a-vitoria-e-nossa\/#primaryimage\"},\"thumbnailUrl\":\"https:\/\/www.notibras.com\/site\/wp-content\/uploads\/2019\/02\/moro.7.jpg\",\"datePublished\":\"2019-02-07T18:39:12+00:00\",\"breadcrumb\":{\"@id\":\"https:\/\/www.notibras.com\/site\/linha-dura-do-mp-fecha-com-moro-vamos-juntos-a-vitoria-e-nossa\/#breadcrumb\"},\"inLanguage\":\"pt-BR\",\"potentialAction\":[{\"@type\":\"ReadAction\",\"target\":[\"https:\/\/www.notibras.com\/site\/linha-dura-do-mp-fecha-com-moro-vamos-juntos-a-vitoria-e-nossa\/\"]}]},{\"@type\":\"ImageObject\",\"inLanguage\":\"pt-BR\",\"@id\":\"https:\/\/www.notibras.com\/site\/linha-dura-do-mp-fecha-com-moro-vamos-juntos-a-vitoria-e-nossa\/#primaryimage\",\"url\":\"https:\/\/www.notibras.com\/site\/wp-content\/uploads\/2019\/02\/moro.7.jpg\",\"contentUrl\":\"https:\/\/www.notibras.com\/site\/wp-content\/uploads\/2019\/02\/moro.7.jpg\",\"width\":1140,\"height\":760,\"caption\":\"Foto: Wilson Dias\/ABr\"},{\"@type\":\"BreadcrumbList\",\"@id\":\"https:\/\/www.notibras.com\/site\/linha-dura-do-mp-fecha-com-moro-vamos-juntos-a-vitoria-e-nossa\/#breadcrumb\",\"itemListElement\":[{\"@type\":\"ListItem\",\"position\":1,\"name\":\"In\u00edcio\",\"item\":\"https:\/\/www.notibras.com\/site\/\"},{\"@type\":\"ListItem\",\"position\":2,\"name\":\"Linha dura do MP fecha com Moro. &#8216;Vamos juntos. A vit\u00f3ria \u00e9 nossa&#8217;\"}]},{\"@type\":\"WebSite\",\"@id\":\"https:\/\/www.notibras.com\/site\/#website\",\"url\":\"https:\/\/www.notibras.com\/site\/\",\"name\":\"Notibras\",\"description\":\"Not\u00edcias de Bras\u00edlia, do Brasil e do Mundo\",\"publisher\":{\"@id\":\"https:\/\/www.notibras.com\/site\/#organization\"},\"potentialAction\":[{\"@type\":\"SearchAction\",\"target\":{\"@type\":\"EntryPoint\",\"urlTemplate\":\"https:\/\/www.notibras.com\/site\/?s={search_term_string}\"},\"query-input\":{\"@type\":\"PropertyValueSpecification\",\"valueRequired\":true,\"valueName\":\"search_term_string\"}}],\"inLanguage\":\"pt-BR\"},{\"@type\":\"Organization\",\"@id\":\"https:\/\/www.notibras.com\/site\/#organization\",\"name\":\"Grupo Notibras de Comunica\u00e7\u00e3o\",\"url\":\"https:\/\/www.notibras.com\/site\/\",\"logo\":{\"@type\":\"ImageObject\",\"inLanguage\":\"pt-BR\",\"@id\":\"https:\/\/www.notibras.com\/site\/#\/schema\/logo\/image\/\",\"url\":\"https:\/\/www.notibras.com\/site\/wp-content\/uploads\/2023\/01\/notibras23.png\",\"contentUrl\":\"https:\/\/www.notibras.com\/site\/wp-content\/uploads\/2023\/01\/notibras23.png\",\"width\":350,\"height\":87,\"caption\":\"Grupo Notibras de Comunica\u00e7\u00e3o\"},\"image\":{\"@id\":\"https:\/\/www.notibras.com\/site\/#\/schema\/logo\/image\/\"},\"sameAs\":[\"https:\/\/www.facebook.com\/notibras\/\",\"https:\/\/x.com\/Notibras\",\"https:\/\/www.instagram.com\/notibras\/\"]},{\"@type\":\"Person\",\"@id\":\"https:\/\/www.notibras.com\/site\/#\/schema\/person\/36ab0979449956132d3e5b517ea76ac8\",\"name\":\"Reda\u00e7\u00e3o\",\"image\":{\"@type\":\"ImageObject\",\"inLanguage\":\"pt-BR\",\"@id\":\"https:\/\/secure.gravatar.com\/avatar\/e0a867bdedb85fd243eadf09663511f96fc81e0720a4a42581f334ad4303aa6b?s=96&d=mm&r=g\",\"url\":\"https:\/\/secure.gravatar.com\/avatar\/e0a867bdedb85fd243eadf09663511f96fc81e0720a4a42581f334ad4303aa6b?s=96&d=mm&r=g\",\"contentUrl\":\"https:\/\/secure.gravatar.com\/avatar\/e0a867bdedb85fd243eadf09663511f96fc81e0720a4a42581f334ad4303aa6b?s=96&d=mm&r=g\",\"caption\":\"Reda\u00e7\u00e3o\"}}]}<\/script>\n<!-- \/ Yoast SEO plugin. -->","yoast_head_json":{"title":"Linha dura do MP fecha com Moro. 'Vamos juntos. A vit\u00f3ria \u00e9 nossa' - Notibras","robots":{"index":"index","follow":"follow","max-snippet":"max-snippet:-1","max-image-preview":"max-image-preview:large","max-video-preview":"max-video-preview:-1"},"canonical":"https:\/\/www.notibras.com\/site\/linha-dura-do-mp-fecha-com-moro-vamos-juntos-a-vitoria-e-nossa\/","og_locale":"pt_BR","og_type":"article","og_title":"Linha dura do MP fecha com Moro. 'Vamos juntos. A vit\u00f3ria \u00e9 nossa' - Notibras","og_description":"Alvo de cr\u00edticas pesadas de advogados e juristas, o pacote anticrime do ministro S\u00e9rgio Moro ganhou apoio do Minist\u00e9rio P\u00fablico Pr\u00f3-Sociedade, que re\u00fane promotores \u2018linha dura\u2019 em todo o Pa\u00eds. Em nota p\u00fablica, a entidade se rebela contra o que chama de \u2018ataques destrutivos e falaciosos\u2019 \u00e0s propostas do ex-juiz da Lava Jato, entregues nesta [&hellip;]","og_url":"https:\/\/www.notibras.com\/site\/linha-dura-do-mp-fecha-com-moro-vamos-juntos-a-vitoria-e-nossa\/","og_site_name":"Notibras","article_publisher":"https:\/\/www.facebook.com\/notibras\/","article_published_time":"2019-02-07T18:39:12+00:00","og_image":[{"width":1140,"height":760,"url":"https:\/\/www.notibras.com\/site\/wp-content\/uploads\/2019\/02\/moro.7.jpg","type":"image\/jpeg"}],"author":"Reda\u00e7\u00e3o","twitter_card":"summary_large_image","twitter_creator":"@Notibras","twitter_site":"@Notibras","twitter_misc":{"Escrito por":"Reda\u00e7\u00e3o","Est. tempo de leitura":"5 minutos"},"schema":{"@context":"https:\/\/schema.org","@graph":[{"@type":"Article","@id":"https:\/\/www.notibras.com\/site\/linha-dura-do-mp-fecha-com-moro-vamos-juntos-a-vitoria-e-nossa\/#article","isPartOf":{"@id":"https:\/\/www.notibras.com\/site\/linha-dura-do-mp-fecha-com-moro-vamos-juntos-a-vitoria-e-nossa\/"},"author":{"name":"Reda\u00e7\u00e3o","@id":"https:\/\/www.notibras.com\/site\/#\/schema\/person\/36ab0979449956132d3e5b517ea76ac8"},"headline":"Linha dura do MP fecha com Moro. &#8216;Vamos juntos. A vit\u00f3ria \u00e9 nossa&#8217;","datePublished":"2019-02-07T18:39:12+00:00","mainEntityOfPage":{"@id":"https:\/\/www.notibras.com\/site\/linha-dura-do-mp-fecha-com-moro-vamos-juntos-a-vitoria-e-nossa\/"},"wordCount":1061,"publisher":{"@id":"https:\/\/www.notibras.com\/site\/#organization"},"image":{"@id":"https:\/\/www.notibras.com\/site\/linha-dura-do-mp-fecha-com-moro-vamos-juntos-a-vitoria-e-nossa\/#primaryimage"},"thumbnailUrl":"https:\/\/www.notibras.com\/site\/wp-content\/uploads\/2019\/02\/moro.7.jpg","keywords":["capa"],"articleSection":["Brasil"],"inLanguage":"pt-BR"},{"@type":"WebPage","@id":"https:\/\/www.notibras.com\/site\/linha-dura-do-mp-fecha-com-moro-vamos-juntos-a-vitoria-e-nossa\/","url":"https:\/\/www.notibras.com\/site\/linha-dura-do-mp-fecha-com-moro-vamos-juntos-a-vitoria-e-nossa\/","name":"Linha dura do MP fecha com Moro. 'Vamos juntos. A vit\u00f3ria \u00e9 nossa' - Notibras","isPartOf":{"@id":"https:\/\/www.notibras.com\/site\/#website"},"primaryImageOfPage":{"@id":"https:\/\/www.notibras.com\/site\/linha-dura-do-mp-fecha-com-moro-vamos-juntos-a-vitoria-e-nossa\/#primaryimage"},"image":{"@id":"https:\/\/www.notibras.com\/site\/linha-dura-do-mp-fecha-com-moro-vamos-juntos-a-vitoria-e-nossa\/#primaryimage"},"thumbnailUrl":"https:\/\/www.notibras.com\/site\/wp-content\/uploads\/2019\/02\/moro.7.jpg","datePublished":"2019-02-07T18:39:12+00:00","breadcrumb":{"@id":"https:\/\/www.notibras.com\/site\/linha-dura-do-mp-fecha-com-moro-vamos-juntos-a-vitoria-e-nossa\/#breadcrumb"},"inLanguage":"pt-BR","potentialAction":[{"@type":"ReadAction","target":["https:\/\/www.notibras.com\/site\/linha-dura-do-mp-fecha-com-moro-vamos-juntos-a-vitoria-e-nossa\/"]}]},{"@type":"ImageObject","inLanguage":"pt-BR","@id":"https:\/\/www.notibras.com\/site\/linha-dura-do-mp-fecha-com-moro-vamos-juntos-a-vitoria-e-nossa\/#primaryimage","url":"https:\/\/www.notibras.com\/site\/wp-content\/uploads\/2019\/02\/moro.7.jpg","contentUrl":"https:\/\/www.notibras.com\/site\/wp-content\/uploads\/2019\/02\/moro.7.jpg","width":1140,"height":760,"caption":"Foto: Wilson Dias\/ABr"},{"@type":"BreadcrumbList","@id":"https:\/\/www.notibras.com\/site\/linha-dura-do-mp-fecha-com-moro-vamos-juntos-a-vitoria-e-nossa\/#breadcrumb","itemListElement":[{"@type":"ListItem","position":1,"name":"In\u00edcio","item":"https:\/\/www.notibras.com\/site\/"},{"@type":"ListItem","position":2,"name":"Linha dura do MP fecha com Moro. &#8216;Vamos juntos. A vit\u00f3ria \u00e9 nossa&#8217;"}]},{"@type":"WebSite","@id":"https:\/\/www.notibras.com\/site\/#website","url":"https:\/\/www.notibras.com\/site\/","name":"Notibras","description":"Not\u00edcias de Bras\u00edlia, do Brasil e do Mundo","publisher":{"@id":"https:\/\/www.notibras.com\/site\/#organization"},"potentialAction":[{"@type":"SearchAction","target":{"@type":"EntryPoint","urlTemplate":"https:\/\/www.notibras.com\/site\/?s={search_term_string}"},"query-input":{"@type":"PropertyValueSpecification","valueRequired":true,"valueName":"search_term_string"}}],"inLanguage":"pt-BR"},{"@type":"Organization","@id":"https:\/\/www.notibras.com\/site\/#organization","name":"Grupo Notibras de Comunica\u00e7\u00e3o","url":"https:\/\/www.notibras.com\/site\/","logo":{"@type":"ImageObject","inLanguage":"pt-BR","@id":"https:\/\/www.notibras.com\/site\/#\/schema\/logo\/image\/","url":"https:\/\/www.notibras.com\/site\/wp-content\/uploads\/2023\/01\/notibras23.png","contentUrl":"https:\/\/www.notibras.com\/site\/wp-content\/uploads\/2023\/01\/notibras23.png","width":350,"height":87,"caption":"Grupo Notibras de Comunica\u00e7\u00e3o"},"image":{"@id":"https:\/\/www.notibras.com\/site\/#\/schema\/logo\/image\/"},"sameAs":["https:\/\/www.facebook.com\/notibras\/","https:\/\/x.com\/Notibras","https:\/\/www.instagram.com\/notibras\/"]},{"@type":"Person","@id":"https:\/\/www.notibras.com\/site\/#\/schema\/person\/36ab0979449956132d3e5b517ea76ac8","name":"Reda\u00e7\u00e3o","image":{"@type":"ImageObject","inLanguage":"pt-BR","@id":"https:\/\/secure.gravatar.com\/avatar\/e0a867bdedb85fd243eadf09663511f96fc81e0720a4a42581f334ad4303aa6b?s=96&d=mm&r=g","url":"https:\/\/secure.gravatar.com\/avatar\/e0a867bdedb85fd243eadf09663511f96fc81e0720a4a42581f334ad4303aa6b?s=96&d=mm&r=g","contentUrl":"https:\/\/secure.gravatar.com\/avatar\/e0a867bdedb85fd243eadf09663511f96fc81e0720a4a42581f334ad4303aa6b?s=96&d=mm&r=g","caption":"Reda\u00e7\u00e3o"}}]}},"amp_enabled":true,"_links":{"self":[{"href":"https:\/\/www.notibras.com\/site\/wp-json\/wp\/v2\/posts\/201803","targetHints":{"allow":["GET"]}}],"collection":[{"href":"https:\/\/www.notibras.com\/site\/wp-json\/wp\/v2\/posts"}],"about":[{"href":"https:\/\/www.notibras.com\/site\/wp-json\/wp\/v2\/types\/post"}],"author":[{"embeddable":true,"href":"https:\/\/www.notibras.com\/site\/wp-json\/wp\/v2\/users\/2"}],"replies":[{"embeddable":true,"href":"https:\/\/www.notibras.com\/site\/wp-json\/wp\/v2\/comments?post=201803"}],"version-history":[{"count":1,"href":"https:\/\/www.notibras.com\/site\/wp-json\/wp\/v2\/posts\/201803\/revisions"}],"predecessor-version":[{"id":201805,"href":"https:\/\/www.notibras.com\/site\/wp-json\/wp\/v2\/posts\/201803\/revisions\/201805"}],"wp:featuredmedia":[{"embeddable":true,"href":"https:\/\/www.notibras.com\/site\/wp-json\/wp\/v2\/media\/201804"}],"wp:attachment":[{"href":"https:\/\/www.notibras.com\/site\/wp-json\/wp\/v2\/media?parent=201803"}],"wp:term":[{"taxonomy":"category","embeddable":true,"href":"https:\/\/www.notibras.com\/site\/wp-json\/wp\/v2\/categories?post=201803"},{"taxonomy":"post_tag","embeddable":true,"href":"https:\/\/www.notibras.com\/site\/wp-json\/wp\/v2\/tags?post=201803"}],"curies":[{"name":"wp","href":"https:\/\/api.w.org\/{rel}","templated":true}]}}