{"id":201813,"date":"2019-02-07T17:54:45","date_gmt":"2019-02-07T19:54:45","guid":{"rendered":"https:\/\/www.notibras.com\/site\/?p=201813"},"modified":"2019-02-07T17:54:45","modified_gmt":"2019-02-07T19:54:45","slug":"bolsonaro-volta-a-ter-febre-e-exame-indica-pneumonia","status":"publish","type":"post","link":"https:\/\/www.notibras.com\/site\/bolsonaro-volta-a-ter-febre-e-exame-indica-pneumonia\/","title":{"rendered":"Bolsonaro volta a ter febre e exame indica pneumonia"},"content":{"rendered":"<p>O estado de sa\u00fade do presidenmte Jair Bolsonaro voltou a inspirar cuidados especiais. Boletim m\u00e9dico do Hospital Albert Einstein desta quinta-feira, 7, revela que ele est\u00e1 com pneumonia e voltou a ter febre. A cicatriza\u00e7\u00e3o da cirurgia em si, por\u00e9m, tem sido boa, de acordo com uma tomografia do t\u00f3rax e do abdome.<\/p>\n<p>O porta-voz da Presid\u00eancia, Ot\u00e1vio R\u00eago Barros, revelou que exames detectaram que a pneumonia tem causa bacteriana. Um novo antibi\u00f3tico foi inclu\u00eddo no tratamento de Bolsonaro para ser administrado por sete dias.<\/p>\n<p>J\u00e1 o boletim m\u00e9dico indica que &#8220;foi realizado um ajuste na antibi\u00f3ticoterapia e mantidos os demais tratamentos. Continua sem dor, com sonda nasog\u00e1strica, dreno no abdome e recebendo l\u00edquidos por via oral em associa\u00e7\u00e3o \u00e0 nutri\u00e7\u00e3o parenteral&#8221;. Bolsonaro realizou exerc\u00edcios respirat\u00f3rios e caminhou no corredor. &#8220;Por ordem m\u00e9dica, as visitas permanecem restritas&#8221;.<\/p>\n<p>N\u00e3o h\u00e1, segundo R\u00eago Barros, motivos de alarde. &#8220;O estado de sa\u00fade do presidente \u00e9 o esperado dentro desse pico t\u00e9rmico que ele acometeu na noite de ontem (quarta, 6). Por precau\u00e7\u00e3o os m\u00e9dicos fizeram exame de imagem, incluso tomografia por contraste. O pulm\u00e3o tinha uma imagem que era compat\u00edvel com pneumonia&#8221;, disse.<\/p>\n<p>&#8220;O presidente vem recebendo administra\u00e7\u00e3o de antibi\u00f3tico de amplo espectro. M\u00e9dicos optaram por acrescentar uma nova medica\u00e7\u00e3o. Esta a\u00e7\u00e3o vai debelar essa pneumonia que foi encontrada em seu pulm\u00e3o&#8221;, enfatizou. Segundo R\u00eago Barros, a temperatura febril do presidente chegou a &#8220;cerca de 38\u00b0C&#8221;. Bolsonaro segue internado na unidade semi-intensiva do hospital.<\/p>\n<p>&#8220;Fizeram exames viral e bacteriano e descartaram o viral. Trata-se de uma causa bacteriana&#8221;, afirmou o porta-voz. &#8220;Algumas causas podem ser geradoras dessa pneumonia, mas ficar na suposi\u00e7\u00e3o n\u00e3o me parece adequado.&#8221;<\/p>\n","protected":false},"excerpt":{"rendered":"<p>O estado de sa\u00fade do presidenmte Jair Bolsonaro voltou a inspirar cuidados especiais. Boletim m\u00e9dico do Hospital Albert Einstein desta quinta-feira, 7, revela que ele est\u00e1 com pneumonia e voltou a ter febre. A cicatriza\u00e7\u00e3o da cirurgia em si, por\u00e9m, tem sido boa, de acordo com uma tomografia do t\u00f3rax e do abdome. O porta-voz [&hellip;]<\/p>\n","protected":false},"author":2,"featured_media":201814,"comment_status":"closed","ping_status":"closed","sticky":false,"template":"","format":"standard","meta":{"_acf_changed":false,"footnotes":""},"categories":[16],"tags":[95],"class_list":["post-201813","post","type-post","status-publish","format-standard","has-post-thumbnail","hentry","category-brasil","tag-capa"],"acf":[],"yoast_head":"<!-- This site is optimized with the Yoast SEO plugin v27.2 - https:\/\/yoast.com\/product\/yoast-seo-wordpress\/ -->\n<title>Bolsonaro volta a ter febre e exame indica pneumonia - Notibras<\/title>\n<meta name=\"robots\" content=\"index, follow, max-snippet:-1, max-image-preview:large, max-video-preview:-1\" \/>\n<link rel=\"canonical\" href=\"https:\/\/www.notibras.com\/site\/bolsonaro-volta-a-ter-febre-e-exame-indica-pneumonia\/\" \/>\n<meta property=\"og:locale\" content=\"pt_BR\" \/>\n<meta property=\"og:type\" content=\"article\" \/>\n<meta property=\"og:title\" content=\"Bolsonaro volta a ter febre e exame indica pneumonia - Notibras\" \/>\n<meta property=\"og:description\" content=\"O estado de sa\u00fade do presidenmte Jair Bolsonaro voltou a inspirar cuidados especiais. Boletim m\u00e9dico do Hospital Albert Einstein desta quinta-feira, 7, revela que ele est\u00e1 com pneumonia e voltou a ter febre. A cicatriza\u00e7\u00e3o da cirurgia em si, por\u00e9m, tem sido boa, de acordo com uma tomografia do t\u00f3rax e do abdome. O porta-voz [&hellip;]\" \/>\n<meta property=\"og:url\" content=\"https:\/\/www.notibras.com\/site\/bolsonaro-volta-a-ter-febre-e-exame-indica-pneumonia\/\" \/>\n<meta property=\"og:site_name\" content=\"Notibras\" \/>\n<meta property=\"article:publisher\" content=\"https:\/\/www.facebook.com\/notibras\/\" \/>\n<meta property=\"article:published_time\" content=\"2019-02-07T19:54:45+00:00\" \/>\n<meta property=\"og:image\" content=\"https:\/\/www.notibras.com\/site\/wp-content\/uploads\/2019\/02\/bolsocaminha.jpg\" \/>\n\t<meta property=\"og:image:width\" content=\"1600\" \/>\n\t<meta property=\"og:image:height\" content=\"1002\" \/>\n\t<meta property=\"og:image:type\" content=\"image\/jpeg\" \/>\n<meta name=\"author\" content=\"Reda\u00e7\u00e3o\" \/>\n<meta name=\"twitter:card\" content=\"summary_large_image\" \/>\n<meta name=\"twitter:creator\" content=\"@Notibras\" \/>\n<meta name=\"twitter:site\" content=\"@Notibras\" \/>\n<meta name=\"twitter:label1\" content=\"Escrito por\" \/>\n\t<meta name=\"twitter:data1\" content=\"Reda\u00e7\u00e3o\" \/>\n\t<meta name=\"twitter:label2\" content=\"Est. tempo de leitura\" \/>\n\t<meta name=\"twitter:data2\" content=\"2 minutos\" \/>\n<script type=\"application\/ld+json\" class=\"yoast-schema-graph\">{\"@context\":\"https:\/\/schema.org\",\"@graph\":[{\"@type\":\"Article\",\"@id\":\"https:\/\/www.notibras.com\/site\/bolsonaro-volta-a-ter-febre-e-exame-indica-pneumonia\/#article\",\"isPartOf\":{\"@id\":\"https:\/\/www.notibras.com\/site\/bolsonaro-volta-a-ter-febre-e-exame-indica-pneumonia\/\"},\"author\":{\"name\":\"Reda\u00e7\u00e3o\",\"@id\":\"https:\/\/www.notibras.com\/site\/#\/schema\/person\/36ab0979449956132d3e5b517ea76ac8\"},\"headline\":\"Bolsonaro volta a ter febre e exame indica pneumonia\",\"datePublished\":\"2019-02-07T19:54:45+00:00\",\"mainEntityOfPage\":{\"@id\":\"https:\/\/www.notibras.com\/site\/bolsonaro-volta-a-ter-febre-e-exame-indica-pneumonia\/\"},\"wordCount\":314,\"publisher\":{\"@id\":\"https:\/\/www.notibras.com\/site\/#organization\"},\"image\":{\"@id\":\"https:\/\/www.notibras.com\/site\/bolsonaro-volta-a-ter-febre-e-exame-indica-pneumonia\/#primaryimage\"},\"thumbnailUrl\":\"https:\/\/www.notibras.com\/site\/wp-content\/uploads\/2019\/02\/bolsocaminha.jpg\",\"keywords\":[\"capa\"],\"articleSection\":[\"Brasil\"],\"inLanguage\":\"pt-BR\"},{\"@type\":\"WebPage\",\"@id\":\"https:\/\/www.notibras.com\/site\/bolsonaro-volta-a-ter-febre-e-exame-indica-pneumonia\/\",\"url\":\"https:\/\/www.notibras.com\/site\/bolsonaro-volta-a-ter-febre-e-exame-indica-pneumonia\/\",\"name\":\"Bolsonaro volta a ter febre e exame indica pneumonia - Notibras\",\"isPartOf\":{\"@id\":\"https:\/\/www.notibras.com\/site\/#website\"},\"primaryImageOfPage\":{\"@id\":\"https:\/\/www.notibras.com\/site\/bolsonaro-volta-a-ter-febre-e-exame-indica-pneumonia\/#primaryimage\"},\"image\":{\"@id\":\"https:\/\/www.notibras.com\/site\/bolsonaro-volta-a-ter-febre-e-exame-indica-pneumonia\/#primaryimage\"},\"thumbnailUrl\":\"https:\/\/www.notibras.com\/site\/wp-content\/uploads\/2019\/02\/bolsocaminha.jpg\",\"datePublished\":\"2019-02-07T19:54:45+00:00\",\"breadcrumb\":{\"@id\":\"https:\/\/www.notibras.com\/site\/bolsonaro-volta-a-ter-febre-e-exame-indica-pneumonia\/#breadcrumb\"},\"inLanguage\":\"pt-BR\",\"potentialAction\":[{\"@type\":\"ReadAction\",\"target\":[\"https:\/\/www.notibras.com\/site\/bolsonaro-volta-a-ter-febre-e-exame-indica-pneumonia\/\"]}]},{\"@type\":\"ImageObject\",\"inLanguage\":\"pt-BR\",\"@id\":\"https:\/\/www.notibras.com\/site\/bolsonaro-volta-a-ter-febre-e-exame-indica-pneumonia\/#primaryimage\",\"url\":\"https:\/\/www.notibras.com\/site\/wp-content\/uploads\/2019\/02\/bolsocaminha.jpg\",\"contentUrl\":\"https:\/\/www.notibras.com\/site\/wp-content\/uploads\/2019\/02\/bolsocaminha.jpg\",\"width\":1600,\"height\":1002,\"caption\":\"Foto\/Divulga\u00e7\u00e3o\"},{\"@type\":\"BreadcrumbList\",\"@id\":\"https:\/\/www.notibras.com\/site\/bolsonaro-volta-a-ter-febre-e-exame-indica-pneumonia\/#breadcrumb\",\"itemListElement\":[{\"@type\":\"ListItem\",\"position\":1,\"name\":\"In\u00edcio\",\"item\":\"https:\/\/www.notibras.com\/site\/\"},{\"@type\":\"ListItem\",\"position\":2,\"name\":\"Bolsonaro volta a ter febre e exame indica pneumonia\"}]},{\"@type\":\"WebSite\",\"@id\":\"https:\/\/www.notibras.com\/site\/#website\",\"url\":\"https:\/\/www.notibras.com\/site\/\",\"name\":\"Notibras\",\"description\":\"Not\u00edcias de Bras\u00edlia, do Brasil e do Mundo\",\"publisher\":{\"@id\":\"https:\/\/www.notibras.com\/site\/#organization\"},\"potentialAction\":[{\"@type\":\"SearchAction\",\"target\":{\"@type\":\"EntryPoint\",\"urlTemplate\":\"https:\/\/www.notibras.com\/site\/?s={search_term_string}\"},\"query-input\":{\"@type\":\"PropertyValueSpecification\",\"valueRequired\":true,\"valueName\":\"search_term_string\"}}],\"inLanguage\":\"pt-BR\"},{\"@type\":\"Organization\",\"@id\":\"https:\/\/www.notibras.com\/site\/#organization\",\"name\":\"Grupo Notibras de Comunica\u00e7\u00e3o\",\"url\":\"https:\/\/www.notibras.com\/site\/\",\"logo\":{\"@type\":\"ImageObject\",\"inLanguage\":\"pt-BR\",\"@id\":\"https:\/\/www.notibras.com\/site\/#\/schema\/logo\/image\/\",\"url\":\"https:\/\/www.notibras.com\/site\/wp-content\/uploads\/2023\/01\/notibras23.png\",\"contentUrl\":\"https:\/\/www.notibras.com\/site\/wp-content\/uploads\/2023\/01\/notibras23.png\",\"width\":350,\"height\":87,\"caption\":\"Grupo Notibras de Comunica\u00e7\u00e3o\"},\"image\":{\"@id\":\"https:\/\/www.notibras.com\/site\/#\/schema\/logo\/image\/\"},\"sameAs\":[\"https:\/\/www.facebook.com\/notibras\/\",\"https:\/\/x.com\/Notibras\",\"https:\/\/www.instagram.com\/notibras\/\"]},{\"@type\":\"Person\",\"@id\":\"https:\/\/www.notibras.com\/site\/#\/schema\/person\/36ab0979449956132d3e5b517ea76ac8\",\"name\":\"Reda\u00e7\u00e3o\",\"image\":{\"@type\":\"ImageObject\",\"inLanguage\":\"pt-BR\",\"@id\":\"https:\/\/secure.gravatar.com\/avatar\/e0a867bdedb85fd243eadf09663511f96fc81e0720a4a42581f334ad4303aa6b?s=96&d=mm&r=g\",\"url\":\"https:\/\/secure.gravatar.com\/avatar\/e0a867bdedb85fd243eadf09663511f96fc81e0720a4a42581f334ad4303aa6b?s=96&d=mm&r=g\",\"contentUrl\":\"https:\/\/secure.gravatar.com\/avatar\/e0a867bdedb85fd243eadf09663511f96fc81e0720a4a42581f334ad4303aa6b?s=96&d=mm&r=g\",\"caption\":\"Reda\u00e7\u00e3o\"}}]}<\/script>\n<!-- \/ Yoast SEO plugin. -->","yoast_head_json":{"title":"Bolsonaro volta a ter febre e exame indica pneumonia - Notibras","robots":{"index":"index","follow":"follow","max-snippet":"max-snippet:-1","max-image-preview":"max-image-preview:large","max-video-preview":"max-video-preview:-1"},"canonical":"https:\/\/www.notibras.com\/site\/bolsonaro-volta-a-ter-febre-e-exame-indica-pneumonia\/","og_locale":"pt_BR","og_type":"article","og_title":"Bolsonaro volta a ter febre e exame indica pneumonia - Notibras","og_description":"O estado de sa\u00fade do presidenmte Jair Bolsonaro voltou a inspirar cuidados especiais. Boletim m\u00e9dico do Hospital Albert Einstein desta quinta-feira, 7, revela que ele est\u00e1 com pneumonia e voltou a ter febre. A cicatriza\u00e7\u00e3o da cirurgia em si, por\u00e9m, tem sido boa, de acordo com uma tomografia do t\u00f3rax e do abdome. O porta-voz [&hellip;]","og_url":"https:\/\/www.notibras.com\/site\/bolsonaro-volta-a-ter-febre-e-exame-indica-pneumonia\/","og_site_name":"Notibras","article_publisher":"https:\/\/www.facebook.com\/notibras\/","article_published_time":"2019-02-07T19:54:45+00:00","og_image":[{"width":1600,"height":1002,"url":"https:\/\/www.notibras.com\/site\/wp-content\/uploads\/2019\/02\/bolsocaminha.jpg","type":"image\/jpeg"}],"author":"Reda\u00e7\u00e3o","twitter_card":"summary_large_image","twitter_creator":"@Notibras","twitter_site":"@Notibras","twitter_misc":{"Escrito por":"Reda\u00e7\u00e3o","Est. tempo de leitura":"2 minutos"},"schema":{"@context":"https:\/\/schema.org","@graph":[{"@type":"Article","@id":"https:\/\/www.notibras.com\/site\/bolsonaro-volta-a-ter-febre-e-exame-indica-pneumonia\/#article","isPartOf":{"@id":"https:\/\/www.notibras.com\/site\/bolsonaro-volta-a-ter-febre-e-exame-indica-pneumonia\/"},"author":{"name":"Reda\u00e7\u00e3o","@id":"https:\/\/www.notibras.com\/site\/#\/schema\/person\/36ab0979449956132d3e5b517ea76ac8"},"headline":"Bolsonaro volta a ter febre e exame indica pneumonia","datePublished":"2019-02-07T19:54:45+00:00","mainEntityOfPage":{"@id":"https:\/\/www.notibras.com\/site\/bolsonaro-volta-a-ter-febre-e-exame-indica-pneumonia\/"},"wordCount":314,"publisher":{"@id":"https:\/\/www.notibras.com\/site\/#organization"},"image":{"@id":"https:\/\/www.notibras.com\/site\/bolsonaro-volta-a-ter-febre-e-exame-indica-pneumonia\/#primaryimage"},"thumbnailUrl":"https:\/\/www.notibras.com\/site\/wp-content\/uploads\/2019\/02\/bolsocaminha.jpg","keywords":["capa"],"articleSection":["Brasil"],"inLanguage":"pt-BR"},{"@type":"WebPage","@id":"https:\/\/www.notibras.com\/site\/bolsonaro-volta-a-ter-febre-e-exame-indica-pneumonia\/","url":"https:\/\/www.notibras.com\/site\/bolsonaro-volta-a-ter-febre-e-exame-indica-pneumonia\/","name":"Bolsonaro volta a ter febre e exame indica pneumonia - Notibras","isPartOf":{"@id":"https:\/\/www.notibras.com\/site\/#website"},"primaryImageOfPage":{"@id":"https:\/\/www.notibras.com\/site\/bolsonaro-volta-a-ter-febre-e-exame-indica-pneumonia\/#primaryimage"},"image":{"@id":"https:\/\/www.notibras.com\/site\/bolsonaro-volta-a-ter-febre-e-exame-indica-pneumonia\/#primaryimage"},"thumbnailUrl":"https:\/\/www.notibras.com\/site\/wp-content\/uploads\/2019\/02\/bolsocaminha.jpg","datePublished":"2019-02-07T19:54:45+00:00","breadcrumb":{"@id":"https:\/\/www.notibras.com\/site\/bolsonaro-volta-a-ter-febre-e-exame-indica-pneumonia\/#breadcrumb"},"inLanguage":"pt-BR","potentialAction":[{"@type":"ReadAction","target":["https:\/\/www.notibras.com\/site\/bolsonaro-volta-a-ter-febre-e-exame-indica-pneumonia\/"]}]},{"@type":"ImageObject","inLanguage":"pt-BR","@id":"https:\/\/www.notibras.com\/site\/bolsonaro-volta-a-ter-febre-e-exame-indica-pneumonia\/#primaryimage","url":"https:\/\/www.notibras.com\/site\/wp-content\/uploads\/2019\/02\/bolsocaminha.jpg","contentUrl":"https:\/\/www.notibras.com\/site\/wp-content\/uploads\/2019\/02\/bolsocaminha.jpg","width":1600,"height":1002,"caption":"Foto\/Divulga\u00e7\u00e3o"},{"@type":"BreadcrumbList","@id":"https:\/\/www.notibras.com\/site\/bolsonaro-volta-a-ter-febre-e-exame-indica-pneumonia\/#breadcrumb","itemListElement":[{"@type":"ListItem","position":1,"name":"In\u00edcio","item":"https:\/\/www.notibras.com\/site\/"},{"@type":"ListItem","position":2,"name":"Bolsonaro volta a ter febre e exame indica pneumonia"}]},{"@type":"WebSite","@id":"https:\/\/www.notibras.com\/site\/#website","url":"https:\/\/www.notibras.com\/site\/","name":"Notibras","description":"Not\u00edcias de Bras\u00edlia, do Brasil e do Mundo","publisher":{"@id":"https:\/\/www.notibras.com\/site\/#organization"},"potentialAction":[{"@type":"SearchAction","target":{"@type":"EntryPoint","urlTemplate":"https:\/\/www.notibras.com\/site\/?s={search_term_string}"},"query-input":{"@type":"PropertyValueSpecification","valueRequired":true,"valueName":"search_term_string"}}],"inLanguage":"pt-BR"},{"@type":"Organization","@id":"https:\/\/www.notibras.com\/site\/#organization","name":"Grupo Notibras de Comunica\u00e7\u00e3o","url":"https:\/\/www.notibras.com\/site\/","logo":{"@type":"ImageObject","inLanguage":"pt-BR","@id":"https:\/\/www.notibras.com\/site\/#\/schema\/logo\/image\/","url":"https:\/\/www.notibras.com\/site\/wp-content\/uploads\/2023\/01\/notibras23.png","contentUrl":"https:\/\/www.notibras.com\/site\/wp-content\/uploads\/2023\/01\/notibras23.png","width":350,"height":87,"caption":"Grupo Notibras de Comunica\u00e7\u00e3o"},"image":{"@id":"https:\/\/www.notibras.com\/site\/#\/schema\/logo\/image\/"},"sameAs":["https:\/\/www.facebook.com\/notibras\/","https:\/\/x.com\/Notibras","https:\/\/www.instagram.com\/notibras\/"]},{"@type":"Person","@id":"https:\/\/www.notibras.com\/site\/#\/schema\/person\/36ab0979449956132d3e5b517ea76ac8","name":"Reda\u00e7\u00e3o","image":{"@type":"ImageObject","inLanguage":"pt-BR","@id":"https:\/\/secure.gravatar.com\/avatar\/e0a867bdedb85fd243eadf09663511f96fc81e0720a4a42581f334ad4303aa6b?s=96&d=mm&r=g","url":"https:\/\/secure.gravatar.com\/avatar\/e0a867bdedb85fd243eadf09663511f96fc81e0720a4a42581f334ad4303aa6b?s=96&d=mm&r=g","contentUrl":"https:\/\/secure.gravatar.com\/avatar\/e0a867bdedb85fd243eadf09663511f96fc81e0720a4a42581f334ad4303aa6b?s=96&d=mm&r=g","caption":"Reda\u00e7\u00e3o"}}]}},"amp_enabled":true,"_links":{"self":[{"href":"https:\/\/www.notibras.com\/site\/wp-json\/wp\/v2\/posts\/201813","targetHints":{"allow":["GET"]}}],"collection":[{"href":"https:\/\/www.notibras.com\/site\/wp-json\/wp\/v2\/posts"}],"about":[{"href":"https:\/\/www.notibras.com\/site\/wp-json\/wp\/v2\/types\/post"}],"author":[{"embeddable":true,"href":"https:\/\/www.notibras.com\/site\/wp-json\/wp\/v2\/users\/2"}],"replies":[{"embeddable":true,"href":"https:\/\/www.notibras.com\/site\/wp-json\/wp\/v2\/comments?post=201813"}],"version-history":[{"count":1,"href":"https:\/\/www.notibras.com\/site\/wp-json\/wp\/v2\/posts\/201813\/revisions"}],"predecessor-version":[{"id":201815,"href":"https:\/\/www.notibras.com\/site\/wp-json\/wp\/v2\/posts\/201813\/revisions\/201815"}],"wp:featuredmedia":[{"embeddable":true,"href":"https:\/\/www.notibras.com\/site\/wp-json\/wp\/v2\/media\/201814"}],"wp:attachment":[{"href":"https:\/\/www.notibras.com\/site\/wp-json\/wp\/v2\/media?parent=201813"}],"wp:term":[{"taxonomy":"category","embeddable":true,"href":"https:\/\/www.notibras.com\/site\/wp-json\/wp\/v2\/categories?post=201813"},{"taxonomy":"post_tag","embeddable":true,"href":"https:\/\/www.notibras.com\/site\/wp-json\/wp\/v2\/tags?post=201813"}],"curies":[{"name":"wp","href":"https:\/\/api.w.org\/{rel}","templated":true}]}}