{"id":201831,"date":"2019-02-08T07:00:38","date_gmt":"2019-02-08T09:00:38","guid":{"rendered":"https:\/\/www.notibras.com\/site\/?p=201831"},"modified":"2019-02-08T07:58:14","modified_gmt":"2019-02-08T09:58:14","slug":"servidor-pode-ter-salario-e-carga-horaria-reduzidos","status":"publish","type":"post","link":"https:\/\/www.notibras.com\/site\/servidor-pode-ter-salario-e-carga-horaria-reduzidos\/","title":{"rendered":"Servidor pode ter sal\u00e1rio e carga hor\u00e1ria reduzidos"},"content":{"rendered":"<p>Em carta enviada ao Supremo Tribunal Federal (STF), secret\u00e1rios da Fazenda de sete Estados pediram a aprova\u00e7\u00e3o de proposta que permite a redu\u00e7\u00e3o de sal\u00e1rio e carga hor\u00e1ria de servidores p\u00fablicos. O julgamento da a\u00e7\u00e3o que trata do assunto est\u00e1 marcado para 27 de fevereiro.<\/p>\n<p>Governadores que assumiram em janeiro e herdaram or\u00e7amentos deficit\u00e1rios apostam em uma decis\u00e3o favor\u00e1vel do STF para aliviar as contas.<\/p>\n<p>A carta foi entregue na segunda-feira ao ministro Dias Toffoli, presidente do Supremo, pelo governador de Goi\u00e1s, Ronaldo Caiado (DEM). Al\u00e9m da Secretaria da Fazenda de Goi\u00e1s, assinaram o documento representantes dos governos de Minas Gerais, Rio Grande do Sul, Paran\u00e1, Par\u00e1, Alagoas e Mato Grosso do Sul. Caiado citou ainda Rio e Cear\u00e1, que n\u00e3o confirmaram a ades\u00e3o.<\/p>\n<p>A quest\u00e3o ser\u00e1 discutida por meio de uma A\u00e7\u00e3o Direta de Inconstitucionalidade (ADI) apresentada por PCdoB, PT e PSB que questiona artigos da Lei de Responsabilidade Fiscal (LRF). Os Estados pedem que a Corte restabele\u00e7a a possibilidade de reduzir sal\u00e1rios de servidores quando os gastos com a folha de pagamento superam o limite m\u00e1ximo na lei. O relator atual do caso no STF \u00e9 o ministro Alexandre de Moraes.<\/p>\n<p>A discuss\u00e3o em torno desses mecanismos da LRF se arrasta h\u00e1 quase duas d\u00e9cadas e ganhou relev\u00e2ncia diante da decreta\u00e7\u00e3o de &#8220;calamidade financeira&#8221; por sete Estados desde o in\u00edcio do ano. Goi\u00e1s foi o mais recente a entrar na lista, composta por Roraima, Rio Grande do Norte, Mato Grosso, Rio, Minas Gerais e Rio Grande do Sul &#8211; todos enfrentam dificuldades para bancar despesas obrigat\u00f3rias com funcion\u00e1rios e fornecedores.<\/p>\n<p>Al\u00e9m de discutir a possibilidade de redu\u00e7\u00e3o salarial, os ministros ainda v\u00e3o avaliar um segundo dispositivo da lei suspenso que permitiria aos governantes promover cortes lineares no or\u00e7amento quando a arrecada\u00e7\u00e3o prevista n\u00e3o se concretizasse. Se liberado, o governo poder\u00e1 dividir a conta com os poderes Legislativo e Judici\u00e1rio &#8211; o custo de ambos tamb\u00e9m recai sobre o Executivo.<\/p>\n<p>&#8220;Os Estados possuem 70% de suas receitas consumidas com folha de pagamento. N\u00e3o \u00e9 s\u00f3 reduzindo consumo de energia e de combust\u00edvel que se vai resolver o problema fiscal dos Estados. Vamos ter de discutir a folha de pagamento&#8221;, afirmou \u00e0 reportagem o governador do Rio Grande do Sul, Eduardo Leite (PSDB).<\/p>\n<p>De acordo com a secret\u00e1ria da Fazenda de Goi\u00e1s, Cristiane Schmidt, o principal objetivo dos secret\u00e1rios \u00e9 o de sensibilizar os ministros quanto \u00e0 import\u00e2ncia de seus votos para salvar as contas dos Estados. &#8220;\u00c9 importante, neste momento, que haja uma mobiliza\u00e7\u00e3o generalizada, tanto dos Poderes como da sociedade. Caso contr\u00e1rio, n\u00e3o haver\u00e1 condi\u00e7\u00f5es para atender nem sequer aos mais necessitados&#8221;, disse ela.<\/p>\n<p>O processo n\u00e3o \u00e9 o \u00fanico que leva governadores a buscar o Supremo atr\u00e1s de um al\u00edvio para as contas p\u00fablicas. Na quarta-feira, 6, governadores de cinco Estados do Nordeste tamb\u00e9m estiveram com Toffoli para pedir maior celeridade em julgamentos que t\u00eam potencial de melhorar a situa\u00e7\u00e3o fiscal dessas regi\u00f5es. Entre os projetos de interesse, est\u00e3o aqueles que envolvem recursos para educa\u00e7\u00e3o e pagamento de royalties.<\/p>\n<p>O presidente da Confedera\u00e7\u00e3o dos Servidores P\u00fablicos do Brasil (CSPB), Jo\u00e3o Domingos Gomes, disse que a categoria recebeu com &#8220;perplexidade e indigna\u00e7\u00e3o&#8221; a informa\u00e7\u00e3o sobre a carta. Ele a classificou como &#8220;absolutamente inconstitucional&#8221;. A confedera\u00e7\u00e3o planeja apresentar argumentos contr\u00e1rios ao pr\u00f3prio Supremo. &#8220;N\u00e3o ser\u00e1 aceito de forma nenhuma.&#8221;<\/p>\n","protected":false},"excerpt":{"rendered":"<p>Em carta enviada ao Supremo Tribunal Federal (STF), secret\u00e1rios da Fazenda de sete Estados pediram a aprova\u00e7\u00e3o de proposta que permite a redu\u00e7\u00e3o de sal\u00e1rio e carga hor\u00e1ria de servidores p\u00fablicos. O julgamento da a\u00e7\u00e3o que trata do assunto est\u00e1 marcado para 27 de fevereiro. Governadores que assumiram em janeiro e herdaram or\u00e7amentos deficit\u00e1rios apostam [&hellip;]<\/p>\n","protected":false},"author":2,"featured_media":0,"comment_status":"closed","ping_status":"closed","sticky":false,"template":"","format":"standard","meta":{"_acf_changed":false,"footnotes":""},"categories":[16],"tags":[95],"class_list":["post-201831","post","type-post","status-publish","format-standard","hentry","category-brasil","tag-capa"],"acf":[],"yoast_head":"<!-- This site is optimized with the Yoast SEO plugin v27.2 - https:\/\/yoast.com\/product\/yoast-seo-wordpress\/ -->\n<title>Servidor pode ter sal\u00e1rio e carga hor\u00e1ria reduzidos - Notibras<\/title>\n<meta name=\"robots\" content=\"index, follow, max-snippet:-1, max-image-preview:large, max-video-preview:-1\" \/>\n<link rel=\"canonical\" href=\"https:\/\/www.notibras.com\/site\/servidor-pode-ter-salario-e-carga-horaria-reduzidos\/\" \/>\n<meta property=\"og:locale\" content=\"pt_BR\" \/>\n<meta property=\"og:type\" content=\"article\" \/>\n<meta property=\"og:title\" content=\"Servidor pode ter sal\u00e1rio e carga hor\u00e1ria reduzidos - Notibras\" \/>\n<meta property=\"og:description\" content=\"Em carta enviada ao Supremo Tribunal Federal (STF), secret\u00e1rios da Fazenda de sete Estados pediram a aprova\u00e7\u00e3o de proposta que permite a redu\u00e7\u00e3o de sal\u00e1rio e carga hor\u00e1ria de servidores p\u00fablicos. O julgamento da a\u00e7\u00e3o que trata do assunto est\u00e1 marcado para 27 de fevereiro. Governadores que assumiram em janeiro e herdaram or\u00e7amentos deficit\u00e1rios apostam [&hellip;]\" \/>\n<meta property=\"og:url\" content=\"https:\/\/www.notibras.com\/site\/servidor-pode-ter-salario-e-carga-horaria-reduzidos\/\" \/>\n<meta property=\"og:site_name\" content=\"Notibras\" \/>\n<meta property=\"article:publisher\" content=\"https:\/\/www.facebook.com\/notibras\/\" \/>\n<meta property=\"article:published_time\" content=\"2019-02-08T09:00:38+00:00\" \/>\n<meta property=\"article:modified_time\" content=\"2019-02-08T09:58:14+00:00\" \/>\n<meta property=\"og:image\" content=\"https:\/\/www.notibras.com\/site\/wp-content\/uploads\/2017\/12\/dinheiro-acorrentado.jpg\" \/>\n\t<meta property=\"og:image:width\" content=\"1772\" \/>\n\t<meta property=\"og:image:height\" content=\"1181\" \/>\n\t<meta property=\"og:image:type\" content=\"image\/jpeg\" \/>\n<meta name=\"author\" content=\"Reda\u00e7\u00e3o\" \/>\n<meta name=\"twitter:card\" content=\"summary_large_image\" \/>\n<meta name=\"twitter:creator\" content=\"@Notibras\" \/>\n<meta name=\"twitter:site\" content=\"@Notibras\" \/>\n<meta name=\"twitter:label1\" content=\"Escrito por\" \/>\n\t<meta name=\"twitter:data1\" content=\"Reda\u00e7\u00e3o\" \/>\n\t<meta name=\"twitter:label2\" content=\"Est. tempo de leitura\" \/>\n\t<meta name=\"twitter:data2\" content=\"3 minutos\" \/>\n<script type=\"application\/ld+json\" class=\"yoast-schema-graph\">{\"@context\":\"https:\/\/schema.org\",\"@graph\":[{\"@type\":\"Article\",\"@id\":\"https:\/\/www.notibras.com\/site\/servidor-pode-ter-salario-e-carga-horaria-reduzidos\/#article\",\"isPartOf\":{\"@id\":\"https:\/\/www.notibras.com\/site\/servidor-pode-ter-salario-e-carga-horaria-reduzidos\/\"},\"author\":{\"name\":\"Reda\u00e7\u00e3o\",\"@id\":\"https:\/\/www.notibras.com\/site\/#\/schema\/person\/36ab0979449956132d3e5b517ea76ac8\"},\"headline\":\"Servidor pode ter sal\u00e1rio e carga hor\u00e1ria reduzidos\",\"datePublished\":\"2019-02-08T09:00:38+00:00\",\"dateModified\":\"2019-02-08T09:58:14+00:00\",\"mainEntityOfPage\":{\"@id\":\"https:\/\/www.notibras.com\/site\/servidor-pode-ter-salario-e-carga-horaria-reduzidos\/\"},\"wordCount\":616,\"publisher\":{\"@id\":\"https:\/\/www.notibras.com\/site\/#organization\"},\"keywords\":[\"capa\"],\"articleSection\":[\"Brasil\"],\"inLanguage\":\"pt-BR\"},{\"@type\":\"WebPage\",\"@id\":\"https:\/\/www.notibras.com\/site\/servidor-pode-ter-salario-e-carga-horaria-reduzidos\/\",\"url\":\"https:\/\/www.notibras.com\/site\/servidor-pode-ter-salario-e-carga-horaria-reduzidos\/\",\"name\":\"Servidor pode ter sal\u00e1rio e carga hor\u00e1ria reduzidos - Notibras\",\"isPartOf\":{\"@id\":\"https:\/\/www.notibras.com\/site\/#website\"},\"datePublished\":\"2019-02-08T09:00:38+00:00\",\"dateModified\":\"2019-02-08T09:58:14+00:00\",\"breadcrumb\":{\"@id\":\"https:\/\/www.notibras.com\/site\/servidor-pode-ter-salario-e-carga-horaria-reduzidos\/#breadcrumb\"},\"inLanguage\":\"pt-BR\",\"potentialAction\":[{\"@type\":\"ReadAction\",\"target\":[\"https:\/\/www.notibras.com\/site\/servidor-pode-ter-salario-e-carga-horaria-reduzidos\/\"]}]},{\"@type\":\"BreadcrumbList\",\"@id\":\"https:\/\/www.notibras.com\/site\/servidor-pode-ter-salario-e-carga-horaria-reduzidos\/#breadcrumb\",\"itemListElement\":[{\"@type\":\"ListItem\",\"position\":1,\"name\":\"In\u00edcio\",\"item\":\"https:\/\/www.notibras.com\/site\/\"},{\"@type\":\"ListItem\",\"position\":2,\"name\":\"Servidor pode ter sal\u00e1rio e carga hor\u00e1ria reduzidos\"}]},{\"@type\":\"WebSite\",\"@id\":\"https:\/\/www.notibras.com\/site\/#website\",\"url\":\"https:\/\/www.notibras.com\/site\/\",\"name\":\"Notibras\",\"description\":\"Not\u00edcias de Bras\u00edlia, do Brasil e do Mundo\",\"publisher\":{\"@id\":\"https:\/\/www.notibras.com\/site\/#organization\"},\"potentialAction\":[{\"@type\":\"SearchAction\",\"target\":{\"@type\":\"EntryPoint\",\"urlTemplate\":\"https:\/\/www.notibras.com\/site\/?s={search_term_string}\"},\"query-input\":{\"@type\":\"PropertyValueSpecification\",\"valueRequired\":true,\"valueName\":\"search_term_string\"}}],\"inLanguage\":\"pt-BR\"},{\"@type\":\"Organization\",\"@id\":\"https:\/\/www.notibras.com\/site\/#organization\",\"name\":\"Grupo Notibras de Comunica\u00e7\u00e3o\",\"url\":\"https:\/\/www.notibras.com\/site\/\",\"logo\":{\"@type\":\"ImageObject\",\"inLanguage\":\"pt-BR\",\"@id\":\"https:\/\/www.notibras.com\/site\/#\/schema\/logo\/image\/\",\"url\":\"https:\/\/www.notibras.com\/site\/wp-content\/uploads\/2023\/01\/notibras23.png\",\"contentUrl\":\"https:\/\/www.notibras.com\/site\/wp-content\/uploads\/2023\/01\/notibras23.png\",\"width\":350,\"height\":87,\"caption\":\"Grupo Notibras de Comunica\u00e7\u00e3o\"},\"image\":{\"@id\":\"https:\/\/www.notibras.com\/site\/#\/schema\/logo\/image\/\"},\"sameAs\":[\"https:\/\/www.facebook.com\/notibras\/\",\"https:\/\/x.com\/Notibras\",\"https:\/\/www.instagram.com\/notibras\/\"]},{\"@type\":\"Person\",\"@id\":\"https:\/\/www.notibras.com\/site\/#\/schema\/person\/36ab0979449956132d3e5b517ea76ac8\",\"name\":\"Reda\u00e7\u00e3o\",\"image\":{\"@type\":\"ImageObject\",\"inLanguage\":\"pt-BR\",\"@id\":\"https:\/\/secure.gravatar.com\/avatar\/e0a867bdedb85fd243eadf09663511f96fc81e0720a4a42581f334ad4303aa6b?s=96&d=mm&r=g\",\"url\":\"https:\/\/secure.gravatar.com\/avatar\/e0a867bdedb85fd243eadf09663511f96fc81e0720a4a42581f334ad4303aa6b?s=96&d=mm&r=g\",\"contentUrl\":\"https:\/\/secure.gravatar.com\/avatar\/e0a867bdedb85fd243eadf09663511f96fc81e0720a4a42581f334ad4303aa6b?s=96&d=mm&r=g\",\"caption\":\"Reda\u00e7\u00e3o\"}}]}<\/script>\n<!-- \/ Yoast SEO plugin. -->","yoast_head_json":{"title":"Servidor pode ter sal\u00e1rio e carga hor\u00e1ria reduzidos - Notibras","robots":{"index":"index","follow":"follow","max-snippet":"max-snippet:-1","max-image-preview":"max-image-preview:large","max-video-preview":"max-video-preview:-1"},"canonical":"https:\/\/www.notibras.com\/site\/servidor-pode-ter-salario-e-carga-horaria-reduzidos\/","og_locale":"pt_BR","og_type":"article","og_title":"Servidor pode ter sal\u00e1rio e carga hor\u00e1ria reduzidos - Notibras","og_description":"Em carta enviada ao Supremo Tribunal Federal (STF), secret\u00e1rios da Fazenda de sete Estados pediram a aprova\u00e7\u00e3o de proposta que permite a redu\u00e7\u00e3o de sal\u00e1rio e carga hor\u00e1ria de servidores p\u00fablicos. O julgamento da a\u00e7\u00e3o que trata do assunto est\u00e1 marcado para 27 de fevereiro. Governadores que assumiram em janeiro e herdaram or\u00e7amentos deficit\u00e1rios apostam [&hellip;]","og_url":"https:\/\/www.notibras.com\/site\/servidor-pode-ter-salario-e-carga-horaria-reduzidos\/","og_site_name":"Notibras","article_publisher":"https:\/\/www.facebook.com\/notibras\/","article_published_time":"2019-02-08T09:00:38+00:00","article_modified_time":"2019-02-08T09:58:14+00:00","og_image":[{"width":1772,"height":1181,"url":"https:\/\/www.notibras.com\/site\/wp-content\/uploads\/2017\/12\/dinheiro-acorrentado.jpg","type":"image\/jpeg"}],"author":"Reda\u00e7\u00e3o","twitter_card":"summary_large_image","twitter_creator":"@Notibras","twitter_site":"@Notibras","twitter_misc":{"Escrito por":"Reda\u00e7\u00e3o","Est. tempo de leitura":"3 minutos"},"schema":{"@context":"https:\/\/schema.org","@graph":[{"@type":"Article","@id":"https:\/\/www.notibras.com\/site\/servidor-pode-ter-salario-e-carga-horaria-reduzidos\/#article","isPartOf":{"@id":"https:\/\/www.notibras.com\/site\/servidor-pode-ter-salario-e-carga-horaria-reduzidos\/"},"author":{"name":"Reda\u00e7\u00e3o","@id":"https:\/\/www.notibras.com\/site\/#\/schema\/person\/36ab0979449956132d3e5b517ea76ac8"},"headline":"Servidor pode ter sal\u00e1rio e carga hor\u00e1ria reduzidos","datePublished":"2019-02-08T09:00:38+00:00","dateModified":"2019-02-08T09:58:14+00:00","mainEntityOfPage":{"@id":"https:\/\/www.notibras.com\/site\/servidor-pode-ter-salario-e-carga-horaria-reduzidos\/"},"wordCount":616,"publisher":{"@id":"https:\/\/www.notibras.com\/site\/#organization"},"keywords":["capa"],"articleSection":["Brasil"],"inLanguage":"pt-BR"},{"@type":"WebPage","@id":"https:\/\/www.notibras.com\/site\/servidor-pode-ter-salario-e-carga-horaria-reduzidos\/","url":"https:\/\/www.notibras.com\/site\/servidor-pode-ter-salario-e-carga-horaria-reduzidos\/","name":"Servidor pode ter sal\u00e1rio e carga hor\u00e1ria reduzidos - Notibras","isPartOf":{"@id":"https:\/\/www.notibras.com\/site\/#website"},"datePublished":"2019-02-08T09:00:38+00:00","dateModified":"2019-02-08T09:58:14+00:00","breadcrumb":{"@id":"https:\/\/www.notibras.com\/site\/servidor-pode-ter-salario-e-carga-horaria-reduzidos\/#breadcrumb"},"inLanguage":"pt-BR","potentialAction":[{"@type":"ReadAction","target":["https:\/\/www.notibras.com\/site\/servidor-pode-ter-salario-e-carga-horaria-reduzidos\/"]}]},{"@type":"BreadcrumbList","@id":"https:\/\/www.notibras.com\/site\/servidor-pode-ter-salario-e-carga-horaria-reduzidos\/#breadcrumb","itemListElement":[{"@type":"ListItem","position":1,"name":"In\u00edcio","item":"https:\/\/www.notibras.com\/site\/"},{"@type":"ListItem","position":2,"name":"Servidor pode ter sal\u00e1rio e carga hor\u00e1ria reduzidos"}]},{"@type":"WebSite","@id":"https:\/\/www.notibras.com\/site\/#website","url":"https:\/\/www.notibras.com\/site\/","name":"Notibras","description":"Not\u00edcias de Bras\u00edlia, do Brasil e do Mundo","publisher":{"@id":"https:\/\/www.notibras.com\/site\/#organization"},"potentialAction":[{"@type":"SearchAction","target":{"@type":"EntryPoint","urlTemplate":"https:\/\/www.notibras.com\/site\/?s={search_term_string}"},"query-input":{"@type":"PropertyValueSpecification","valueRequired":true,"valueName":"search_term_string"}}],"inLanguage":"pt-BR"},{"@type":"Organization","@id":"https:\/\/www.notibras.com\/site\/#organization","name":"Grupo Notibras de Comunica\u00e7\u00e3o","url":"https:\/\/www.notibras.com\/site\/","logo":{"@type":"ImageObject","inLanguage":"pt-BR","@id":"https:\/\/www.notibras.com\/site\/#\/schema\/logo\/image\/","url":"https:\/\/www.notibras.com\/site\/wp-content\/uploads\/2023\/01\/notibras23.png","contentUrl":"https:\/\/www.notibras.com\/site\/wp-content\/uploads\/2023\/01\/notibras23.png","width":350,"height":87,"caption":"Grupo Notibras de Comunica\u00e7\u00e3o"},"image":{"@id":"https:\/\/www.notibras.com\/site\/#\/schema\/logo\/image\/"},"sameAs":["https:\/\/www.facebook.com\/notibras\/","https:\/\/x.com\/Notibras","https:\/\/www.instagram.com\/notibras\/"]},{"@type":"Person","@id":"https:\/\/www.notibras.com\/site\/#\/schema\/person\/36ab0979449956132d3e5b517ea76ac8","name":"Reda\u00e7\u00e3o","image":{"@type":"ImageObject","inLanguage":"pt-BR","@id":"https:\/\/secure.gravatar.com\/avatar\/e0a867bdedb85fd243eadf09663511f96fc81e0720a4a42581f334ad4303aa6b?s=96&d=mm&r=g","url":"https:\/\/secure.gravatar.com\/avatar\/e0a867bdedb85fd243eadf09663511f96fc81e0720a4a42581f334ad4303aa6b?s=96&d=mm&r=g","contentUrl":"https:\/\/secure.gravatar.com\/avatar\/e0a867bdedb85fd243eadf09663511f96fc81e0720a4a42581f334ad4303aa6b?s=96&d=mm&r=g","caption":"Reda\u00e7\u00e3o"}}]}},"amp_enabled":true,"_links":{"self":[{"href":"https:\/\/www.notibras.com\/site\/wp-json\/wp\/v2\/posts\/201831","targetHints":{"allow":["GET"]}}],"collection":[{"href":"https:\/\/www.notibras.com\/site\/wp-json\/wp\/v2\/posts"}],"about":[{"href":"https:\/\/www.notibras.com\/site\/wp-json\/wp\/v2\/types\/post"}],"author":[{"embeddable":true,"href":"https:\/\/www.notibras.com\/site\/wp-json\/wp\/v2\/users\/2"}],"replies":[{"embeddable":true,"href":"https:\/\/www.notibras.com\/site\/wp-json\/wp\/v2\/comments?post=201831"}],"version-history":[{"count":2,"href":"https:\/\/www.notibras.com\/site\/wp-json\/wp\/v2\/posts\/201831\/revisions"}],"predecessor-version":[{"id":201833,"href":"https:\/\/www.notibras.com\/site\/wp-json\/wp\/v2\/posts\/201831\/revisions\/201833"}],"wp:attachment":[{"href":"https:\/\/www.notibras.com\/site\/wp-json\/wp\/v2\/media?parent=201831"}],"wp:term":[{"taxonomy":"category","embeddable":true,"href":"https:\/\/www.notibras.com\/site\/wp-json\/wp\/v2\/categories?post=201831"},{"taxonomy":"post_tag","embeddable":true,"href":"https:\/\/www.notibras.com\/site\/wp-json\/wp\/v2\/tags?post=201831"}],"curies":[{"name":"wp","href":"https:\/\/api.w.org\/{rel}","templated":true}]}}