{"id":201858,"date":"2019-02-08T10:00:33","date_gmt":"2019-02-08T12:00:33","guid":{"rendered":"https:\/\/www.notibras.com\/site\/?p=201858"},"modified":"2019-02-08T10:04:51","modified_gmt":"2019-02-08T12:04:51","slug":"bolsonaro-segura-novos-cargos-ate-acalmar-aliados","status":"publish","type":"post","link":"https:\/\/www.notibras.com\/site\/bolsonaro-segura-novos-cargos-ate-acalmar-aliados\/","title":{"rendered":"Bolsonaro segura novos cargos at\u00e9 acalmar aliados"},"content":{"rendered":"<p>Na tentativa de conter uma \u201crebeli\u00e3o\u201d de aliados, o governo suspendeu nomea\u00e7\u00f5es e dispensas de cargos comissionados e fun\u00e7\u00f5es de confian\u00e7a para exerc\u00edcio em qualquer reparti\u00e7\u00e3o federal nos Estados, por tempo indeterminado. Em comunicado enviado aos minist\u00e9rios, o chefe da Casa Civil, Onyx Lorenzoni, diz que est\u00e3o \u201cvedadas\u201d todas as nomea\u00e7\u00f5es regionais \u201cat\u00e9 segunda ordem\u201d.<\/p>\n<p>A medida para barrar as indica\u00e7\u00f5es do segundo escal\u00e3o foi motivada por queixas que chegaram ao Pal\u00e1cio do Planalto, dando conta de que v\u00e1rios Estados, como Bahia, Pernambuco, Minas, Cear\u00e1 e Par\u00e1, ou trocaram superintendentes do Incra ou fizeram amea\u00e7as de exonera\u00e7\u00e3o, sem qualquer motivo concreto.<\/p>\n<p>Alguns dos demitidos eram ligados a deputados de partidos como o DEM, que tem tr\u00eas ministros no governo, entre os quais o pr\u00f3prio Onyx. O DEM tamb\u00e9m est\u00e1 no comando da C\u00e2mara, com Rodrigo Maia (RJ), e do Senado, com Davi Alcolumbre (AP).<\/p>\n<p>Embora o principal problema tenha sido identificado no Incra, subordinado ao Minist\u00e9rio da Agricultura, houve descontentamento com substitui\u00e7\u00f5es sem crit\u00e9rios em v\u00e1rias \u00e1reas, do Norte ao Sul do Pa\u00eds, passando at\u00e9 mesmo por cima da an\u00e1lise t\u00e9cnica do Gabinete de Seguran\u00e7a Institucional (GSI).<\/p>\n<p>A determina\u00e7\u00e3o para que o preenchimento dos cargos regionais e at\u00e9 de assentos em conselhos de estatais fosse suspenso partiu do pr\u00f3prio presidente Jair Bolsonaro, que, desde o fim de janeiro, est\u00e1 internado no hospital Albert Einstein, onde foi submetido a uma cirurgia para reconstru\u00e7\u00e3o do tr\u00e2nsito intestinal.<\/p>\n<p>A avalia\u00e7\u00e3o no Planalto \u00e9 a de que comprar uma briga com partidos aliados ou dispostos a apoiar o governo, neste momento, p\u00f5e em risco a vota\u00e7\u00e3o de propostas priorit\u00e1rias, como a da reforma da Previd\u00eancia, um tema considerado \u00e1rido, com muitas resist\u00eancias no Congresso.<\/p>\n<p>Na pr\u00e1tica, aproximadamente 70% dos cargos federais nos Estados ainda n\u00e3o foram trocados e h\u00e1 vagas em universidades, diretorias regionais e superintend\u00eancias do Incra, Ibama, Funasa, Departamento Nacional de Infraestrutura de Transportes (Dnit), Companhia Nacional de Abastecimento (Conab) e Departamento Nacional de Obras Contra as Secas (Dnocs), entre outras.<\/p>\n<p>Dados de dezembro do Painel Estat\u00edstico de Pessoal, ferramenta produzida pelo Minist\u00e9rio da Economia, revelam que existem, espalhados pelo Pa\u00eds, 18.386 cargos de Dire\u00e7\u00e3o de Assessoramento Superior (DAS), sigla usada para os comissionados, al\u00e9m de outras 55.837 fun\u00e7\u00f5es e gratifica\u00e7\u00f5es, que s\u00e3o ocupadas apenas por servidores. No total, s\u00e3o 74.223 vagas em \u00f3rg\u00e3os federais nos Estados, excluindo o Distrito Federal. A lista inclui institutos, funda\u00e7\u00f5es, universidades e at\u00e9 ag\u00eancias reguladoras.<\/p>\n<p>Programa. A Casa Civil e a Secretaria de Governo finalizam agora um programa de computador contendo uma esp\u00e9cie de \u201cquem \u00e9 quem\u201d sobre todos os deputados e senadores. A ideia \u00e9 mostrar quem s\u00e3o os padrinhos pol\u00edticos de cada um dos nomeados, al\u00e9m das atribui\u00e7\u00f5es de cada cargo.<\/p>\n<p>\u201cEstamos fazendo uma radiografia do governo e do Legislativo\u201d, afirmou o ex-deputado Carlos Manato, secret\u00e1rio especial da Casa Civil para a C\u00e2mara. \u201cA normatiza\u00e7\u00e3o t\u00e9cnica para as indica\u00e7\u00f5es nos Estados ainda n\u00e3o est\u00e1 pronta, mas posso garantir que n\u00e3o haver\u00e1 mais porteira fechada nos minist\u00e9rios. Quando o presidente retomar suas atividades, as nomea\u00e7\u00f5es sair\u00e3o normalmente.\u201d<\/p>\n<p>No jarg\u00e3o pol\u00edtico, porteira fechada significa o direito de um mesmo partido preencher todos os cargos de um minist\u00e9rio, reparti\u00e7\u00e3o ou at\u00e9 mesmo autarquia. Depois de Bolsonaro ter formado os 22 minist\u00e9rios consultando frentes parlamentares, os partidos est\u00e3o \u00e1vidos para ocupar espa\u00e7os na m\u00e1quina p\u00fablica e n\u00e3o s\u00e3o poucos os que reclamam da \u201cfalta de articula\u00e7\u00e3o\u201d do Planalto no Congresso.<\/p>\n<p>\u201c\u00c9 preciso que o governo converse com todos, e n\u00e3o apenas com frentes parlamentares ou individualmente, no varejo, com os deputados. Se n\u00e3o houver di\u00e1logo, ser\u00e1 dif\u00edcil aprovar os seus projetos, principalmente a reforma da Previd\u00eancia\u201d, disse o deputado Paulo Pereira da Silva (SP), o Paulinho da For\u00e7a, presidente do Solidariedade. A legenda tamb\u00e9m teve demitidos no Incra e acusou uma \u201cca\u00e7a \u00e0s bruxas\u201d nas reparti\u00e7\u00f5es.<\/p>\n<p>\u201cOs ministros t\u00eam autonomia para fazer nomea\u00e7\u00f5es e montar o segundo escal\u00e3o como bem entenderem, sem dar ouvidos para as bancadas nos Estados. Mas ser\u00e1 que o presidente Bolsonaro acha que s\u00f3 eles conhecem t\u00e9cnicos no Pa\u00eds?\u201d, provocou o l\u00edder do PRB na C\u00e2mara, Jhonatan de Jesus (RR).<\/p>\n<p>Para o deputado Arthur Lira (AL), l\u00edder do PP, a falta de \u201calinhamento\u201d do Planalto mostra que o governo est\u00e1 perdido. \u201cN\u00e3o existe clima no Congresso para aprovar nada. Nem a bancada do PSL, partido do presidente, est\u00e1 unida\u201d, comentou Lira.<\/p>\n<p>Na pr\u00f3xima semana, a Casa Civil ter\u00e1 um \u201cgabinete\u201d na C\u00e2mara para despachar com os deputados. \u201cQueremos todo mundo bem tratado\u201d, insistiu Manato, auxiliar de Onyx. O n\u00facleo pol\u00edtico negocia com a equipe econ\u00f4mica um plano de pagamento das emendas parlamentares individuais, em dez parcelas de no m\u00ednimo R$ 750 milh\u00f5es, o que totalizaria R$ 7,5 bilh\u00f5es, como mostrou o Estado. O discurso oficial, por\u00e9m, continua sendo o de fim do toma l\u00e1 d\u00e1 c\u00e1.<\/p>\n","protected":false},"excerpt":{"rendered":"<p>Na tentativa de conter uma \u201crebeli\u00e3o\u201d de aliados, o governo suspendeu nomea\u00e7\u00f5es e dispensas de cargos comissionados e fun\u00e7\u00f5es de confian\u00e7a para exerc\u00edcio em qualquer reparti\u00e7\u00e3o federal nos Estados, por tempo indeterminado. Em comunicado enviado aos minist\u00e9rios, o chefe da Casa Civil, Onyx Lorenzoni, diz que est\u00e3o \u201cvedadas\u201d todas as nomea\u00e7\u00f5es regionais \u201cat\u00e9 segunda ordem\u201d. [&hellip;]<\/p>\n","protected":false},"author":2,"featured_media":201859,"comment_status":"closed","ping_status":"closed","sticky":false,"template":"","format":"standard","meta":{"_acf_changed":false,"footnotes":""},"categories":[16],"tags":[95],"class_list":["post-201858","post","type-post","status-publish","format-standard","has-post-thumbnail","hentry","category-brasil","tag-capa"],"acf":[],"yoast_head":"<!-- This site is optimized with the Yoast SEO plugin v27.2 - https:\/\/yoast.com\/product\/yoast-seo-wordpress\/ -->\n<title>Bolsonaro segura novos cargos at\u00e9 acalmar aliados - Notibras<\/title>\n<meta name=\"robots\" content=\"index, follow, max-snippet:-1, max-image-preview:large, max-video-preview:-1\" \/>\n<link rel=\"canonical\" href=\"https:\/\/www.notibras.com\/site\/bolsonaro-segura-novos-cargos-ate-acalmar-aliados\/\" \/>\n<meta property=\"og:locale\" content=\"pt_BR\" \/>\n<meta property=\"og:type\" content=\"article\" \/>\n<meta property=\"og:title\" content=\"Bolsonaro segura novos cargos at\u00e9 acalmar aliados - Notibras\" \/>\n<meta property=\"og:description\" content=\"Na tentativa de conter uma \u201crebeli\u00e3o\u201d de aliados, o governo suspendeu nomea\u00e7\u00f5es e dispensas de cargos comissionados e fun\u00e7\u00f5es de confian\u00e7a para exerc\u00edcio em qualquer reparti\u00e7\u00e3o federal nos Estados, por tempo indeterminado. Em comunicado enviado aos minist\u00e9rios, o chefe da Casa Civil, Onyx Lorenzoni, diz que est\u00e3o \u201cvedadas\u201d todas as nomea\u00e7\u00f5es regionais \u201cat\u00e9 segunda ordem\u201d. [&hellip;]\" \/>\n<meta property=\"og:url\" content=\"https:\/\/www.notibras.com\/site\/bolsonaro-segura-novos-cargos-ate-acalmar-aliados\/\" \/>\n<meta property=\"og:site_name\" content=\"Notibras\" \/>\n<meta property=\"article:publisher\" content=\"https:\/\/www.facebook.com\/notibras\/\" \/>\n<meta property=\"article:published_time\" content=\"2019-02-08T12:00:33+00:00\" \/>\n<meta property=\"article:modified_time\" content=\"2019-02-08T12:04:51+00:00\" \/>\n<meta property=\"og:image\" content=\"https:\/\/www.notibras.com\/site\/wp-content\/uploads\/2019\/02\/onyx8.jpg\" \/>\n\t<meta property=\"og:image:width\" content=\"1140\" \/>\n\t<meta property=\"og:image:height\" content=\"760\" \/>\n\t<meta property=\"og:image:type\" content=\"image\/jpeg\" \/>\n<meta name=\"author\" content=\"Reda\u00e7\u00e3o\" \/>\n<meta name=\"twitter:card\" content=\"summary_large_image\" \/>\n<meta name=\"twitter:creator\" content=\"@Notibras\" \/>\n<meta name=\"twitter:site\" content=\"@Notibras\" \/>\n<meta name=\"twitter:label1\" content=\"Escrito por\" \/>\n\t<meta name=\"twitter:data1\" content=\"Reda\u00e7\u00e3o\" \/>\n\t<meta name=\"twitter:label2\" content=\"Est. tempo de leitura\" \/>\n\t<meta name=\"twitter:data2\" content=\"4 minutos\" \/>\n<script type=\"application\/ld+json\" class=\"yoast-schema-graph\">{\"@context\":\"https:\/\/schema.org\",\"@graph\":[{\"@type\":\"Article\",\"@id\":\"https:\/\/www.notibras.com\/site\/bolsonaro-segura-novos-cargos-ate-acalmar-aliados\/#article\",\"isPartOf\":{\"@id\":\"https:\/\/www.notibras.com\/site\/bolsonaro-segura-novos-cargos-ate-acalmar-aliados\/\"},\"author\":{\"name\":\"Reda\u00e7\u00e3o\",\"@id\":\"https:\/\/www.notibras.com\/site\/#\/schema\/person\/36ab0979449956132d3e5b517ea76ac8\"},\"headline\":\"Bolsonaro segura novos cargos at\u00e9 acalmar aliados\",\"datePublished\":\"2019-02-08T12:00:33+00:00\",\"dateModified\":\"2019-02-08T12:04:51+00:00\",\"mainEntityOfPage\":{\"@id\":\"https:\/\/www.notibras.com\/site\/bolsonaro-segura-novos-cargos-ate-acalmar-aliados\/\"},\"wordCount\":894,\"publisher\":{\"@id\":\"https:\/\/www.notibras.com\/site\/#organization\"},\"image\":{\"@id\":\"https:\/\/www.notibras.com\/site\/bolsonaro-segura-novos-cargos-ate-acalmar-aliados\/#primaryimage\"},\"thumbnailUrl\":\"https:\/\/www.notibras.com\/site\/wp-content\/uploads\/2019\/02\/onyx8.jpg\",\"keywords\":[\"capa\"],\"articleSection\":[\"Brasil\"],\"inLanguage\":\"pt-BR\"},{\"@type\":\"WebPage\",\"@id\":\"https:\/\/www.notibras.com\/site\/bolsonaro-segura-novos-cargos-ate-acalmar-aliados\/\",\"url\":\"https:\/\/www.notibras.com\/site\/bolsonaro-segura-novos-cargos-ate-acalmar-aliados\/\",\"name\":\"Bolsonaro segura novos cargos at\u00e9 acalmar aliados - Notibras\",\"isPartOf\":{\"@id\":\"https:\/\/www.notibras.com\/site\/#website\"},\"primaryImageOfPage\":{\"@id\":\"https:\/\/www.notibras.com\/site\/bolsonaro-segura-novos-cargos-ate-acalmar-aliados\/#primaryimage\"},\"image\":{\"@id\":\"https:\/\/www.notibras.com\/site\/bolsonaro-segura-novos-cargos-ate-acalmar-aliados\/#primaryimage\"},\"thumbnailUrl\":\"https:\/\/www.notibras.com\/site\/wp-content\/uploads\/2019\/02\/onyx8.jpg\",\"datePublished\":\"2019-02-08T12:00:33+00:00\",\"dateModified\":\"2019-02-08T12:04:51+00:00\",\"breadcrumb\":{\"@id\":\"https:\/\/www.notibras.com\/site\/bolsonaro-segura-novos-cargos-ate-acalmar-aliados\/#breadcrumb\"},\"inLanguage\":\"pt-BR\",\"potentialAction\":[{\"@type\":\"ReadAction\",\"target\":[\"https:\/\/www.notibras.com\/site\/bolsonaro-segura-novos-cargos-ate-acalmar-aliados\/\"]}]},{\"@type\":\"ImageObject\",\"inLanguage\":\"pt-BR\",\"@id\":\"https:\/\/www.notibras.com\/site\/bolsonaro-segura-novos-cargos-ate-acalmar-aliados\/#primaryimage\",\"url\":\"https:\/\/www.notibras.com\/site\/wp-content\/uploads\/2019\/02\/onyx8.jpg\",\"contentUrl\":\"https:\/\/www.notibras.com\/site\/wp-content\/uploads\/2019\/02\/onyx8.jpg\",\"width\":1140,\"height\":760},{\"@type\":\"BreadcrumbList\",\"@id\":\"https:\/\/www.notibras.com\/site\/bolsonaro-segura-novos-cargos-ate-acalmar-aliados\/#breadcrumb\",\"itemListElement\":[{\"@type\":\"ListItem\",\"position\":1,\"name\":\"In\u00edcio\",\"item\":\"https:\/\/www.notibras.com\/site\/\"},{\"@type\":\"ListItem\",\"position\":2,\"name\":\"Bolsonaro segura novos cargos at\u00e9 acalmar aliados\"}]},{\"@type\":\"WebSite\",\"@id\":\"https:\/\/www.notibras.com\/site\/#website\",\"url\":\"https:\/\/www.notibras.com\/site\/\",\"name\":\"Notibras\",\"description\":\"Not\u00edcias de Bras\u00edlia, do Brasil e do Mundo\",\"publisher\":{\"@id\":\"https:\/\/www.notibras.com\/site\/#organization\"},\"potentialAction\":[{\"@type\":\"SearchAction\",\"target\":{\"@type\":\"EntryPoint\",\"urlTemplate\":\"https:\/\/www.notibras.com\/site\/?s={search_term_string}\"},\"query-input\":{\"@type\":\"PropertyValueSpecification\",\"valueRequired\":true,\"valueName\":\"search_term_string\"}}],\"inLanguage\":\"pt-BR\"},{\"@type\":\"Organization\",\"@id\":\"https:\/\/www.notibras.com\/site\/#organization\",\"name\":\"Grupo Notibras de Comunica\u00e7\u00e3o\",\"url\":\"https:\/\/www.notibras.com\/site\/\",\"logo\":{\"@type\":\"ImageObject\",\"inLanguage\":\"pt-BR\",\"@id\":\"https:\/\/www.notibras.com\/site\/#\/schema\/logo\/image\/\",\"url\":\"https:\/\/www.notibras.com\/site\/wp-content\/uploads\/2023\/01\/notibras23.png\",\"contentUrl\":\"https:\/\/www.notibras.com\/site\/wp-content\/uploads\/2023\/01\/notibras23.png\",\"width\":350,\"height\":87,\"caption\":\"Grupo Notibras de Comunica\u00e7\u00e3o\"},\"image\":{\"@id\":\"https:\/\/www.notibras.com\/site\/#\/schema\/logo\/image\/\"},\"sameAs\":[\"https:\/\/www.facebook.com\/notibras\/\",\"https:\/\/x.com\/Notibras\",\"https:\/\/www.instagram.com\/notibras\/\"]},{\"@type\":\"Person\",\"@id\":\"https:\/\/www.notibras.com\/site\/#\/schema\/person\/36ab0979449956132d3e5b517ea76ac8\",\"name\":\"Reda\u00e7\u00e3o\",\"image\":{\"@type\":\"ImageObject\",\"inLanguage\":\"pt-BR\",\"@id\":\"https:\/\/secure.gravatar.com\/avatar\/e0a867bdedb85fd243eadf09663511f96fc81e0720a4a42581f334ad4303aa6b?s=96&d=mm&r=g\",\"url\":\"https:\/\/secure.gravatar.com\/avatar\/e0a867bdedb85fd243eadf09663511f96fc81e0720a4a42581f334ad4303aa6b?s=96&d=mm&r=g\",\"contentUrl\":\"https:\/\/secure.gravatar.com\/avatar\/e0a867bdedb85fd243eadf09663511f96fc81e0720a4a42581f334ad4303aa6b?s=96&d=mm&r=g\",\"caption\":\"Reda\u00e7\u00e3o\"}}]}<\/script>\n<!-- \/ Yoast SEO plugin. -->","yoast_head_json":{"title":"Bolsonaro segura novos cargos at\u00e9 acalmar aliados - Notibras","robots":{"index":"index","follow":"follow","max-snippet":"max-snippet:-1","max-image-preview":"max-image-preview:large","max-video-preview":"max-video-preview:-1"},"canonical":"https:\/\/www.notibras.com\/site\/bolsonaro-segura-novos-cargos-ate-acalmar-aliados\/","og_locale":"pt_BR","og_type":"article","og_title":"Bolsonaro segura novos cargos at\u00e9 acalmar aliados - Notibras","og_description":"Na tentativa de conter uma \u201crebeli\u00e3o\u201d de aliados, o governo suspendeu nomea\u00e7\u00f5es e dispensas de cargos comissionados e fun\u00e7\u00f5es de confian\u00e7a para exerc\u00edcio em qualquer reparti\u00e7\u00e3o federal nos Estados, por tempo indeterminado. Em comunicado enviado aos minist\u00e9rios, o chefe da Casa Civil, Onyx Lorenzoni, diz que est\u00e3o \u201cvedadas\u201d todas as nomea\u00e7\u00f5es regionais \u201cat\u00e9 segunda ordem\u201d. [&hellip;]","og_url":"https:\/\/www.notibras.com\/site\/bolsonaro-segura-novos-cargos-ate-acalmar-aliados\/","og_site_name":"Notibras","article_publisher":"https:\/\/www.facebook.com\/notibras\/","article_published_time":"2019-02-08T12:00:33+00:00","article_modified_time":"2019-02-08T12:04:51+00:00","og_image":[{"width":1140,"height":760,"url":"https:\/\/www.notibras.com\/site\/wp-content\/uploads\/2019\/02\/onyx8.jpg","type":"image\/jpeg"}],"author":"Reda\u00e7\u00e3o","twitter_card":"summary_large_image","twitter_creator":"@Notibras","twitter_site":"@Notibras","twitter_misc":{"Escrito por":"Reda\u00e7\u00e3o","Est. tempo de leitura":"4 minutos"},"schema":{"@context":"https:\/\/schema.org","@graph":[{"@type":"Article","@id":"https:\/\/www.notibras.com\/site\/bolsonaro-segura-novos-cargos-ate-acalmar-aliados\/#article","isPartOf":{"@id":"https:\/\/www.notibras.com\/site\/bolsonaro-segura-novos-cargos-ate-acalmar-aliados\/"},"author":{"name":"Reda\u00e7\u00e3o","@id":"https:\/\/www.notibras.com\/site\/#\/schema\/person\/36ab0979449956132d3e5b517ea76ac8"},"headline":"Bolsonaro segura novos cargos at\u00e9 acalmar aliados","datePublished":"2019-02-08T12:00:33+00:00","dateModified":"2019-02-08T12:04:51+00:00","mainEntityOfPage":{"@id":"https:\/\/www.notibras.com\/site\/bolsonaro-segura-novos-cargos-ate-acalmar-aliados\/"},"wordCount":894,"publisher":{"@id":"https:\/\/www.notibras.com\/site\/#organization"},"image":{"@id":"https:\/\/www.notibras.com\/site\/bolsonaro-segura-novos-cargos-ate-acalmar-aliados\/#primaryimage"},"thumbnailUrl":"https:\/\/www.notibras.com\/site\/wp-content\/uploads\/2019\/02\/onyx8.jpg","keywords":["capa"],"articleSection":["Brasil"],"inLanguage":"pt-BR"},{"@type":"WebPage","@id":"https:\/\/www.notibras.com\/site\/bolsonaro-segura-novos-cargos-ate-acalmar-aliados\/","url":"https:\/\/www.notibras.com\/site\/bolsonaro-segura-novos-cargos-ate-acalmar-aliados\/","name":"Bolsonaro segura novos cargos at\u00e9 acalmar aliados - Notibras","isPartOf":{"@id":"https:\/\/www.notibras.com\/site\/#website"},"primaryImageOfPage":{"@id":"https:\/\/www.notibras.com\/site\/bolsonaro-segura-novos-cargos-ate-acalmar-aliados\/#primaryimage"},"image":{"@id":"https:\/\/www.notibras.com\/site\/bolsonaro-segura-novos-cargos-ate-acalmar-aliados\/#primaryimage"},"thumbnailUrl":"https:\/\/www.notibras.com\/site\/wp-content\/uploads\/2019\/02\/onyx8.jpg","datePublished":"2019-02-08T12:00:33+00:00","dateModified":"2019-02-08T12:04:51+00:00","breadcrumb":{"@id":"https:\/\/www.notibras.com\/site\/bolsonaro-segura-novos-cargos-ate-acalmar-aliados\/#breadcrumb"},"inLanguage":"pt-BR","potentialAction":[{"@type":"ReadAction","target":["https:\/\/www.notibras.com\/site\/bolsonaro-segura-novos-cargos-ate-acalmar-aliados\/"]}]},{"@type":"ImageObject","inLanguage":"pt-BR","@id":"https:\/\/www.notibras.com\/site\/bolsonaro-segura-novos-cargos-ate-acalmar-aliados\/#primaryimage","url":"https:\/\/www.notibras.com\/site\/wp-content\/uploads\/2019\/02\/onyx8.jpg","contentUrl":"https:\/\/www.notibras.com\/site\/wp-content\/uploads\/2019\/02\/onyx8.jpg","width":1140,"height":760},{"@type":"BreadcrumbList","@id":"https:\/\/www.notibras.com\/site\/bolsonaro-segura-novos-cargos-ate-acalmar-aliados\/#breadcrumb","itemListElement":[{"@type":"ListItem","position":1,"name":"In\u00edcio","item":"https:\/\/www.notibras.com\/site\/"},{"@type":"ListItem","position":2,"name":"Bolsonaro segura novos cargos at\u00e9 acalmar aliados"}]},{"@type":"WebSite","@id":"https:\/\/www.notibras.com\/site\/#website","url":"https:\/\/www.notibras.com\/site\/","name":"Notibras","description":"Not\u00edcias de Bras\u00edlia, do Brasil e do Mundo","publisher":{"@id":"https:\/\/www.notibras.com\/site\/#organization"},"potentialAction":[{"@type":"SearchAction","target":{"@type":"EntryPoint","urlTemplate":"https:\/\/www.notibras.com\/site\/?s={search_term_string}"},"query-input":{"@type":"PropertyValueSpecification","valueRequired":true,"valueName":"search_term_string"}}],"inLanguage":"pt-BR"},{"@type":"Organization","@id":"https:\/\/www.notibras.com\/site\/#organization","name":"Grupo Notibras de Comunica\u00e7\u00e3o","url":"https:\/\/www.notibras.com\/site\/","logo":{"@type":"ImageObject","inLanguage":"pt-BR","@id":"https:\/\/www.notibras.com\/site\/#\/schema\/logo\/image\/","url":"https:\/\/www.notibras.com\/site\/wp-content\/uploads\/2023\/01\/notibras23.png","contentUrl":"https:\/\/www.notibras.com\/site\/wp-content\/uploads\/2023\/01\/notibras23.png","width":350,"height":87,"caption":"Grupo Notibras de Comunica\u00e7\u00e3o"},"image":{"@id":"https:\/\/www.notibras.com\/site\/#\/schema\/logo\/image\/"},"sameAs":["https:\/\/www.facebook.com\/notibras\/","https:\/\/x.com\/Notibras","https:\/\/www.instagram.com\/notibras\/"]},{"@type":"Person","@id":"https:\/\/www.notibras.com\/site\/#\/schema\/person\/36ab0979449956132d3e5b517ea76ac8","name":"Reda\u00e7\u00e3o","image":{"@type":"ImageObject","inLanguage":"pt-BR","@id":"https:\/\/secure.gravatar.com\/avatar\/e0a867bdedb85fd243eadf09663511f96fc81e0720a4a42581f334ad4303aa6b?s=96&d=mm&r=g","url":"https:\/\/secure.gravatar.com\/avatar\/e0a867bdedb85fd243eadf09663511f96fc81e0720a4a42581f334ad4303aa6b?s=96&d=mm&r=g","contentUrl":"https:\/\/secure.gravatar.com\/avatar\/e0a867bdedb85fd243eadf09663511f96fc81e0720a4a42581f334ad4303aa6b?s=96&d=mm&r=g","caption":"Reda\u00e7\u00e3o"}}]}},"amp_enabled":true,"_links":{"self":[{"href":"https:\/\/www.notibras.com\/site\/wp-json\/wp\/v2\/posts\/201858","targetHints":{"allow":["GET"]}}],"collection":[{"href":"https:\/\/www.notibras.com\/site\/wp-json\/wp\/v2\/posts"}],"about":[{"href":"https:\/\/www.notibras.com\/site\/wp-json\/wp\/v2\/types\/post"}],"author":[{"embeddable":true,"href":"https:\/\/www.notibras.com\/site\/wp-json\/wp\/v2\/users\/2"}],"replies":[{"embeddable":true,"href":"https:\/\/www.notibras.com\/site\/wp-json\/wp\/v2\/comments?post=201858"}],"version-history":[{"count":2,"href":"https:\/\/www.notibras.com\/site\/wp-json\/wp\/v2\/posts\/201858\/revisions"}],"predecessor-version":[{"id":201861,"href":"https:\/\/www.notibras.com\/site\/wp-json\/wp\/v2\/posts\/201858\/revisions\/201861"}],"wp:featuredmedia":[{"embeddable":true,"href":"https:\/\/www.notibras.com\/site\/wp-json\/wp\/v2\/media\/201859"}],"wp:attachment":[{"href":"https:\/\/www.notibras.com\/site\/wp-json\/wp\/v2\/media?parent=201858"}],"wp:term":[{"taxonomy":"category","embeddable":true,"href":"https:\/\/www.notibras.com\/site\/wp-json\/wp\/v2\/categories?post=201858"},{"taxonomy":"post_tag","embeddable":true,"href":"https:\/\/www.notibras.com\/site\/wp-json\/wp\/v2\/tags?post=201858"}],"curies":[{"name":"wp","href":"https:\/\/api.w.org\/{rel}","templated":true}]}}