{"id":201866,"date":"2019-02-08T10:50:59","date_gmt":"2019-02-08T12:50:59","guid":{"rendered":"https:\/\/www.notibras.com\/site\/?p=201866"},"modified":"2019-02-08T10:53:14","modified_gmt":"2019-02-08T12:53:14","slug":"forcaflamengo-todo-mundo-esta-chorando-junto","status":"publish","type":"post","link":"https:\/\/www.notibras.com\/site\/forcaflamengo-todo-mundo-esta-chorando-junto\/","title":{"rendered":"#For\u00e7aFlamengo. Todo mundo est\u00e1 chorando junto"},"content":{"rendered":"<p>Uma triste sexta-feira no mundo do futebol brasileiro. Nesta madrugada, um inc\u00eandio de grandes propor\u00e7\u00f5es tomou a \u00e1rea antiga do Centro de Treinamentos do Flamengo, o Ninho do Urubu, na zona oeste do Rio de Janeiro. At\u00e9 agora se sabe que o ocorrido j\u00e1 deixou 10 mortos e outros tr\u00eas feridos, todos relacionados \u00e0s categorias de base do clube rubro-negro.<\/p>\n<p>O governo do Rio decretou luto oficial de tr\u00eas dias. O cl\u00e1ssico Flamengo x Fluminense, programado para este s\u00e1bado, 9, foi suspenso. Tamb\u00e9m n\u00e3o deve haver o outro jogo pela semifinal da Ta\u00e7a Guanabara, entre Vasco e Rezende, marcado para o domingo, 10.<\/p>\n<p>Nas redes sociais, uma corrente de solidariedade come\u00e7ou a circular assim que as informa\u00e7\u00f5es foram chegando. Clubes do futebol brasileiro mandaram mensagens de apoio em suas redes sociais e desejaram for\u00e7a aos envolvidos no inc\u00eandio. O pr\u00f3prio Flamengo tamb\u00e9m j\u00e1 se manifestou: &#8220;O Flamengo est\u00e1 de luto&#8221;, postou em sua Twitter.<\/p>\n<p>Rival do Flamengo na semifinal da Ta\u00e7a Guanabara &#8211; o primeiro turno do Campeonato Carioca -, em jogo marcado para este s\u00e1bado que dever\u00e1 ser adiado, o Fluminense cancelou o treinamento programado para esta sexta-feira. &#8220;Hoje (sexta-feira) n\u00e3o h\u00e1 clima para treino. As atividades do dia foram canceladas. Jogadores e membros da comiss\u00e3o t\u00e9cnica se solidarizam com as vitimas e familiares da trag\u00e9dia que aconteceu no Ninho do Urubu O Fluminense Football Club decretou luto oficial de tr\u00eas dias. #For\u00e7aFlamengo&#8221;, escreveu o clube tricolor.<\/p>\n<p>Botafogo e Vasco tamb\u00e9m se manifestaram em apoio ao rival rubro-negro. &#8220;O CRVG lamenta profundamente o tr\u00e1gico inc\u00eandio no CT do Flamengo. A Dir. Administrativa manifesta pesar e solidariedade aos familiares das v\u00edtimas, bem como \u00e0 Dire\u00e7\u00e3o e a todos os atletas do CRF. Colocamo-nos \u00e0 disposi\u00e7\u00e3o para auxiliar no que for necess\u00e1rio&#8221;, afirmou o clube de S\u00e3o Janu\u00e1rio. &#8220;Que not\u00edcia triste o tr\u00e1gico acidente no Ninho do Urubu. O Botafogo manifesta sua solidariedade ao Flamengo, a torcedores, a familiares e amigos das v\u00edtimas&#8221;, disse o time alvinegro.<\/p>\n<p>Al\u00e9m dos clubes cariocas, time de todo o Brasil mostraram a sua solidariedade. S\u00e3o os casos de Atl\u00e9tico-MG, Cruzeiro, Santos, Corinthians, Palmeiras, S\u00e3o Paulo, Ponte Preta, Athletico-PR, Chapecoense, Internacional, Gr\u00eamio, Coritiba, Portuguesa e Paran\u00e1.<\/p>\n<p>A CBF tamb\u00e9m se manifestou em suas redes sociais. &#8220;A CBF acompanha com consterna\u00e7\u00e3o as primeiras informa\u00e7\u00f5es sobre a trag\u00e9dia no CT do Flamengo. Nossa solidariedade e ora\u00e7\u00f5es para as fam\u00edlias atingidas&#8221;, escreveu a entidade.<\/p>\n","protected":false},"excerpt":{"rendered":"<p>Uma triste sexta-feira no mundo do futebol brasileiro. Nesta madrugada, um inc\u00eandio de grandes propor\u00e7\u00f5es tomou a \u00e1rea antiga do Centro de Treinamentos do Flamengo, o Ninho do Urubu, na zona oeste do Rio de Janeiro. At\u00e9 agora se sabe que o ocorrido j\u00e1 deixou 10 mortos e outros tr\u00eas feridos, todos relacionados \u00e0s categorias [&hellip;]<\/p>\n","protected":false},"author":2,"featured_media":201867,"comment_status":"closed","ping_status":"closed","sticky":false,"template":"","format":"standard","meta":{"_acf_changed":false,"footnotes":""},"categories":[16],"tags":[95],"class_list":["post-201866","post","type-post","status-publish","format-standard","has-post-thumbnail","hentry","category-brasil","tag-capa"],"acf":[],"yoast_head":"<!-- This site is optimized with the Yoast SEO plugin v27.2 - https:\/\/yoast.com\/product\/yoast-seo-wordpress\/ -->\n<title>#For\u00e7aFlamengo. Todo mundo est\u00e1 chorando junto - Notibras<\/title>\n<meta name=\"robots\" content=\"index, follow, max-snippet:-1, max-image-preview:large, max-video-preview:-1\" \/>\n<link rel=\"canonical\" href=\"https:\/\/www.notibras.com\/site\/forcaflamengo-todo-mundo-esta-chorando-junto\/\" \/>\n<meta property=\"og:locale\" content=\"pt_BR\" \/>\n<meta property=\"og:type\" content=\"article\" \/>\n<meta property=\"og:title\" content=\"#For\u00e7aFlamengo. Todo mundo est\u00e1 chorando junto - Notibras\" \/>\n<meta property=\"og:description\" content=\"Uma triste sexta-feira no mundo do futebol brasileiro. Nesta madrugada, um inc\u00eandio de grandes propor\u00e7\u00f5es tomou a \u00e1rea antiga do Centro de Treinamentos do Flamengo, o Ninho do Urubu, na zona oeste do Rio de Janeiro. At\u00e9 agora se sabe que o ocorrido j\u00e1 deixou 10 mortos e outros tr\u00eas feridos, todos relacionados \u00e0s categorias [&hellip;]\" \/>\n<meta property=\"og:url\" content=\"https:\/\/www.notibras.com\/site\/forcaflamengo-todo-mundo-esta-chorando-junto\/\" \/>\n<meta property=\"og:site_name\" content=\"Notibras\" \/>\n<meta property=\"article:publisher\" content=\"https:\/\/www.facebook.com\/notibras\/\" \/>\n<meta property=\"article:published_time\" content=\"2019-02-08T12:50:59+00:00\" \/>\n<meta property=\"article:modified_time\" content=\"2019-02-08T12:53:14+00:00\" \/>\n<meta property=\"og:image\" content=\"https:\/\/www.notibras.com\/site\/wp-content\/uploads\/2019\/02\/fla-tragedia.jpg\" \/>\n\t<meta property=\"og:image:width\" content=\"1140\" \/>\n\t<meta property=\"og:image:height\" content=\"760\" \/>\n\t<meta property=\"og:image:type\" content=\"image\/jpeg\" \/>\n<meta name=\"author\" content=\"Reda\u00e7\u00e3o\" \/>\n<meta name=\"twitter:card\" content=\"summary_large_image\" \/>\n<meta name=\"twitter:creator\" content=\"@Notibras\" \/>\n<meta name=\"twitter:site\" content=\"@Notibras\" \/>\n<meta name=\"twitter:label1\" content=\"Escrito por\" \/>\n\t<meta name=\"twitter:data1\" content=\"Reda\u00e7\u00e3o\" \/>\n\t<meta name=\"twitter:label2\" content=\"Est. tempo de leitura\" \/>\n\t<meta name=\"twitter:data2\" content=\"2 minutos\" \/>\n<script type=\"application\/ld+json\" class=\"yoast-schema-graph\">{\"@context\":\"https:\/\/schema.org\",\"@graph\":[{\"@type\":\"Article\",\"@id\":\"https:\/\/www.notibras.com\/site\/forcaflamengo-todo-mundo-esta-chorando-junto\/#article\",\"isPartOf\":{\"@id\":\"https:\/\/www.notibras.com\/site\/forcaflamengo-todo-mundo-esta-chorando-junto\/\"},\"author\":{\"name\":\"Reda\u00e7\u00e3o\",\"@id\":\"https:\/\/www.notibras.com\/site\/#\/schema\/person\/36ab0979449956132d3e5b517ea76ac8\"},\"headline\":\"#For\u00e7aFlamengo. Todo mundo est\u00e1 chorando junto\",\"datePublished\":\"2019-02-08T12:50:59+00:00\",\"dateModified\":\"2019-02-08T12:53:14+00:00\",\"mainEntityOfPage\":{\"@id\":\"https:\/\/www.notibras.com\/site\/forcaflamengo-todo-mundo-esta-chorando-junto\/\"},\"wordCount\":443,\"publisher\":{\"@id\":\"https:\/\/www.notibras.com\/site\/#organization\"},\"image\":{\"@id\":\"https:\/\/www.notibras.com\/site\/forcaflamengo-todo-mundo-esta-chorando-junto\/#primaryimage\"},\"thumbnailUrl\":\"https:\/\/www.notibras.com\/site\/wp-content\/uploads\/2019\/02\/fla-tragedia.jpg\",\"keywords\":[\"capa\"],\"articleSection\":[\"Brasil\"],\"inLanguage\":\"pt-BR\"},{\"@type\":\"WebPage\",\"@id\":\"https:\/\/www.notibras.com\/site\/forcaflamengo-todo-mundo-esta-chorando-junto\/\",\"url\":\"https:\/\/www.notibras.com\/site\/forcaflamengo-todo-mundo-esta-chorando-junto\/\",\"name\":\"#For\u00e7aFlamengo. Todo mundo est\u00e1 chorando junto - Notibras\",\"isPartOf\":{\"@id\":\"https:\/\/www.notibras.com\/site\/#website\"},\"primaryImageOfPage\":{\"@id\":\"https:\/\/www.notibras.com\/site\/forcaflamengo-todo-mundo-esta-chorando-junto\/#primaryimage\"},\"image\":{\"@id\":\"https:\/\/www.notibras.com\/site\/forcaflamengo-todo-mundo-esta-chorando-junto\/#primaryimage\"},\"thumbnailUrl\":\"https:\/\/www.notibras.com\/site\/wp-content\/uploads\/2019\/02\/fla-tragedia.jpg\",\"datePublished\":\"2019-02-08T12:50:59+00:00\",\"dateModified\":\"2019-02-08T12:53:14+00:00\",\"breadcrumb\":{\"@id\":\"https:\/\/www.notibras.com\/site\/forcaflamengo-todo-mundo-esta-chorando-junto\/#breadcrumb\"},\"inLanguage\":\"pt-BR\",\"potentialAction\":[{\"@type\":\"ReadAction\",\"target\":[\"https:\/\/www.notibras.com\/site\/forcaflamengo-todo-mundo-esta-chorando-junto\/\"]}]},{\"@type\":\"ImageObject\",\"inLanguage\":\"pt-BR\",\"@id\":\"https:\/\/www.notibras.com\/site\/forcaflamengo-todo-mundo-esta-chorando-junto\/#primaryimage\",\"url\":\"https:\/\/www.notibras.com\/site\/wp-content\/uploads\/2019\/02\/fla-tragedia.jpg\",\"contentUrl\":\"https:\/\/www.notibras.com\/site\/wp-content\/uploads\/2019\/02\/fla-tragedia.jpg\",\"width\":1140,\"height\":760,\"caption\":\"Foto: Tomaz Silva\/ABr\"},{\"@type\":\"BreadcrumbList\",\"@id\":\"https:\/\/www.notibras.com\/site\/forcaflamengo-todo-mundo-esta-chorando-junto\/#breadcrumb\",\"itemListElement\":[{\"@type\":\"ListItem\",\"position\":1,\"name\":\"In\u00edcio\",\"item\":\"https:\/\/www.notibras.com\/site\/\"},{\"@type\":\"ListItem\",\"position\":2,\"name\":\"#For\u00e7aFlamengo. Todo mundo est\u00e1 chorando junto\"}]},{\"@type\":\"WebSite\",\"@id\":\"https:\/\/www.notibras.com\/site\/#website\",\"url\":\"https:\/\/www.notibras.com\/site\/\",\"name\":\"Notibras\",\"description\":\"Not\u00edcias de Bras\u00edlia, do Brasil e do Mundo\",\"publisher\":{\"@id\":\"https:\/\/www.notibras.com\/site\/#organization\"},\"potentialAction\":[{\"@type\":\"SearchAction\",\"target\":{\"@type\":\"EntryPoint\",\"urlTemplate\":\"https:\/\/www.notibras.com\/site\/?s={search_term_string}\"},\"query-input\":{\"@type\":\"PropertyValueSpecification\",\"valueRequired\":true,\"valueName\":\"search_term_string\"}}],\"inLanguage\":\"pt-BR\"},{\"@type\":\"Organization\",\"@id\":\"https:\/\/www.notibras.com\/site\/#organization\",\"name\":\"Grupo Notibras de Comunica\u00e7\u00e3o\",\"url\":\"https:\/\/www.notibras.com\/site\/\",\"logo\":{\"@type\":\"ImageObject\",\"inLanguage\":\"pt-BR\",\"@id\":\"https:\/\/www.notibras.com\/site\/#\/schema\/logo\/image\/\",\"url\":\"https:\/\/www.notibras.com\/site\/wp-content\/uploads\/2023\/01\/notibras23.png\",\"contentUrl\":\"https:\/\/www.notibras.com\/site\/wp-content\/uploads\/2023\/01\/notibras23.png\",\"width\":350,\"height\":87,\"caption\":\"Grupo Notibras de Comunica\u00e7\u00e3o\"},\"image\":{\"@id\":\"https:\/\/www.notibras.com\/site\/#\/schema\/logo\/image\/\"},\"sameAs\":[\"https:\/\/www.facebook.com\/notibras\/\",\"https:\/\/x.com\/Notibras\",\"https:\/\/www.instagram.com\/notibras\/\"]},{\"@type\":\"Person\",\"@id\":\"https:\/\/www.notibras.com\/site\/#\/schema\/person\/36ab0979449956132d3e5b517ea76ac8\",\"name\":\"Reda\u00e7\u00e3o\",\"image\":{\"@type\":\"ImageObject\",\"inLanguage\":\"pt-BR\",\"@id\":\"https:\/\/secure.gravatar.com\/avatar\/e0a867bdedb85fd243eadf09663511f96fc81e0720a4a42581f334ad4303aa6b?s=96&d=mm&r=g\",\"url\":\"https:\/\/secure.gravatar.com\/avatar\/e0a867bdedb85fd243eadf09663511f96fc81e0720a4a42581f334ad4303aa6b?s=96&d=mm&r=g\",\"contentUrl\":\"https:\/\/secure.gravatar.com\/avatar\/e0a867bdedb85fd243eadf09663511f96fc81e0720a4a42581f334ad4303aa6b?s=96&d=mm&r=g\",\"caption\":\"Reda\u00e7\u00e3o\"}}]}<\/script>\n<!-- \/ Yoast SEO plugin. -->","yoast_head_json":{"title":"#For\u00e7aFlamengo. Todo mundo est\u00e1 chorando junto - Notibras","robots":{"index":"index","follow":"follow","max-snippet":"max-snippet:-1","max-image-preview":"max-image-preview:large","max-video-preview":"max-video-preview:-1"},"canonical":"https:\/\/www.notibras.com\/site\/forcaflamengo-todo-mundo-esta-chorando-junto\/","og_locale":"pt_BR","og_type":"article","og_title":"#For\u00e7aFlamengo. Todo mundo est\u00e1 chorando junto - Notibras","og_description":"Uma triste sexta-feira no mundo do futebol brasileiro. Nesta madrugada, um inc\u00eandio de grandes propor\u00e7\u00f5es tomou a \u00e1rea antiga do Centro de Treinamentos do Flamengo, o Ninho do Urubu, na zona oeste do Rio de Janeiro. At\u00e9 agora se sabe que o ocorrido j\u00e1 deixou 10 mortos e outros tr\u00eas feridos, todos relacionados \u00e0s categorias [&hellip;]","og_url":"https:\/\/www.notibras.com\/site\/forcaflamengo-todo-mundo-esta-chorando-junto\/","og_site_name":"Notibras","article_publisher":"https:\/\/www.facebook.com\/notibras\/","article_published_time":"2019-02-08T12:50:59+00:00","article_modified_time":"2019-02-08T12:53:14+00:00","og_image":[{"width":1140,"height":760,"url":"https:\/\/www.notibras.com\/site\/wp-content\/uploads\/2019\/02\/fla-tragedia.jpg","type":"image\/jpeg"}],"author":"Reda\u00e7\u00e3o","twitter_card":"summary_large_image","twitter_creator":"@Notibras","twitter_site":"@Notibras","twitter_misc":{"Escrito por":"Reda\u00e7\u00e3o","Est. tempo de leitura":"2 minutos"},"schema":{"@context":"https:\/\/schema.org","@graph":[{"@type":"Article","@id":"https:\/\/www.notibras.com\/site\/forcaflamengo-todo-mundo-esta-chorando-junto\/#article","isPartOf":{"@id":"https:\/\/www.notibras.com\/site\/forcaflamengo-todo-mundo-esta-chorando-junto\/"},"author":{"name":"Reda\u00e7\u00e3o","@id":"https:\/\/www.notibras.com\/site\/#\/schema\/person\/36ab0979449956132d3e5b517ea76ac8"},"headline":"#For\u00e7aFlamengo. Todo mundo est\u00e1 chorando junto","datePublished":"2019-02-08T12:50:59+00:00","dateModified":"2019-02-08T12:53:14+00:00","mainEntityOfPage":{"@id":"https:\/\/www.notibras.com\/site\/forcaflamengo-todo-mundo-esta-chorando-junto\/"},"wordCount":443,"publisher":{"@id":"https:\/\/www.notibras.com\/site\/#organization"},"image":{"@id":"https:\/\/www.notibras.com\/site\/forcaflamengo-todo-mundo-esta-chorando-junto\/#primaryimage"},"thumbnailUrl":"https:\/\/www.notibras.com\/site\/wp-content\/uploads\/2019\/02\/fla-tragedia.jpg","keywords":["capa"],"articleSection":["Brasil"],"inLanguage":"pt-BR"},{"@type":"WebPage","@id":"https:\/\/www.notibras.com\/site\/forcaflamengo-todo-mundo-esta-chorando-junto\/","url":"https:\/\/www.notibras.com\/site\/forcaflamengo-todo-mundo-esta-chorando-junto\/","name":"#For\u00e7aFlamengo. Todo mundo est\u00e1 chorando junto - Notibras","isPartOf":{"@id":"https:\/\/www.notibras.com\/site\/#website"},"primaryImageOfPage":{"@id":"https:\/\/www.notibras.com\/site\/forcaflamengo-todo-mundo-esta-chorando-junto\/#primaryimage"},"image":{"@id":"https:\/\/www.notibras.com\/site\/forcaflamengo-todo-mundo-esta-chorando-junto\/#primaryimage"},"thumbnailUrl":"https:\/\/www.notibras.com\/site\/wp-content\/uploads\/2019\/02\/fla-tragedia.jpg","datePublished":"2019-02-08T12:50:59+00:00","dateModified":"2019-02-08T12:53:14+00:00","breadcrumb":{"@id":"https:\/\/www.notibras.com\/site\/forcaflamengo-todo-mundo-esta-chorando-junto\/#breadcrumb"},"inLanguage":"pt-BR","potentialAction":[{"@type":"ReadAction","target":["https:\/\/www.notibras.com\/site\/forcaflamengo-todo-mundo-esta-chorando-junto\/"]}]},{"@type":"ImageObject","inLanguage":"pt-BR","@id":"https:\/\/www.notibras.com\/site\/forcaflamengo-todo-mundo-esta-chorando-junto\/#primaryimage","url":"https:\/\/www.notibras.com\/site\/wp-content\/uploads\/2019\/02\/fla-tragedia.jpg","contentUrl":"https:\/\/www.notibras.com\/site\/wp-content\/uploads\/2019\/02\/fla-tragedia.jpg","width":1140,"height":760,"caption":"Foto: Tomaz Silva\/ABr"},{"@type":"BreadcrumbList","@id":"https:\/\/www.notibras.com\/site\/forcaflamengo-todo-mundo-esta-chorando-junto\/#breadcrumb","itemListElement":[{"@type":"ListItem","position":1,"name":"In\u00edcio","item":"https:\/\/www.notibras.com\/site\/"},{"@type":"ListItem","position":2,"name":"#For\u00e7aFlamengo. Todo mundo est\u00e1 chorando junto"}]},{"@type":"WebSite","@id":"https:\/\/www.notibras.com\/site\/#website","url":"https:\/\/www.notibras.com\/site\/","name":"Notibras","description":"Not\u00edcias de Bras\u00edlia, do Brasil e do Mundo","publisher":{"@id":"https:\/\/www.notibras.com\/site\/#organization"},"potentialAction":[{"@type":"SearchAction","target":{"@type":"EntryPoint","urlTemplate":"https:\/\/www.notibras.com\/site\/?s={search_term_string}"},"query-input":{"@type":"PropertyValueSpecification","valueRequired":true,"valueName":"search_term_string"}}],"inLanguage":"pt-BR"},{"@type":"Organization","@id":"https:\/\/www.notibras.com\/site\/#organization","name":"Grupo Notibras de Comunica\u00e7\u00e3o","url":"https:\/\/www.notibras.com\/site\/","logo":{"@type":"ImageObject","inLanguage":"pt-BR","@id":"https:\/\/www.notibras.com\/site\/#\/schema\/logo\/image\/","url":"https:\/\/www.notibras.com\/site\/wp-content\/uploads\/2023\/01\/notibras23.png","contentUrl":"https:\/\/www.notibras.com\/site\/wp-content\/uploads\/2023\/01\/notibras23.png","width":350,"height":87,"caption":"Grupo Notibras de Comunica\u00e7\u00e3o"},"image":{"@id":"https:\/\/www.notibras.com\/site\/#\/schema\/logo\/image\/"},"sameAs":["https:\/\/www.facebook.com\/notibras\/","https:\/\/x.com\/Notibras","https:\/\/www.instagram.com\/notibras\/"]},{"@type":"Person","@id":"https:\/\/www.notibras.com\/site\/#\/schema\/person\/36ab0979449956132d3e5b517ea76ac8","name":"Reda\u00e7\u00e3o","image":{"@type":"ImageObject","inLanguage":"pt-BR","@id":"https:\/\/secure.gravatar.com\/avatar\/e0a867bdedb85fd243eadf09663511f96fc81e0720a4a42581f334ad4303aa6b?s=96&d=mm&r=g","url":"https:\/\/secure.gravatar.com\/avatar\/e0a867bdedb85fd243eadf09663511f96fc81e0720a4a42581f334ad4303aa6b?s=96&d=mm&r=g","contentUrl":"https:\/\/secure.gravatar.com\/avatar\/e0a867bdedb85fd243eadf09663511f96fc81e0720a4a42581f334ad4303aa6b?s=96&d=mm&r=g","caption":"Reda\u00e7\u00e3o"}}]}},"amp_enabled":true,"_links":{"self":[{"href":"https:\/\/www.notibras.com\/site\/wp-json\/wp\/v2\/posts\/201866","targetHints":{"allow":["GET"]}}],"collection":[{"href":"https:\/\/www.notibras.com\/site\/wp-json\/wp\/v2\/posts"}],"about":[{"href":"https:\/\/www.notibras.com\/site\/wp-json\/wp\/v2\/types\/post"}],"author":[{"embeddable":true,"href":"https:\/\/www.notibras.com\/site\/wp-json\/wp\/v2\/users\/2"}],"replies":[{"embeddable":true,"href":"https:\/\/www.notibras.com\/site\/wp-json\/wp\/v2\/comments?post=201866"}],"version-history":[{"count":3,"href":"https:\/\/www.notibras.com\/site\/wp-json\/wp\/v2\/posts\/201866\/revisions"}],"predecessor-version":[{"id":201871,"href":"https:\/\/www.notibras.com\/site\/wp-json\/wp\/v2\/posts\/201866\/revisions\/201871"}],"wp:featuredmedia":[{"embeddable":true,"href":"https:\/\/www.notibras.com\/site\/wp-json\/wp\/v2\/media\/201867"}],"wp:attachment":[{"href":"https:\/\/www.notibras.com\/site\/wp-json\/wp\/v2\/media?parent=201866"}],"wp:term":[{"taxonomy":"category","embeddable":true,"href":"https:\/\/www.notibras.com\/site\/wp-json\/wp\/v2\/categories?post=201866"},{"taxonomy":"post_tag","embeddable":true,"href":"https:\/\/www.notibras.com\/site\/wp-json\/wp\/v2\/tags?post=201866"}],"curies":[{"name":"wp","href":"https:\/\/api.w.org\/{rel}","templated":true}]}}