{"id":20187,"date":"2014-08-20T12:08:48","date_gmt":"2014-08-20T15:08:48","guid":{"rendered":"http:\/\/www.notibras.com\/site\/?p=20187"},"modified":"2014-08-20T12:08:48","modified_gmt":"2014-08-20T15:08:48","slug":"delegado-reage-a-assalto-e-mata-suposto-bandido-em-benfica","status":"publish","type":"post","link":"https:\/\/www.notibras.com\/site\/delegado-reage-a-assalto-e-mata-suposto-bandido-em-benfica\/","title":{"rendered":"Delegado reage a assalto e mata suposto bandido em Benfica"},"content":{"rendered":"<p>O delegado Rodrigo Barros, da 25\u00aa DP (Engenho Novo), reagiu a um assalto na manh\u00e3 desta quarta-feira (20), na Rua Ana Neri, pr\u00f3ximo ao viaduto Ana Neri, em Benfica, Zona Norte do Rio, dando in\u00edcio a uma troca de tiros. Segundo informa\u00e7\u00f5es da Pol\u00edcia Militar, um criminoso morreu e outros dois ficaram feridos. At\u00e9 as 9h30, n\u00e3o havia informa\u00e7\u00e3o sobre o estado de sa\u00fade dos baleados.<\/p>\n<p>A \u00e1rea foi cercada por tr\u00eas viaturas do 22\u00ba BPM (Mar\u00e9) que faziam o policiamento na regi\u00e3o. Na descida do viaduto, a poucos metros do local, tamb\u00e9m existe uma cabine da PM.<\/p>\n<p>Outros dois tiroteios assustaram cariocas desde o fim da noite desta ter\u00e7a (19). A Autoestrada Graja\u00fa-Jacarepagu\u00e1 chegou a ser fechada por quase cinco horas durante confronto entre PMs e criminosos do Conjunto de Favelas do Lins, tamb\u00e9m na Zona Norte. Um jovem foi ferido. Em Niter\u00f3i, cinco pessoas foram baleadas durante persegui\u00e7\u00e3o, tr\u00eas criminosos e dois pedestres.<\/p>\n","protected":false},"excerpt":{"rendered":"<p>O delegado Rodrigo Barros, da 25\u00aa DP (Engenho Novo), reagiu a um assalto na manh\u00e3 desta quarta-feira (20), na Rua Ana Neri, pr\u00f3ximo ao viaduto Ana Neri, em Benfica, Zona Norte do Rio, dando in\u00edcio a uma troca de tiros. Segundo informa\u00e7\u00f5es da Pol\u00edcia Militar, um criminoso morreu e outros dois ficaram feridos. At\u00e9 as [&hellip;]<\/p>\n","protected":false},"author":1,"featured_media":20188,"comment_status":"open","ping_status":"closed","sticky":false,"template":"","format":"standard","meta":{"_acf_changed":false,"footnotes":""},"categories":[21],"tags":[],"class_list":["post-20187","post","type-post","status-publish","format-standard","has-post-thumbnail","hentry","category-rio-de-janeiro"],"acf":[],"_links":{"self":[{"href":"https:\/\/www.notibras.com\/site\/wp-json\/wp\/v2\/posts\/20187","targetHints":{"allow":["GET"]}}],"collection":[{"href":"https:\/\/www.notibras.com\/site\/wp-json\/wp\/v2\/posts"}],"about":[{"href":"https:\/\/www.notibras.com\/site\/wp-json\/wp\/v2\/types\/post"}],"author":[{"embeddable":true,"href":"https:\/\/www.notibras.com\/site\/wp-json\/wp\/v2\/users\/1"}],"replies":[{"embeddable":true,"href":"https:\/\/www.notibras.com\/site\/wp-json\/wp\/v2\/comments?post=20187"}],"version-history":[{"count":0,"href":"https:\/\/www.notibras.com\/site\/wp-json\/wp\/v2\/posts\/20187\/revisions"}],"wp:featuredmedia":[{"embeddable":true,"href":"https:\/\/www.notibras.com\/site\/wp-json\/wp\/v2\/media\/20188"}],"wp:attachment":[{"href":"https:\/\/www.notibras.com\/site\/wp-json\/wp\/v2\/media?parent=20187"}],"wp:term":[{"taxonomy":"category","embeddable":true,"href":"https:\/\/www.notibras.com\/site\/wp-json\/wp\/v2\/categories?post=20187"},{"taxonomy":"post_tag","embeddable":true,"href":"https:\/\/www.notibras.com\/site\/wp-json\/wp\/v2\/tags?post=20187"}],"curies":[{"name":"wp","href":"https:\/\/api.w.org\/{rel}","templated":true}]}}