{"id":201879,"date":"2019-02-08T12:01:54","date_gmt":"2019-02-08T14:01:54","guid":{"rendered":"https:\/\/www.notibras.com\/site\/?p=201879"},"modified":"2019-02-08T12:01:54","modified_gmt":"2019-02-08T14:01:54","slug":"novos-processos-podem-render-a-lula-mais-90-anos","status":"publish","type":"post","link":"https:\/\/www.notibras.com\/site\/novos-processos-podem-render-a-lula-mais-90-anos\/","title":{"rendered":"Novos processos podem render a Lula mais 90 anos"},"content":{"rendered":"<p>R\u00e9u em seis processos al\u00e9m das duas a\u00e7\u00f5es em que foi condenado, o ex-presidente Luiz In\u00e1cio Lula da Silva enfrenta a perspectiva de ter at\u00e9 110 anos somados \u00e0s senten\u00e7as que j\u00e1 recebeu. Esse \u00e9 o tempo m\u00e1ximo a que as penas podem chegar nos casos que ainda n\u00e3o foram julgados, se a interpreta\u00e7\u00e3o mais dura poss\u00edvel for aplicada em todos os processos \u2013 as penas m\u00ednimas nos seis processos somam 31 anos.<\/p>\n<p>O tempo que o ex-presidente ficar\u00e1 preso, no entanto, s\u00f3 ser\u00e1 determinado ap\u00f3s todos os processos tramitarem at\u00e9 a \u00faltima inst\u00e2ncia. A lei exige que ele cumpra, no m\u00e1ximo, um ano em regime fechado para cada seis anos na senten\u00e7a.<\/p>\n<p>Caso seja considerado culpado em todas as a\u00e7\u00f5es em que ainda n\u00e3o foi julgado, o ex-presidente pode ficar ao menos nove anos e quatro meses na pris\u00e3o. Isso se as san\u00e7\u00f5es dos dois processos em que j\u00e1 houve senten\u00e7a \u2013 que somam 25 anos \u2013 n\u00e3o sejam alteradas em inst\u00e2ncias superior. Com penas mais duras, o per\u00edodo em regime fechado pode ultrapassar 20 anos.<\/p>\n<p>Segundo o professor Cl\u00e1udio Langroiva, especialista em Direito Penal na Pontif\u00edcia Universidade Cat\u00f3lica de S\u00e3o Paulo (PUC-SP), \u00e9 cedo para estimar quanto tempo Lula ainda cumprir\u00e1 no regime fechado. Como ainda n\u00e3o h\u00e1 nenhum processo transitado em julgado (quando n\u00e3o h\u00e1 mais recursos dispon\u00edveis) at\u00e9 a \u00faltima inst\u00e2ncia, todo o c\u00e1lculo pode mudar ap\u00f3s decis\u00f5es no Supremo Tribunal Federal (STF).<\/p>\n<p>\u201cN\u00e3o temos como fazer um paralelo com outras situa\u00e7\u00f5es, a n\u00e3o ser com a pr\u00f3pria Lava Jato\u201d, diz Langroiva, para quem o processo do ex-presidente foi marcado por quest\u00f5es pol\u00edticas. \u201cOs c\u00e1lculos e as apena\u00e7\u00f5es s\u00e3o muito fora do que temos no hist\u00f3rico jurisprudencial do Pa\u00eds ao longo de anos. Foram calculados de forma muito agravada.\u201d<\/p>\n<p><strong>Processos<\/strong> &#8211; Ao todo, Lula responde a uma acusa\u00e7\u00e3o de corrup\u00e7\u00e3o ativa, duas de corrup\u00e7\u00e3o passiva, duas de tr\u00e1fico de influ\u00eancia, tr\u00eas de forma\u00e7\u00e3o de organiza\u00e7\u00e3o criminosa e quatro de lavagem de dinheiro. Na Opera\u00e7\u00e3o Lava Jato, \u00e9 acusado por suposta propina da Odebrecht para a compra de um terreno que abrigaria o Instituto Lula, em S\u00e3o Paulo, e de um apartamento vizinho ao que era usado pelo ex-presidente em S\u00e3o Bernardo do Campo.<\/p>\n<p>Na Opera\u00e7\u00e3o Janus, foi acusado de usar sua influ\u00eancia no Banco Nacional de Desenvolvimento Econ\u00f4mico e Social (BNDES) para favorecer a Odebrecht em contratos e obras de engenharia em Angola, na \u00c1frica. J\u00e1 na Opera\u00e7\u00e3o Zelotes, ele \u00e9 alvo de duas acusa\u00e7\u00f5es: de ter participado de &#8220;negocia\u00e7\u00f5es irregulares&#8221; para compra de ca\u00e7as e prorroga\u00e7\u00e3o de incentivos fiscais a montadoras de ve\u00edculos, e de ter editado uma medida provis\u00f3ria para favorecer empresas do setor automotivo.<\/p>\n<p>No caso que ficou conhecido como &#8220;Quadrilh\u00e3o do PT&#8221;, Lula \u00e9 r\u00e9u de receber R$ 1,48 bilh\u00e3o em propina de desvios na Petrobr\u00e1s. E, ainda, acusado de lavar R$ 1 milh\u00e3o, que seriam provenientes de neg\u00f3cios na Guin\u00e9 Equatorial, supostamente dissimulados em doa\u00e7\u00f5es ao Instituto Lula. O ex-presidente e sua defesa negam todas as acusa\u00e7\u00f5es, e veem &#8220;persegui\u00e7\u00e3o pol\u00edtica&#8221; nos casos.<\/p>\n","protected":false},"excerpt":{"rendered":"<p>R\u00e9u em seis processos al\u00e9m das duas a\u00e7\u00f5es em que foi condenado, o ex-presidente Luiz In\u00e1cio Lula da Silva enfrenta a perspectiva de ter at\u00e9 110 anos somados \u00e0s senten\u00e7as que j\u00e1 recebeu. Esse \u00e9 o tempo m\u00e1ximo a que as penas podem chegar nos casos que ainda n\u00e3o foram julgados, se a interpreta\u00e7\u00e3o mais [&hellip;]<\/p>\n","protected":false},"author":2,"featured_media":197964,"comment_status":"closed","ping_status":"closed","sticky":false,"template":"","format":"standard","meta":{"_acf_changed":false,"footnotes":""},"categories":[16],"tags":[95],"class_list":["post-201879","post","type-post","status-publish","format-standard","has-post-thumbnail","hentry","category-brasil","tag-capa"],"acf":[],"yoast_head":"<!-- This site is optimized with the Yoast SEO plugin v27.2 - https:\/\/yoast.com\/product\/yoast-seo-wordpress\/ -->\n<title>Novos processos podem render a Lula mais 90 anos - Notibras<\/title>\n<meta name=\"robots\" content=\"index, follow, max-snippet:-1, max-image-preview:large, max-video-preview:-1\" \/>\n<link rel=\"canonical\" href=\"https:\/\/www.notibras.com\/site\/novos-processos-podem-render-a-lula-mais-90-anos\/\" \/>\n<meta property=\"og:locale\" content=\"pt_BR\" \/>\n<meta property=\"og:type\" content=\"article\" \/>\n<meta property=\"og:title\" content=\"Novos processos podem render a Lula mais 90 anos - Notibras\" \/>\n<meta property=\"og:description\" content=\"R\u00e9u em seis processos al\u00e9m das duas a\u00e7\u00f5es em que foi condenado, o ex-presidente Luiz In\u00e1cio Lula da Silva enfrenta a perspectiva de ter at\u00e9 110 anos somados \u00e0s senten\u00e7as que j\u00e1 recebeu. Esse \u00e9 o tempo m\u00e1ximo a que as penas podem chegar nos casos que ainda n\u00e3o foram julgados, se a interpreta\u00e7\u00e3o mais [&hellip;]\" \/>\n<meta property=\"og:url\" content=\"https:\/\/www.notibras.com\/site\/novos-processos-podem-render-a-lula-mais-90-anos\/\" \/>\n<meta property=\"og:site_name\" content=\"Notibras\" \/>\n<meta property=\"article:publisher\" content=\"https:\/\/www.facebook.com\/notibras\/\" \/>\n<meta property=\"article:published_time\" content=\"2019-02-08T14:01:54+00:00\" \/>\n<meta property=\"og:image\" content=\"https:\/\/www.notibras.com\/site\/wp-content\/uploads\/2018\/12\/lula-ricardo-stuckert.jpg\" \/>\n\t<meta property=\"og:image:width\" content=\"932\" \/>\n\t<meta property=\"og:image:height\" content=\"586\" \/>\n\t<meta property=\"og:image:type\" content=\"image\/jpeg\" \/>\n<meta name=\"author\" content=\"Reda\u00e7\u00e3o\" \/>\n<meta name=\"twitter:card\" content=\"summary_large_image\" \/>\n<meta name=\"twitter:creator\" content=\"@Notibras\" \/>\n<meta name=\"twitter:site\" content=\"@Notibras\" \/>\n<meta name=\"twitter:label1\" content=\"Escrito por\" \/>\n\t<meta name=\"twitter:data1\" content=\"Reda\u00e7\u00e3o\" \/>\n\t<meta name=\"twitter:label2\" content=\"Est. tempo de leitura\" \/>\n\t<meta name=\"twitter:data2\" content=\"3 minutos\" \/>\n<script type=\"application\/ld+json\" class=\"yoast-schema-graph\">{\"@context\":\"https:\/\/schema.org\",\"@graph\":[{\"@type\":\"Article\",\"@id\":\"https:\/\/www.notibras.com\/site\/novos-processos-podem-render-a-lula-mais-90-anos\/#article\",\"isPartOf\":{\"@id\":\"https:\/\/www.notibras.com\/site\/novos-processos-podem-render-a-lula-mais-90-anos\/\"},\"author\":{\"name\":\"Reda\u00e7\u00e3o\",\"@id\":\"https:\/\/www.notibras.com\/site\/#\/schema\/person\/36ab0979449956132d3e5b517ea76ac8\"},\"headline\":\"Novos processos podem render a Lula mais 90 anos\",\"datePublished\":\"2019-02-08T14:01:54+00:00\",\"mainEntityOfPage\":{\"@id\":\"https:\/\/www.notibras.com\/site\/novos-processos-podem-render-a-lula-mais-90-anos\/\"},\"wordCount\":571,\"publisher\":{\"@id\":\"https:\/\/www.notibras.com\/site\/#organization\"},\"image\":{\"@id\":\"https:\/\/www.notibras.com\/site\/novos-processos-podem-render-a-lula-mais-90-anos\/#primaryimage\"},\"thumbnailUrl\":\"https:\/\/www.notibras.com\/site\/wp-content\/uploads\/2018\/12\/lula-ricardo-stuckert.jpg\",\"keywords\":[\"capa\"],\"articleSection\":[\"Brasil\"],\"inLanguage\":\"pt-BR\"},{\"@type\":\"WebPage\",\"@id\":\"https:\/\/www.notibras.com\/site\/novos-processos-podem-render-a-lula-mais-90-anos\/\",\"url\":\"https:\/\/www.notibras.com\/site\/novos-processos-podem-render-a-lula-mais-90-anos\/\",\"name\":\"Novos processos podem render a Lula mais 90 anos - Notibras\",\"isPartOf\":{\"@id\":\"https:\/\/www.notibras.com\/site\/#website\"},\"primaryImageOfPage\":{\"@id\":\"https:\/\/www.notibras.com\/site\/novos-processos-podem-render-a-lula-mais-90-anos\/#primaryimage\"},\"image\":{\"@id\":\"https:\/\/www.notibras.com\/site\/novos-processos-podem-render-a-lula-mais-90-anos\/#primaryimage\"},\"thumbnailUrl\":\"https:\/\/www.notibras.com\/site\/wp-content\/uploads\/2018\/12\/lula-ricardo-stuckert.jpg\",\"datePublished\":\"2019-02-08T14:01:54+00:00\",\"breadcrumb\":{\"@id\":\"https:\/\/www.notibras.com\/site\/novos-processos-podem-render-a-lula-mais-90-anos\/#breadcrumb\"},\"inLanguage\":\"pt-BR\",\"potentialAction\":[{\"@type\":\"ReadAction\",\"target\":[\"https:\/\/www.notibras.com\/site\/novos-processos-podem-render-a-lula-mais-90-anos\/\"]}]},{\"@type\":\"ImageObject\",\"inLanguage\":\"pt-BR\",\"@id\":\"https:\/\/www.notibras.com\/site\/novos-processos-podem-render-a-lula-mais-90-anos\/#primaryimage\",\"url\":\"https:\/\/www.notibras.com\/site\/wp-content\/uploads\/2018\/12\/lula-ricardo-stuckert.jpg\",\"contentUrl\":\"https:\/\/www.notibras.com\/site\/wp-content\/uploads\/2018\/12\/lula-ricardo-stuckert.jpg\",\"width\":932,\"height\":586},{\"@type\":\"BreadcrumbList\",\"@id\":\"https:\/\/www.notibras.com\/site\/novos-processos-podem-render-a-lula-mais-90-anos\/#breadcrumb\",\"itemListElement\":[{\"@type\":\"ListItem\",\"position\":1,\"name\":\"In\u00edcio\",\"item\":\"https:\/\/www.notibras.com\/site\/\"},{\"@type\":\"ListItem\",\"position\":2,\"name\":\"Novos processos podem render a Lula mais 90 anos\"}]},{\"@type\":\"WebSite\",\"@id\":\"https:\/\/www.notibras.com\/site\/#website\",\"url\":\"https:\/\/www.notibras.com\/site\/\",\"name\":\"Notibras\",\"description\":\"Not\u00edcias de Bras\u00edlia, do Brasil e do Mundo\",\"publisher\":{\"@id\":\"https:\/\/www.notibras.com\/site\/#organization\"},\"potentialAction\":[{\"@type\":\"SearchAction\",\"target\":{\"@type\":\"EntryPoint\",\"urlTemplate\":\"https:\/\/www.notibras.com\/site\/?s={search_term_string}\"},\"query-input\":{\"@type\":\"PropertyValueSpecification\",\"valueRequired\":true,\"valueName\":\"search_term_string\"}}],\"inLanguage\":\"pt-BR\"},{\"@type\":\"Organization\",\"@id\":\"https:\/\/www.notibras.com\/site\/#organization\",\"name\":\"Grupo Notibras de Comunica\u00e7\u00e3o\",\"url\":\"https:\/\/www.notibras.com\/site\/\",\"logo\":{\"@type\":\"ImageObject\",\"inLanguage\":\"pt-BR\",\"@id\":\"https:\/\/www.notibras.com\/site\/#\/schema\/logo\/image\/\",\"url\":\"https:\/\/www.notibras.com\/site\/wp-content\/uploads\/2023\/01\/notibras23.png\",\"contentUrl\":\"https:\/\/www.notibras.com\/site\/wp-content\/uploads\/2023\/01\/notibras23.png\",\"width\":350,\"height\":87,\"caption\":\"Grupo Notibras de Comunica\u00e7\u00e3o\"},\"image\":{\"@id\":\"https:\/\/www.notibras.com\/site\/#\/schema\/logo\/image\/\"},\"sameAs\":[\"https:\/\/www.facebook.com\/notibras\/\",\"https:\/\/x.com\/Notibras\",\"https:\/\/www.instagram.com\/notibras\/\"]},{\"@type\":\"Person\",\"@id\":\"https:\/\/www.notibras.com\/site\/#\/schema\/person\/36ab0979449956132d3e5b517ea76ac8\",\"name\":\"Reda\u00e7\u00e3o\",\"image\":{\"@type\":\"ImageObject\",\"inLanguage\":\"pt-BR\",\"@id\":\"https:\/\/secure.gravatar.com\/avatar\/e0a867bdedb85fd243eadf09663511f96fc81e0720a4a42581f334ad4303aa6b?s=96&d=mm&r=g\",\"url\":\"https:\/\/secure.gravatar.com\/avatar\/e0a867bdedb85fd243eadf09663511f96fc81e0720a4a42581f334ad4303aa6b?s=96&d=mm&r=g\",\"contentUrl\":\"https:\/\/secure.gravatar.com\/avatar\/e0a867bdedb85fd243eadf09663511f96fc81e0720a4a42581f334ad4303aa6b?s=96&d=mm&r=g\",\"caption\":\"Reda\u00e7\u00e3o\"}}]}<\/script>\n<!-- \/ Yoast SEO plugin. -->","yoast_head_json":{"title":"Novos processos podem render a Lula mais 90 anos - Notibras","robots":{"index":"index","follow":"follow","max-snippet":"max-snippet:-1","max-image-preview":"max-image-preview:large","max-video-preview":"max-video-preview:-1"},"canonical":"https:\/\/www.notibras.com\/site\/novos-processos-podem-render-a-lula-mais-90-anos\/","og_locale":"pt_BR","og_type":"article","og_title":"Novos processos podem render a Lula mais 90 anos - Notibras","og_description":"R\u00e9u em seis processos al\u00e9m das duas a\u00e7\u00f5es em que foi condenado, o ex-presidente Luiz In\u00e1cio Lula da Silva enfrenta a perspectiva de ter at\u00e9 110 anos somados \u00e0s senten\u00e7as que j\u00e1 recebeu. Esse \u00e9 o tempo m\u00e1ximo a que as penas podem chegar nos casos que ainda n\u00e3o foram julgados, se a interpreta\u00e7\u00e3o mais [&hellip;]","og_url":"https:\/\/www.notibras.com\/site\/novos-processos-podem-render-a-lula-mais-90-anos\/","og_site_name":"Notibras","article_publisher":"https:\/\/www.facebook.com\/notibras\/","article_published_time":"2019-02-08T14:01:54+00:00","og_image":[{"width":932,"height":586,"url":"https:\/\/www.notibras.com\/site\/wp-content\/uploads\/2018\/12\/lula-ricardo-stuckert.jpg","type":"image\/jpeg"}],"author":"Reda\u00e7\u00e3o","twitter_card":"summary_large_image","twitter_creator":"@Notibras","twitter_site":"@Notibras","twitter_misc":{"Escrito por":"Reda\u00e7\u00e3o","Est. tempo de leitura":"3 minutos"},"schema":{"@context":"https:\/\/schema.org","@graph":[{"@type":"Article","@id":"https:\/\/www.notibras.com\/site\/novos-processos-podem-render-a-lula-mais-90-anos\/#article","isPartOf":{"@id":"https:\/\/www.notibras.com\/site\/novos-processos-podem-render-a-lula-mais-90-anos\/"},"author":{"name":"Reda\u00e7\u00e3o","@id":"https:\/\/www.notibras.com\/site\/#\/schema\/person\/36ab0979449956132d3e5b517ea76ac8"},"headline":"Novos processos podem render a Lula mais 90 anos","datePublished":"2019-02-08T14:01:54+00:00","mainEntityOfPage":{"@id":"https:\/\/www.notibras.com\/site\/novos-processos-podem-render-a-lula-mais-90-anos\/"},"wordCount":571,"publisher":{"@id":"https:\/\/www.notibras.com\/site\/#organization"},"image":{"@id":"https:\/\/www.notibras.com\/site\/novos-processos-podem-render-a-lula-mais-90-anos\/#primaryimage"},"thumbnailUrl":"https:\/\/www.notibras.com\/site\/wp-content\/uploads\/2018\/12\/lula-ricardo-stuckert.jpg","keywords":["capa"],"articleSection":["Brasil"],"inLanguage":"pt-BR"},{"@type":"WebPage","@id":"https:\/\/www.notibras.com\/site\/novos-processos-podem-render-a-lula-mais-90-anos\/","url":"https:\/\/www.notibras.com\/site\/novos-processos-podem-render-a-lula-mais-90-anos\/","name":"Novos processos podem render a Lula mais 90 anos - Notibras","isPartOf":{"@id":"https:\/\/www.notibras.com\/site\/#website"},"primaryImageOfPage":{"@id":"https:\/\/www.notibras.com\/site\/novos-processos-podem-render-a-lula-mais-90-anos\/#primaryimage"},"image":{"@id":"https:\/\/www.notibras.com\/site\/novos-processos-podem-render-a-lula-mais-90-anos\/#primaryimage"},"thumbnailUrl":"https:\/\/www.notibras.com\/site\/wp-content\/uploads\/2018\/12\/lula-ricardo-stuckert.jpg","datePublished":"2019-02-08T14:01:54+00:00","breadcrumb":{"@id":"https:\/\/www.notibras.com\/site\/novos-processos-podem-render-a-lula-mais-90-anos\/#breadcrumb"},"inLanguage":"pt-BR","potentialAction":[{"@type":"ReadAction","target":["https:\/\/www.notibras.com\/site\/novos-processos-podem-render-a-lula-mais-90-anos\/"]}]},{"@type":"ImageObject","inLanguage":"pt-BR","@id":"https:\/\/www.notibras.com\/site\/novos-processos-podem-render-a-lula-mais-90-anos\/#primaryimage","url":"https:\/\/www.notibras.com\/site\/wp-content\/uploads\/2018\/12\/lula-ricardo-stuckert.jpg","contentUrl":"https:\/\/www.notibras.com\/site\/wp-content\/uploads\/2018\/12\/lula-ricardo-stuckert.jpg","width":932,"height":586},{"@type":"BreadcrumbList","@id":"https:\/\/www.notibras.com\/site\/novos-processos-podem-render-a-lula-mais-90-anos\/#breadcrumb","itemListElement":[{"@type":"ListItem","position":1,"name":"In\u00edcio","item":"https:\/\/www.notibras.com\/site\/"},{"@type":"ListItem","position":2,"name":"Novos processos podem render a Lula mais 90 anos"}]},{"@type":"WebSite","@id":"https:\/\/www.notibras.com\/site\/#website","url":"https:\/\/www.notibras.com\/site\/","name":"Notibras","description":"Not\u00edcias de Bras\u00edlia, do Brasil e do Mundo","publisher":{"@id":"https:\/\/www.notibras.com\/site\/#organization"},"potentialAction":[{"@type":"SearchAction","target":{"@type":"EntryPoint","urlTemplate":"https:\/\/www.notibras.com\/site\/?s={search_term_string}"},"query-input":{"@type":"PropertyValueSpecification","valueRequired":true,"valueName":"search_term_string"}}],"inLanguage":"pt-BR"},{"@type":"Organization","@id":"https:\/\/www.notibras.com\/site\/#organization","name":"Grupo Notibras de Comunica\u00e7\u00e3o","url":"https:\/\/www.notibras.com\/site\/","logo":{"@type":"ImageObject","inLanguage":"pt-BR","@id":"https:\/\/www.notibras.com\/site\/#\/schema\/logo\/image\/","url":"https:\/\/www.notibras.com\/site\/wp-content\/uploads\/2023\/01\/notibras23.png","contentUrl":"https:\/\/www.notibras.com\/site\/wp-content\/uploads\/2023\/01\/notibras23.png","width":350,"height":87,"caption":"Grupo Notibras de Comunica\u00e7\u00e3o"},"image":{"@id":"https:\/\/www.notibras.com\/site\/#\/schema\/logo\/image\/"},"sameAs":["https:\/\/www.facebook.com\/notibras\/","https:\/\/x.com\/Notibras","https:\/\/www.instagram.com\/notibras\/"]},{"@type":"Person","@id":"https:\/\/www.notibras.com\/site\/#\/schema\/person\/36ab0979449956132d3e5b517ea76ac8","name":"Reda\u00e7\u00e3o","image":{"@type":"ImageObject","inLanguage":"pt-BR","@id":"https:\/\/secure.gravatar.com\/avatar\/e0a867bdedb85fd243eadf09663511f96fc81e0720a4a42581f334ad4303aa6b?s=96&d=mm&r=g","url":"https:\/\/secure.gravatar.com\/avatar\/e0a867bdedb85fd243eadf09663511f96fc81e0720a4a42581f334ad4303aa6b?s=96&d=mm&r=g","contentUrl":"https:\/\/secure.gravatar.com\/avatar\/e0a867bdedb85fd243eadf09663511f96fc81e0720a4a42581f334ad4303aa6b?s=96&d=mm&r=g","caption":"Reda\u00e7\u00e3o"}}]}},"amp_enabled":true,"_links":{"self":[{"href":"https:\/\/www.notibras.com\/site\/wp-json\/wp\/v2\/posts\/201879","targetHints":{"allow":["GET"]}}],"collection":[{"href":"https:\/\/www.notibras.com\/site\/wp-json\/wp\/v2\/posts"}],"about":[{"href":"https:\/\/www.notibras.com\/site\/wp-json\/wp\/v2\/types\/post"}],"author":[{"embeddable":true,"href":"https:\/\/www.notibras.com\/site\/wp-json\/wp\/v2\/users\/2"}],"replies":[{"embeddable":true,"href":"https:\/\/www.notibras.com\/site\/wp-json\/wp\/v2\/comments?post=201879"}],"version-history":[{"count":1,"href":"https:\/\/www.notibras.com\/site\/wp-json\/wp\/v2\/posts\/201879\/revisions"}],"predecessor-version":[{"id":201880,"href":"https:\/\/www.notibras.com\/site\/wp-json\/wp\/v2\/posts\/201879\/revisions\/201880"}],"wp:featuredmedia":[{"embeddable":true,"href":"https:\/\/www.notibras.com\/site\/wp-json\/wp\/v2\/media\/197964"}],"wp:attachment":[{"href":"https:\/\/www.notibras.com\/site\/wp-json\/wp\/v2\/media?parent=201879"}],"wp:term":[{"taxonomy":"category","embeddable":true,"href":"https:\/\/www.notibras.com\/site\/wp-json\/wp\/v2\/categories?post=201879"},{"taxonomy":"post_tag","embeddable":true,"href":"https:\/\/www.notibras.com\/site\/wp-json\/wp\/v2\/tags?post=201879"}],"curies":[{"name":"wp","href":"https:\/\/api.w.org\/{rel}","templated":true}]}}