{"id":201881,"date":"2019-02-08T15:38:30","date_gmt":"2019-02-08T17:38:30","guid":{"rendered":"https:\/\/www.notibras.com\/site\/?p=201881"},"modified":"2019-02-08T15:38:57","modified_gmt":"2019-02-08T17:38:57","slug":"toffoli-tenta-barrar-cerco-as-contas-de-gilmar","status":"publish","type":"post","link":"https:\/\/www.notibras.com\/site\/toffoli-tenta-barrar-cerco-as-contas-de-gilmar\/","title":{"rendered":"Toffoli tenta barrar cerco \u00e0s contas de Gilmar"},"content":{"rendered":"<p>O presidente do Supremo Tribunal Federal (STF), ministro Dias Toffoli, pediu ao ministro da Economia, Paulo Guedes, \u00e0 procuradora-geral da Rep\u00fablica, Raquel Dodge, e ao secret\u00e1rio da Receita Federal, Marcos Cintra, que adotem &#8220;provid\u00eancias cab\u00edveis&#8221; em torno de uma apura\u00e7\u00e3o de auditores fiscais da Receita Federal sobre poss\u00edveis fraudes de corrup\u00e7\u00e3o, lavagem de dinheiro, oculta\u00e7\u00e3o de patrim\u00f4nio ou tr\u00e1fico de influ\u00eancia por parte do ministro Gilmar Mendes, do STF, e familiares.<\/p>\n<p>&#8220;Solicito que sejam adotadas as provid\u00eancias cab\u00edveis quanto aos fatos narrados pelo ministro Gilmar Mendes, conforme c\u00f3pia do of\u00edcio em anexo, consistentes na pr\u00e1tica de atos il\u00edcitos e respectivos respons\u00e1veis, os quais merecem a devida apura\u00e7\u00e3o&#8221;, escreveu Toffoli, em of\u00edcio assinado na \u00faltima quinta-feira (7)<\/p>\n<p>O pedido de provid\u00eancias atende a pedido do pr\u00f3prio Gilmar Mendes, para quem n\u00e3o h\u00e1 nenhum fato concreto nos documentos revelados pela coluna Radar, da Revista Veja.<\/p>\n<p>A apura\u00e7\u00e3o da Receita afirma que o &#8220;tr\u00e1fico de influ\u00eancia normalmente se d\u00e1 pelo julgamento de a\u00e7\u00f5es advocat\u00edcias de escrit\u00f3rios ligados ao contribuinte ou seus parentes, onde o pr\u00f3prio magistrado ou um de seus pares facilita o julgamento&#8221;.<\/p>\n<p>No of\u00edcio enviado a Toffoli, Gilmar chama de &#8220;indevida&#8221; a divulga\u00e7\u00e3o de documentos, o que demanda, na vis\u00e3o do ministro, &#8220;cuidadosa&#8221; apura\u00e7\u00e3o administrativa e criminal. Segundo Gilmar, &#8220;fica claro&#8221; que o objetivo da apura\u00e7\u00e3o da Receita Federal possui &#8220;n\u00edtido vi\u00e9s de investiga\u00e7\u00e3o criminal&#8221; e &#8220;aparentemente transborda do rol de atribui\u00e7\u00f5es dos servidores&#8221;.<\/p>\n<p>Gilmar afirma que merece &#8220;pronto rep\u00fadio&#8221; o que chama de abuso de poder por agentes p\u00fablicos para &#8220;fins escusos&#8221;, &#8220;concretizado por meio de uma estrat\u00e9gia deliberada de ataque reputacional a alvos pr\u00e9-determinados&#8221;. O ministro tamb\u00e9m destaca que, at\u00e9 o momento, n\u00e3o recebeu qualquer intima\u00e7\u00e3o referente a suposta apura\u00e7\u00e3o criminal, e que tamb\u00e9m n\u00e3o teve acesso ao seu inteiro teor.<\/p>\n<p>&#8220;Referida casu\u00edstica, ali\u00e1s, n\u00e3o \u00e9 inovadora, nem contra minha pessoa nem contra outros membros do Poder Judici\u00e1rio, em especial em momentos em que a defesa de direitos individuais e de garantias constitucionais desagrada a determinados setores ou agentes&#8221;, alegou Gilmar Mendes a Toffoli.<\/p>\n","protected":false},"excerpt":{"rendered":"<p>O presidente do Supremo Tribunal Federal (STF), ministro Dias Toffoli, pediu ao ministro da Economia, Paulo Guedes, \u00e0 procuradora-geral da Rep\u00fablica, Raquel Dodge, e ao secret\u00e1rio da Receita Federal, Marcos Cintra, que adotem &#8220;provid\u00eancias cab\u00edveis&#8221; em torno de uma apura\u00e7\u00e3o de auditores fiscais da Receita Federal sobre poss\u00edveis fraudes de corrup\u00e7\u00e3o, lavagem de dinheiro, oculta\u00e7\u00e3o [&hellip;]<\/p>\n","protected":false},"author":2,"featured_media":133118,"comment_status":"closed","ping_status":"closed","sticky":false,"template":"","format":"standard","meta":{"_acf_changed":false,"footnotes":""},"categories":[16],"tags":[95],"class_list":["post-201881","post","type-post","status-publish","format-standard","has-post-thumbnail","hentry","category-brasil","tag-capa"],"acf":[],"yoast_head":"<!-- This site is optimized with the Yoast SEO plugin v27.2 - https:\/\/yoast.com\/product\/yoast-seo-wordpress\/ -->\n<title>Toffoli tenta barrar cerco \u00e0s contas de Gilmar - Notibras<\/title>\n<meta name=\"robots\" content=\"index, follow, max-snippet:-1, max-image-preview:large, max-video-preview:-1\" \/>\n<link rel=\"canonical\" href=\"https:\/\/www.notibras.com\/site\/toffoli-tenta-barrar-cerco-as-contas-de-gilmar\/\" \/>\n<meta property=\"og:locale\" content=\"pt_BR\" \/>\n<meta property=\"og:type\" content=\"article\" \/>\n<meta property=\"og:title\" content=\"Toffoli tenta barrar cerco \u00e0s contas de Gilmar - Notibras\" \/>\n<meta property=\"og:description\" content=\"O presidente do Supremo Tribunal Federal (STF), ministro Dias Toffoli, pediu ao ministro da Economia, Paulo Guedes, \u00e0 procuradora-geral da Rep\u00fablica, Raquel Dodge, e ao secret\u00e1rio da Receita Federal, Marcos Cintra, que adotem &#8220;provid\u00eancias cab\u00edveis&#8221; em torno de uma apura\u00e7\u00e3o de auditores fiscais da Receita Federal sobre poss\u00edveis fraudes de corrup\u00e7\u00e3o, lavagem de dinheiro, oculta\u00e7\u00e3o [&hellip;]\" \/>\n<meta property=\"og:url\" content=\"https:\/\/www.notibras.com\/site\/toffoli-tenta-barrar-cerco-as-contas-de-gilmar\/\" \/>\n<meta property=\"og:site_name\" content=\"Notibras\" \/>\n<meta property=\"article:publisher\" content=\"https:\/\/www.facebook.com\/notibras\/\" \/>\n<meta property=\"article:published_time\" content=\"2019-02-08T17:38:30+00:00\" \/>\n<meta property=\"article:modified_time\" content=\"2019-02-08T17:38:57+00:00\" \/>\n<meta property=\"og:image\" content=\"https:\/\/www.notibras.com\/site\/wp-content\/uploads\/2017\/03\/gilmar-mendes-2.jpg\" \/>\n\t<meta property=\"og:image:width\" content=\"960\" \/>\n\t<meta property=\"og:image:height\" content=\"640\" \/>\n\t<meta property=\"og:image:type\" content=\"image\/jpeg\" \/>\n<meta name=\"author\" content=\"Reda\u00e7\u00e3o\" \/>\n<meta name=\"twitter:card\" content=\"summary_large_image\" \/>\n<meta name=\"twitter:creator\" content=\"@Notibras\" \/>\n<meta name=\"twitter:site\" content=\"@Notibras\" \/>\n<meta name=\"twitter:label1\" content=\"Escrito por\" \/>\n\t<meta name=\"twitter:data1\" content=\"Reda\u00e7\u00e3o\" \/>\n\t<meta name=\"twitter:label2\" content=\"Est. tempo de leitura\" \/>\n\t<meta name=\"twitter:data2\" content=\"2 minutos\" \/>\n<script type=\"application\/ld+json\" class=\"yoast-schema-graph\">{\"@context\":\"https:\/\/schema.org\",\"@graph\":[{\"@type\":\"Article\",\"@id\":\"https:\/\/www.notibras.com\/site\/toffoli-tenta-barrar-cerco-as-contas-de-gilmar\/#article\",\"isPartOf\":{\"@id\":\"https:\/\/www.notibras.com\/site\/toffoli-tenta-barrar-cerco-as-contas-de-gilmar\/\"},\"author\":{\"name\":\"Reda\u00e7\u00e3o\",\"@id\":\"https:\/\/www.notibras.com\/site\/#\/schema\/person\/36ab0979449956132d3e5b517ea76ac8\"},\"headline\":\"Toffoli tenta barrar cerco \u00e0s contas de Gilmar\",\"datePublished\":\"2019-02-08T17:38:30+00:00\",\"dateModified\":\"2019-02-08T17:38:57+00:00\",\"mainEntityOfPage\":{\"@id\":\"https:\/\/www.notibras.com\/site\/toffoli-tenta-barrar-cerco-as-contas-de-gilmar\/\"},\"wordCount\":393,\"publisher\":{\"@id\":\"https:\/\/www.notibras.com\/site\/#organization\"},\"image\":{\"@id\":\"https:\/\/www.notibras.com\/site\/toffoli-tenta-barrar-cerco-as-contas-de-gilmar\/#primaryimage\"},\"thumbnailUrl\":\"https:\/\/www.notibras.com\/site\/wp-content\/uploads\/2017\/03\/gilmar-mendes-2.jpg\",\"keywords\":[\"capa\"],\"articleSection\":[\"Brasil\"],\"inLanguage\":\"pt-BR\"},{\"@type\":\"WebPage\",\"@id\":\"https:\/\/www.notibras.com\/site\/toffoli-tenta-barrar-cerco-as-contas-de-gilmar\/\",\"url\":\"https:\/\/www.notibras.com\/site\/toffoli-tenta-barrar-cerco-as-contas-de-gilmar\/\",\"name\":\"Toffoli tenta barrar cerco \u00e0s contas de Gilmar - Notibras\",\"isPartOf\":{\"@id\":\"https:\/\/www.notibras.com\/site\/#website\"},\"primaryImageOfPage\":{\"@id\":\"https:\/\/www.notibras.com\/site\/toffoli-tenta-barrar-cerco-as-contas-de-gilmar\/#primaryimage\"},\"image\":{\"@id\":\"https:\/\/www.notibras.com\/site\/toffoli-tenta-barrar-cerco-as-contas-de-gilmar\/#primaryimage\"},\"thumbnailUrl\":\"https:\/\/www.notibras.com\/site\/wp-content\/uploads\/2017\/03\/gilmar-mendes-2.jpg\",\"datePublished\":\"2019-02-08T17:38:30+00:00\",\"dateModified\":\"2019-02-08T17:38:57+00:00\",\"breadcrumb\":{\"@id\":\"https:\/\/www.notibras.com\/site\/toffoli-tenta-barrar-cerco-as-contas-de-gilmar\/#breadcrumb\"},\"inLanguage\":\"pt-BR\",\"potentialAction\":[{\"@type\":\"ReadAction\",\"target\":[\"https:\/\/www.notibras.com\/site\/toffoli-tenta-barrar-cerco-as-contas-de-gilmar\/\"]}]},{\"@type\":\"ImageObject\",\"inLanguage\":\"pt-BR\",\"@id\":\"https:\/\/www.notibras.com\/site\/toffoli-tenta-barrar-cerco-as-contas-de-gilmar\/#primaryimage\",\"url\":\"https:\/\/www.notibras.com\/site\/wp-content\/uploads\/2017\/03\/gilmar-mendes-2.jpg\",\"contentUrl\":\"https:\/\/www.notibras.com\/site\/wp-content\/uploads\/2017\/03\/gilmar-mendes-2.jpg\",\"width\":960,\"height\":640,\"caption\":\"Foto\/Arquivo Notibras\"},{\"@type\":\"BreadcrumbList\",\"@id\":\"https:\/\/www.notibras.com\/site\/toffoli-tenta-barrar-cerco-as-contas-de-gilmar\/#breadcrumb\",\"itemListElement\":[{\"@type\":\"ListItem\",\"position\":1,\"name\":\"In\u00edcio\",\"item\":\"https:\/\/www.notibras.com\/site\/\"},{\"@type\":\"ListItem\",\"position\":2,\"name\":\"Toffoli tenta barrar cerco \u00e0s contas de Gilmar\"}]},{\"@type\":\"WebSite\",\"@id\":\"https:\/\/www.notibras.com\/site\/#website\",\"url\":\"https:\/\/www.notibras.com\/site\/\",\"name\":\"Notibras\",\"description\":\"Not\u00edcias de Bras\u00edlia, do Brasil e do Mundo\",\"publisher\":{\"@id\":\"https:\/\/www.notibras.com\/site\/#organization\"},\"potentialAction\":[{\"@type\":\"SearchAction\",\"target\":{\"@type\":\"EntryPoint\",\"urlTemplate\":\"https:\/\/www.notibras.com\/site\/?s={search_term_string}\"},\"query-input\":{\"@type\":\"PropertyValueSpecification\",\"valueRequired\":true,\"valueName\":\"search_term_string\"}}],\"inLanguage\":\"pt-BR\"},{\"@type\":\"Organization\",\"@id\":\"https:\/\/www.notibras.com\/site\/#organization\",\"name\":\"Grupo Notibras de Comunica\u00e7\u00e3o\",\"url\":\"https:\/\/www.notibras.com\/site\/\",\"logo\":{\"@type\":\"ImageObject\",\"inLanguage\":\"pt-BR\",\"@id\":\"https:\/\/www.notibras.com\/site\/#\/schema\/logo\/image\/\",\"url\":\"https:\/\/www.notibras.com\/site\/wp-content\/uploads\/2023\/01\/notibras23.png\",\"contentUrl\":\"https:\/\/www.notibras.com\/site\/wp-content\/uploads\/2023\/01\/notibras23.png\",\"width\":350,\"height\":87,\"caption\":\"Grupo Notibras de Comunica\u00e7\u00e3o\"},\"image\":{\"@id\":\"https:\/\/www.notibras.com\/site\/#\/schema\/logo\/image\/\"},\"sameAs\":[\"https:\/\/www.facebook.com\/notibras\/\",\"https:\/\/x.com\/Notibras\",\"https:\/\/www.instagram.com\/notibras\/\"]},{\"@type\":\"Person\",\"@id\":\"https:\/\/www.notibras.com\/site\/#\/schema\/person\/36ab0979449956132d3e5b517ea76ac8\",\"name\":\"Reda\u00e7\u00e3o\",\"image\":{\"@type\":\"ImageObject\",\"inLanguage\":\"pt-BR\",\"@id\":\"https:\/\/secure.gravatar.com\/avatar\/e0a867bdedb85fd243eadf09663511f96fc81e0720a4a42581f334ad4303aa6b?s=96&d=mm&r=g\",\"url\":\"https:\/\/secure.gravatar.com\/avatar\/e0a867bdedb85fd243eadf09663511f96fc81e0720a4a42581f334ad4303aa6b?s=96&d=mm&r=g\",\"contentUrl\":\"https:\/\/secure.gravatar.com\/avatar\/e0a867bdedb85fd243eadf09663511f96fc81e0720a4a42581f334ad4303aa6b?s=96&d=mm&r=g\",\"caption\":\"Reda\u00e7\u00e3o\"}}]}<\/script>\n<!-- \/ Yoast SEO plugin. -->","yoast_head_json":{"title":"Toffoli tenta barrar cerco \u00e0s contas de Gilmar - Notibras","robots":{"index":"index","follow":"follow","max-snippet":"max-snippet:-1","max-image-preview":"max-image-preview:large","max-video-preview":"max-video-preview:-1"},"canonical":"https:\/\/www.notibras.com\/site\/toffoli-tenta-barrar-cerco-as-contas-de-gilmar\/","og_locale":"pt_BR","og_type":"article","og_title":"Toffoli tenta barrar cerco \u00e0s contas de Gilmar - Notibras","og_description":"O presidente do Supremo Tribunal Federal (STF), ministro Dias Toffoli, pediu ao ministro da Economia, Paulo Guedes, \u00e0 procuradora-geral da Rep\u00fablica, Raquel Dodge, e ao secret\u00e1rio da Receita Federal, Marcos Cintra, que adotem &#8220;provid\u00eancias cab\u00edveis&#8221; em torno de uma apura\u00e7\u00e3o de auditores fiscais da Receita Federal sobre poss\u00edveis fraudes de corrup\u00e7\u00e3o, lavagem de dinheiro, oculta\u00e7\u00e3o [&hellip;]","og_url":"https:\/\/www.notibras.com\/site\/toffoli-tenta-barrar-cerco-as-contas-de-gilmar\/","og_site_name":"Notibras","article_publisher":"https:\/\/www.facebook.com\/notibras\/","article_published_time":"2019-02-08T17:38:30+00:00","article_modified_time":"2019-02-08T17:38:57+00:00","og_image":[{"width":960,"height":640,"url":"https:\/\/www.notibras.com\/site\/wp-content\/uploads\/2017\/03\/gilmar-mendes-2.jpg","type":"image\/jpeg"}],"author":"Reda\u00e7\u00e3o","twitter_card":"summary_large_image","twitter_creator":"@Notibras","twitter_site":"@Notibras","twitter_misc":{"Escrito por":"Reda\u00e7\u00e3o","Est. tempo de leitura":"2 minutos"},"schema":{"@context":"https:\/\/schema.org","@graph":[{"@type":"Article","@id":"https:\/\/www.notibras.com\/site\/toffoli-tenta-barrar-cerco-as-contas-de-gilmar\/#article","isPartOf":{"@id":"https:\/\/www.notibras.com\/site\/toffoli-tenta-barrar-cerco-as-contas-de-gilmar\/"},"author":{"name":"Reda\u00e7\u00e3o","@id":"https:\/\/www.notibras.com\/site\/#\/schema\/person\/36ab0979449956132d3e5b517ea76ac8"},"headline":"Toffoli tenta barrar cerco \u00e0s contas de Gilmar","datePublished":"2019-02-08T17:38:30+00:00","dateModified":"2019-02-08T17:38:57+00:00","mainEntityOfPage":{"@id":"https:\/\/www.notibras.com\/site\/toffoli-tenta-barrar-cerco-as-contas-de-gilmar\/"},"wordCount":393,"publisher":{"@id":"https:\/\/www.notibras.com\/site\/#organization"},"image":{"@id":"https:\/\/www.notibras.com\/site\/toffoli-tenta-barrar-cerco-as-contas-de-gilmar\/#primaryimage"},"thumbnailUrl":"https:\/\/www.notibras.com\/site\/wp-content\/uploads\/2017\/03\/gilmar-mendes-2.jpg","keywords":["capa"],"articleSection":["Brasil"],"inLanguage":"pt-BR"},{"@type":"WebPage","@id":"https:\/\/www.notibras.com\/site\/toffoli-tenta-barrar-cerco-as-contas-de-gilmar\/","url":"https:\/\/www.notibras.com\/site\/toffoli-tenta-barrar-cerco-as-contas-de-gilmar\/","name":"Toffoli tenta barrar cerco \u00e0s contas de Gilmar - Notibras","isPartOf":{"@id":"https:\/\/www.notibras.com\/site\/#website"},"primaryImageOfPage":{"@id":"https:\/\/www.notibras.com\/site\/toffoli-tenta-barrar-cerco-as-contas-de-gilmar\/#primaryimage"},"image":{"@id":"https:\/\/www.notibras.com\/site\/toffoli-tenta-barrar-cerco-as-contas-de-gilmar\/#primaryimage"},"thumbnailUrl":"https:\/\/www.notibras.com\/site\/wp-content\/uploads\/2017\/03\/gilmar-mendes-2.jpg","datePublished":"2019-02-08T17:38:30+00:00","dateModified":"2019-02-08T17:38:57+00:00","breadcrumb":{"@id":"https:\/\/www.notibras.com\/site\/toffoli-tenta-barrar-cerco-as-contas-de-gilmar\/#breadcrumb"},"inLanguage":"pt-BR","potentialAction":[{"@type":"ReadAction","target":["https:\/\/www.notibras.com\/site\/toffoli-tenta-barrar-cerco-as-contas-de-gilmar\/"]}]},{"@type":"ImageObject","inLanguage":"pt-BR","@id":"https:\/\/www.notibras.com\/site\/toffoli-tenta-barrar-cerco-as-contas-de-gilmar\/#primaryimage","url":"https:\/\/www.notibras.com\/site\/wp-content\/uploads\/2017\/03\/gilmar-mendes-2.jpg","contentUrl":"https:\/\/www.notibras.com\/site\/wp-content\/uploads\/2017\/03\/gilmar-mendes-2.jpg","width":960,"height":640,"caption":"Foto\/Arquivo Notibras"},{"@type":"BreadcrumbList","@id":"https:\/\/www.notibras.com\/site\/toffoli-tenta-barrar-cerco-as-contas-de-gilmar\/#breadcrumb","itemListElement":[{"@type":"ListItem","position":1,"name":"In\u00edcio","item":"https:\/\/www.notibras.com\/site\/"},{"@type":"ListItem","position":2,"name":"Toffoli tenta barrar cerco \u00e0s contas de Gilmar"}]},{"@type":"WebSite","@id":"https:\/\/www.notibras.com\/site\/#website","url":"https:\/\/www.notibras.com\/site\/","name":"Notibras","description":"Not\u00edcias de Bras\u00edlia, do Brasil e do Mundo","publisher":{"@id":"https:\/\/www.notibras.com\/site\/#organization"},"potentialAction":[{"@type":"SearchAction","target":{"@type":"EntryPoint","urlTemplate":"https:\/\/www.notibras.com\/site\/?s={search_term_string}"},"query-input":{"@type":"PropertyValueSpecification","valueRequired":true,"valueName":"search_term_string"}}],"inLanguage":"pt-BR"},{"@type":"Organization","@id":"https:\/\/www.notibras.com\/site\/#organization","name":"Grupo Notibras de Comunica\u00e7\u00e3o","url":"https:\/\/www.notibras.com\/site\/","logo":{"@type":"ImageObject","inLanguage":"pt-BR","@id":"https:\/\/www.notibras.com\/site\/#\/schema\/logo\/image\/","url":"https:\/\/www.notibras.com\/site\/wp-content\/uploads\/2023\/01\/notibras23.png","contentUrl":"https:\/\/www.notibras.com\/site\/wp-content\/uploads\/2023\/01\/notibras23.png","width":350,"height":87,"caption":"Grupo Notibras de Comunica\u00e7\u00e3o"},"image":{"@id":"https:\/\/www.notibras.com\/site\/#\/schema\/logo\/image\/"},"sameAs":["https:\/\/www.facebook.com\/notibras\/","https:\/\/x.com\/Notibras","https:\/\/www.instagram.com\/notibras\/"]},{"@type":"Person","@id":"https:\/\/www.notibras.com\/site\/#\/schema\/person\/36ab0979449956132d3e5b517ea76ac8","name":"Reda\u00e7\u00e3o","image":{"@type":"ImageObject","inLanguage":"pt-BR","@id":"https:\/\/secure.gravatar.com\/avatar\/e0a867bdedb85fd243eadf09663511f96fc81e0720a4a42581f334ad4303aa6b?s=96&d=mm&r=g","url":"https:\/\/secure.gravatar.com\/avatar\/e0a867bdedb85fd243eadf09663511f96fc81e0720a4a42581f334ad4303aa6b?s=96&d=mm&r=g","contentUrl":"https:\/\/secure.gravatar.com\/avatar\/e0a867bdedb85fd243eadf09663511f96fc81e0720a4a42581f334ad4303aa6b?s=96&d=mm&r=g","caption":"Reda\u00e7\u00e3o"}}]}},"amp_enabled":true,"_links":{"self":[{"href":"https:\/\/www.notibras.com\/site\/wp-json\/wp\/v2\/posts\/201881","targetHints":{"allow":["GET"]}}],"collection":[{"href":"https:\/\/www.notibras.com\/site\/wp-json\/wp\/v2\/posts"}],"about":[{"href":"https:\/\/www.notibras.com\/site\/wp-json\/wp\/v2\/types\/post"}],"author":[{"embeddable":true,"href":"https:\/\/www.notibras.com\/site\/wp-json\/wp\/v2\/users\/2"}],"replies":[{"embeddable":true,"href":"https:\/\/www.notibras.com\/site\/wp-json\/wp\/v2\/comments?post=201881"}],"version-history":[{"count":1,"href":"https:\/\/www.notibras.com\/site\/wp-json\/wp\/v2\/posts\/201881\/revisions"}],"predecessor-version":[{"id":201882,"href":"https:\/\/www.notibras.com\/site\/wp-json\/wp\/v2\/posts\/201881\/revisions\/201882"}],"wp:featuredmedia":[{"embeddable":true,"href":"https:\/\/www.notibras.com\/site\/wp-json\/wp\/v2\/media\/133118"}],"wp:attachment":[{"href":"https:\/\/www.notibras.com\/site\/wp-json\/wp\/v2\/media?parent=201881"}],"wp:term":[{"taxonomy":"category","embeddable":true,"href":"https:\/\/www.notibras.com\/site\/wp-json\/wp\/v2\/categories?post=201881"},{"taxonomy":"post_tag","embeddable":true,"href":"https:\/\/www.notibras.com\/site\/wp-json\/wp\/v2\/tags?post=201881"}],"curies":[{"name":"wp","href":"https:\/\/api.w.org\/{rel}","templated":true}]}}