{"id":201883,"date":"2019-02-08T16:00:16","date_gmt":"2019-02-08T18:00:16","guid":{"rendered":"https:\/\/www.notibras.com\/site\/?p=201883"},"modified":"2019-02-08T19:53:06","modified_gmt":"2019-02-08T21:53:06","slug":"bebbiano-mourao-e-tres-bolsonaros-seguram-o-tranco","status":"publish","type":"post","link":"https:\/\/www.notibras.com\/site\/bebbiano-mourao-e-tres-bolsonaros-seguram-o-tranco\/","title":{"rendered":"Bebianno, Mour\u00e3o e tr\u00eas filhos seguram o tranco"},"content":{"rendered":"<p>Jair Bolsonaro poder\u00e1 inspirar o enredo de uma telenovela. Ele e seus guardi\u00f5es. A trajet\u00f3ria de sucesso do presidente, hoje internado em S\u00e3o Paulo, passa por nomes de relevante import\u00e2ncia, com caracter\u00edsticas de bons combatentes.<\/p>\n<p>O primeiro \u00e9 Gustavo Bebianno, advogado e mestre em jiu-jitsu, que convidou para o tatame Paulo Cotrin, diretor interino do Hospital Federal de Bonsucesso, Zona Norte do Rio de Janeiro.<\/p>\n<p>A situa\u00e7\u00e3o daquela unidade de sa\u00fade j\u00e1 era investigada no fim de 2018, ainda durante o governo de transi\u00e7\u00e3o. Os servi\u00e7os de intelig\u00eancia haviam fornecido fortes ind\u00edcios de que ali a mil\u00edcia organizava a fila de pacientes de acordo com a agenda do crime. E muito provavelmente eleitoral.<\/p>\n<p>Bebianno, atual ministro da Secretaria-Geral da Presid\u00eancia da Rep\u00fablica, reservou a informa\u00e7\u00e3o at\u00e9 a quinta-feira, 7, quando foi enf\u00e1tico no encontro com o dirigente hospitalar interino, afirmando que se a solu\u00e7\u00e3o n\u00e3o vier pelo amor, vir\u00e1 pela dor.<\/p>\n<p>O Hospital de Bonsucesso era comandado oficiosamente pelo deputado federal Wilson Beserra (MDB-RJ) que nomeou para cargos no hospital parentes e amigos origin\u00e1rios da cidade de Serop\u00e9dica, munic\u00edpio carioca e seu reduto eleitoral, inclusive, a diretora da institui\u00e7\u00e3o que deu uma festa entre pacientes moribundos, ratos e baratas, para comemorar os 70 anos daquela unidade. Com espumante oferecido pelo deputado. A balada da beldade custou R$ 150 mil, onde n\u00e3o h\u00e1 nem esparadrapo. Pagos pelo contribuinte.<\/p>\n<p>Entre mortos e feridos jogados nos corredores, chegou de surpresa o ministro da Sa\u00fade, Luiz Mandetta, para uma inspe\u00e7\u00e3o. Com a exonera\u00e7\u00e3o da diretora de Beserra do cargo, Luana Camargo, farmac\u00eautica cujas \u00fanicas experi\u00eancias foram as selfies para o Facebook da festa-deboche que promoveu e o balc\u00e3o da farm\u00e1cia do postinho de sa\u00fade de Serop\u00e9dica onde atendia, a realidade veio \u00e0 tona.<\/p>\n<p>O ministro Bebianno, ent\u00e3o, questionou as amea\u00e7as que a miss\u00e3o oficial de investiga\u00e7\u00e3o recebeu de poss\u00edveis milicianos, afirmando que a campanha de Bolsonaro foi cercada de sangue, suor e l\u00e1grimas, mas que ainda assim alcan\u00e7ou seu objetivo. Uma resposta \u00e0s amea\u00e7as recebidas de que os agentes do governo poderiam sair de Bonsucesso com sangue nos jalecos.<\/p>\n<p>O que poucos sabem \u00e9 que Gustavo Bebianno foi o respons\u00e1vel por viabilizar a campanha de Jair Bolsonaro, ao resolver uma quest\u00e3o partid\u00e1ria complexa, que poderia at\u00e9 impedir a disputa eleitoral. Assumiu o Partido Social Liberal \u2013 PSL, onde abrigou o presidente que estava sem partido no in\u00edcio de 2018, quando tinha apenas 17% das inten\u00e7\u00f5es de votos. E o PSL sequer tinha representa\u00e7\u00e3o no Congresso Nacional.<\/p>\n<p>Bebianno devolveu o partido no fim de 2018 ao seu fundador, deputado federal Luciano Bivar (PE), com 3 senadores e 52 deputados federais, dezenas de deputados estaduais e distrital eleitos, a maior virada partid\u00e1ria da hist\u00f3ria brasileira. De quebra, esmagou a tradicional situa\u00e7\u00e3o de esquerda, centro e direita, que dominava o parlamento h\u00e1 d\u00e9cadas. Bebianno, portanto, n\u00e3o precisa de credenciais para enfrentar adversidades.<\/p>\n<p>Outro guardi\u00e3o \u00e9 o general Hamilton Mour\u00e3o (PRTB-RJ), vice-presidente, com grande espa\u00e7o na m\u00eddia partid\u00e1ria advers\u00e1ria, por suas declara\u00e7\u00f5es pol\u00eamicas. Uma delas, quando ele quis dizer que o brasileiro herdou a serenidade dos ind\u00edgenas e a ast\u00facia dos negros.<\/p>\n<p>Entretanto, o general, que reconhece na sua origem sangue ind\u00edgena e negro, empregou os substantivos \u201cindol\u00eancia\u201d e \u201cmalandragem\u201d, respectivamente. Para del\u00edrio dos opositores e movimentos n\u00e3o governamentais esquerdopatas. Mas assim ele \u00e9.<\/p>\n<p>Al\u00e9m de Bebianno e Mour\u00e3o, cercam o presidente Bolsonaro outros generais, entre eles, Augusto Heleno, Carlos Santos Cruz e Fernando Azevedo e Silva. Todos combativos e cientes dos seus espa\u00e7os.<\/p>\n<p>Existe o bloco dom\u00e9stico tamb\u00e9m. Ali\u00e1s, muito dom\u00e9stico, formado pelos filhos do capit\u00e3o: Eduardo, 34, deputado federal mais votado do Brasil, Carlos, 35, vereador no Rio de Janeiro desde os 17 anos (5 mandatos) e Fl\u00e1vio, 37, eleito senador (RJ) com 4,2 milh\u00f5es de votos.<\/p>\n<p>A safra faz inveja aos pol\u00edticos tradicionais que fizeram de seus filhos pol\u00edticos de menor sucesso. Bolsonaro fez tr\u00eas e tem mais dois na reserva t\u00e9cnica.<\/p>\n<p>Mas nem tudo \u00e9 primavera. Pessoas pr\u00f3ximas aos churrascos da fam\u00edlia na Barra da Tijuca, afirmam que as presen\u00e7as de Bebianno e Mour\u00e3o no Pal\u00e1cio do Planalto incomodam, por vezes, a prole pol\u00edtica do presidente.<\/p>\n<p>No momento em que o comandante do Brasil est\u00e1 cumprindo uma interna\u00e7\u00e3o estendida e compuls\u00f3ria, em virtude de sucessivas cirurgias, h\u00e1 a necessidade de manter o funcionamento da gigantesca m\u00e1quina governamental, que n\u00e3o pode parar.<\/p>\n<p>O general e vice-presidente Hamilton Mour\u00e3o \u00e9 o substituto imediato da cadeira N\u00famero 1 do Planalto. Para dar celeridade aos projetos de reforma que s\u00e3o urgentes, Mour\u00e3o deveria cumprir maior alcance na governan\u00e7a e n\u00e3o deixar que o impedimento do presidente, nesses primeiros dias de funcionamento do Congresso Nacional, retenha as tratativas e os processos nas \u00e1reas da Previd\u00eancia, do Trabalho e da Seguran\u00e7a, compromissos de campanha.<\/p>\n<p>A previs\u00e3o de que o presidente estaria despachando imediatamente ap\u00f3s a terceira cirurgia, em 28 de janeiro \u00faltimo, n\u00e3o foi cumprida. Ap\u00f3s 11 dias de atraso e diagnosticada uma pneumonia que prorroga sua interna\u00e7\u00e3o, ele ficar\u00e1 no estaleiro mais uma semana. Na melhor das hip\u00f3teses. \u00c9 muito tempo de aus\u00eancia das atividades executivas.<\/p>\n<p>Se o julgamento que fazem do vice Mour\u00e3o for subproduto de suas pol\u00eamicas declara\u00e7\u00f5es, ent\u00e3o os tr\u00eas herdeiros n\u00e3o t\u00eam muito do que falar. Mour\u00e3o certamente n\u00e3o vai soprar a casinha at\u00e9 cair. Foi Bolsonaro quem inaugurou e \u00e9 pioneiro no vocabul\u00e1rio que o consagrou: direto, \u00e1cido, verdadeiro, por vezes grosseiro, odiado pela imprensa e amado pela maioria dos brasileiros.<\/p>\n<p>Se Mour\u00e3o segue a mesma linha, certamente estilo igual est\u00e1 no DNA dos prod\u00edgios Eduardo, Carlos e Fl\u00e1vio.<\/p>\n<p>Antes que a oposi\u00e7\u00e3o e a imprensa inimiga consolidem a f\u00e1bula de que h\u00e1 resist\u00eancia dos tr\u00eas irm\u00e3os ao vice-presidente, especialmente na imediata substitui\u00e7\u00e3o ao presidente Bolsonaro durante o longo per\u00edodo de sua recupera\u00e7\u00e3o, \u00e9 recomend\u00e1vel pensar mais no Brasil que n\u00e3o pode parar.<\/p>\n<p>Se a intriga da oposi\u00e7\u00e3o for procedente, \u00e9 preciso saber com urg\u00eancia qual deles \u00e9 o Pr\u00e1tico.<\/p>\n","protected":false},"excerpt":{"rendered":"<p>Jair Bolsonaro poder\u00e1 inspirar o enredo de uma telenovela. Ele e seus guardi\u00f5es. A trajet\u00f3ria de sucesso do presidente, hoje internado em S\u00e3o Paulo, passa por nomes de relevante import\u00e2ncia, com caracter\u00edsticas de bons combatentes. O primeiro \u00e9 Gustavo Bebianno, advogado e mestre em jiu-jitsu, que convidou para o tatame Paulo Cotrin, diretor interino do [&hellip;]<\/p>\n","protected":false},"author":2,"featured_media":201884,"comment_status":"closed","ping_status":"closed","sticky":false,"template":"","format":"standard","meta":{"_acf_changed":false,"footnotes":""},"categories":[16],"tags":[95],"class_list":["post-201883","post","type-post","status-publish","format-standard","has-post-thumbnail","hentry","category-brasil","tag-capa"],"acf":[],"yoast_head":"<!-- This site is optimized with the Yoast SEO plugin v27.2 - https:\/\/yoast.com\/product\/yoast-seo-wordpress\/ -->\n<title>Bebianno, Mour\u00e3o e tr\u00eas filhos seguram o tranco - Notibras<\/title>\n<meta name=\"robots\" content=\"index, follow, max-snippet:-1, max-image-preview:large, max-video-preview:-1\" \/>\n<link rel=\"canonical\" href=\"https:\/\/www.notibras.com\/site\/bebbiano-mourao-e-tres-bolsonaros-seguram-o-tranco\/\" \/>\n<meta property=\"og:locale\" content=\"pt_BR\" \/>\n<meta property=\"og:type\" content=\"article\" \/>\n<meta property=\"og:title\" content=\"Bebianno, Mour\u00e3o e tr\u00eas filhos seguram o tranco - Notibras\" \/>\n<meta property=\"og:description\" content=\"Jair Bolsonaro poder\u00e1 inspirar o enredo de uma telenovela. Ele e seus guardi\u00f5es. A trajet\u00f3ria de sucesso do presidente, hoje internado em S\u00e3o Paulo, passa por nomes de relevante import\u00e2ncia, com caracter\u00edsticas de bons combatentes. O primeiro \u00e9 Gustavo Bebianno, advogado e mestre em jiu-jitsu, que convidou para o tatame Paulo Cotrin, diretor interino do [&hellip;]\" \/>\n<meta property=\"og:url\" content=\"https:\/\/www.notibras.com\/site\/bebbiano-mourao-e-tres-bolsonaros-seguram-o-tranco\/\" \/>\n<meta property=\"og:site_name\" content=\"Notibras\" \/>\n<meta property=\"article:publisher\" content=\"https:\/\/www.facebook.com\/notibras\/\" \/>\n<meta property=\"article:published_time\" content=\"2019-02-08T18:00:16+00:00\" \/>\n<meta property=\"article:modified_time\" content=\"2019-02-08T21:53:06+00:00\" \/>\n<meta property=\"og:image\" content=\"https:\/\/www.notibras.com\/site\/wp-content\/uploads\/2019\/02\/bebbiano.8.jpg\" \/>\n\t<meta property=\"og:image:width\" content=\"1140\" \/>\n\t<meta property=\"og:image:height\" content=\"760\" \/>\n\t<meta property=\"og:image:type\" content=\"image\/jpeg\" \/>\n<meta name=\"author\" content=\"Reda\u00e7\u00e3o\" \/>\n<meta name=\"twitter:card\" content=\"summary_large_image\" \/>\n<meta name=\"twitter:creator\" content=\"@Notibras\" \/>\n<meta name=\"twitter:site\" content=\"@Notibras\" \/>\n<meta name=\"twitter:label1\" content=\"Escrito por\" \/>\n\t<meta name=\"twitter:data1\" content=\"Reda\u00e7\u00e3o\" \/>\n\t<meta name=\"twitter:label2\" content=\"Est. tempo de leitura\" \/>\n\t<meta name=\"twitter:data2\" content=\"5 minutos\" \/>\n<script type=\"application\/ld+json\" class=\"yoast-schema-graph\">{\"@context\":\"https:\/\/schema.org\",\"@graph\":[{\"@type\":\"Article\",\"@id\":\"https:\/\/www.notibras.com\/site\/bebbiano-mourao-e-tres-bolsonaros-seguram-o-tranco\/#article\",\"isPartOf\":{\"@id\":\"https:\/\/www.notibras.com\/site\/bebbiano-mourao-e-tres-bolsonaros-seguram-o-tranco\/\"},\"author\":{\"name\":\"Reda\u00e7\u00e3o\",\"@id\":\"https:\/\/www.notibras.com\/site\/#\/schema\/person\/36ab0979449956132d3e5b517ea76ac8\"},\"headline\":\"Bebianno, Mour\u00e3o e tr\u00eas filhos seguram o tranco\",\"datePublished\":\"2019-02-08T18:00:16+00:00\",\"dateModified\":\"2019-02-08T21:53:06+00:00\",\"mainEntityOfPage\":{\"@id\":\"https:\/\/www.notibras.com\/site\/bebbiano-mourao-e-tres-bolsonaros-seguram-o-tranco\/\"},\"wordCount\":1085,\"publisher\":{\"@id\":\"https:\/\/www.notibras.com\/site\/#organization\"},\"image\":{\"@id\":\"https:\/\/www.notibras.com\/site\/bebbiano-mourao-e-tres-bolsonaros-seguram-o-tranco\/#primaryimage\"},\"thumbnailUrl\":\"https:\/\/www.notibras.com\/site\/wp-content\/uploads\/2019\/02\/bebbiano.8.jpg\",\"keywords\":[\"capa\"],\"articleSection\":[\"Brasil\"],\"inLanguage\":\"pt-BR\"},{\"@type\":\"WebPage\",\"@id\":\"https:\/\/www.notibras.com\/site\/bebbiano-mourao-e-tres-bolsonaros-seguram-o-tranco\/\",\"url\":\"https:\/\/www.notibras.com\/site\/bebbiano-mourao-e-tres-bolsonaros-seguram-o-tranco\/\",\"name\":\"Bebianno, Mour\u00e3o e tr\u00eas filhos seguram o tranco - Notibras\",\"isPartOf\":{\"@id\":\"https:\/\/www.notibras.com\/site\/#website\"},\"primaryImageOfPage\":{\"@id\":\"https:\/\/www.notibras.com\/site\/bebbiano-mourao-e-tres-bolsonaros-seguram-o-tranco\/#primaryimage\"},\"image\":{\"@id\":\"https:\/\/www.notibras.com\/site\/bebbiano-mourao-e-tres-bolsonaros-seguram-o-tranco\/#primaryimage\"},\"thumbnailUrl\":\"https:\/\/www.notibras.com\/site\/wp-content\/uploads\/2019\/02\/bebbiano.8.jpg\",\"datePublished\":\"2019-02-08T18:00:16+00:00\",\"dateModified\":\"2019-02-08T21:53:06+00:00\",\"breadcrumb\":{\"@id\":\"https:\/\/www.notibras.com\/site\/bebbiano-mourao-e-tres-bolsonaros-seguram-o-tranco\/#breadcrumb\"},\"inLanguage\":\"pt-BR\",\"potentialAction\":[{\"@type\":\"ReadAction\",\"target\":[\"https:\/\/www.notibras.com\/site\/bebbiano-mourao-e-tres-bolsonaros-seguram-o-tranco\/\"]}]},{\"@type\":\"ImageObject\",\"inLanguage\":\"pt-BR\",\"@id\":\"https:\/\/www.notibras.com\/site\/bebbiano-mourao-e-tres-bolsonaros-seguram-o-tranco\/#primaryimage\",\"url\":\"https:\/\/www.notibras.com\/site\/wp-content\/uploads\/2019\/02\/bebbiano.8.jpg\",\"contentUrl\":\"https:\/\/www.notibras.com\/site\/wp-content\/uploads\/2019\/02\/bebbiano.8.jpg\",\"width\":1140,\"height\":760,\"caption\":\"Foto: Valter Campanato\/ABr\"},{\"@type\":\"BreadcrumbList\",\"@id\":\"https:\/\/www.notibras.com\/site\/bebbiano-mourao-e-tres-bolsonaros-seguram-o-tranco\/#breadcrumb\",\"itemListElement\":[{\"@type\":\"ListItem\",\"position\":1,\"name\":\"In\u00edcio\",\"item\":\"https:\/\/www.notibras.com\/site\/\"},{\"@type\":\"ListItem\",\"position\":2,\"name\":\"Bebianno, Mour\u00e3o e tr\u00eas filhos seguram o tranco\"}]},{\"@type\":\"WebSite\",\"@id\":\"https:\/\/www.notibras.com\/site\/#website\",\"url\":\"https:\/\/www.notibras.com\/site\/\",\"name\":\"Notibras\",\"description\":\"Not\u00edcias de Bras\u00edlia, do Brasil e do Mundo\",\"publisher\":{\"@id\":\"https:\/\/www.notibras.com\/site\/#organization\"},\"potentialAction\":[{\"@type\":\"SearchAction\",\"target\":{\"@type\":\"EntryPoint\",\"urlTemplate\":\"https:\/\/www.notibras.com\/site\/?s={search_term_string}\"},\"query-input\":{\"@type\":\"PropertyValueSpecification\",\"valueRequired\":true,\"valueName\":\"search_term_string\"}}],\"inLanguage\":\"pt-BR\"},{\"@type\":\"Organization\",\"@id\":\"https:\/\/www.notibras.com\/site\/#organization\",\"name\":\"Grupo Notibras de Comunica\u00e7\u00e3o\",\"url\":\"https:\/\/www.notibras.com\/site\/\",\"logo\":{\"@type\":\"ImageObject\",\"inLanguage\":\"pt-BR\",\"@id\":\"https:\/\/www.notibras.com\/site\/#\/schema\/logo\/image\/\",\"url\":\"https:\/\/www.notibras.com\/site\/wp-content\/uploads\/2023\/01\/notibras23.png\",\"contentUrl\":\"https:\/\/www.notibras.com\/site\/wp-content\/uploads\/2023\/01\/notibras23.png\",\"width\":350,\"height\":87,\"caption\":\"Grupo Notibras de Comunica\u00e7\u00e3o\"},\"image\":{\"@id\":\"https:\/\/www.notibras.com\/site\/#\/schema\/logo\/image\/\"},\"sameAs\":[\"https:\/\/www.facebook.com\/notibras\/\",\"https:\/\/x.com\/Notibras\",\"https:\/\/www.instagram.com\/notibras\/\"]},{\"@type\":\"Person\",\"@id\":\"https:\/\/www.notibras.com\/site\/#\/schema\/person\/36ab0979449956132d3e5b517ea76ac8\",\"name\":\"Reda\u00e7\u00e3o\",\"image\":{\"@type\":\"ImageObject\",\"inLanguage\":\"pt-BR\",\"@id\":\"https:\/\/secure.gravatar.com\/avatar\/e0a867bdedb85fd243eadf09663511f96fc81e0720a4a42581f334ad4303aa6b?s=96&d=mm&r=g\",\"url\":\"https:\/\/secure.gravatar.com\/avatar\/e0a867bdedb85fd243eadf09663511f96fc81e0720a4a42581f334ad4303aa6b?s=96&d=mm&r=g\",\"contentUrl\":\"https:\/\/secure.gravatar.com\/avatar\/e0a867bdedb85fd243eadf09663511f96fc81e0720a4a42581f334ad4303aa6b?s=96&d=mm&r=g\",\"caption\":\"Reda\u00e7\u00e3o\"}}]}<\/script>\n<!-- \/ Yoast SEO plugin. -->","yoast_head_json":{"title":"Bebianno, Mour\u00e3o e tr\u00eas filhos seguram o tranco - Notibras","robots":{"index":"index","follow":"follow","max-snippet":"max-snippet:-1","max-image-preview":"max-image-preview:large","max-video-preview":"max-video-preview:-1"},"canonical":"https:\/\/www.notibras.com\/site\/bebbiano-mourao-e-tres-bolsonaros-seguram-o-tranco\/","og_locale":"pt_BR","og_type":"article","og_title":"Bebianno, Mour\u00e3o e tr\u00eas filhos seguram o tranco - Notibras","og_description":"Jair Bolsonaro poder\u00e1 inspirar o enredo de uma telenovela. Ele e seus guardi\u00f5es. A trajet\u00f3ria de sucesso do presidente, hoje internado em S\u00e3o Paulo, passa por nomes de relevante import\u00e2ncia, com caracter\u00edsticas de bons combatentes. O primeiro \u00e9 Gustavo Bebianno, advogado e mestre em jiu-jitsu, que convidou para o tatame Paulo Cotrin, diretor interino do [&hellip;]","og_url":"https:\/\/www.notibras.com\/site\/bebbiano-mourao-e-tres-bolsonaros-seguram-o-tranco\/","og_site_name":"Notibras","article_publisher":"https:\/\/www.facebook.com\/notibras\/","article_published_time":"2019-02-08T18:00:16+00:00","article_modified_time":"2019-02-08T21:53:06+00:00","og_image":[{"width":1140,"height":760,"url":"https:\/\/www.notibras.com\/site\/wp-content\/uploads\/2019\/02\/bebbiano.8.jpg","type":"image\/jpeg"}],"author":"Reda\u00e7\u00e3o","twitter_card":"summary_large_image","twitter_creator":"@Notibras","twitter_site":"@Notibras","twitter_misc":{"Escrito por":"Reda\u00e7\u00e3o","Est. tempo de leitura":"5 minutos"},"schema":{"@context":"https:\/\/schema.org","@graph":[{"@type":"Article","@id":"https:\/\/www.notibras.com\/site\/bebbiano-mourao-e-tres-bolsonaros-seguram-o-tranco\/#article","isPartOf":{"@id":"https:\/\/www.notibras.com\/site\/bebbiano-mourao-e-tres-bolsonaros-seguram-o-tranco\/"},"author":{"name":"Reda\u00e7\u00e3o","@id":"https:\/\/www.notibras.com\/site\/#\/schema\/person\/36ab0979449956132d3e5b517ea76ac8"},"headline":"Bebianno, Mour\u00e3o e tr\u00eas filhos seguram o tranco","datePublished":"2019-02-08T18:00:16+00:00","dateModified":"2019-02-08T21:53:06+00:00","mainEntityOfPage":{"@id":"https:\/\/www.notibras.com\/site\/bebbiano-mourao-e-tres-bolsonaros-seguram-o-tranco\/"},"wordCount":1085,"publisher":{"@id":"https:\/\/www.notibras.com\/site\/#organization"},"image":{"@id":"https:\/\/www.notibras.com\/site\/bebbiano-mourao-e-tres-bolsonaros-seguram-o-tranco\/#primaryimage"},"thumbnailUrl":"https:\/\/www.notibras.com\/site\/wp-content\/uploads\/2019\/02\/bebbiano.8.jpg","keywords":["capa"],"articleSection":["Brasil"],"inLanguage":"pt-BR"},{"@type":"WebPage","@id":"https:\/\/www.notibras.com\/site\/bebbiano-mourao-e-tres-bolsonaros-seguram-o-tranco\/","url":"https:\/\/www.notibras.com\/site\/bebbiano-mourao-e-tres-bolsonaros-seguram-o-tranco\/","name":"Bebianno, Mour\u00e3o e tr\u00eas filhos seguram o tranco - Notibras","isPartOf":{"@id":"https:\/\/www.notibras.com\/site\/#website"},"primaryImageOfPage":{"@id":"https:\/\/www.notibras.com\/site\/bebbiano-mourao-e-tres-bolsonaros-seguram-o-tranco\/#primaryimage"},"image":{"@id":"https:\/\/www.notibras.com\/site\/bebbiano-mourao-e-tres-bolsonaros-seguram-o-tranco\/#primaryimage"},"thumbnailUrl":"https:\/\/www.notibras.com\/site\/wp-content\/uploads\/2019\/02\/bebbiano.8.jpg","datePublished":"2019-02-08T18:00:16+00:00","dateModified":"2019-02-08T21:53:06+00:00","breadcrumb":{"@id":"https:\/\/www.notibras.com\/site\/bebbiano-mourao-e-tres-bolsonaros-seguram-o-tranco\/#breadcrumb"},"inLanguage":"pt-BR","potentialAction":[{"@type":"ReadAction","target":["https:\/\/www.notibras.com\/site\/bebbiano-mourao-e-tres-bolsonaros-seguram-o-tranco\/"]}]},{"@type":"ImageObject","inLanguage":"pt-BR","@id":"https:\/\/www.notibras.com\/site\/bebbiano-mourao-e-tres-bolsonaros-seguram-o-tranco\/#primaryimage","url":"https:\/\/www.notibras.com\/site\/wp-content\/uploads\/2019\/02\/bebbiano.8.jpg","contentUrl":"https:\/\/www.notibras.com\/site\/wp-content\/uploads\/2019\/02\/bebbiano.8.jpg","width":1140,"height":760,"caption":"Foto: Valter Campanato\/ABr"},{"@type":"BreadcrumbList","@id":"https:\/\/www.notibras.com\/site\/bebbiano-mourao-e-tres-bolsonaros-seguram-o-tranco\/#breadcrumb","itemListElement":[{"@type":"ListItem","position":1,"name":"In\u00edcio","item":"https:\/\/www.notibras.com\/site\/"},{"@type":"ListItem","position":2,"name":"Bebianno, Mour\u00e3o e tr\u00eas filhos seguram o tranco"}]},{"@type":"WebSite","@id":"https:\/\/www.notibras.com\/site\/#website","url":"https:\/\/www.notibras.com\/site\/","name":"Notibras","description":"Not\u00edcias de Bras\u00edlia, do Brasil e do Mundo","publisher":{"@id":"https:\/\/www.notibras.com\/site\/#organization"},"potentialAction":[{"@type":"SearchAction","target":{"@type":"EntryPoint","urlTemplate":"https:\/\/www.notibras.com\/site\/?s={search_term_string}"},"query-input":{"@type":"PropertyValueSpecification","valueRequired":true,"valueName":"search_term_string"}}],"inLanguage":"pt-BR"},{"@type":"Organization","@id":"https:\/\/www.notibras.com\/site\/#organization","name":"Grupo Notibras de Comunica\u00e7\u00e3o","url":"https:\/\/www.notibras.com\/site\/","logo":{"@type":"ImageObject","inLanguage":"pt-BR","@id":"https:\/\/www.notibras.com\/site\/#\/schema\/logo\/image\/","url":"https:\/\/www.notibras.com\/site\/wp-content\/uploads\/2023\/01\/notibras23.png","contentUrl":"https:\/\/www.notibras.com\/site\/wp-content\/uploads\/2023\/01\/notibras23.png","width":350,"height":87,"caption":"Grupo Notibras de Comunica\u00e7\u00e3o"},"image":{"@id":"https:\/\/www.notibras.com\/site\/#\/schema\/logo\/image\/"},"sameAs":["https:\/\/www.facebook.com\/notibras\/","https:\/\/x.com\/Notibras","https:\/\/www.instagram.com\/notibras\/"]},{"@type":"Person","@id":"https:\/\/www.notibras.com\/site\/#\/schema\/person\/36ab0979449956132d3e5b517ea76ac8","name":"Reda\u00e7\u00e3o","image":{"@type":"ImageObject","inLanguage":"pt-BR","@id":"https:\/\/secure.gravatar.com\/avatar\/e0a867bdedb85fd243eadf09663511f96fc81e0720a4a42581f334ad4303aa6b?s=96&d=mm&r=g","url":"https:\/\/secure.gravatar.com\/avatar\/e0a867bdedb85fd243eadf09663511f96fc81e0720a4a42581f334ad4303aa6b?s=96&d=mm&r=g","contentUrl":"https:\/\/secure.gravatar.com\/avatar\/e0a867bdedb85fd243eadf09663511f96fc81e0720a4a42581f334ad4303aa6b?s=96&d=mm&r=g","caption":"Reda\u00e7\u00e3o"}}]}},"amp_enabled":true,"_links":{"self":[{"href":"https:\/\/www.notibras.com\/site\/wp-json\/wp\/v2\/posts\/201883","targetHints":{"allow":["GET"]}}],"collection":[{"href":"https:\/\/www.notibras.com\/site\/wp-json\/wp\/v2\/posts"}],"about":[{"href":"https:\/\/www.notibras.com\/site\/wp-json\/wp\/v2\/types\/post"}],"author":[{"embeddable":true,"href":"https:\/\/www.notibras.com\/site\/wp-json\/wp\/v2\/users\/2"}],"replies":[{"embeddable":true,"href":"https:\/\/www.notibras.com\/site\/wp-json\/wp\/v2\/comments?post=201883"}],"version-history":[{"count":3,"href":"https:\/\/www.notibras.com\/site\/wp-json\/wp\/v2\/posts\/201883\/revisions"}],"predecessor-version":[{"id":201929,"href":"https:\/\/www.notibras.com\/site\/wp-json\/wp\/v2\/posts\/201883\/revisions\/201929"}],"wp:featuredmedia":[{"embeddable":true,"href":"https:\/\/www.notibras.com\/site\/wp-json\/wp\/v2\/media\/201884"}],"wp:attachment":[{"href":"https:\/\/www.notibras.com\/site\/wp-json\/wp\/v2\/media?parent=201883"}],"wp:term":[{"taxonomy":"category","embeddable":true,"href":"https:\/\/www.notibras.com\/site\/wp-json\/wp\/v2\/categories?post=201883"},{"taxonomy":"post_tag","embeddable":true,"href":"https:\/\/www.notibras.com\/site\/wp-json\/wp\/v2\/tags?post=201883"}],"curies":[{"name":"wp","href":"https:\/\/api.w.org\/{rel}","templated":true}]}}