{"id":20193,"date":"2014-08-19T13:18:12","date_gmt":"2014-08-19T16:18:12","guid":{"rendered":"http:\/\/www.notibras.com\/site\/?p=20193"},"modified":"2014-08-21T00:53:04","modified_gmt":"2014-08-21T03:53:04","slug":"participacao-de-tarcisio-motta-em-debate-e-elogiada-nas-redes-sociais","status":"publish","type":"post","link":"https:\/\/www.notibras.com\/site\/participacao-de-tarcisio-motta-em-debate-e-elogiada-nas-redes-sociais\/","title":{"rendered":"Participa\u00e7\u00e3o de Tarc\u00edsio Motta em debate \u00e9 elogiada nas redes sociais"},"content":{"rendered":"<p>O candidato a governador do Rio de Janeiro pelo PSOL, Tarc\u00edsio Motta, fez sucesso no debate de ontem \u00e0 noite na TV Bandeirantes\/Rio. Pelo menos nas redes sociais, foi considerado o melhor por muitos internautas, que at\u00e9 declararam voto no psolista. Tamb\u00e9m participaram do programa os candidatos Anthony Garotinho (PR), Marcelo Crivella (PRB) e o atual governador Luiz Fernando Pez\u00e3o (PMDB), que tenta a reelei\u00e7\u00e3o.<\/p>\n<p>S\u00f3 no twitter, o perfil @MottaTarcisio foi mencionado 3.200 vezes nas duas horas do debate, de acordo com a ferramenta de monitoramento das redes sociais Topsy, figurando nas Trendind Topics do Brasil, assim como a hastag dele no programa #Tarc\u00edsionaBand. No Facebook, a participa\u00e7\u00e3o dele tamb\u00e9m foi bastante comentada e elogiada. \u201cDepois do debate de ontem, ganhou o meu voto\u201d, declarou o internauta Leonardo Helal.<\/p>\n<p>&#8220;Excelente posicionamento no debate de ontem, na BAND. Foi simples, direto, p\u00e9-no-ch\u00e3o, falou para todos e se diferenciou. Conquistou muitos que n\u00e3o conheciam nenhuma de suas propostas. O povo est\u00e1 de saco cheio da mesmice, mas n\u00e3o v\u00ea um op\u00e7\u00e3o. Parab\u00e9ns pela postura e pela posi\u00e7\u00e3o de luta! Voc\u00ea devem buscar mais a m\u00eddia de massa e fazer a\u00e7\u00f5es para gerar publicidade em cascata. Porque quem quer mudan\u00e7a deveria conhecer as propostas\u201d, acrescentou Paulo Gustavo Luz, tamb\u00e9m no Facebook.<\/p>\n<p>A fala final de Motta, \u201cS\u00e3o 4 Cabrais\u201d, referindo-se aos demais candidatos, que foram aliados em elei\u00e7\u00f5es anteriores e hoje s\u00e3o advers\u00e1rios, tamb\u00e9m gerou repercuss\u00e3o. Ganhou at\u00e9 uma m\u00fasica da Banda El Efecto, intitulada, \u201cCabrais\u201d.<\/p>\n","protected":false},"excerpt":{"rendered":"<p>O candidato a governador do Rio de Janeiro pelo PSOL, Tarc\u00edsio Motta, fez sucesso no debate de ontem \u00e0 noite na TV Bandeirantes\/Rio. Pelo menos nas redes sociais, foi considerado o melhor por muitos internautas, que at\u00e9 declararam voto no psolista. Tamb\u00e9m participaram do programa os candidatos Anthony Garotinho (PR), Marcelo Crivella (PRB) e o [&hellip;]<\/p>\n","protected":false},"author":1,"featured_media":20194,"comment_status":"open","ping_status":"closed","sticky":false,"template":"","format":"standard","meta":{"_acf_changed":false,"footnotes":""},"categories":[33],"tags":[],"class_list":["post-20193","post","type-post","status-publish","format-standard","has-post-thumbnail","hentry","category-eleicoes-2014"],"acf":[],"_links":{"self":[{"href":"https:\/\/www.notibras.com\/site\/wp-json\/wp\/v2\/posts\/20193","targetHints":{"allow":["GET"]}}],"collection":[{"href":"https:\/\/www.notibras.com\/site\/wp-json\/wp\/v2\/posts"}],"about":[{"href":"https:\/\/www.notibras.com\/site\/wp-json\/wp\/v2\/types\/post"}],"author":[{"embeddable":true,"href":"https:\/\/www.notibras.com\/site\/wp-json\/wp\/v2\/users\/1"}],"replies":[{"embeddable":true,"href":"https:\/\/www.notibras.com\/site\/wp-json\/wp\/v2\/comments?post=20193"}],"version-history":[{"count":0,"href":"https:\/\/www.notibras.com\/site\/wp-json\/wp\/v2\/posts\/20193\/revisions"}],"wp:featuredmedia":[{"embeddable":true,"href":"https:\/\/www.notibras.com\/site\/wp-json\/wp\/v2\/media\/20194"}],"wp:attachment":[{"href":"https:\/\/www.notibras.com\/site\/wp-json\/wp\/v2\/media?parent=20193"}],"wp:term":[{"taxonomy":"category","embeddable":true,"href":"https:\/\/www.notibras.com\/site\/wp-json\/wp\/v2\/categories?post=20193"},{"taxonomy":"post_tag","embeddable":true,"href":"https:\/\/www.notibras.com\/site\/wp-json\/wp\/v2\/tags?post=20193"}],"curies":[{"name":"wp","href":"https:\/\/api.w.org\/{rel}","templated":true}]}}