{"id":201945,"date":"2019-02-08T20:46:54","date_gmt":"2019-02-08T22:46:54","guid":{"rendered":"https:\/\/www.notibras.com\/site\/?p=201945"},"modified":"2019-02-08T20:51:14","modified_gmt":"2019-02-08T22:51:14","slug":"fachin-proibe-aluno-filmar-e-dedurar-seus-professores","status":"publish","type":"post","link":"https:\/\/www.notibras.com\/site\/fachin-proibe-aluno-filmar-e-dedurar-seus-professores\/","title":{"rendered":"Fachin pro\u00edbe aluno filmar e dedurar seus professores"},"content":{"rendered":"<p>O ministro Luiz Edson Fachin, do Supremo Tribunal Federal, suspendeu liminarmente, nesta sexta, 8, decis\u00e3o de uma desembargadora de Santa Catarina que liberava o canal de den\u00fancias aberto contra professores pela deputada estadual Ana Caroline Campagnolo (PSL), em sua p\u00e1gina de Facebook. A decis\u00e3o acolhe recurso do Minist\u00e9rio P\u00fablico Estadual de Santa Catarina.<\/p>\n<p>De acordo com a Promotoria de Santa Catarina, a parlamentar incitava \u2018os estudantes catarinenses a filmar, gravar e denunciar manifesta\u00e7\u00f5es de professores que emitissem opini\u00f5es contr\u00e1rias ao ent\u00e3o Presidente eleito, Jair Messias Bolsonaro, inclusive remetendo tais \u201cden\u00fancias\u201d a linha de telefone espec\u00edfica\u2019.<\/p>\n<p>\u201cTrocando em mi\u00fados, o conte\u00fado veiculado n\u00e3o foi de \u00edndole geral, tampouco instrutiva, mas ao intento de estimular estudantes de todo o Estado de Santa Catarina a filmar ou gravar professores que emitissem opini\u00e3o discordante daquelas defendidas pelo Presidente ent\u00e3o eleito\u201d, sustentou.<\/p>\n<p>Logo ap\u00f3s a vit\u00f3ria de Jair Bolsonaro nas elei\u00e7\u00f5es 2018, a parlamentar abriu um canal informal de den\u00fancias na internet para fiscalizar professores em sala de aula.<\/p>\n<p>Ana Campagnolo sugeria que v\u00eddeos e informa\u00e7\u00f5es fossem repassados para o seu n\u00famero de celular com o nome do professor, da escola e da cidade. \u201cGarantimos o anonimato dos denunciantes\u201d, diz a imagem compartilhada pela deputada em uma rede social.<\/p>\n<p>Em novembro, o juiz Giuliano Ziembowicz, da Vara da Inf\u00e2ncia e da Juventude de Florian\u00f3polis, determinou \u2018a retirada imediata\u2019 do conte\u00fado por entender que \u2018ao recomendar a realiza\u00e7\u00e3o de filmagens nas salas de aula\u2019, representa explora\u00e7\u00e3o pol\u00edtica dos estudantes, pois est\u00e1 ligada \u00e0 inten\u00e7\u00e3o de deles tirar proveito pol\u00edtico-ideol\u00f3gico, com preju\u00edzos indiscut\u00edveis ao desenvolvimento regular das atividades escolares\u2019.<\/p>\n<p>J\u00e1 em janeiro, a desembargadora Maria do Rocio Luz Santa Ritta concedeu \u00e0 deputada efeito suspensivo. Em sua decis\u00e3o ela afirmou que \u2018o que est\u00e1 em jogo, n\u00e3o \u00e9 a defesa de um ou de outro projeto de Lei, ou seja, at\u00e9 onde vai a liberdade do professor de ensinar e expor as suas cren\u00e7as, mas, o direito do aluno que se sentir ofendido ou humilhado em sua liberdade de cren\u00e7a e consci\u00eancia de se utilizar dos meios de provas dispon\u00edveis para fazer defender a sua integridade\u2019.<\/p>\n<p>A magistrada ainda afirma que a \u2018den\u00fancia dirigida ao deputado n\u00e3o \u00e9 ilegal, antes se trata de garantia constitucional assegurada ao cidad\u00e3o e, sob outro prisma, de dever funcional mesmo de qualquer membro da Assembleia Legislativa no tocante a sua atribui\u00e7\u00e3o de fiscaliza\u00e7\u00e3o dos atos do poder executivo\u2019.<\/p>\n<p>\u201cSe o aluno tem a prerrogativa de denunciar a pr\u00e1tica de ofensas em proselitismo pol\u00edtico em sala de aula, tem, por \u00f3bvio, o direito de documentar a infra\u00e7\u00e3o cometida. Quem tem os fins tem tamb\u00e9m os meios\u201d, concluiu.<\/p>\n<p>A desembargadora ressalta que \u2018est\u00e1 na hora de se discutir o monitoramento em salas de aula, onde vicejam as mais diversas agress\u00f5es, sejam f\u00edsicas, morais, de cren\u00e7a e de consci\u00eancia, j\u00e1 n\u00e3o fosse suficiente o bullying\u2019.<\/p>\n<p>Historiadora, ela processou a professora Marlene de F\u00e1veri, da Universidade do Estado de Santa Catarina (Udesc), e sua ex-orientadora no mestrado, em 2016, por suposta \u2018persegui\u00e7\u00e3o ideol\u00f3gica\u2019.<\/p>\n<p>O caso, que marcou as discuss\u00f5es sobre o movimento Escola Sem Partido, foi julgado improcedente em setembro deste ano pelo 1.\u00ba Juizado Especial C\u00edvel de Chapec\u00f3 (SC), mas a atual deputada recorreu.<\/p>\n","protected":false},"excerpt":{"rendered":"<p>O ministro Luiz Edson Fachin, do Supremo Tribunal Federal, suspendeu liminarmente, nesta sexta, 8, decis\u00e3o de uma desembargadora de Santa Catarina que liberava o canal de den\u00fancias aberto contra professores pela deputada estadual Ana Caroline Campagnolo (PSL), em sua p\u00e1gina de Facebook. A decis\u00e3o acolhe recurso do Minist\u00e9rio P\u00fablico Estadual de Santa Catarina. De acordo [&hellip;]<\/p>\n","protected":false},"author":2,"featured_media":201946,"comment_status":"closed","ping_status":"closed","sticky":false,"template":"","format":"standard","meta":{"_acf_changed":false,"footnotes":""},"categories":[16],"tags":[95],"class_list":["post-201945","post","type-post","status-publish","format-standard","has-post-thumbnail","hentry","category-brasil","tag-capa"],"acf":[],"yoast_head":"<!-- This site is optimized with the Yoast SEO plugin v27.2 - https:\/\/yoast.com\/product\/yoast-seo-wordpress\/ -->\n<title>Fachin pro\u00edbe aluno filmar e dedurar seus professores - Notibras<\/title>\n<meta name=\"robots\" content=\"index, follow, max-snippet:-1, max-image-preview:large, max-video-preview:-1\" \/>\n<link rel=\"canonical\" href=\"https:\/\/www.notibras.com\/site\/fachin-proibe-aluno-filmar-e-dedurar-seus-professores\/\" \/>\n<meta property=\"og:locale\" content=\"pt_BR\" \/>\n<meta property=\"og:type\" content=\"article\" \/>\n<meta property=\"og:title\" content=\"Fachin pro\u00edbe aluno filmar e dedurar seus professores - Notibras\" \/>\n<meta property=\"og:description\" content=\"O ministro Luiz Edson Fachin, do Supremo Tribunal Federal, suspendeu liminarmente, nesta sexta, 8, decis\u00e3o de uma desembargadora de Santa Catarina que liberava o canal de den\u00fancias aberto contra professores pela deputada estadual Ana Caroline Campagnolo (PSL), em sua p\u00e1gina de Facebook. A decis\u00e3o acolhe recurso do Minist\u00e9rio P\u00fablico Estadual de Santa Catarina. De acordo [&hellip;]\" \/>\n<meta property=\"og:url\" content=\"https:\/\/www.notibras.com\/site\/fachin-proibe-aluno-filmar-e-dedurar-seus-professores\/\" \/>\n<meta property=\"og:site_name\" content=\"Notibras\" \/>\n<meta property=\"article:publisher\" content=\"https:\/\/www.facebook.com\/notibras\/\" \/>\n<meta property=\"article:published_time\" content=\"2019-02-08T22:46:54+00:00\" \/>\n<meta property=\"article:modified_time\" content=\"2019-02-08T22:51:14+00:00\" \/>\n<meta property=\"og:image\" content=\"https:\/\/www.notibras.com\/site\/wp-content\/uploads\/2019\/02\/deputada-estadual-Ana-Caroline-Campagnolo.jpg\" \/>\n\t<meta property=\"og:image:width\" content=\"960\" \/>\n\t<meta property=\"og:image:height\" content=\"731\" \/>\n\t<meta property=\"og:image:type\" content=\"image\/jpeg\" \/>\n<meta name=\"author\" content=\"Reda\u00e7\u00e3o\" \/>\n<meta name=\"twitter:card\" content=\"summary_large_image\" \/>\n<meta name=\"twitter:creator\" content=\"@Notibras\" \/>\n<meta name=\"twitter:site\" content=\"@Notibras\" \/>\n<meta name=\"twitter:label1\" content=\"Escrito por\" \/>\n\t<meta name=\"twitter:data1\" content=\"Reda\u00e7\u00e3o\" \/>\n\t<meta name=\"twitter:label2\" content=\"Est. tempo de leitura\" \/>\n\t<meta name=\"twitter:data2\" content=\"3 minutos\" \/>\n<script type=\"application\/ld+json\" class=\"yoast-schema-graph\">{\"@context\":\"https:\/\/schema.org\",\"@graph\":[{\"@type\":\"Article\",\"@id\":\"https:\/\/www.notibras.com\/site\/fachin-proibe-aluno-filmar-e-dedurar-seus-professores\/#article\",\"isPartOf\":{\"@id\":\"https:\/\/www.notibras.com\/site\/fachin-proibe-aluno-filmar-e-dedurar-seus-professores\/\"},\"author\":{\"name\":\"Reda\u00e7\u00e3o\",\"@id\":\"https:\/\/www.notibras.com\/site\/#\/schema\/person\/36ab0979449956132d3e5b517ea76ac8\"},\"headline\":\"Fachin pro\u00edbe aluno filmar e dedurar seus professores\",\"datePublished\":\"2019-02-08T22:46:54+00:00\",\"dateModified\":\"2019-02-08T22:51:14+00:00\",\"mainEntityOfPage\":{\"@id\":\"https:\/\/www.notibras.com\/site\/fachin-proibe-aluno-filmar-e-dedurar-seus-professores\/\"},\"wordCount\":591,\"publisher\":{\"@id\":\"https:\/\/www.notibras.com\/site\/#organization\"},\"image\":{\"@id\":\"https:\/\/www.notibras.com\/site\/fachin-proibe-aluno-filmar-e-dedurar-seus-professores\/#primaryimage\"},\"thumbnailUrl\":\"https:\/\/www.notibras.com\/site\/wp-content\/uploads\/2019\/02\/deputada-estadual-Ana-Caroline-Campagnolo.jpg\",\"keywords\":[\"capa\"],\"articleSection\":[\"Brasil\"],\"inLanguage\":\"pt-BR\"},{\"@type\":\"WebPage\",\"@id\":\"https:\/\/www.notibras.com\/site\/fachin-proibe-aluno-filmar-e-dedurar-seus-professores\/\",\"url\":\"https:\/\/www.notibras.com\/site\/fachin-proibe-aluno-filmar-e-dedurar-seus-professores\/\",\"name\":\"Fachin pro\u00edbe aluno filmar e dedurar seus professores - Notibras\",\"isPartOf\":{\"@id\":\"https:\/\/www.notibras.com\/site\/#website\"},\"primaryImageOfPage\":{\"@id\":\"https:\/\/www.notibras.com\/site\/fachin-proibe-aluno-filmar-e-dedurar-seus-professores\/#primaryimage\"},\"image\":{\"@id\":\"https:\/\/www.notibras.com\/site\/fachin-proibe-aluno-filmar-e-dedurar-seus-professores\/#primaryimage\"},\"thumbnailUrl\":\"https:\/\/www.notibras.com\/site\/wp-content\/uploads\/2019\/02\/deputada-estadual-Ana-Caroline-Campagnolo.jpg\",\"datePublished\":\"2019-02-08T22:46:54+00:00\",\"dateModified\":\"2019-02-08T22:51:14+00:00\",\"breadcrumb\":{\"@id\":\"https:\/\/www.notibras.com\/site\/fachin-proibe-aluno-filmar-e-dedurar-seus-professores\/#breadcrumb\"},\"inLanguage\":\"pt-BR\",\"potentialAction\":[{\"@type\":\"ReadAction\",\"target\":[\"https:\/\/www.notibras.com\/site\/fachin-proibe-aluno-filmar-e-dedurar-seus-professores\/\"]}]},{\"@type\":\"ImageObject\",\"inLanguage\":\"pt-BR\",\"@id\":\"https:\/\/www.notibras.com\/site\/fachin-proibe-aluno-filmar-e-dedurar-seus-professores\/#primaryimage\",\"url\":\"https:\/\/www.notibras.com\/site\/wp-content\/uploads\/2019\/02\/deputada-estadual-Ana-Caroline-Campagnolo.jpg\",\"contentUrl\":\"https:\/\/www.notibras.com\/site\/wp-content\/uploads\/2019\/02\/deputada-estadual-Ana-Caroline-Campagnolo.jpg\",\"width\":960,\"height\":731,\"caption\":\"Foto\/Arquivo Notibras\"},{\"@type\":\"BreadcrumbList\",\"@id\":\"https:\/\/www.notibras.com\/site\/fachin-proibe-aluno-filmar-e-dedurar-seus-professores\/#breadcrumb\",\"itemListElement\":[{\"@type\":\"ListItem\",\"position\":1,\"name\":\"In\u00edcio\",\"item\":\"https:\/\/www.notibras.com\/site\/\"},{\"@type\":\"ListItem\",\"position\":2,\"name\":\"Fachin pro\u00edbe aluno filmar e dedurar seus professores\"}]},{\"@type\":\"WebSite\",\"@id\":\"https:\/\/www.notibras.com\/site\/#website\",\"url\":\"https:\/\/www.notibras.com\/site\/\",\"name\":\"Notibras\",\"description\":\"Not\u00edcias de Bras\u00edlia, do Brasil e do Mundo\",\"publisher\":{\"@id\":\"https:\/\/www.notibras.com\/site\/#organization\"},\"potentialAction\":[{\"@type\":\"SearchAction\",\"target\":{\"@type\":\"EntryPoint\",\"urlTemplate\":\"https:\/\/www.notibras.com\/site\/?s={search_term_string}\"},\"query-input\":{\"@type\":\"PropertyValueSpecification\",\"valueRequired\":true,\"valueName\":\"search_term_string\"}}],\"inLanguage\":\"pt-BR\"},{\"@type\":\"Organization\",\"@id\":\"https:\/\/www.notibras.com\/site\/#organization\",\"name\":\"Grupo Notibras de Comunica\u00e7\u00e3o\",\"url\":\"https:\/\/www.notibras.com\/site\/\",\"logo\":{\"@type\":\"ImageObject\",\"inLanguage\":\"pt-BR\",\"@id\":\"https:\/\/www.notibras.com\/site\/#\/schema\/logo\/image\/\",\"url\":\"https:\/\/www.notibras.com\/site\/wp-content\/uploads\/2023\/01\/notibras23.png\",\"contentUrl\":\"https:\/\/www.notibras.com\/site\/wp-content\/uploads\/2023\/01\/notibras23.png\",\"width\":350,\"height\":87,\"caption\":\"Grupo Notibras de Comunica\u00e7\u00e3o\"},\"image\":{\"@id\":\"https:\/\/www.notibras.com\/site\/#\/schema\/logo\/image\/\"},\"sameAs\":[\"https:\/\/www.facebook.com\/notibras\/\",\"https:\/\/x.com\/Notibras\",\"https:\/\/www.instagram.com\/notibras\/\"]},{\"@type\":\"Person\",\"@id\":\"https:\/\/www.notibras.com\/site\/#\/schema\/person\/36ab0979449956132d3e5b517ea76ac8\",\"name\":\"Reda\u00e7\u00e3o\",\"image\":{\"@type\":\"ImageObject\",\"inLanguage\":\"pt-BR\",\"@id\":\"https:\/\/secure.gravatar.com\/avatar\/e0a867bdedb85fd243eadf09663511f96fc81e0720a4a42581f334ad4303aa6b?s=96&d=mm&r=g\",\"url\":\"https:\/\/secure.gravatar.com\/avatar\/e0a867bdedb85fd243eadf09663511f96fc81e0720a4a42581f334ad4303aa6b?s=96&d=mm&r=g\",\"contentUrl\":\"https:\/\/secure.gravatar.com\/avatar\/e0a867bdedb85fd243eadf09663511f96fc81e0720a4a42581f334ad4303aa6b?s=96&d=mm&r=g\",\"caption\":\"Reda\u00e7\u00e3o\"}}]}<\/script>\n<!-- \/ Yoast SEO plugin. -->","yoast_head_json":{"title":"Fachin pro\u00edbe aluno filmar e dedurar seus professores - Notibras","robots":{"index":"index","follow":"follow","max-snippet":"max-snippet:-1","max-image-preview":"max-image-preview:large","max-video-preview":"max-video-preview:-1"},"canonical":"https:\/\/www.notibras.com\/site\/fachin-proibe-aluno-filmar-e-dedurar-seus-professores\/","og_locale":"pt_BR","og_type":"article","og_title":"Fachin pro\u00edbe aluno filmar e dedurar seus professores - Notibras","og_description":"O ministro Luiz Edson Fachin, do Supremo Tribunal Federal, suspendeu liminarmente, nesta sexta, 8, decis\u00e3o de uma desembargadora de Santa Catarina que liberava o canal de den\u00fancias aberto contra professores pela deputada estadual Ana Caroline Campagnolo (PSL), em sua p\u00e1gina de Facebook. A decis\u00e3o acolhe recurso do Minist\u00e9rio P\u00fablico Estadual de Santa Catarina. De acordo [&hellip;]","og_url":"https:\/\/www.notibras.com\/site\/fachin-proibe-aluno-filmar-e-dedurar-seus-professores\/","og_site_name":"Notibras","article_publisher":"https:\/\/www.facebook.com\/notibras\/","article_published_time":"2019-02-08T22:46:54+00:00","article_modified_time":"2019-02-08T22:51:14+00:00","og_image":[{"width":960,"height":731,"url":"https:\/\/www.notibras.com\/site\/wp-content\/uploads\/2019\/02\/deputada-estadual-Ana-Caroline-Campagnolo.jpg","type":"image\/jpeg"}],"author":"Reda\u00e7\u00e3o","twitter_card":"summary_large_image","twitter_creator":"@Notibras","twitter_site":"@Notibras","twitter_misc":{"Escrito por":"Reda\u00e7\u00e3o","Est. tempo de leitura":"3 minutos"},"schema":{"@context":"https:\/\/schema.org","@graph":[{"@type":"Article","@id":"https:\/\/www.notibras.com\/site\/fachin-proibe-aluno-filmar-e-dedurar-seus-professores\/#article","isPartOf":{"@id":"https:\/\/www.notibras.com\/site\/fachin-proibe-aluno-filmar-e-dedurar-seus-professores\/"},"author":{"name":"Reda\u00e7\u00e3o","@id":"https:\/\/www.notibras.com\/site\/#\/schema\/person\/36ab0979449956132d3e5b517ea76ac8"},"headline":"Fachin pro\u00edbe aluno filmar e dedurar seus professores","datePublished":"2019-02-08T22:46:54+00:00","dateModified":"2019-02-08T22:51:14+00:00","mainEntityOfPage":{"@id":"https:\/\/www.notibras.com\/site\/fachin-proibe-aluno-filmar-e-dedurar-seus-professores\/"},"wordCount":591,"publisher":{"@id":"https:\/\/www.notibras.com\/site\/#organization"},"image":{"@id":"https:\/\/www.notibras.com\/site\/fachin-proibe-aluno-filmar-e-dedurar-seus-professores\/#primaryimage"},"thumbnailUrl":"https:\/\/www.notibras.com\/site\/wp-content\/uploads\/2019\/02\/deputada-estadual-Ana-Caroline-Campagnolo.jpg","keywords":["capa"],"articleSection":["Brasil"],"inLanguage":"pt-BR"},{"@type":"WebPage","@id":"https:\/\/www.notibras.com\/site\/fachin-proibe-aluno-filmar-e-dedurar-seus-professores\/","url":"https:\/\/www.notibras.com\/site\/fachin-proibe-aluno-filmar-e-dedurar-seus-professores\/","name":"Fachin pro\u00edbe aluno filmar e dedurar seus professores - Notibras","isPartOf":{"@id":"https:\/\/www.notibras.com\/site\/#website"},"primaryImageOfPage":{"@id":"https:\/\/www.notibras.com\/site\/fachin-proibe-aluno-filmar-e-dedurar-seus-professores\/#primaryimage"},"image":{"@id":"https:\/\/www.notibras.com\/site\/fachin-proibe-aluno-filmar-e-dedurar-seus-professores\/#primaryimage"},"thumbnailUrl":"https:\/\/www.notibras.com\/site\/wp-content\/uploads\/2019\/02\/deputada-estadual-Ana-Caroline-Campagnolo.jpg","datePublished":"2019-02-08T22:46:54+00:00","dateModified":"2019-02-08T22:51:14+00:00","breadcrumb":{"@id":"https:\/\/www.notibras.com\/site\/fachin-proibe-aluno-filmar-e-dedurar-seus-professores\/#breadcrumb"},"inLanguage":"pt-BR","potentialAction":[{"@type":"ReadAction","target":["https:\/\/www.notibras.com\/site\/fachin-proibe-aluno-filmar-e-dedurar-seus-professores\/"]}]},{"@type":"ImageObject","inLanguage":"pt-BR","@id":"https:\/\/www.notibras.com\/site\/fachin-proibe-aluno-filmar-e-dedurar-seus-professores\/#primaryimage","url":"https:\/\/www.notibras.com\/site\/wp-content\/uploads\/2019\/02\/deputada-estadual-Ana-Caroline-Campagnolo.jpg","contentUrl":"https:\/\/www.notibras.com\/site\/wp-content\/uploads\/2019\/02\/deputada-estadual-Ana-Caroline-Campagnolo.jpg","width":960,"height":731,"caption":"Foto\/Arquivo Notibras"},{"@type":"BreadcrumbList","@id":"https:\/\/www.notibras.com\/site\/fachin-proibe-aluno-filmar-e-dedurar-seus-professores\/#breadcrumb","itemListElement":[{"@type":"ListItem","position":1,"name":"In\u00edcio","item":"https:\/\/www.notibras.com\/site\/"},{"@type":"ListItem","position":2,"name":"Fachin pro\u00edbe aluno filmar e dedurar seus professores"}]},{"@type":"WebSite","@id":"https:\/\/www.notibras.com\/site\/#website","url":"https:\/\/www.notibras.com\/site\/","name":"Notibras","description":"Not\u00edcias de Bras\u00edlia, do Brasil e do Mundo","publisher":{"@id":"https:\/\/www.notibras.com\/site\/#organization"},"potentialAction":[{"@type":"SearchAction","target":{"@type":"EntryPoint","urlTemplate":"https:\/\/www.notibras.com\/site\/?s={search_term_string}"},"query-input":{"@type":"PropertyValueSpecification","valueRequired":true,"valueName":"search_term_string"}}],"inLanguage":"pt-BR"},{"@type":"Organization","@id":"https:\/\/www.notibras.com\/site\/#organization","name":"Grupo Notibras de Comunica\u00e7\u00e3o","url":"https:\/\/www.notibras.com\/site\/","logo":{"@type":"ImageObject","inLanguage":"pt-BR","@id":"https:\/\/www.notibras.com\/site\/#\/schema\/logo\/image\/","url":"https:\/\/www.notibras.com\/site\/wp-content\/uploads\/2023\/01\/notibras23.png","contentUrl":"https:\/\/www.notibras.com\/site\/wp-content\/uploads\/2023\/01\/notibras23.png","width":350,"height":87,"caption":"Grupo Notibras de Comunica\u00e7\u00e3o"},"image":{"@id":"https:\/\/www.notibras.com\/site\/#\/schema\/logo\/image\/"},"sameAs":["https:\/\/www.facebook.com\/notibras\/","https:\/\/x.com\/Notibras","https:\/\/www.instagram.com\/notibras\/"]},{"@type":"Person","@id":"https:\/\/www.notibras.com\/site\/#\/schema\/person\/36ab0979449956132d3e5b517ea76ac8","name":"Reda\u00e7\u00e3o","image":{"@type":"ImageObject","inLanguage":"pt-BR","@id":"https:\/\/secure.gravatar.com\/avatar\/e0a867bdedb85fd243eadf09663511f96fc81e0720a4a42581f334ad4303aa6b?s=96&d=mm&r=g","url":"https:\/\/secure.gravatar.com\/avatar\/e0a867bdedb85fd243eadf09663511f96fc81e0720a4a42581f334ad4303aa6b?s=96&d=mm&r=g","contentUrl":"https:\/\/secure.gravatar.com\/avatar\/e0a867bdedb85fd243eadf09663511f96fc81e0720a4a42581f334ad4303aa6b?s=96&d=mm&r=g","caption":"Reda\u00e7\u00e3o"}}]}},"amp_enabled":true,"_links":{"self":[{"href":"https:\/\/www.notibras.com\/site\/wp-json\/wp\/v2\/posts\/201945","targetHints":{"allow":["GET"]}}],"collection":[{"href":"https:\/\/www.notibras.com\/site\/wp-json\/wp\/v2\/posts"}],"about":[{"href":"https:\/\/www.notibras.com\/site\/wp-json\/wp\/v2\/types\/post"}],"author":[{"embeddable":true,"href":"https:\/\/www.notibras.com\/site\/wp-json\/wp\/v2\/users\/2"}],"replies":[{"embeddable":true,"href":"https:\/\/www.notibras.com\/site\/wp-json\/wp\/v2\/comments?post=201945"}],"version-history":[{"count":5,"href":"https:\/\/www.notibras.com\/site\/wp-json\/wp\/v2\/posts\/201945\/revisions"}],"predecessor-version":[{"id":201952,"href":"https:\/\/www.notibras.com\/site\/wp-json\/wp\/v2\/posts\/201945\/revisions\/201952"}],"wp:featuredmedia":[{"embeddable":true,"href":"https:\/\/www.notibras.com\/site\/wp-json\/wp\/v2\/media\/201946"}],"wp:attachment":[{"href":"https:\/\/www.notibras.com\/site\/wp-json\/wp\/v2\/media?parent=201945"}],"wp:term":[{"taxonomy":"category","embeddable":true,"href":"https:\/\/www.notibras.com\/site\/wp-json\/wp\/v2\/categories?post=201945"},{"taxonomy":"post_tag","embeddable":true,"href":"https:\/\/www.notibras.com\/site\/wp-json\/wp\/v2\/tags?post=201945"}],"curies":[{"name":"wp","href":"https:\/\/api.w.org\/{rel}","templated":true}]}}