{"id":201958,"date":"2019-02-09T08:04:35","date_gmt":"2019-02-09T10:04:35","guid":{"rendered":"https:\/\/www.notibras.com\/site\/?p=201958"},"modified":"2019-02-09T08:06:29","modified_gmt":"2019-02-09T10:06:29","slug":"supremo-aguarda-cpi-do-judiciario-de-olho-em-onyx","status":"publish","type":"post","link":"https:\/\/www.notibras.com\/site\/supremo-aguarda-cpi-do-judiciario-de-olho-em-onyx\/","title":{"rendered":"Supremo aguarda CPI do Judici\u00e1rio de olho em Onyx"},"content":{"rendered":"<p>Integrantes do Supremo Tribunal Federal (STF) veem as digitais do ministro-chefe da Casa Civil, Onyx Lorenzoni (DEM), nas movimenta\u00e7\u00f5es do senador Delegado Alessandro Vieira (PPS-SE) para abrir uma comiss\u00e3o parlamentar de inqu\u00e9rito (CPI) e investigar o \u201cativismo judicial\u201d de tribunais superiores do Pa\u00eds. O parlamentar j\u00e1 coletou as 27 assinaturas necess\u00e1rias e, agora, o pedido passar\u00e1 por uma an\u00e1lise da Secretaria-Geral da Casa.<\/p>\n<p>Para integrantes do STF ouvidos sob a condi\u00e7\u00e3o de anonimato, a \u201cCPI do Judici\u00e1rio\u201d \u2013 voltada em tese para investigar a atua\u00e7\u00e3o de tribunais superiores \u2013 mira na verdade a Suprema Corte. O STF foi palco de decis\u00f5es recentes que atingiram os interesses do Congresso Nacional, como a determina\u00e7\u00e3o na madrugada do \u00faltimo s\u00e1bado (2) do presidente do STF, ministro Dias Toffoli, para que a vota\u00e7\u00e3o de escolha do novo presidente do Senado fosse fechada, conforme previsto no regimento interno da Casa.<\/p>\n<p>A decis\u00e3o de Toffoli foi interpretada por senadores como uma forma de favorecer Renan Calheiros (MDB-AL), que acabou desistindo da disputa ap\u00f3s parlamentares decidirem abrir o voto e revelar quem escolheram para chefiar a casa.<\/p>\n<p>Ao apresentar o pedido de cria\u00e7\u00e3o da CPI, o senador Delegado Alessandro Vieira apontou o \u201cuso abusivo de pedidos de vista ou expedientes processuais para retardar ou inviabilizar decis\u00f5es do plen\u00e1rio\u201d e a \u201cdiferen\u00e7a abissal do lapso de tramita\u00e7\u00e3o de pedidos, a depender do interessado\u201d \u2013 dois pontos que dizem respeito ao funcionamento interno da Corte.<\/p>\n<p>\u201cN\u00e3o deveria haver lugares para ideologias, paix\u00f5es ou vontades no Judici\u00e1rio, contudo, fato \u00e9 que o Pa\u00eds tem testemunhado com preocupante frequ\u00eancia a preval\u00eancia de decis\u00f5es judiciais movidas por indisfar\u00e7\u00e1vel ativismo pol\u00edtico, muitas vezes ao arrepio da pr\u00f3pria Constitui\u00e7\u00e3o\u201d, diz o pedido de abertura da CPI.<\/p>\n<p>Integrantes do STF tamb\u00e9m apontam o p\u00e9ssimo timing nas movimenta\u00e7\u00f5es de parte dos senadores para a cria\u00e7\u00e3o da CPI. Eles destacam que enquanto uma ala dos parlamentares busca retaliar o Poder Judici\u00e1rio, o presidente Dias Toffoli aposta as fichas em um pacto nacional republicano com os chefes dos demais poderes para construir um caminho que garanta a aprova\u00e7\u00e3o de reformas, como a previdenci\u00e1ria.<\/p>\n<p>A avalia\u00e7\u00e3o \u00e9 a de que enquanto a c\u00fapula dos poderes est\u00e1 com discurso afinado pr\u00f3-reformas, senadores \u201caloprados\u201d \u2013 novatos e do baixo clero \u2013 buscam tensionar o ambiente e atingir o Supremo Tribunal Federal como um todo.<\/p>\n","protected":false},"excerpt":{"rendered":"<p>Integrantes do Supremo Tribunal Federal (STF) veem as digitais do ministro-chefe da Casa Civil, Onyx Lorenzoni (DEM), nas movimenta\u00e7\u00f5es do senador Delegado Alessandro Vieira (PPS-SE) para abrir uma comiss\u00e3o parlamentar de inqu\u00e9rito (CPI) e investigar o \u201cativismo judicial\u201d de tribunais superiores do Pa\u00eds. O parlamentar j\u00e1 coletou as 27 assinaturas necess\u00e1rias e, agora, o pedido [&hellip;]<\/p>\n","protected":false},"author":2,"featured_media":201315,"comment_status":"closed","ping_status":"closed","sticky":false,"template":"","format":"standard","meta":{"_acf_changed":false,"footnotes":""},"categories":[16],"tags":[95],"class_list":["post-201958","post","type-post","status-publish","format-standard","has-post-thumbnail","hentry","category-brasil","tag-capa"],"acf":[],"yoast_head":"<!-- This site is optimized with the Yoast SEO plugin v27.2 - https:\/\/yoast.com\/product\/yoast-seo-wordpress\/ -->\n<title>Supremo aguarda CPI do Judici\u00e1rio de olho em Onyx - Notibras<\/title>\n<meta name=\"robots\" content=\"index, follow, max-snippet:-1, max-image-preview:large, max-video-preview:-1\" \/>\n<link rel=\"canonical\" href=\"https:\/\/www.notibras.com\/site\/supremo-aguarda-cpi-do-judiciario-de-olho-em-onyx\/\" \/>\n<meta property=\"og:locale\" content=\"pt_BR\" \/>\n<meta property=\"og:type\" content=\"article\" \/>\n<meta property=\"og:title\" content=\"Supremo aguarda CPI do Judici\u00e1rio de olho em Onyx - Notibras\" \/>\n<meta property=\"og:description\" content=\"Integrantes do Supremo Tribunal Federal (STF) veem as digitais do ministro-chefe da Casa Civil, Onyx Lorenzoni (DEM), nas movimenta\u00e7\u00f5es do senador Delegado Alessandro Vieira (PPS-SE) para abrir uma comiss\u00e3o parlamentar de inqu\u00e9rito (CPI) e investigar o \u201cativismo judicial\u201d de tribunais superiores do Pa\u00eds. O parlamentar j\u00e1 coletou as 27 assinaturas necess\u00e1rias e, agora, o pedido [&hellip;]\" \/>\n<meta property=\"og:url\" content=\"https:\/\/www.notibras.com\/site\/supremo-aguarda-cpi-do-judiciario-de-olho-em-onyx\/\" \/>\n<meta property=\"og:site_name\" content=\"Notibras\" \/>\n<meta property=\"article:publisher\" content=\"https:\/\/www.facebook.com\/notibras\/\" \/>\n<meta property=\"article:published_time\" content=\"2019-02-09T10:04:35+00:00\" \/>\n<meta property=\"article:modified_time\" content=\"2019-02-09T10:06:29+00:00\" \/>\n<meta property=\"og:image\" content=\"https:\/\/www.notibras.com\/site\/wp-content\/uploads\/2019\/02\/stf.jpeg\" \/>\n\t<meta property=\"og:image:width\" content=\"2000\" \/>\n\t<meta property=\"og:image:height\" content=\"1010\" \/>\n\t<meta property=\"og:image:type\" content=\"image\/jpeg\" \/>\n<meta name=\"author\" content=\"Reda\u00e7\u00e3o\" \/>\n<meta name=\"twitter:card\" content=\"summary_large_image\" \/>\n<meta name=\"twitter:creator\" content=\"@Notibras\" \/>\n<meta name=\"twitter:site\" content=\"@Notibras\" \/>\n<meta name=\"twitter:label1\" content=\"Escrito por\" \/>\n\t<meta name=\"twitter:data1\" content=\"Reda\u00e7\u00e3o\" \/>\n\t<meta name=\"twitter:label2\" content=\"Est. tempo de leitura\" \/>\n\t<meta name=\"twitter:data2\" content=\"2 minutos\" \/>\n<script type=\"application\/ld+json\" class=\"yoast-schema-graph\">{\"@context\":\"https:\/\/schema.org\",\"@graph\":[{\"@type\":\"Article\",\"@id\":\"https:\/\/www.notibras.com\/site\/supremo-aguarda-cpi-do-judiciario-de-olho-em-onyx\/#article\",\"isPartOf\":{\"@id\":\"https:\/\/www.notibras.com\/site\/supremo-aguarda-cpi-do-judiciario-de-olho-em-onyx\/\"},\"author\":{\"name\":\"Reda\u00e7\u00e3o\",\"@id\":\"https:\/\/www.notibras.com\/site\/#\/schema\/person\/36ab0979449956132d3e5b517ea76ac8\"},\"headline\":\"Supremo aguarda CPI do Judici\u00e1rio de olho em Onyx\",\"datePublished\":\"2019-02-09T10:04:35+00:00\",\"dateModified\":\"2019-02-09T10:06:29+00:00\",\"mainEntityOfPage\":{\"@id\":\"https:\/\/www.notibras.com\/site\/supremo-aguarda-cpi-do-judiciario-de-olho-em-onyx\/\"},\"wordCount\":425,\"publisher\":{\"@id\":\"https:\/\/www.notibras.com\/site\/#organization\"},\"image\":{\"@id\":\"https:\/\/www.notibras.com\/site\/supremo-aguarda-cpi-do-judiciario-de-olho-em-onyx\/#primaryimage\"},\"thumbnailUrl\":\"https:\/\/www.notibras.com\/site\/wp-content\/uploads\/2019\/02\/stf.jpeg\",\"keywords\":[\"capa\"],\"articleSection\":[\"Brasil\"],\"inLanguage\":\"pt-BR\"},{\"@type\":\"WebPage\",\"@id\":\"https:\/\/www.notibras.com\/site\/supremo-aguarda-cpi-do-judiciario-de-olho-em-onyx\/\",\"url\":\"https:\/\/www.notibras.com\/site\/supremo-aguarda-cpi-do-judiciario-de-olho-em-onyx\/\",\"name\":\"Supremo aguarda CPI do Judici\u00e1rio de olho em Onyx - Notibras\",\"isPartOf\":{\"@id\":\"https:\/\/www.notibras.com\/site\/#website\"},\"primaryImageOfPage\":{\"@id\":\"https:\/\/www.notibras.com\/site\/supremo-aguarda-cpi-do-judiciario-de-olho-em-onyx\/#primaryimage\"},\"image\":{\"@id\":\"https:\/\/www.notibras.com\/site\/supremo-aguarda-cpi-do-judiciario-de-olho-em-onyx\/#primaryimage\"},\"thumbnailUrl\":\"https:\/\/www.notibras.com\/site\/wp-content\/uploads\/2019\/02\/stf.jpeg\",\"datePublished\":\"2019-02-09T10:04:35+00:00\",\"dateModified\":\"2019-02-09T10:06:29+00:00\",\"breadcrumb\":{\"@id\":\"https:\/\/www.notibras.com\/site\/supremo-aguarda-cpi-do-judiciario-de-olho-em-onyx\/#breadcrumb\"},\"inLanguage\":\"pt-BR\",\"potentialAction\":[{\"@type\":\"ReadAction\",\"target\":[\"https:\/\/www.notibras.com\/site\/supremo-aguarda-cpi-do-judiciario-de-olho-em-onyx\/\"]}]},{\"@type\":\"ImageObject\",\"inLanguage\":\"pt-BR\",\"@id\":\"https:\/\/www.notibras.com\/site\/supremo-aguarda-cpi-do-judiciario-de-olho-em-onyx\/#primaryimage\",\"url\":\"https:\/\/www.notibras.com\/site\/wp-content\/uploads\/2019\/02\/stf.jpeg\",\"contentUrl\":\"https:\/\/www.notibras.com\/site\/wp-content\/uploads\/2019\/02\/stf.jpeg\",\"width\":2000,\"height\":1010},{\"@type\":\"BreadcrumbList\",\"@id\":\"https:\/\/www.notibras.com\/site\/supremo-aguarda-cpi-do-judiciario-de-olho-em-onyx\/#breadcrumb\",\"itemListElement\":[{\"@type\":\"ListItem\",\"position\":1,\"name\":\"In\u00edcio\",\"item\":\"https:\/\/www.notibras.com\/site\/\"},{\"@type\":\"ListItem\",\"position\":2,\"name\":\"Supremo aguarda CPI do Judici\u00e1rio de olho em Onyx\"}]},{\"@type\":\"WebSite\",\"@id\":\"https:\/\/www.notibras.com\/site\/#website\",\"url\":\"https:\/\/www.notibras.com\/site\/\",\"name\":\"Notibras\",\"description\":\"Not\u00edcias de Bras\u00edlia, do Brasil e do Mundo\",\"publisher\":{\"@id\":\"https:\/\/www.notibras.com\/site\/#organization\"},\"potentialAction\":[{\"@type\":\"SearchAction\",\"target\":{\"@type\":\"EntryPoint\",\"urlTemplate\":\"https:\/\/www.notibras.com\/site\/?s={search_term_string}\"},\"query-input\":{\"@type\":\"PropertyValueSpecification\",\"valueRequired\":true,\"valueName\":\"search_term_string\"}}],\"inLanguage\":\"pt-BR\"},{\"@type\":\"Organization\",\"@id\":\"https:\/\/www.notibras.com\/site\/#organization\",\"name\":\"Grupo Notibras de Comunica\u00e7\u00e3o\",\"url\":\"https:\/\/www.notibras.com\/site\/\",\"logo\":{\"@type\":\"ImageObject\",\"inLanguage\":\"pt-BR\",\"@id\":\"https:\/\/www.notibras.com\/site\/#\/schema\/logo\/image\/\",\"url\":\"https:\/\/www.notibras.com\/site\/wp-content\/uploads\/2023\/01\/notibras23.png\",\"contentUrl\":\"https:\/\/www.notibras.com\/site\/wp-content\/uploads\/2023\/01\/notibras23.png\",\"width\":350,\"height\":87,\"caption\":\"Grupo Notibras de Comunica\u00e7\u00e3o\"},\"image\":{\"@id\":\"https:\/\/www.notibras.com\/site\/#\/schema\/logo\/image\/\"},\"sameAs\":[\"https:\/\/www.facebook.com\/notibras\/\",\"https:\/\/x.com\/Notibras\",\"https:\/\/www.instagram.com\/notibras\/\"]},{\"@type\":\"Person\",\"@id\":\"https:\/\/www.notibras.com\/site\/#\/schema\/person\/36ab0979449956132d3e5b517ea76ac8\",\"name\":\"Reda\u00e7\u00e3o\",\"image\":{\"@type\":\"ImageObject\",\"inLanguage\":\"pt-BR\",\"@id\":\"https:\/\/secure.gravatar.com\/avatar\/e0a867bdedb85fd243eadf09663511f96fc81e0720a4a42581f334ad4303aa6b?s=96&d=mm&r=g\",\"url\":\"https:\/\/secure.gravatar.com\/avatar\/e0a867bdedb85fd243eadf09663511f96fc81e0720a4a42581f334ad4303aa6b?s=96&d=mm&r=g\",\"contentUrl\":\"https:\/\/secure.gravatar.com\/avatar\/e0a867bdedb85fd243eadf09663511f96fc81e0720a4a42581f334ad4303aa6b?s=96&d=mm&r=g\",\"caption\":\"Reda\u00e7\u00e3o\"}}]}<\/script>\n<!-- \/ Yoast SEO plugin. -->","yoast_head_json":{"title":"Supremo aguarda CPI do Judici\u00e1rio de olho em Onyx - Notibras","robots":{"index":"index","follow":"follow","max-snippet":"max-snippet:-1","max-image-preview":"max-image-preview:large","max-video-preview":"max-video-preview:-1"},"canonical":"https:\/\/www.notibras.com\/site\/supremo-aguarda-cpi-do-judiciario-de-olho-em-onyx\/","og_locale":"pt_BR","og_type":"article","og_title":"Supremo aguarda CPI do Judici\u00e1rio de olho em Onyx - Notibras","og_description":"Integrantes do Supremo Tribunal Federal (STF) veem as digitais do ministro-chefe da Casa Civil, Onyx Lorenzoni (DEM), nas movimenta\u00e7\u00f5es do senador Delegado Alessandro Vieira (PPS-SE) para abrir uma comiss\u00e3o parlamentar de inqu\u00e9rito (CPI) e investigar o \u201cativismo judicial\u201d de tribunais superiores do Pa\u00eds. O parlamentar j\u00e1 coletou as 27 assinaturas necess\u00e1rias e, agora, o pedido [&hellip;]","og_url":"https:\/\/www.notibras.com\/site\/supremo-aguarda-cpi-do-judiciario-de-olho-em-onyx\/","og_site_name":"Notibras","article_publisher":"https:\/\/www.facebook.com\/notibras\/","article_published_time":"2019-02-09T10:04:35+00:00","article_modified_time":"2019-02-09T10:06:29+00:00","og_image":[{"width":2000,"height":1010,"url":"https:\/\/www.notibras.com\/site\/wp-content\/uploads\/2019\/02\/stf.jpeg","type":"image\/jpeg"}],"author":"Reda\u00e7\u00e3o","twitter_card":"summary_large_image","twitter_creator":"@Notibras","twitter_site":"@Notibras","twitter_misc":{"Escrito por":"Reda\u00e7\u00e3o","Est. tempo de leitura":"2 minutos"},"schema":{"@context":"https:\/\/schema.org","@graph":[{"@type":"Article","@id":"https:\/\/www.notibras.com\/site\/supremo-aguarda-cpi-do-judiciario-de-olho-em-onyx\/#article","isPartOf":{"@id":"https:\/\/www.notibras.com\/site\/supremo-aguarda-cpi-do-judiciario-de-olho-em-onyx\/"},"author":{"name":"Reda\u00e7\u00e3o","@id":"https:\/\/www.notibras.com\/site\/#\/schema\/person\/36ab0979449956132d3e5b517ea76ac8"},"headline":"Supremo aguarda CPI do Judici\u00e1rio de olho em Onyx","datePublished":"2019-02-09T10:04:35+00:00","dateModified":"2019-02-09T10:06:29+00:00","mainEntityOfPage":{"@id":"https:\/\/www.notibras.com\/site\/supremo-aguarda-cpi-do-judiciario-de-olho-em-onyx\/"},"wordCount":425,"publisher":{"@id":"https:\/\/www.notibras.com\/site\/#organization"},"image":{"@id":"https:\/\/www.notibras.com\/site\/supremo-aguarda-cpi-do-judiciario-de-olho-em-onyx\/#primaryimage"},"thumbnailUrl":"https:\/\/www.notibras.com\/site\/wp-content\/uploads\/2019\/02\/stf.jpeg","keywords":["capa"],"articleSection":["Brasil"],"inLanguage":"pt-BR"},{"@type":"WebPage","@id":"https:\/\/www.notibras.com\/site\/supremo-aguarda-cpi-do-judiciario-de-olho-em-onyx\/","url":"https:\/\/www.notibras.com\/site\/supremo-aguarda-cpi-do-judiciario-de-olho-em-onyx\/","name":"Supremo aguarda CPI do Judici\u00e1rio de olho em Onyx - Notibras","isPartOf":{"@id":"https:\/\/www.notibras.com\/site\/#website"},"primaryImageOfPage":{"@id":"https:\/\/www.notibras.com\/site\/supremo-aguarda-cpi-do-judiciario-de-olho-em-onyx\/#primaryimage"},"image":{"@id":"https:\/\/www.notibras.com\/site\/supremo-aguarda-cpi-do-judiciario-de-olho-em-onyx\/#primaryimage"},"thumbnailUrl":"https:\/\/www.notibras.com\/site\/wp-content\/uploads\/2019\/02\/stf.jpeg","datePublished":"2019-02-09T10:04:35+00:00","dateModified":"2019-02-09T10:06:29+00:00","breadcrumb":{"@id":"https:\/\/www.notibras.com\/site\/supremo-aguarda-cpi-do-judiciario-de-olho-em-onyx\/#breadcrumb"},"inLanguage":"pt-BR","potentialAction":[{"@type":"ReadAction","target":["https:\/\/www.notibras.com\/site\/supremo-aguarda-cpi-do-judiciario-de-olho-em-onyx\/"]}]},{"@type":"ImageObject","inLanguage":"pt-BR","@id":"https:\/\/www.notibras.com\/site\/supremo-aguarda-cpi-do-judiciario-de-olho-em-onyx\/#primaryimage","url":"https:\/\/www.notibras.com\/site\/wp-content\/uploads\/2019\/02\/stf.jpeg","contentUrl":"https:\/\/www.notibras.com\/site\/wp-content\/uploads\/2019\/02\/stf.jpeg","width":2000,"height":1010},{"@type":"BreadcrumbList","@id":"https:\/\/www.notibras.com\/site\/supremo-aguarda-cpi-do-judiciario-de-olho-em-onyx\/#breadcrumb","itemListElement":[{"@type":"ListItem","position":1,"name":"In\u00edcio","item":"https:\/\/www.notibras.com\/site\/"},{"@type":"ListItem","position":2,"name":"Supremo aguarda CPI do Judici\u00e1rio de olho em Onyx"}]},{"@type":"WebSite","@id":"https:\/\/www.notibras.com\/site\/#website","url":"https:\/\/www.notibras.com\/site\/","name":"Notibras","description":"Not\u00edcias de Bras\u00edlia, do Brasil e do Mundo","publisher":{"@id":"https:\/\/www.notibras.com\/site\/#organization"},"potentialAction":[{"@type":"SearchAction","target":{"@type":"EntryPoint","urlTemplate":"https:\/\/www.notibras.com\/site\/?s={search_term_string}"},"query-input":{"@type":"PropertyValueSpecification","valueRequired":true,"valueName":"search_term_string"}}],"inLanguage":"pt-BR"},{"@type":"Organization","@id":"https:\/\/www.notibras.com\/site\/#organization","name":"Grupo Notibras de Comunica\u00e7\u00e3o","url":"https:\/\/www.notibras.com\/site\/","logo":{"@type":"ImageObject","inLanguage":"pt-BR","@id":"https:\/\/www.notibras.com\/site\/#\/schema\/logo\/image\/","url":"https:\/\/www.notibras.com\/site\/wp-content\/uploads\/2023\/01\/notibras23.png","contentUrl":"https:\/\/www.notibras.com\/site\/wp-content\/uploads\/2023\/01\/notibras23.png","width":350,"height":87,"caption":"Grupo Notibras de Comunica\u00e7\u00e3o"},"image":{"@id":"https:\/\/www.notibras.com\/site\/#\/schema\/logo\/image\/"},"sameAs":["https:\/\/www.facebook.com\/notibras\/","https:\/\/x.com\/Notibras","https:\/\/www.instagram.com\/notibras\/"]},{"@type":"Person","@id":"https:\/\/www.notibras.com\/site\/#\/schema\/person\/36ab0979449956132d3e5b517ea76ac8","name":"Reda\u00e7\u00e3o","image":{"@type":"ImageObject","inLanguage":"pt-BR","@id":"https:\/\/secure.gravatar.com\/avatar\/e0a867bdedb85fd243eadf09663511f96fc81e0720a4a42581f334ad4303aa6b?s=96&d=mm&r=g","url":"https:\/\/secure.gravatar.com\/avatar\/e0a867bdedb85fd243eadf09663511f96fc81e0720a4a42581f334ad4303aa6b?s=96&d=mm&r=g","contentUrl":"https:\/\/secure.gravatar.com\/avatar\/e0a867bdedb85fd243eadf09663511f96fc81e0720a4a42581f334ad4303aa6b?s=96&d=mm&r=g","caption":"Reda\u00e7\u00e3o"}}]}},"amp_enabled":true,"_links":{"self":[{"href":"https:\/\/www.notibras.com\/site\/wp-json\/wp\/v2\/posts\/201958","targetHints":{"allow":["GET"]}}],"collection":[{"href":"https:\/\/www.notibras.com\/site\/wp-json\/wp\/v2\/posts"}],"about":[{"href":"https:\/\/www.notibras.com\/site\/wp-json\/wp\/v2\/types\/post"}],"author":[{"embeddable":true,"href":"https:\/\/www.notibras.com\/site\/wp-json\/wp\/v2\/users\/2"}],"replies":[{"embeddable":true,"href":"https:\/\/www.notibras.com\/site\/wp-json\/wp\/v2\/comments?post=201958"}],"version-history":[{"count":3,"href":"https:\/\/www.notibras.com\/site\/wp-json\/wp\/v2\/posts\/201958\/revisions"}],"predecessor-version":[{"id":201961,"href":"https:\/\/www.notibras.com\/site\/wp-json\/wp\/v2\/posts\/201958\/revisions\/201961"}],"wp:featuredmedia":[{"embeddable":true,"href":"https:\/\/www.notibras.com\/site\/wp-json\/wp\/v2\/media\/201315"}],"wp:attachment":[{"href":"https:\/\/www.notibras.com\/site\/wp-json\/wp\/v2\/media?parent=201958"}],"wp:term":[{"taxonomy":"category","embeddable":true,"href":"https:\/\/www.notibras.com\/site\/wp-json\/wp\/v2\/categories?post=201958"},{"taxonomy":"post_tag","embeddable":true,"href":"https:\/\/www.notibras.com\/site\/wp-json\/wp\/v2\/tags?post=201958"}],"curies":[{"name":"wp","href":"https:\/\/api.w.org\/{rel}","templated":true}]}}