{"id":202113,"date":"2019-02-10T11:32:01","date_gmt":"2019-02-10T13:32:01","guid":{"rendered":"https:\/\/www.notibras.com\/site\/?p=202113"},"modified":"2019-02-10T11:37:38","modified_gmt":"2019-02-10T13:37:38","slug":"exercito-manda-ernesto-baixar-o-tom-com-maduro","status":"publish","type":"post","link":"https:\/\/www.notibras.com\/site\/exercito-manda-ernesto-baixar-o-tom-com-maduro\/","title":{"rendered":"Ex\u00e9rcito manda Ernesto baixar o tom com Maduro"},"content":{"rendered":"<p>Na semana passada, quando esteve em viagem oficial aos Estados Unidos, o ministro das Rela\u00e7\u00f5es Exteriores, Ernesto Ara\u00fajo, sinalizou que o Brasil estava pronto para ajudar qualquer iniciativa do governo de Donaldo Trump para tirar Nicol\u00e1s Maduro do poder. Inclusive apoiando uma eventual invas\u00e3o da Venezuela.<\/p>\n<p>Ernesto fez coro com Trump. E endossou a tese de que se n\u00e3o sair por bem, Maduro sair\u00e1 por mal. Neste fim de semana, por\u00e9m, o chanceler foi advertido pela c\u00fapula do Ex\u00e9rcito que as palavras devem ser mais comedidas. &#8220;\u00c9 preciso cautela e modera\u00e7\u00e3o&#8221;, confidenciou um oficial de alta patente a <strong>Notibras<\/strong>.<\/p>\n<p>A quest\u00e3o venezuelana atravessou continentes. Bateu nas portas da Uni\u00e3o Europ\u00e9ia, China e R\u00fassia. E vem justamente de Moscou &#8211; onde o presidente Vladimir Putin costuma armar Maduro com equipamentos militares altamente sofisticados &#8211; a repercuss\u00e3o de uma entrevista do cientista pol\u00edtico Maur\u00edcio Santoro, para quem h\u00e1 uma esp\u00e9cie de infantilidade na diplomacia brasileira sob o comando de Jair Bolsonaro.<\/p>\n<p>&#8220;\u00c9 claro que, por raz\u00f5es ideol\u00f3gicas, em vista do fato de que o governo brasileiro est\u00e1 buscando uma aproxima\u00e7\u00e3o com os Estados Unidos, isso influenciou a forma como o Brasil reagiu \u00e0 crise na Venezuela. Essa \u00e9 uma quest\u00e3o muito dif\u00edcil, um assunto muito delicado. Isso deve ser discutido com grande cautela, mas muitas vezes vemos que o Brasil est\u00e1 abra\u00e7ando o entusiasmo infantil pelas declara\u00e7\u00f5es americanas, e isso \u00e9 perigoso&#8221;, disse Santoro, professor da Uerj, em entrevista ao portal Sputniknews, da R\u00fassia.<\/p>\n<p>Na avalia\u00e7\u00e3o do professor, toda a ret\u00f3rica da Casa Branca contra a Venezuela deve ser vista como um instrumento de press\u00e3o pol\u00edtica, como aconteceu recentemente com a guerra de palavras entre Donald Trump e o l\u00edder norte-coreano Kim Jong-un.<\/p>\n<p>Se os EUA decidirem sobre uma invas\u00e3o militar da Venezuela, quais seriam as a\u00e7\u00f5es do Brasil? A pergunta, objetiva e sem meias palavras, n\u00e3o surpreende o cientista pol\u00edtico. Tanto, que Santoro enfatiza ser improv\u00e1vel que o Brasil obtenha apoio de seus vizinhos nessa empreitada. E essa \u00e9 uma posi\u00e7\u00e3o manifestada pelos militares.<\/p>\n<p>&#8220;Se isso acontecer [uma invas\u00e3o militar], mesmo que o governo Bolsonaro tenha essa inten\u00e7\u00e3o, para maximizar a virada do Brasil para os Estados Unidos, a percep\u00e7\u00e3o negativa dessa invas\u00e3o ser\u00e1 t\u00e3o forte na Am\u00e9rica Latina que o Brasil acabar\u00e1 se afastando, mesmo com todo o desejo de uma parcela m\u00ednima do governo de ver algo assim acontecendo&#8221;, acredita Santoro.<\/p>\n<p>A posi\u00e7\u00e3o moderada imposta a Ara\u00fajo \u00e9 explicada pela influ\u00eancia dos militares no Minist\u00e9rio das Rela\u00e7\u00f5es Exteriores, avalia Santoro.<\/p>\n<p>&#8220;Nunca tivemos um chanceler que tivesse tratado um l\u00edder pol\u00edtico estrangeiro com tanto (mal) entusiasmo. Se n\u00e3o houvesse essa press\u00e3o dos militares, n\u00e3o se sabe o que Ara\u00fajo faria, qual seria a consequ\u00eancia. Mas, sem d\u00favida, as for\u00e7as armadas valorizam muito a modera\u00e7\u00e3o e tentam restringir as iniciativas mais ardentes do governo na pol\u00edtica externa&#8221;, disse o professor.<\/p>\n<p>O que se sabe, nos c\u00edrculos mais fechados do governo, \u00e9 que os militares brasileiros est\u00e3o &#8220;cuidando&#8221; do Minist\u00e9rio das Rela\u00e7\u00f5es Exteriores, especialmente quando se trata da Venezuela. Pelo menos dois generais importantes est\u00e3o constantemente conversando com Araujo para monitorar suas atividades.<\/p>\n<p><strong>Santo de barro<\/strong> &#8211; Os militares come\u00e7aram a olhar de lado para o chanceler desde o in\u00edcio do governo Bolsonaro. Em 4 de janeiro, durante uma reuni\u00e3o do Grupo Lima no Peru, Ara\u00fajo apoiou um documento no qual &#8220;a cessa\u00e7\u00e3o da coopera\u00e7\u00e3o militar com o regime de Nicolau Maduro&#8221; foi mencionada em uma das cl\u00e1usulas. Isso causou descontentamento entre os militares brasileiros, que aprenderam mais sobre a situa\u00e7\u00e3o no governo de Maduro por parte dos militares venezuelanos do que por meio de canais diplom\u00e1ticos.<\/p>\n<p>A quest\u00e3o da implanta\u00e7\u00e3o de bases militares dos EUA no Brasil, mencionada por Bolsonaro e apoiada pelo ministro Ara\u00fajo, tamb\u00e9m preocupou os militares, que imediatamente consideraram essa medida sup\u00e9rflua e inadequada. At\u00e9 mesmo o atual vice-presidente, general Hamilton Mour\u00e3o, est\u00e1 agindo de forma a mudar a posi\u00e7\u00e3o da pol\u00edtica externa brasileira.<\/p>\n<p>&#8220;Quando falo dos militares, incluo o vice-presidente nesta lista. Incluo o vice-presidente, de quem o Brasil pode precisar hoje, porque o Mour\u00e3o morou na Venezuela, quando foi adido militar entre 2002 e 2004. E era um per\u00edodo bastante turbulento no in\u00edcio do chavismo&#8221;, lembrou Santoro.<\/p>\n<p>Em algumas \u00e1reas do governo comenta-se que n\u00e3o apenas a aus\u00eancia de apoio da posi\u00e7\u00e3o ocidental, mas tamb\u00e9m a falta de experi\u00eancia, est\u00e3o afetando as atividades de Ara\u00fajo.<\/p>\n<p>A esse respeito, Santoro observa que Ara\u00fajo nunca foi embaixador no exterior. E isso tamb\u00e9m o torna fraco em disputas internas. Tamb\u00e9m nesse aspecto os militares ganham vantagem, e sendo profissionais mais experientes, s\u00e3o capazes de exercer mais influ\u00eancia do que o pr\u00f3prio ministro das Rela\u00e7\u00f5es Exteriores.<\/p>\n<p>&#8220;Acredito que h\u00e1 duas op\u00e7\u00f5es poss\u00edveis: ou ele (Ara\u00fajo) se torna uma figura mais moderada, perto dos pontos de vista dos militares, que podem trabalhar em conjunto com o ministro da Economia [Paulo Guedes], ou acho que ele ser\u00e1 removido&#8221;, afirma Santoro, ressaltando que existe um conflito dentro do pr\u00f3prio governo entre os militares e a ala ideol\u00f3gica.<\/p>\n<p>Considerando esse quadro, a avalia\u00e7\u00e3o \u00e9 a de que Ara\u00fajo est\u00e1 inclinado a suavizar sua posi\u00e7\u00e3o com a Venezuela, enterrando seu conhecido trumpismo. A mudan\u00e7a de postura representar\u00e1 um papel importante para sua sobreviv\u00eancia como ministro do Exterior. Ao menos no futuro pr\u00f3ximo.<\/p>\n","protected":false},"excerpt":{"rendered":"<p>Na semana passada, quando esteve em viagem oficial aos Estados Unidos, o ministro das Rela\u00e7\u00f5es Exteriores, Ernesto Ara\u00fajo, sinalizou que o Brasil estava pronto para ajudar qualquer iniciativa do governo de Donaldo Trump para tirar Nicol\u00e1s Maduro do poder. Inclusive apoiando uma eventual invas\u00e3o da Venezuela. Ernesto fez coro com Trump. E endossou a tese [&hellip;]<\/p>\n","protected":false},"author":2,"featured_media":202114,"comment_status":"closed","ping_status":"closed","sticky":false,"template":"","format":"standard","meta":{"_acf_changed":false,"footnotes":""},"categories":[16],"tags":[95],"class_list":["post-202113","post","type-post","status-publish","format-standard","has-post-thumbnail","hentry","category-brasil","tag-capa"],"acf":[],"yoast_head":"<!-- This site is optimized with the Yoast SEO plugin v27.2 - https:\/\/yoast.com\/product\/yoast-seo-wordpress\/ -->\n<title>Ex\u00e9rcito manda Ernesto baixar o tom com Maduro - Notibras<\/title>\n<meta name=\"robots\" content=\"index, follow, max-snippet:-1, max-image-preview:large, max-video-preview:-1\" \/>\n<link rel=\"canonical\" href=\"https:\/\/www.notibras.com\/site\/exercito-manda-ernesto-baixar-o-tom-com-maduro\/\" \/>\n<meta property=\"og:locale\" content=\"pt_BR\" \/>\n<meta property=\"og:type\" content=\"article\" \/>\n<meta property=\"og:title\" content=\"Ex\u00e9rcito manda Ernesto baixar o tom com Maduro - Notibras\" \/>\n<meta property=\"og:description\" content=\"Na semana passada, quando esteve em viagem oficial aos Estados Unidos, o ministro das Rela\u00e7\u00f5es Exteriores, Ernesto Ara\u00fajo, sinalizou que o Brasil estava pronto para ajudar qualquer iniciativa do governo de Donaldo Trump para tirar Nicol\u00e1s Maduro do poder. Inclusive apoiando uma eventual invas\u00e3o da Venezuela. Ernesto fez coro com Trump. E endossou a tese [&hellip;]\" \/>\n<meta property=\"og:url\" content=\"https:\/\/www.notibras.com\/site\/exercito-manda-ernesto-baixar-o-tom-com-maduro\/\" \/>\n<meta property=\"og:site_name\" content=\"Notibras\" \/>\n<meta property=\"article:publisher\" content=\"https:\/\/www.facebook.com\/notibras\/\" \/>\n<meta property=\"article:published_time\" content=\"2019-02-10T13:32:01+00:00\" \/>\n<meta property=\"article:modified_time\" content=\"2019-02-10T13:37:38+00:00\" \/>\n<meta property=\"og:image\" content=\"https:\/\/www.notibras.com\/site\/wp-content\/uploads\/2019\/02\/exercito-rasileiro.jpg\" \/>\n\t<meta property=\"og:image:width\" content=\"1000\" \/>\n\t<meta property=\"og:image:height\" content=\"541\" \/>\n\t<meta property=\"og:image:type\" content=\"image\/jpeg\" \/>\n<meta name=\"author\" content=\"Reda\u00e7\u00e3o\" \/>\n<meta name=\"twitter:card\" content=\"summary_large_image\" \/>\n<meta name=\"twitter:creator\" content=\"@Notibras\" \/>\n<meta name=\"twitter:site\" content=\"@Notibras\" \/>\n<meta name=\"twitter:label1\" content=\"Escrito por\" \/>\n\t<meta name=\"twitter:data1\" content=\"Reda\u00e7\u00e3o\" \/>\n\t<meta name=\"twitter:label2\" content=\"Est. tempo de leitura\" \/>\n\t<meta name=\"twitter:data2\" content=\"5 minutos\" \/>\n<script type=\"application\/ld+json\" class=\"yoast-schema-graph\">{\"@context\":\"https:\/\/schema.org\",\"@graph\":[{\"@type\":\"Article\",\"@id\":\"https:\/\/www.notibras.com\/site\/exercito-manda-ernesto-baixar-o-tom-com-maduro\/#article\",\"isPartOf\":{\"@id\":\"https:\/\/www.notibras.com\/site\/exercito-manda-ernesto-baixar-o-tom-com-maduro\/\"},\"author\":{\"name\":\"Reda\u00e7\u00e3o\",\"@id\":\"https:\/\/www.notibras.com\/site\/#\/schema\/person\/36ab0979449956132d3e5b517ea76ac8\"},\"headline\":\"Ex\u00e9rcito manda Ernesto baixar o tom com Maduro\",\"datePublished\":\"2019-02-10T13:32:01+00:00\",\"dateModified\":\"2019-02-10T13:37:38+00:00\",\"mainEntityOfPage\":{\"@id\":\"https:\/\/www.notibras.com\/site\/exercito-manda-ernesto-baixar-o-tom-com-maduro\/\"},\"wordCount\":973,\"publisher\":{\"@id\":\"https:\/\/www.notibras.com\/site\/#organization\"},\"image\":{\"@id\":\"https:\/\/www.notibras.com\/site\/exercito-manda-ernesto-baixar-o-tom-com-maduro\/#primaryimage\"},\"thumbnailUrl\":\"https:\/\/www.notibras.com\/site\/wp-content\/uploads\/2019\/02\/exercito-rasileiro.jpg\",\"keywords\":[\"capa\"],\"articleSection\":[\"Brasil\"],\"inLanguage\":\"pt-BR\"},{\"@type\":\"WebPage\",\"@id\":\"https:\/\/www.notibras.com\/site\/exercito-manda-ernesto-baixar-o-tom-com-maduro\/\",\"url\":\"https:\/\/www.notibras.com\/site\/exercito-manda-ernesto-baixar-o-tom-com-maduro\/\",\"name\":\"Ex\u00e9rcito manda Ernesto baixar o tom com Maduro - Notibras\",\"isPartOf\":{\"@id\":\"https:\/\/www.notibras.com\/site\/#website\"},\"primaryImageOfPage\":{\"@id\":\"https:\/\/www.notibras.com\/site\/exercito-manda-ernesto-baixar-o-tom-com-maduro\/#primaryimage\"},\"image\":{\"@id\":\"https:\/\/www.notibras.com\/site\/exercito-manda-ernesto-baixar-o-tom-com-maduro\/#primaryimage\"},\"thumbnailUrl\":\"https:\/\/www.notibras.com\/site\/wp-content\/uploads\/2019\/02\/exercito-rasileiro.jpg\",\"datePublished\":\"2019-02-10T13:32:01+00:00\",\"dateModified\":\"2019-02-10T13:37:38+00:00\",\"breadcrumb\":{\"@id\":\"https:\/\/www.notibras.com\/site\/exercito-manda-ernesto-baixar-o-tom-com-maduro\/#breadcrumb\"},\"inLanguage\":\"pt-BR\",\"potentialAction\":[{\"@type\":\"ReadAction\",\"target\":[\"https:\/\/www.notibras.com\/site\/exercito-manda-ernesto-baixar-o-tom-com-maduro\/\"]}]},{\"@type\":\"ImageObject\",\"inLanguage\":\"pt-BR\",\"@id\":\"https:\/\/www.notibras.com\/site\/exercito-manda-ernesto-baixar-o-tom-com-maduro\/#primaryimage\",\"url\":\"https:\/\/www.notibras.com\/site\/wp-content\/uploads\/2019\/02\/exercito-rasileiro.jpg\",\"contentUrl\":\"https:\/\/www.notibras.com\/site\/wp-content\/uploads\/2019\/02\/exercito-rasileiro.jpg\",\"width\":1000,\"height\":541,\"caption\":\"Foto\/Arquivo Notibras\"},{\"@type\":\"BreadcrumbList\",\"@id\":\"https:\/\/www.notibras.com\/site\/exercito-manda-ernesto-baixar-o-tom-com-maduro\/#breadcrumb\",\"itemListElement\":[{\"@type\":\"ListItem\",\"position\":1,\"name\":\"In\u00edcio\",\"item\":\"https:\/\/www.notibras.com\/site\/\"},{\"@type\":\"ListItem\",\"position\":2,\"name\":\"Ex\u00e9rcito manda Ernesto baixar o tom com Maduro\"}]},{\"@type\":\"WebSite\",\"@id\":\"https:\/\/www.notibras.com\/site\/#website\",\"url\":\"https:\/\/www.notibras.com\/site\/\",\"name\":\"Notibras\",\"description\":\"Not\u00edcias de Bras\u00edlia, do Brasil e do Mundo\",\"publisher\":{\"@id\":\"https:\/\/www.notibras.com\/site\/#organization\"},\"potentialAction\":[{\"@type\":\"SearchAction\",\"target\":{\"@type\":\"EntryPoint\",\"urlTemplate\":\"https:\/\/www.notibras.com\/site\/?s={search_term_string}\"},\"query-input\":{\"@type\":\"PropertyValueSpecification\",\"valueRequired\":true,\"valueName\":\"search_term_string\"}}],\"inLanguage\":\"pt-BR\"},{\"@type\":\"Organization\",\"@id\":\"https:\/\/www.notibras.com\/site\/#organization\",\"name\":\"Grupo Notibras de Comunica\u00e7\u00e3o\",\"url\":\"https:\/\/www.notibras.com\/site\/\",\"logo\":{\"@type\":\"ImageObject\",\"inLanguage\":\"pt-BR\",\"@id\":\"https:\/\/www.notibras.com\/site\/#\/schema\/logo\/image\/\",\"url\":\"https:\/\/www.notibras.com\/site\/wp-content\/uploads\/2023\/01\/notibras23.png\",\"contentUrl\":\"https:\/\/www.notibras.com\/site\/wp-content\/uploads\/2023\/01\/notibras23.png\",\"width\":350,\"height\":87,\"caption\":\"Grupo Notibras de Comunica\u00e7\u00e3o\"},\"image\":{\"@id\":\"https:\/\/www.notibras.com\/site\/#\/schema\/logo\/image\/\"},\"sameAs\":[\"https:\/\/www.facebook.com\/notibras\/\",\"https:\/\/x.com\/Notibras\",\"https:\/\/www.instagram.com\/notibras\/\"]},{\"@type\":\"Person\",\"@id\":\"https:\/\/www.notibras.com\/site\/#\/schema\/person\/36ab0979449956132d3e5b517ea76ac8\",\"name\":\"Reda\u00e7\u00e3o\",\"image\":{\"@type\":\"ImageObject\",\"inLanguage\":\"pt-BR\",\"@id\":\"https:\/\/secure.gravatar.com\/avatar\/e0a867bdedb85fd243eadf09663511f96fc81e0720a4a42581f334ad4303aa6b?s=96&d=mm&r=g\",\"url\":\"https:\/\/secure.gravatar.com\/avatar\/e0a867bdedb85fd243eadf09663511f96fc81e0720a4a42581f334ad4303aa6b?s=96&d=mm&r=g\",\"contentUrl\":\"https:\/\/secure.gravatar.com\/avatar\/e0a867bdedb85fd243eadf09663511f96fc81e0720a4a42581f334ad4303aa6b?s=96&d=mm&r=g\",\"caption\":\"Reda\u00e7\u00e3o\"}}]}<\/script>\n<!-- \/ Yoast SEO plugin. -->","yoast_head_json":{"title":"Ex\u00e9rcito manda Ernesto baixar o tom com Maduro - Notibras","robots":{"index":"index","follow":"follow","max-snippet":"max-snippet:-1","max-image-preview":"max-image-preview:large","max-video-preview":"max-video-preview:-1"},"canonical":"https:\/\/www.notibras.com\/site\/exercito-manda-ernesto-baixar-o-tom-com-maduro\/","og_locale":"pt_BR","og_type":"article","og_title":"Ex\u00e9rcito manda Ernesto baixar o tom com Maduro - Notibras","og_description":"Na semana passada, quando esteve em viagem oficial aos Estados Unidos, o ministro das Rela\u00e7\u00f5es Exteriores, Ernesto Ara\u00fajo, sinalizou que o Brasil estava pronto para ajudar qualquer iniciativa do governo de Donaldo Trump para tirar Nicol\u00e1s Maduro do poder. Inclusive apoiando uma eventual invas\u00e3o da Venezuela. Ernesto fez coro com Trump. E endossou a tese [&hellip;]","og_url":"https:\/\/www.notibras.com\/site\/exercito-manda-ernesto-baixar-o-tom-com-maduro\/","og_site_name":"Notibras","article_publisher":"https:\/\/www.facebook.com\/notibras\/","article_published_time":"2019-02-10T13:32:01+00:00","article_modified_time":"2019-02-10T13:37:38+00:00","og_image":[{"width":1000,"height":541,"url":"https:\/\/www.notibras.com\/site\/wp-content\/uploads\/2019\/02\/exercito-rasileiro.jpg","type":"image\/jpeg"}],"author":"Reda\u00e7\u00e3o","twitter_card":"summary_large_image","twitter_creator":"@Notibras","twitter_site":"@Notibras","twitter_misc":{"Escrito por":"Reda\u00e7\u00e3o","Est. tempo de leitura":"5 minutos"},"schema":{"@context":"https:\/\/schema.org","@graph":[{"@type":"Article","@id":"https:\/\/www.notibras.com\/site\/exercito-manda-ernesto-baixar-o-tom-com-maduro\/#article","isPartOf":{"@id":"https:\/\/www.notibras.com\/site\/exercito-manda-ernesto-baixar-o-tom-com-maduro\/"},"author":{"name":"Reda\u00e7\u00e3o","@id":"https:\/\/www.notibras.com\/site\/#\/schema\/person\/36ab0979449956132d3e5b517ea76ac8"},"headline":"Ex\u00e9rcito manda Ernesto baixar o tom com Maduro","datePublished":"2019-02-10T13:32:01+00:00","dateModified":"2019-02-10T13:37:38+00:00","mainEntityOfPage":{"@id":"https:\/\/www.notibras.com\/site\/exercito-manda-ernesto-baixar-o-tom-com-maduro\/"},"wordCount":973,"publisher":{"@id":"https:\/\/www.notibras.com\/site\/#organization"},"image":{"@id":"https:\/\/www.notibras.com\/site\/exercito-manda-ernesto-baixar-o-tom-com-maduro\/#primaryimage"},"thumbnailUrl":"https:\/\/www.notibras.com\/site\/wp-content\/uploads\/2019\/02\/exercito-rasileiro.jpg","keywords":["capa"],"articleSection":["Brasil"],"inLanguage":"pt-BR"},{"@type":"WebPage","@id":"https:\/\/www.notibras.com\/site\/exercito-manda-ernesto-baixar-o-tom-com-maduro\/","url":"https:\/\/www.notibras.com\/site\/exercito-manda-ernesto-baixar-o-tom-com-maduro\/","name":"Ex\u00e9rcito manda Ernesto baixar o tom com Maduro - Notibras","isPartOf":{"@id":"https:\/\/www.notibras.com\/site\/#website"},"primaryImageOfPage":{"@id":"https:\/\/www.notibras.com\/site\/exercito-manda-ernesto-baixar-o-tom-com-maduro\/#primaryimage"},"image":{"@id":"https:\/\/www.notibras.com\/site\/exercito-manda-ernesto-baixar-o-tom-com-maduro\/#primaryimage"},"thumbnailUrl":"https:\/\/www.notibras.com\/site\/wp-content\/uploads\/2019\/02\/exercito-rasileiro.jpg","datePublished":"2019-02-10T13:32:01+00:00","dateModified":"2019-02-10T13:37:38+00:00","breadcrumb":{"@id":"https:\/\/www.notibras.com\/site\/exercito-manda-ernesto-baixar-o-tom-com-maduro\/#breadcrumb"},"inLanguage":"pt-BR","potentialAction":[{"@type":"ReadAction","target":["https:\/\/www.notibras.com\/site\/exercito-manda-ernesto-baixar-o-tom-com-maduro\/"]}]},{"@type":"ImageObject","inLanguage":"pt-BR","@id":"https:\/\/www.notibras.com\/site\/exercito-manda-ernesto-baixar-o-tom-com-maduro\/#primaryimage","url":"https:\/\/www.notibras.com\/site\/wp-content\/uploads\/2019\/02\/exercito-rasileiro.jpg","contentUrl":"https:\/\/www.notibras.com\/site\/wp-content\/uploads\/2019\/02\/exercito-rasileiro.jpg","width":1000,"height":541,"caption":"Foto\/Arquivo Notibras"},{"@type":"BreadcrumbList","@id":"https:\/\/www.notibras.com\/site\/exercito-manda-ernesto-baixar-o-tom-com-maduro\/#breadcrumb","itemListElement":[{"@type":"ListItem","position":1,"name":"In\u00edcio","item":"https:\/\/www.notibras.com\/site\/"},{"@type":"ListItem","position":2,"name":"Ex\u00e9rcito manda Ernesto baixar o tom com Maduro"}]},{"@type":"WebSite","@id":"https:\/\/www.notibras.com\/site\/#website","url":"https:\/\/www.notibras.com\/site\/","name":"Notibras","description":"Not\u00edcias de Bras\u00edlia, do Brasil e do Mundo","publisher":{"@id":"https:\/\/www.notibras.com\/site\/#organization"},"potentialAction":[{"@type":"SearchAction","target":{"@type":"EntryPoint","urlTemplate":"https:\/\/www.notibras.com\/site\/?s={search_term_string}"},"query-input":{"@type":"PropertyValueSpecification","valueRequired":true,"valueName":"search_term_string"}}],"inLanguage":"pt-BR"},{"@type":"Organization","@id":"https:\/\/www.notibras.com\/site\/#organization","name":"Grupo Notibras de Comunica\u00e7\u00e3o","url":"https:\/\/www.notibras.com\/site\/","logo":{"@type":"ImageObject","inLanguage":"pt-BR","@id":"https:\/\/www.notibras.com\/site\/#\/schema\/logo\/image\/","url":"https:\/\/www.notibras.com\/site\/wp-content\/uploads\/2023\/01\/notibras23.png","contentUrl":"https:\/\/www.notibras.com\/site\/wp-content\/uploads\/2023\/01\/notibras23.png","width":350,"height":87,"caption":"Grupo Notibras de Comunica\u00e7\u00e3o"},"image":{"@id":"https:\/\/www.notibras.com\/site\/#\/schema\/logo\/image\/"},"sameAs":["https:\/\/www.facebook.com\/notibras\/","https:\/\/x.com\/Notibras","https:\/\/www.instagram.com\/notibras\/"]},{"@type":"Person","@id":"https:\/\/www.notibras.com\/site\/#\/schema\/person\/36ab0979449956132d3e5b517ea76ac8","name":"Reda\u00e7\u00e3o","image":{"@type":"ImageObject","inLanguage":"pt-BR","@id":"https:\/\/secure.gravatar.com\/avatar\/e0a867bdedb85fd243eadf09663511f96fc81e0720a4a42581f334ad4303aa6b?s=96&d=mm&r=g","url":"https:\/\/secure.gravatar.com\/avatar\/e0a867bdedb85fd243eadf09663511f96fc81e0720a4a42581f334ad4303aa6b?s=96&d=mm&r=g","contentUrl":"https:\/\/secure.gravatar.com\/avatar\/e0a867bdedb85fd243eadf09663511f96fc81e0720a4a42581f334ad4303aa6b?s=96&d=mm&r=g","caption":"Reda\u00e7\u00e3o"}}]}},"amp_enabled":true,"_links":{"self":[{"href":"https:\/\/www.notibras.com\/site\/wp-json\/wp\/v2\/posts\/202113","targetHints":{"allow":["GET"]}}],"collection":[{"href":"https:\/\/www.notibras.com\/site\/wp-json\/wp\/v2\/posts"}],"about":[{"href":"https:\/\/www.notibras.com\/site\/wp-json\/wp\/v2\/types\/post"}],"author":[{"embeddable":true,"href":"https:\/\/www.notibras.com\/site\/wp-json\/wp\/v2\/users\/2"}],"replies":[{"embeddable":true,"href":"https:\/\/www.notibras.com\/site\/wp-json\/wp\/v2\/comments?post=202113"}],"version-history":[{"count":4,"href":"https:\/\/www.notibras.com\/site\/wp-json\/wp\/v2\/posts\/202113\/revisions"}],"predecessor-version":[{"id":202118,"href":"https:\/\/www.notibras.com\/site\/wp-json\/wp\/v2\/posts\/202113\/revisions\/202118"}],"wp:featuredmedia":[{"embeddable":true,"href":"https:\/\/www.notibras.com\/site\/wp-json\/wp\/v2\/media\/202114"}],"wp:attachment":[{"href":"https:\/\/www.notibras.com\/site\/wp-json\/wp\/v2\/media?parent=202113"}],"wp:term":[{"taxonomy":"category","embeddable":true,"href":"https:\/\/www.notibras.com\/site\/wp-json\/wp\/v2\/categories?post=202113"},{"taxonomy":"post_tag","embeddable":true,"href":"https:\/\/www.notibras.com\/site\/wp-json\/wp\/v2\/tags?post=202113"}],"curies":[{"name":"wp","href":"https:\/\/api.w.org\/{rel}","templated":true}]}}