{"id":202135,"date":"2019-02-10T11:35:02","date_gmt":"2019-02-10T13:35:02","guid":{"rendered":"https:\/\/www.notibras.com\/site\/?p=202135"},"modified":"2019-02-10T11:36:24","modified_gmt":"2019-02-10T13:36:24","slug":"evangelicos-querem-minar-o-poder-de-mourao","status":"publish","type":"post","link":"https:\/\/www.notibras.com\/site\/evangelicos-querem-minar-o-poder-de-mourao\/","title":{"rendered":"Evang\u00e9licos querem minar o poder de Mour\u00e3o"},"content":{"rendered":"<p>O discurso independente e a desenvoltura do vice-presidente Hamilton Mour\u00e3o (PRTB) desgastaram a rela\u00e7\u00e3o do Pal\u00e1cio do Planalto com o setor evang\u00e9lico, considerado fundamental na elei\u00e7\u00e3o do presidente Jair Bolsonaro. Nos \u00faltimos dias, l\u00edderes de igrejas que durante a campanha apoiaram explicitamente o candidato do PSL e representantes do segmento no Congresso expuseram a insatisfa\u00e7\u00e3o com o vice, principalmente ap\u00f3s ele se manifestar contra a transfer\u00eancia da embaixada brasileira em Israel para Jerusal\u00e9m.<\/p>\n<p>As lideran\u00e7as religiosas e parlamentares da bancada evang\u00e9lica pretendem pressionar o presidente para que ele desautorize publicamente o vice &#8211; Bolsonaro permanece internado em S\u00e3o Paulo se recuperando da cirurgia para a reconstru\u00e7\u00e3o do tr\u00e2nsito intestinal.<\/p>\n<p>Na condi\u00e7\u00e3o de presidente em exerc\u00edcio, Mour\u00e3o recebeu no \u00faltimo dia 28 o embaixador da Palestina no Brasil, Ibrahim Alzeben, e defendeu a posi\u00e7\u00e3o que contraria manifesta\u00e7\u00f5es anteriores do pr\u00f3prio Bolsonaro.<\/p>\n<p>Com 108 deputados e 10 senadores na atual Legislatura, a Frente Parlamentar Evang\u00e9lica, que tem uma atua\u00e7\u00e3o historicamente coesa em defesa de suas bandeiras, ter\u00e1 um peso decisivo para a agenda do governo no Congresso Nacional.<\/p>\n<p>&#8220;Vamos cobrar (do Bolsonaro) o cumprimento daquilo que foi tratado. Se o Mour\u00e3o est\u00e1 a servi\u00e7o de algum grupo de interesse contr\u00e1rio a que isso aconte\u00e7a, tenho convic\u00e7\u00e3o que ele perdeu essa queda de bra\u00e7o. Mour\u00e3o \u00e9 um poeta calado. Sempre que abre a boca cria um problema para o governo&#8221;, disse ao Estado o deputado S\u00f3stenes Cavalcante (DEM-RJ), principal porta-voz da Frente.<\/p>\n<p>O deputado deve assumir a presid\u00eancia do grupo nos pr\u00f3ximos dias O atual presidente, deputado Hidekazu Takayama (PSC-PR), n\u00e3o se reelegeu.<\/p>\n<p>Os evang\u00e9licos ficaram tamb\u00e9m incomodados com o vice por causa de uma entrevista na qual ele defendeu que o aborto \u00e9 uma escolha da mulher. O ponto central das queixas, contudo, \u00e9 a quest\u00e3o da mudan\u00e7a da embaixada brasileira de Tel-Aviv para Jerusal\u00e9m. &#8220;Esse foi um compromisso de campanha do presidente da Rep\u00fablica com nosso seguimento. N\u00f3s n\u00e3o pedimos muitas coisas a ele, mas essa foi uma delas&#8221;, disse S\u00f3stenes.<\/p>\n<p>&#8220;Por que o Mour\u00e3o, sabendo das bandeiras do Bolsonaro, n\u00e3o se manifestou antes da elei\u00e7\u00e3o? \u00c9 uma coisa feia esconder suas convic\u00e7\u00f5es. Faltou protocolo e \u00e9tica no exerc\u00edcio da fun\u00e7\u00e3o dele Mour\u00e3o est\u00e1 fazendo campanha para 2022, mas a ala conservadora n\u00e3o vota nele nunca&#8221;, disse ao Estado o pastor Silas Malafaia, l\u00edder da igreja evang\u00e9lica Vit\u00f3ria em Cristo e presidente do Conselho dos Pastores do Brasil.<\/p>\n<p>O presidente dos Estados Unidos, Donald Trump, reconheceu Jerusal\u00e9m capital de Israel em dezembro de 2017. Cinco meses depois, a embaixada norte-americana foi transferida para l\u00e1.<\/p>\n<p>Para o bispo e presidente do Minist\u00e9rio Sara Nossa Terra, Robson Rodovalho, a mudan\u00e7a da embaixada &#8220;facilitaria muito&#8221; a viagem de brasileiros a Israel e estimularia a amplia\u00e7\u00e3o da oferta de voos.<\/p>\n<p>Os contr\u00e1rios \u00e0 mudan\u00e7a alertam para os potenciais preju\u00edzos para as exporta\u00e7\u00f5es brasileiras para pa\u00edses \u00e1rabes, que est\u00e3o entre os principais importadores de carne bovina e de frango do Pa\u00eds. O Brasil pode tamb\u00e9m receber press\u00e3o da comunidade internacional. Para a ONU, o status de Jerusal\u00e9m deve ser decidido em negocia\u00e7\u00f5es de paz.<\/p>\n<p>&#8220;Quando o Bolsonaro se recuperar, n\u00f3s vamos marcar uma audi\u00eancia com ele. A ideia \u00e9 levar uma carta deixando claro nossa insatisfa\u00e7\u00e3o. Hoje, o Mour\u00e3o \u00e9 uma institui\u00e7\u00e3o e deveria guardar as opini\u00f5es para ela&#8221;, disse o deputado federal Filipe Barros (PSL-PR). Na semana passada, outros parlamentares usaram a tribuna da Casa para criticar publicamente o vice.<\/p>\n<p>Segundo fontes do primeiro escal\u00e3o das For\u00e7as Armadas ouvidas pelo Estado, Mour\u00e3o age de forma &#8220;coerente&#8221; com o pensamento dos militares, especialmente quando faz cr\u00edticas \u00e0 pol\u00edtica externa e sinaliza que a prioridade do governo deve ser a agenda econ\u00f4mica, e n\u00e3o a de costumes.<\/p>\n<p>Ao desautorizar o chanceler Ernesto Ara\u00fajo sobre a oferta de uma base no Brasil para os EUA, Mour\u00e3o reproduziu a linha de pensamento dominante nas For\u00e7as Armadas, que contam com sete quadros no primeiro escal\u00e3o e representam um dos pilares da administra\u00e7\u00e3o. Procurada, a assessoria do vice disse que ele n\u00e3o iria se manifestar.<\/p>\n","protected":false},"excerpt":{"rendered":"<p>O discurso independente e a desenvoltura do vice-presidente Hamilton Mour\u00e3o (PRTB) desgastaram a rela\u00e7\u00e3o do Pal\u00e1cio do Planalto com o setor evang\u00e9lico, considerado fundamental na elei\u00e7\u00e3o do presidente Jair Bolsonaro. Nos \u00faltimos dias, l\u00edderes de igrejas que durante a campanha apoiaram explicitamente o candidato do PSL e representantes do segmento no Congresso expuseram a insatisfa\u00e7\u00e3o [&hellip;]<\/p>\n","protected":false},"author":2,"featured_media":190707,"comment_status":"closed","ping_status":"closed","sticky":false,"template":"","format":"standard","meta":{"_acf_changed":false,"footnotes":""},"categories":[16],"tags":[95],"class_list":["post-202135","post","type-post","status-publish","format-standard","has-post-thumbnail","hentry","category-brasil","tag-capa"],"acf":[],"yoast_head":"<!-- This site is optimized with the Yoast SEO plugin v27.2 - https:\/\/yoast.com\/product\/yoast-seo-wordpress\/ -->\n<title>Evang\u00e9licos querem minar o poder de Mour\u00e3o - Notibras<\/title>\n<meta name=\"robots\" content=\"index, follow, max-snippet:-1, max-image-preview:large, max-video-preview:-1\" \/>\n<link rel=\"canonical\" href=\"https:\/\/www.notibras.com\/site\/evangelicos-querem-minar-o-poder-de-mourao\/\" \/>\n<meta property=\"og:locale\" content=\"pt_BR\" \/>\n<meta property=\"og:type\" content=\"article\" \/>\n<meta property=\"og:title\" content=\"Evang\u00e9licos querem minar o poder de Mour\u00e3o - Notibras\" \/>\n<meta property=\"og:description\" content=\"O discurso independente e a desenvoltura do vice-presidente Hamilton Mour\u00e3o (PRTB) desgastaram a rela\u00e7\u00e3o do Pal\u00e1cio do Planalto com o setor evang\u00e9lico, considerado fundamental na elei\u00e7\u00e3o do presidente Jair Bolsonaro. Nos \u00faltimos dias, l\u00edderes de igrejas que durante a campanha apoiaram explicitamente o candidato do PSL e representantes do segmento no Congresso expuseram a insatisfa\u00e7\u00e3o [&hellip;]\" \/>\n<meta property=\"og:url\" content=\"https:\/\/www.notibras.com\/site\/evangelicos-querem-minar-o-poder-de-mourao\/\" \/>\n<meta property=\"og:site_name\" content=\"Notibras\" \/>\n<meta property=\"article:publisher\" content=\"https:\/\/www.facebook.com\/notibras\/\" \/>\n<meta property=\"article:published_time\" content=\"2019-02-10T13:35:02+00:00\" \/>\n<meta property=\"article:modified_time\" content=\"2019-02-10T13:36:24+00:00\" \/>\n<meta property=\"og:image\" content=\"https:\/\/www.notibras.com\/site\/wp-content\/uploads\/2018\/09\/general-mour\u00e3o.jpg\" \/>\n\t<meta property=\"og:image:width\" content=\"932\" \/>\n\t<meta property=\"og:image:height\" content=\"621\" \/>\n\t<meta property=\"og:image:type\" content=\"image\/jpeg\" \/>\n<meta name=\"author\" content=\"Reda\u00e7\u00e3o\" \/>\n<meta name=\"twitter:card\" content=\"summary_large_image\" \/>\n<meta name=\"twitter:creator\" content=\"@Notibras\" \/>\n<meta name=\"twitter:site\" content=\"@Notibras\" \/>\n<meta name=\"twitter:label1\" content=\"Escrito por\" \/>\n\t<meta name=\"twitter:data1\" content=\"Reda\u00e7\u00e3o\" \/>\n\t<meta name=\"twitter:label2\" content=\"Est. tempo de leitura\" \/>\n\t<meta name=\"twitter:data2\" content=\"4 minutos\" \/>\n<script type=\"application\/ld+json\" class=\"yoast-schema-graph\">{\"@context\":\"https:\/\/schema.org\",\"@graph\":[{\"@type\":\"Article\",\"@id\":\"https:\/\/www.notibras.com\/site\/evangelicos-querem-minar-o-poder-de-mourao\/#article\",\"isPartOf\":{\"@id\":\"https:\/\/www.notibras.com\/site\/evangelicos-querem-minar-o-poder-de-mourao\/\"},\"author\":{\"name\":\"Reda\u00e7\u00e3o\",\"@id\":\"https:\/\/www.notibras.com\/site\/#\/schema\/person\/36ab0979449956132d3e5b517ea76ac8\"},\"headline\":\"Evang\u00e9licos querem minar o poder de Mour\u00e3o\",\"datePublished\":\"2019-02-10T13:35:02+00:00\",\"dateModified\":\"2019-02-10T13:36:24+00:00\",\"mainEntityOfPage\":{\"@id\":\"https:\/\/www.notibras.com\/site\/evangelicos-querem-minar-o-poder-de-mourao\/\"},\"wordCount\":748,\"publisher\":{\"@id\":\"https:\/\/www.notibras.com\/site\/#organization\"},\"image\":{\"@id\":\"https:\/\/www.notibras.com\/site\/evangelicos-querem-minar-o-poder-de-mourao\/#primaryimage\"},\"thumbnailUrl\":\"https:\/\/www.notibras.com\/site\/wp-content\/uploads\/2018\/09\/general-mour\u00e3o.jpg\",\"keywords\":[\"capa\"],\"articleSection\":[\"Brasil\"],\"inLanguage\":\"pt-BR\"},{\"@type\":\"WebPage\",\"@id\":\"https:\/\/www.notibras.com\/site\/evangelicos-querem-minar-o-poder-de-mourao\/\",\"url\":\"https:\/\/www.notibras.com\/site\/evangelicos-querem-minar-o-poder-de-mourao\/\",\"name\":\"Evang\u00e9licos querem minar o poder de Mour\u00e3o - Notibras\",\"isPartOf\":{\"@id\":\"https:\/\/www.notibras.com\/site\/#website\"},\"primaryImageOfPage\":{\"@id\":\"https:\/\/www.notibras.com\/site\/evangelicos-querem-minar-o-poder-de-mourao\/#primaryimage\"},\"image\":{\"@id\":\"https:\/\/www.notibras.com\/site\/evangelicos-querem-minar-o-poder-de-mourao\/#primaryimage\"},\"thumbnailUrl\":\"https:\/\/www.notibras.com\/site\/wp-content\/uploads\/2018\/09\/general-mour\u00e3o.jpg\",\"datePublished\":\"2019-02-10T13:35:02+00:00\",\"dateModified\":\"2019-02-10T13:36:24+00:00\",\"breadcrumb\":{\"@id\":\"https:\/\/www.notibras.com\/site\/evangelicos-querem-minar-o-poder-de-mourao\/#breadcrumb\"},\"inLanguage\":\"pt-BR\",\"potentialAction\":[{\"@type\":\"ReadAction\",\"target\":[\"https:\/\/www.notibras.com\/site\/evangelicos-querem-minar-o-poder-de-mourao\/\"]}]},{\"@type\":\"ImageObject\",\"inLanguage\":\"pt-BR\",\"@id\":\"https:\/\/www.notibras.com\/site\/evangelicos-querem-minar-o-poder-de-mourao\/#primaryimage\",\"url\":\"https:\/\/www.notibras.com\/site\/wp-content\/uploads\/2018\/09\/general-mour\u00e3o.jpg\",\"contentUrl\":\"https:\/\/www.notibras.com\/site\/wp-content\/uploads\/2018\/09\/general-mour\u00e3o.jpg\",\"width\":932,\"height\":621},{\"@type\":\"BreadcrumbList\",\"@id\":\"https:\/\/www.notibras.com\/site\/evangelicos-querem-minar-o-poder-de-mourao\/#breadcrumb\",\"itemListElement\":[{\"@type\":\"ListItem\",\"position\":1,\"name\":\"In\u00edcio\",\"item\":\"https:\/\/www.notibras.com\/site\/\"},{\"@type\":\"ListItem\",\"position\":2,\"name\":\"Evang\u00e9licos querem minar o poder de Mour\u00e3o\"}]},{\"@type\":\"WebSite\",\"@id\":\"https:\/\/www.notibras.com\/site\/#website\",\"url\":\"https:\/\/www.notibras.com\/site\/\",\"name\":\"Notibras\",\"description\":\"Not\u00edcias de Bras\u00edlia, do Brasil e do Mundo\",\"publisher\":{\"@id\":\"https:\/\/www.notibras.com\/site\/#organization\"},\"potentialAction\":[{\"@type\":\"SearchAction\",\"target\":{\"@type\":\"EntryPoint\",\"urlTemplate\":\"https:\/\/www.notibras.com\/site\/?s={search_term_string}\"},\"query-input\":{\"@type\":\"PropertyValueSpecification\",\"valueRequired\":true,\"valueName\":\"search_term_string\"}}],\"inLanguage\":\"pt-BR\"},{\"@type\":\"Organization\",\"@id\":\"https:\/\/www.notibras.com\/site\/#organization\",\"name\":\"Grupo Notibras de Comunica\u00e7\u00e3o\",\"url\":\"https:\/\/www.notibras.com\/site\/\",\"logo\":{\"@type\":\"ImageObject\",\"inLanguage\":\"pt-BR\",\"@id\":\"https:\/\/www.notibras.com\/site\/#\/schema\/logo\/image\/\",\"url\":\"https:\/\/www.notibras.com\/site\/wp-content\/uploads\/2023\/01\/notibras23.png\",\"contentUrl\":\"https:\/\/www.notibras.com\/site\/wp-content\/uploads\/2023\/01\/notibras23.png\",\"width\":350,\"height\":87,\"caption\":\"Grupo Notibras de Comunica\u00e7\u00e3o\"},\"image\":{\"@id\":\"https:\/\/www.notibras.com\/site\/#\/schema\/logo\/image\/\"},\"sameAs\":[\"https:\/\/www.facebook.com\/notibras\/\",\"https:\/\/x.com\/Notibras\",\"https:\/\/www.instagram.com\/notibras\/\"]},{\"@type\":\"Person\",\"@id\":\"https:\/\/www.notibras.com\/site\/#\/schema\/person\/36ab0979449956132d3e5b517ea76ac8\",\"name\":\"Reda\u00e7\u00e3o\",\"image\":{\"@type\":\"ImageObject\",\"inLanguage\":\"pt-BR\",\"@id\":\"https:\/\/secure.gravatar.com\/avatar\/e0a867bdedb85fd243eadf09663511f96fc81e0720a4a42581f334ad4303aa6b?s=96&d=mm&r=g\",\"url\":\"https:\/\/secure.gravatar.com\/avatar\/e0a867bdedb85fd243eadf09663511f96fc81e0720a4a42581f334ad4303aa6b?s=96&d=mm&r=g\",\"contentUrl\":\"https:\/\/secure.gravatar.com\/avatar\/e0a867bdedb85fd243eadf09663511f96fc81e0720a4a42581f334ad4303aa6b?s=96&d=mm&r=g\",\"caption\":\"Reda\u00e7\u00e3o\"}}]}<\/script>\n<!-- \/ Yoast SEO plugin. -->","yoast_head_json":{"title":"Evang\u00e9licos querem minar o poder de Mour\u00e3o - Notibras","robots":{"index":"index","follow":"follow","max-snippet":"max-snippet:-1","max-image-preview":"max-image-preview:large","max-video-preview":"max-video-preview:-1"},"canonical":"https:\/\/www.notibras.com\/site\/evangelicos-querem-minar-o-poder-de-mourao\/","og_locale":"pt_BR","og_type":"article","og_title":"Evang\u00e9licos querem minar o poder de Mour\u00e3o - Notibras","og_description":"O discurso independente e a desenvoltura do vice-presidente Hamilton Mour\u00e3o (PRTB) desgastaram a rela\u00e7\u00e3o do Pal\u00e1cio do Planalto com o setor evang\u00e9lico, considerado fundamental na elei\u00e7\u00e3o do presidente Jair Bolsonaro. Nos \u00faltimos dias, l\u00edderes de igrejas que durante a campanha apoiaram explicitamente o candidato do PSL e representantes do segmento no Congresso expuseram a insatisfa\u00e7\u00e3o [&hellip;]","og_url":"https:\/\/www.notibras.com\/site\/evangelicos-querem-minar-o-poder-de-mourao\/","og_site_name":"Notibras","article_publisher":"https:\/\/www.facebook.com\/notibras\/","article_published_time":"2019-02-10T13:35:02+00:00","article_modified_time":"2019-02-10T13:36:24+00:00","og_image":[{"width":932,"height":621,"url":"https:\/\/www.notibras.com\/site\/wp-content\/uploads\/2018\/09\/general-mour\u00e3o.jpg","type":"image\/jpeg"}],"author":"Reda\u00e7\u00e3o","twitter_card":"summary_large_image","twitter_creator":"@Notibras","twitter_site":"@Notibras","twitter_misc":{"Escrito por":"Reda\u00e7\u00e3o","Est. tempo de leitura":"4 minutos"},"schema":{"@context":"https:\/\/schema.org","@graph":[{"@type":"Article","@id":"https:\/\/www.notibras.com\/site\/evangelicos-querem-minar-o-poder-de-mourao\/#article","isPartOf":{"@id":"https:\/\/www.notibras.com\/site\/evangelicos-querem-minar-o-poder-de-mourao\/"},"author":{"name":"Reda\u00e7\u00e3o","@id":"https:\/\/www.notibras.com\/site\/#\/schema\/person\/36ab0979449956132d3e5b517ea76ac8"},"headline":"Evang\u00e9licos querem minar o poder de Mour\u00e3o","datePublished":"2019-02-10T13:35:02+00:00","dateModified":"2019-02-10T13:36:24+00:00","mainEntityOfPage":{"@id":"https:\/\/www.notibras.com\/site\/evangelicos-querem-minar-o-poder-de-mourao\/"},"wordCount":748,"publisher":{"@id":"https:\/\/www.notibras.com\/site\/#organization"},"image":{"@id":"https:\/\/www.notibras.com\/site\/evangelicos-querem-minar-o-poder-de-mourao\/#primaryimage"},"thumbnailUrl":"https:\/\/www.notibras.com\/site\/wp-content\/uploads\/2018\/09\/general-mour\u00e3o.jpg","keywords":["capa"],"articleSection":["Brasil"],"inLanguage":"pt-BR"},{"@type":"WebPage","@id":"https:\/\/www.notibras.com\/site\/evangelicos-querem-minar-o-poder-de-mourao\/","url":"https:\/\/www.notibras.com\/site\/evangelicos-querem-minar-o-poder-de-mourao\/","name":"Evang\u00e9licos querem minar o poder de Mour\u00e3o - Notibras","isPartOf":{"@id":"https:\/\/www.notibras.com\/site\/#website"},"primaryImageOfPage":{"@id":"https:\/\/www.notibras.com\/site\/evangelicos-querem-minar-o-poder-de-mourao\/#primaryimage"},"image":{"@id":"https:\/\/www.notibras.com\/site\/evangelicos-querem-minar-o-poder-de-mourao\/#primaryimage"},"thumbnailUrl":"https:\/\/www.notibras.com\/site\/wp-content\/uploads\/2018\/09\/general-mour\u00e3o.jpg","datePublished":"2019-02-10T13:35:02+00:00","dateModified":"2019-02-10T13:36:24+00:00","breadcrumb":{"@id":"https:\/\/www.notibras.com\/site\/evangelicos-querem-minar-o-poder-de-mourao\/#breadcrumb"},"inLanguage":"pt-BR","potentialAction":[{"@type":"ReadAction","target":["https:\/\/www.notibras.com\/site\/evangelicos-querem-minar-o-poder-de-mourao\/"]}]},{"@type":"ImageObject","inLanguage":"pt-BR","@id":"https:\/\/www.notibras.com\/site\/evangelicos-querem-minar-o-poder-de-mourao\/#primaryimage","url":"https:\/\/www.notibras.com\/site\/wp-content\/uploads\/2018\/09\/general-mour\u00e3o.jpg","contentUrl":"https:\/\/www.notibras.com\/site\/wp-content\/uploads\/2018\/09\/general-mour\u00e3o.jpg","width":932,"height":621},{"@type":"BreadcrumbList","@id":"https:\/\/www.notibras.com\/site\/evangelicos-querem-minar-o-poder-de-mourao\/#breadcrumb","itemListElement":[{"@type":"ListItem","position":1,"name":"In\u00edcio","item":"https:\/\/www.notibras.com\/site\/"},{"@type":"ListItem","position":2,"name":"Evang\u00e9licos querem minar o poder de Mour\u00e3o"}]},{"@type":"WebSite","@id":"https:\/\/www.notibras.com\/site\/#website","url":"https:\/\/www.notibras.com\/site\/","name":"Notibras","description":"Not\u00edcias de Bras\u00edlia, do Brasil e do Mundo","publisher":{"@id":"https:\/\/www.notibras.com\/site\/#organization"},"potentialAction":[{"@type":"SearchAction","target":{"@type":"EntryPoint","urlTemplate":"https:\/\/www.notibras.com\/site\/?s={search_term_string}"},"query-input":{"@type":"PropertyValueSpecification","valueRequired":true,"valueName":"search_term_string"}}],"inLanguage":"pt-BR"},{"@type":"Organization","@id":"https:\/\/www.notibras.com\/site\/#organization","name":"Grupo Notibras de Comunica\u00e7\u00e3o","url":"https:\/\/www.notibras.com\/site\/","logo":{"@type":"ImageObject","inLanguage":"pt-BR","@id":"https:\/\/www.notibras.com\/site\/#\/schema\/logo\/image\/","url":"https:\/\/www.notibras.com\/site\/wp-content\/uploads\/2023\/01\/notibras23.png","contentUrl":"https:\/\/www.notibras.com\/site\/wp-content\/uploads\/2023\/01\/notibras23.png","width":350,"height":87,"caption":"Grupo Notibras de Comunica\u00e7\u00e3o"},"image":{"@id":"https:\/\/www.notibras.com\/site\/#\/schema\/logo\/image\/"},"sameAs":["https:\/\/www.facebook.com\/notibras\/","https:\/\/x.com\/Notibras","https:\/\/www.instagram.com\/notibras\/"]},{"@type":"Person","@id":"https:\/\/www.notibras.com\/site\/#\/schema\/person\/36ab0979449956132d3e5b517ea76ac8","name":"Reda\u00e7\u00e3o","image":{"@type":"ImageObject","inLanguage":"pt-BR","@id":"https:\/\/secure.gravatar.com\/avatar\/e0a867bdedb85fd243eadf09663511f96fc81e0720a4a42581f334ad4303aa6b?s=96&d=mm&r=g","url":"https:\/\/secure.gravatar.com\/avatar\/e0a867bdedb85fd243eadf09663511f96fc81e0720a4a42581f334ad4303aa6b?s=96&d=mm&r=g","contentUrl":"https:\/\/secure.gravatar.com\/avatar\/e0a867bdedb85fd243eadf09663511f96fc81e0720a4a42581f334ad4303aa6b?s=96&d=mm&r=g","caption":"Reda\u00e7\u00e3o"}}]}},"amp_enabled":true,"_links":{"self":[{"href":"https:\/\/www.notibras.com\/site\/wp-json\/wp\/v2\/posts\/202135","targetHints":{"allow":["GET"]}}],"collection":[{"href":"https:\/\/www.notibras.com\/site\/wp-json\/wp\/v2\/posts"}],"about":[{"href":"https:\/\/www.notibras.com\/site\/wp-json\/wp\/v2\/types\/post"}],"author":[{"embeddable":true,"href":"https:\/\/www.notibras.com\/site\/wp-json\/wp\/v2\/users\/2"}],"replies":[{"embeddable":true,"href":"https:\/\/www.notibras.com\/site\/wp-json\/wp\/v2\/comments?post=202135"}],"version-history":[{"count":3,"href":"https:\/\/www.notibras.com\/site\/wp-json\/wp\/v2\/posts\/202135\/revisions"}],"predecessor-version":[{"id":202138,"href":"https:\/\/www.notibras.com\/site\/wp-json\/wp\/v2\/posts\/202135\/revisions\/202138"}],"wp:featuredmedia":[{"embeddable":true,"href":"https:\/\/www.notibras.com\/site\/wp-json\/wp\/v2\/media\/190707"}],"wp:attachment":[{"href":"https:\/\/www.notibras.com\/site\/wp-json\/wp\/v2\/media?parent=202135"}],"wp:term":[{"taxonomy":"category","embeddable":true,"href":"https:\/\/www.notibras.com\/site\/wp-json\/wp\/v2\/categories?post=202135"},{"taxonomy":"post_tag","embeddable":true,"href":"https:\/\/www.notibras.com\/site\/wp-json\/wp\/v2\/tags?post=202135"}],"curies":[{"name":"wp","href":"https:\/\/api.w.org\/{rel}","templated":true}]}}