{"id":202147,"date":"2019-02-10T16:58:17","date_gmt":"2019-02-10T18:58:17","guid":{"rendered":"https:\/\/www.notibras.com\/site\/?p=202147"},"modified":"2019-02-10T18:33:21","modified_gmt":"2019-02-10T20:33:21","slug":"bolsonaro-pede-solucao-para-o-caso-da-facada","status":"publish","type":"post","link":"https:\/\/www.notibras.com\/site\/bolsonaro-pede-solucao-para-o-caso-da-facada\/","title":{"rendered":"Bolsonaro pede solu\u00e7\u00e3o para o caso da facada"},"content":{"rendered":"<p>O presidente Jair Bolsonaro pediu, em v\u00eddeo publicado em seu Twitter neste domingo, que a Pol\u00edcia Federal acelere as investiga\u00e7\u00f5es sobre a facada de que foi v\u00edtima ainda durante a campanha.<\/p>\n<p>Ele classificou o ocorrido como \u201cato terrorista\u201d e pediu \u00e0 pol\u00edcia que \u201ctenha uma solu\u00e7\u00e3o para o caso nas pr\u00f3ximas semanas\u201d, de forma a indicar quem foram os \u201crespons\u00e1veis por determinar\u201d que Ad\u00e9lio Bispo, autor da facada, cometesse o ato.<\/p>\n<p>\u201cEspero da nossa Pol\u00edcia Federal, que nos orgulha a todos, que tenham uma solu\u00e7\u00e3o para o nosso caso nas pr\u00f3ximas semanas. Porque esse crime, essa tentativa de homic\u00eddio, esse ato terrorista praticado por um ex-integrante do PSOL, n\u00e3o pode ficar impune. N\u00f3s queremos e gostar\u00edamos que a PF indicasse, obviamente com dados concretos, quem foi ou quem foram os respons\u00e1veis por determinar que o Ad\u00e9lio praticasse aquele crime l\u00e1 em Juiz de Fora\u201d, disse.<\/p>\n<p>Bolsonaro ainda lembrou que est\u00e1 h\u00e1 duas semanas no hospital Albert Einstein. \u201cSabemos que pouca gente pode ter tratamento como esse, mas temos plena consci\u00eancia de que nosso SUS pode melhorar muito. Tudo faremos para que isso se torne realidade\u201d, disse.<\/p>\n<p>Veja o v\u00eddeo:<\/p>\n<p>https:\/\/twitter.com\/i\/status\/1094640777282637825<\/p>\n","protected":false},"excerpt":{"rendered":"<p>O presidente Jair Bolsonaro pediu, em v\u00eddeo publicado em seu Twitter neste domingo, que a Pol\u00edcia Federal acelere as investiga\u00e7\u00f5es sobre a facada de que foi v\u00edtima ainda durante a campanha. Ele classificou o ocorrido como \u201cato terrorista\u201d e pediu \u00e0 pol\u00edcia que \u201ctenha uma solu\u00e7\u00e3o para o caso nas pr\u00f3ximas semanas\u201d, de forma a [&hellip;]<\/p>\n","protected":false},"author":2,"featured_media":202148,"comment_status":"closed","ping_status":"closed","sticky":false,"template":"","format":"standard","meta":{"_acf_changed":false,"footnotes":""},"categories":[16],"tags":[95],"class_list":["post-202147","post","type-post","status-publish","format-standard","has-post-thumbnail","hentry","category-brasil","tag-capa"],"acf":[],"yoast_head":"<!-- This site is optimized with the Yoast SEO plugin v27.2 - https:\/\/yoast.com\/product\/yoast-seo-wordpress\/ -->\n<title>Bolsonaro pede solu\u00e7\u00e3o para o caso da facada - Notibras<\/title>\n<meta name=\"robots\" content=\"index, follow, max-snippet:-1, max-image-preview:large, max-video-preview:-1\" \/>\n<link rel=\"canonical\" href=\"https:\/\/www.notibras.com\/site\/bolsonaro-pede-solucao-para-o-caso-da-facada\/\" \/>\n<meta property=\"og:locale\" content=\"pt_BR\" \/>\n<meta property=\"og:type\" content=\"article\" \/>\n<meta property=\"og:title\" content=\"Bolsonaro pede solu\u00e7\u00e3o para o caso da facada - Notibras\" \/>\n<meta property=\"og:description\" content=\"O presidente Jair Bolsonaro pediu, em v\u00eddeo publicado em seu Twitter neste domingo, que a Pol\u00edcia Federal acelere as investiga\u00e7\u00f5es sobre a facada de que foi v\u00edtima ainda durante a campanha. Ele classificou o ocorrido como \u201cato terrorista\u201d e pediu \u00e0 pol\u00edcia que \u201ctenha uma solu\u00e7\u00e3o para o caso nas pr\u00f3ximas semanas\u201d, de forma a [&hellip;]\" \/>\n<meta property=\"og:url\" content=\"https:\/\/www.notibras.com\/site\/bolsonaro-pede-solucao-para-o-caso-da-facada\/\" \/>\n<meta property=\"og:site_name\" content=\"Notibras\" \/>\n<meta property=\"article:publisher\" content=\"https:\/\/www.facebook.com\/notibras\/\" \/>\n<meta property=\"article:published_time\" content=\"2019-02-10T18:58:17+00:00\" \/>\n<meta property=\"article:modified_time\" content=\"2019-02-10T20:33:21+00:00\" \/>\n<meta property=\"og:image\" content=\"https:\/\/www.notibras.com\/site\/wp-content\/uploads\/2019\/02\/bolsonaro-hospital10.jpg\" \/>\n\t<meta property=\"og:image:width\" content=\"1600\" \/>\n\t<meta property=\"og:image:height\" content=\"1200\" \/>\n\t<meta property=\"og:image:type\" content=\"image\/jpeg\" \/>\n<meta name=\"author\" content=\"Reda\u00e7\u00e3o\" \/>\n<meta name=\"twitter:card\" content=\"summary_large_image\" \/>\n<meta name=\"twitter:creator\" content=\"@Notibras\" \/>\n<meta name=\"twitter:site\" content=\"@Notibras\" \/>\n<meta name=\"twitter:label1\" content=\"Escrito por\" \/>\n\t<meta name=\"twitter:data1\" content=\"Reda\u00e7\u00e3o\" \/>\n\t<meta name=\"twitter:label2\" content=\"Est. tempo de leitura\" \/>\n\t<meta name=\"twitter:data2\" content=\"1 minuto\" \/>\n<script type=\"application\/ld+json\" class=\"yoast-schema-graph\">{\"@context\":\"https:\/\/schema.org\",\"@graph\":[{\"@type\":\"Article\",\"@id\":\"https:\/\/www.notibras.com\/site\/bolsonaro-pede-solucao-para-o-caso-da-facada\/#article\",\"isPartOf\":{\"@id\":\"https:\/\/www.notibras.com\/site\/bolsonaro-pede-solucao-para-o-caso-da-facada\/\"},\"author\":{\"name\":\"Reda\u00e7\u00e3o\",\"@id\":\"https:\/\/www.notibras.com\/site\/#\/schema\/person\/36ab0979449956132d3e5b517ea76ac8\"},\"headline\":\"Bolsonaro pede solu\u00e7\u00e3o para o caso da facada\",\"datePublished\":\"2019-02-10T18:58:17+00:00\",\"dateModified\":\"2019-02-10T20:33:21+00:00\",\"mainEntityOfPage\":{\"@id\":\"https:\/\/www.notibras.com\/site\/bolsonaro-pede-solucao-para-o-caso-da-facada\/\"},\"wordCount\":222,\"publisher\":{\"@id\":\"https:\/\/www.notibras.com\/site\/#organization\"},\"image\":{\"@id\":\"https:\/\/www.notibras.com\/site\/bolsonaro-pede-solucao-para-o-caso-da-facada\/#primaryimage\"},\"thumbnailUrl\":\"https:\/\/www.notibras.com\/site\/wp-content\/uploads\/2019\/02\/bolsonaro-hospital10.jpg\",\"keywords\":[\"capa\"],\"articleSection\":[\"Brasil\"],\"inLanguage\":\"pt-BR\"},{\"@type\":\"WebPage\",\"@id\":\"https:\/\/www.notibras.com\/site\/bolsonaro-pede-solucao-para-o-caso-da-facada\/\",\"url\":\"https:\/\/www.notibras.com\/site\/bolsonaro-pede-solucao-para-o-caso-da-facada\/\",\"name\":\"Bolsonaro pede solu\u00e7\u00e3o para o caso da facada - Notibras\",\"isPartOf\":{\"@id\":\"https:\/\/www.notibras.com\/site\/#website\"},\"primaryImageOfPage\":{\"@id\":\"https:\/\/www.notibras.com\/site\/bolsonaro-pede-solucao-para-o-caso-da-facada\/#primaryimage\"},\"image\":{\"@id\":\"https:\/\/www.notibras.com\/site\/bolsonaro-pede-solucao-para-o-caso-da-facada\/#primaryimage\"},\"thumbnailUrl\":\"https:\/\/www.notibras.com\/site\/wp-content\/uploads\/2019\/02\/bolsonaro-hospital10.jpg\",\"datePublished\":\"2019-02-10T18:58:17+00:00\",\"dateModified\":\"2019-02-10T20:33:21+00:00\",\"breadcrumb\":{\"@id\":\"https:\/\/www.notibras.com\/site\/bolsonaro-pede-solucao-para-o-caso-da-facada\/#breadcrumb\"},\"inLanguage\":\"pt-BR\",\"potentialAction\":[{\"@type\":\"ReadAction\",\"target\":[\"https:\/\/www.notibras.com\/site\/bolsonaro-pede-solucao-para-o-caso-da-facada\/\"]}]},{\"@type\":\"ImageObject\",\"inLanguage\":\"pt-BR\",\"@id\":\"https:\/\/www.notibras.com\/site\/bolsonaro-pede-solucao-para-o-caso-da-facada\/#primaryimage\",\"url\":\"https:\/\/www.notibras.com\/site\/wp-content\/uploads\/2019\/02\/bolsonaro-hospital10.jpg\",\"contentUrl\":\"https:\/\/www.notibras.com\/site\/wp-content\/uploads\/2019\/02\/bolsonaro-hospital10.jpg\",\"width\":1600,\"height\":1200,\"caption\":\"Foto\/Reprodu\u00e7\u00e3o\"},{\"@type\":\"BreadcrumbList\",\"@id\":\"https:\/\/www.notibras.com\/site\/bolsonaro-pede-solucao-para-o-caso-da-facada\/#breadcrumb\",\"itemListElement\":[{\"@type\":\"ListItem\",\"position\":1,\"name\":\"In\u00edcio\",\"item\":\"https:\/\/www.notibras.com\/site\/\"},{\"@type\":\"ListItem\",\"position\":2,\"name\":\"Bolsonaro pede solu\u00e7\u00e3o para o caso da facada\"}]},{\"@type\":\"WebSite\",\"@id\":\"https:\/\/www.notibras.com\/site\/#website\",\"url\":\"https:\/\/www.notibras.com\/site\/\",\"name\":\"Notibras\",\"description\":\"Not\u00edcias de Bras\u00edlia, do Brasil e do Mundo\",\"publisher\":{\"@id\":\"https:\/\/www.notibras.com\/site\/#organization\"},\"potentialAction\":[{\"@type\":\"SearchAction\",\"target\":{\"@type\":\"EntryPoint\",\"urlTemplate\":\"https:\/\/www.notibras.com\/site\/?s={search_term_string}\"},\"query-input\":{\"@type\":\"PropertyValueSpecification\",\"valueRequired\":true,\"valueName\":\"search_term_string\"}}],\"inLanguage\":\"pt-BR\"},{\"@type\":\"Organization\",\"@id\":\"https:\/\/www.notibras.com\/site\/#organization\",\"name\":\"Grupo Notibras de Comunica\u00e7\u00e3o\",\"url\":\"https:\/\/www.notibras.com\/site\/\",\"logo\":{\"@type\":\"ImageObject\",\"inLanguage\":\"pt-BR\",\"@id\":\"https:\/\/www.notibras.com\/site\/#\/schema\/logo\/image\/\",\"url\":\"https:\/\/www.notibras.com\/site\/wp-content\/uploads\/2023\/01\/notibras23.png\",\"contentUrl\":\"https:\/\/www.notibras.com\/site\/wp-content\/uploads\/2023\/01\/notibras23.png\",\"width\":350,\"height\":87,\"caption\":\"Grupo Notibras de Comunica\u00e7\u00e3o\"},\"image\":{\"@id\":\"https:\/\/www.notibras.com\/site\/#\/schema\/logo\/image\/\"},\"sameAs\":[\"https:\/\/www.facebook.com\/notibras\/\",\"https:\/\/x.com\/Notibras\",\"https:\/\/www.instagram.com\/notibras\/\"]},{\"@type\":\"Person\",\"@id\":\"https:\/\/www.notibras.com\/site\/#\/schema\/person\/36ab0979449956132d3e5b517ea76ac8\",\"name\":\"Reda\u00e7\u00e3o\",\"image\":{\"@type\":\"ImageObject\",\"inLanguage\":\"pt-BR\",\"@id\":\"https:\/\/secure.gravatar.com\/avatar\/e0a867bdedb85fd243eadf09663511f96fc81e0720a4a42581f334ad4303aa6b?s=96&d=mm&r=g\",\"url\":\"https:\/\/secure.gravatar.com\/avatar\/e0a867bdedb85fd243eadf09663511f96fc81e0720a4a42581f334ad4303aa6b?s=96&d=mm&r=g\",\"contentUrl\":\"https:\/\/secure.gravatar.com\/avatar\/e0a867bdedb85fd243eadf09663511f96fc81e0720a4a42581f334ad4303aa6b?s=96&d=mm&r=g\",\"caption\":\"Reda\u00e7\u00e3o\"}}]}<\/script>\n<!-- \/ Yoast SEO plugin. -->","yoast_head_json":{"title":"Bolsonaro pede solu\u00e7\u00e3o para o caso da facada - Notibras","robots":{"index":"index","follow":"follow","max-snippet":"max-snippet:-1","max-image-preview":"max-image-preview:large","max-video-preview":"max-video-preview:-1"},"canonical":"https:\/\/www.notibras.com\/site\/bolsonaro-pede-solucao-para-o-caso-da-facada\/","og_locale":"pt_BR","og_type":"article","og_title":"Bolsonaro pede solu\u00e7\u00e3o para o caso da facada - Notibras","og_description":"O presidente Jair Bolsonaro pediu, em v\u00eddeo publicado em seu Twitter neste domingo, que a Pol\u00edcia Federal acelere as investiga\u00e7\u00f5es sobre a facada de que foi v\u00edtima ainda durante a campanha. Ele classificou o ocorrido como \u201cato terrorista\u201d e pediu \u00e0 pol\u00edcia que \u201ctenha uma solu\u00e7\u00e3o para o caso nas pr\u00f3ximas semanas\u201d, de forma a [&hellip;]","og_url":"https:\/\/www.notibras.com\/site\/bolsonaro-pede-solucao-para-o-caso-da-facada\/","og_site_name":"Notibras","article_publisher":"https:\/\/www.facebook.com\/notibras\/","article_published_time":"2019-02-10T18:58:17+00:00","article_modified_time":"2019-02-10T20:33:21+00:00","og_image":[{"width":1600,"height":1200,"url":"https:\/\/www.notibras.com\/site\/wp-content\/uploads\/2019\/02\/bolsonaro-hospital10.jpg","type":"image\/jpeg"}],"author":"Reda\u00e7\u00e3o","twitter_card":"summary_large_image","twitter_creator":"@Notibras","twitter_site":"@Notibras","twitter_misc":{"Escrito por":"Reda\u00e7\u00e3o","Est. tempo de leitura":"1 minuto"},"schema":{"@context":"https:\/\/schema.org","@graph":[{"@type":"Article","@id":"https:\/\/www.notibras.com\/site\/bolsonaro-pede-solucao-para-o-caso-da-facada\/#article","isPartOf":{"@id":"https:\/\/www.notibras.com\/site\/bolsonaro-pede-solucao-para-o-caso-da-facada\/"},"author":{"name":"Reda\u00e7\u00e3o","@id":"https:\/\/www.notibras.com\/site\/#\/schema\/person\/36ab0979449956132d3e5b517ea76ac8"},"headline":"Bolsonaro pede solu\u00e7\u00e3o para o caso da facada","datePublished":"2019-02-10T18:58:17+00:00","dateModified":"2019-02-10T20:33:21+00:00","mainEntityOfPage":{"@id":"https:\/\/www.notibras.com\/site\/bolsonaro-pede-solucao-para-o-caso-da-facada\/"},"wordCount":222,"publisher":{"@id":"https:\/\/www.notibras.com\/site\/#organization"},"image":{"@id":"https:\/\/www.notibras.com\/site\/bolsonaro-pede-solucao-para-o-caso-da-facada\/#primaryimage"},"thumbnailUrl":"https:\/\/www.notibras.com\/site\/wp-content\/uploads\/2019\/02\/bolsonaro-hospital10.jpg","keywords":["capa"],"articleSection":["Brasil"],"inLanguage":"pt-BR"},{"@type":"WebPage","@id":"https:\/\/www.notibras.com\/site\/bolsonaro-pede-solucao-para-o-caso-da-facada\/","url":"https:\/\/www.notibras.com\/site\/bolsonaro-pede-solucao-para-o-caso-da-facada\/","name":"Bolsonaro pede solu\u00e7\u00e3o para o caso da facada - Notibras","isPartOf":{"@id":"https:\/\/www.notibras.com\/site\/#website"},"primaryImageOfPage":{"@id":"https:\/\/www.notibras.com\/site\/bolsonaro-pede-solucao-para-o-caso-da-facada\/#primaryimage"},"image":{"@id":"https:\/\/www.notibras.com\/site\/bolsonaro-pede-solucao-para-o-caso-da-facada\/#primaryimage"},"thumbnailUrl":"https:\/\/www.notibras.com\/site\/wp-content\/uploads\/2019\/02\/bolsonaro-hospital10.jpg","datePublished":"2019-02-10T18:58:17+00:00","dateModified":"2019-02-10T20:33:21+00:00","breadcrumb":{"@id":"https:\/\/www.notibras.com\/site\/bolsonaro-pede-solucao-para-o-caso-da-facada\/#breadcrumb"},"inLanguage":"pt-BR","potentialAction":[{"@type":"ReadAction","target":["https:\/\/www.notibras.com\/site\/bolsonaro-pede-solucao-para-o-caso-da-facada\/"]}]},{"@type":"ImageObject","inLanguage":"pt-BR","@id":"https:\/\/www.notibras.com\/site\/bolsonaro-pede-solucao-para-o-caso-da-facada\/#primaryimage","url":"https:\/\/www.notibras.com\/site\/wp-content\/uploads\/2019\/02\/bolsonaro-hospital10.jpg","contentUrl":"https:\/\/www.notibras.com\/site\/wp-content\/uploads\/2019\/02\/bolsonaro-hospital10.jpg","width":1600,"height":1200,"caption":"Foto\/Reprodu\u00e7\u00e3o"},{"@type":"BreadcrumbList","@id":"https:\/\/www.notibras.com\/site\/bolsonaro-pede-solucao-para-o-caso-da-facada\/#breadcrumb","itemListElement":[{"@type":"ListItem","position":1,"name":"In\u00edcio","item":"https:\/\/www.notibras.com\/site\/"},{"@type":"ListItem","position":2,"name":"Bolsonaro pede solu\u00e7\u00e3o para o caso da facada"}]},{"@type":"WebSite","@id":"https:\/\/www.notibras.com\/site\/#website","url":"https:\/\/www.notibras.com\/site\/","name":"Notibras","description":"Not\u00edcias de Bras\u00edlia, do Brasil e do Mundo","publisher":{"@id":"https:\/\/www.notibras.com\/site\/#organization"},"potentialAction":[{"@type":"SearchAction","target":{"@type":"EntryPoint","urlTemplate":"https:\/\/www.notibras.com\/site\/?s={search_term_string}"},"query-input":{"@type":"PropertyValueSpecification","valueRequired":true,"valueName":"search_term_string"}}],"inLanguage":"pt-BR"},{"@type":"Organization","@id":"https:\/\/www.notibras.com\/site\/#organization","name":"Grupo Notibras de Comunica\u00e7\u00e3o","url":"https:\/\/www.notibras.com\/site\/","logo":{"@type":"ImageObject","inLanguage":"pt-BR","@id":"https:\/\/www.notibras.com\/site\/#\/schema\/logo\/image\/","url":"https:\/\/www.notibras.com\/site\/wp-content\/uploads\/2023\/01\/notibras23.png","contentUrl":"https:\/\/www.notibras.com\/site\/wp-content\/uploads\/2023\/01\/notibras23.png","width":350,"height":87,"caption":"Grupo Notibras de Comunica\u00e7\u00e3o"},"image":{"@id":"https:\/\/www.notibras.com\/site\/#\/schema\/logo\/image\/"},"sameAs":["https:\/\/www.facebook.com\/notibras\/","https:\/\/x.com\/Notibras","https:\/\/www.instagram.com\/notibras\/"]},{"@type":"Person","@id":"https:\/\/www.notibras.com\/site\/#\/schema\/person\/36ab0979449956132d3e5b517ea76ac8","name":"Reda\u00e7\u00e3o","image":{"@type":"ImageObject","inLanguage":"pt-BR","@id":"https:\/\/secure.gravatar.com\/avatar\/e0a867bdedb85fd243eadf09663511f96fc81e0720a4a42581f334ad4303aa6b?s=96&d=mm&r=g","url":"https:\/\/secure.gravatar.com\/avatar\/e0a867bdedb85fd243eadf09663511f96fc81e0720a4a42581f334ad4303aa6b?s=96&d=mm&r=g","contentUrl":"https:\/\/secure.gravatar.com\/avatar\/e0a867bdedb85fd243eadf09663511f96fc81e0720a4a42581f334ad4303aa6b?s=96&d=mm&r=g","caption":"Reda\u00e7\u00e3o"}}]}},"amp_enabled":true,"_links":{"self":[{"href":"https:\/\/www.notibras.com\/site\/wp-json\/wp\/v2\/posts\/202147","targetHints":{"allow":["GET"]}}],"collection":[{"href":"https:\/\/www.notibras.com\/site\/wp-json\/wp\/v2\/posts"}],"about":[{"href":"https:\/\/www.notibras.com\/site\/wp-json\/wp\/v2\/types\/post"}],"author":[{"embeddable":true,"href":"https:\/\/www.notibras.com\/site\/wp-json\/wp\/v2\/users\/2"}],"replies":[{"embeddable":true,"href":"https:\/\/www.notibras.com\/site\/wp-json\/wp\/v2\/comments?post=202147"}],"version-history":[{"count":7,"href":"https:\/\/www.notibras.com\/site\/wp-json\/wp\/v2\/posts\/202147\/revisions"}],"predecessor-version":[{"id":202163,"href":"https:\/\/www.notibras.com\/site\/wp-json\/wp\/v2\/posts\/202147\/revisions\/202163"}],"wp:featuredmedia":[{"embeddable":true,"href":"https:\/\/www.notibras.com\/site\/wp-json\/wp\/v2\/media\/202148"}],"wp:attachment":[{"href":"https:\/\/www.notibras.com\/site\/wp-json\/wp\/v2\/media?parent=202147"}],"wp:term":[{"taxonomy":"category","embeddable":true,"href":"https:\/\/www.notibras.com\/site\/wp-json\/wp\/v2\/categories?post=202147"},{"taxonomy":"post_tag","embeddable":true,"href":"https:\/\/www.notibras.com\/site\/wp-json\/wp\/v2\/tags?post=202147"}],"curies":[{"name":"wp","href":"https:\/\/api.w.org\/{rel}","templated":true}]}}