{"id":20219,"date":"2014-08-20T19:42:18","date_gmt":"2014-08-20T22:42:18","guid":{"rendered":"http:\/\/www.notibras.com\/site\/?p=20219"},"modified":"2014-08-21T17:36:38","modified_gmt":"2014-08-21T20:36:38","slug":"ministra-alerta-para-risco-da-crise-da-agua-paulista-se-espalhar-por-todo-pais","status":"publish","type":"post","link":"https:\/\/www.notibras.com\/site\/ministra-alerta-para-risco-da-crise-da-agua-paulista-se-espalhar-por-todo-pais\/","title":{"rendered":"Ministra alerta para risco da crise da \u00e1gua paulista se espalhar por todo pa\u00eds"},"content":{"rendered":"<p>A ministra do Meio Ambiente, Izabella Teixeira, alertou hoje (20) para a baixa reserva de \u00e1gua no pa\u00eds, lembrando a situa\u00e7\u00e3o vivida no in\u00edcio desta semana pelos estados do Rio de Janeiro e de S\u00e3o Paulo e Minas Gerais em rela\u00e7\u00e3o ao abastecimento do rio Para\u00edba do Sul.<\/p>\n<p>Izabella disse que o pa\u00eds precisa discutir a quest\u00e3o. \u201cSe voc\u00ea tirar todos os reservat\u00f3rios de energia el\u00e9trica do pa\u00eds, sobra muito pouco para o abastecimento. Temos que discutir a reserva\u00e7\u00e3o e tamb\u00e9m a estrutura de redund\u00e2ncia.\u201d Ela citou o pr\u00f3prio Rio de Janeiro, explicando que o estado tem \u201cforte depend\u00eancia\u201d do Rio Para\u00edba do Sul por ter pouca reserva\u00e7\u00e3o. A estrutura de redund\u00e2ncia citada pela ministra trata da exist\u00eancia de sistemas auxiliares de estrutura h\u00eddrica que podem suprir eventuais falhas no sistema principal.<\/p>\n<blockquote><p>\u201cSe n\u00e3o chover em determinada regi\u00e3o, seria poss\u00edvel deslocar \u00e1gua de outras \u00e1reas para atender \u00e0quela regi\u00e3o. Seguran\u00e7a h\u00eddrica \u00e9 garantir que se oferecer\u00e1 \u00e1gua em situa\u00e7\u00f5es de estresse\u201d, explicou a ministra, ap\u00f3s o lan\u00e7amento do Plano Nacional de Seguran\u00e7a H\u00eddrica (PNSH), em Bras\u00edlia.<\/p><\/blockquote>\n<p>O PNSH vai ao encontro dos problemas enfrentados pela Regi\u00e3o Sudeste nos \u00faltimos dias. O objetivo \u00e9 diagnosticar quais \u00e1reas de gest\u00e3o e de infraestrutura do setor devem sofrer altera\u00e7\u00f5es para que n\u00e3o haja escassez no fornecimento de \u00e1gua a partir dos pr\u00f3ximos anos.<\/p>\n<p>De acordo com o\u00a0 diretor-presidente da Ag\u00eancia Nacional de \u00c1guas (ANA), Vicente Andreu, o PNSH vem para garantir o abastecimento de \u00e1gua para a popula\u00e7\u00e3o, independentemente da ocorr\u00eancia de chuvas no pa\u00eds. O trabalho da ag\u00eancia nesse cen\u00e1rio \u00e9 planejar as mudan\u00e7as que ser\u00e3o executadas pelos estados ou pelo governo federal em uma etapa posterior.<\/p>\n<p>O plano \u00e9 resultado de uma parceria entre a ANA, o Minist\u00e9rio da Integra\u00e7\u00e3o Nacional e o Banco Mundial, no \u00e2mbito do Programa de Desenvolvimento do Setor \u00c1gua. O PNSH tem prazo at\u00e9 2020 para identificar as necessidades do setor de recursos h\u00eddricos e at\u00e9 2035 para realizar as interven\u00e7\u00f5es necess\u00e1rias em barragens, sistemas adutores, canais e eixos de integra\u00e7\u00e3o. A meta \u00e9 que as obras identificadas pelo plano sejam realizadas, primordialmente, pelo Minist\u00e9rio da Integra\u00e7\u00e3o Nacional e seus parceiros nos estados e em \u00e2mbito federal.<\/p>\n<p><strong>Marcelo Brand\u00e3o, ABr<br \/>\n<\/strong><\/p>\n","protected":false},"excerpt":{"rendered":"<p>A ministra do Meio Ambiente, Izabella Teixeira, alertou hoje (20) para a baixa reserva de \u00e1gua no pa\u00eds, lembrando a situa\u00e7\u00e3o vivida no in\u00edcio desta semana pelos estados do Rio de Janeiro e de S\u00e3o Paulo e Minas Gerais em rela\u00e7\u00e3o ao abastecimento do rio Para\u00edba do Sul. Izabella disse que o pa\u00eds precisa discutir [&hellip;]<\/p>\n","protected":false},"author":2,"featured_media":20220,"comment_status":"open","ping_status":"closed","sticky":false,"template":"","format":"standard","meta":{"_acf_changed":false,"footnotes":""},"categories":[16],"tags":[],"class_list":["post-20219","post","type-post","status-publish","format-standard","has-post-thumbnail","hentry","category-brasil"],"acf":[],"_links":{"self":[{"href":"https:\/\/www.notibras.com\/site\/wp-json\/wp\/v2\/posts\/20219","targetHints":{"allow":["GET"]}}],"collection":[{"href":"https:\/\/www.notibras.com\/site\/wp-json\/wp\/v2\/posts"}],"about":[{"href":"https:\/\/www.notibras.com\/site\/wp-json\/wp\/v2\/types\/post"}],"author":[{"embeddable":true,"href":"https:\/\/www.notibras.com\/site\/wp-json\/wp\/v2\/users\/2"}],"replies":[{"embeddable":true,"href":"https:\/\/www.notibras.com\/site\/wp-json\/wp\/v2\/comments?post=20219"}],"version-history":[{"count":0,"href":"https:\/\/www.notibras.com\/site\/wp-json\/wp\/v2\/posts\/20219\/revisions"}],"wp:featuredmedia":[{"embeddable":true,"href":"https:\/\/www.notibras.com\/site\/wp-json\/wp\/v2\/media\/20220"}],"wp:attachment":[{"href":"https:\/\/www.notibras.com\/site\/wp-json\/wp\/v2\/media?parent=20219"}],"wp:term":[{"taxonomy":"category","embeddable":true,"href":"https:\/\/www.notibras.com\/site\/wp-json\/wp\/v2\/categories?post=20219"},{"taxonomy":"post_tag","embeddable":true,"href":"https:\/\/www.notibras.com\/site\/wp-json\/wp\/v2\/tags?post=20219"}],"curies":[{"name":"wp","href":"https:\/\/api.w.org\/{rel}","templated":true}]}}