{"id":20223,"date":"2014-08-20T19:47:35","date_gmt":"2014-08-20T22:47:35","guid":{"rendered":"http:\/\/www.notibras.com\/site\/?p=20223"},"modified":"2014-08-20T19:47:35","modified_gmt":"2014-08-20T22:47:35","slug":"mexida-na-politica-economica-reduzira-juros-diz-febraban","status":"publish","type":"post","link":"https:\/\/www.notibras.com\/site\/mexida-na-politica-economica-reduzira-juros-diz-febraban\/","title":{"rendered":"Mexida na pol\u00edtica econ\u00f4mica reduzir\u00e1 juros, diz Febraban"},"content":{"rendered":"<p>As medidas de est\u00edmulo ao cr\u00e9dito imobili\u00e1rio, de autom\u00f3veis e de opera\u00e7\u00f5es consignadas anunciadas pelo ministro da Fazenda Guido Mantega representam uma importante moderniza\u00e7\u00e3o do marco regulat\u00f3rio brasileiro e ter\u00e3o efeitos positivos de curto, de m\u00e9dio e longo prazo sobre a concess\u00e3o de cr\u00e9dito com juros mais baixos. A avalia\u00e7\u00e3o \u00e9 da Federa\u00e7\u00e3o Brasileira de Bancos (Febraban), que elogiou as medidas em nota.<\/p>\n<p>Para a entidade, as novas regras para aumentar as garantias e reduzir a burocracia nos empr\u00e9stimos e financiamentos ampliar\u00e3o a oferta e reduzir\u00e3o o custo do cr\u00e9dito. Para a Febraban, as medidas melhorar\u00e3o a expectativa e a confian\u00e7a dos agentes econ\u00f4micos.<\/p>\n<blockquote><p>Segundo a Febraban, a melhoria na qualidade das garantias e a maior rapidez na recupera\u00e7\u00e3o pelos bancos de bens de mutu\u00e1rios inadimplentes estimular\u00e3o as institui\u00e7\u00f5es financeiras a oferecer cr\u00e9dito com juros mais baixos. \u201cQuanto melhores forem as garantias e quanto mais simples e r\u00e1pida for a sua recupera\u00e7\u00e3o em caso de inadimpl\u00eancia do tomador, maior ser\u00e1 a disposi\u00e7\u00e3o dos bancos para emprestar e menor ser\u00e1 a taxa de juros\u201d, destacou a nota.<\/p><\/blockquote>\n<p>Para a federa\u00e7\u00e3o, o sucesso do cr\u00e9dito consignado (com desconto direto no sal\u00e1rio do tomador) ilustra bem a rela\u00e7\u00e3o entre boas garantias e a amplia\u00e7\u00e3o do cr\u00e9dito com queda nos juros finais. A entidade acrescentou que as medidas vinham sendo discutidas entre o setor financeiro e o governo h\u00e1 algum tempo.<\/p>\n","protected":false},"excerpt":{"rendered":"<p>As medidas de est\u00edmulo ao cr\u00e9dito imobili\u00e1rio, de autom\u00f3veis e de opera\u00e7\u00f5es consignadas anunciadas pelo ministro da Fazenda Guido Mantega representam uma importante moderniza\u00e7\u00e3o do marco regulat\u00f3rio brasileiro e ter\u00e3o efeitos positivos de curto, de m\u00e9dio e longo prazo sobre a concess\u00e3o de cr\u00e9dito com juros mais baixos. A avalia\u00e7\u00e3o \u00e9 da Federa\u00e7\u00e3o Brasileira de [&hellip;]<\/p>\n","protected":false},"author":2,"featured_media":20224,"comment_status":"open","ping_status":"closed","sticky":false,"template":"","format":"standard","meta":{"_acf_changed":false,"footnotes":""},"categories":[16],"tags":[],"class_list":["post-20223","post","type-post","status-publish","format-standard","has-post-thumbnail","hentry","category-brasil"],"acf":[],"_links":{"self":[{"href":"https:\/\/www.notibras.com\/site\/wp-json\/wp\/v2\/posts\/20223","targetHints":{"allow":["GET"]}}],"collection":[{"href":"https:\/\/www.notibras.com\/site\/wp-json\/wp\/v2\/posts"}],"about":[{"href":"https:\/\/www.notibras.com\/site\/wp-json\/wp\/v2\/types\/post"}],"author":[{"embeddable":true,"href":"https:\/\/www.notibras.com\/site\/wp-json\/wp\/v2\/users\/2"}],"replies":[{"embeddable":true,"href":"https:\/\/www.notibras.com\/site\/wp-json\/wp\/v2\/comments?post=20223"}],"version-history":[{"count":0,"href":"https:\/\/www.notibras.com\/site\/wp-json\/wp\/v2\/posts\/20223\/revisions"}],"wp:featuredmedia":[{"embeddable":true,"href":"https:\/\/www.notibras.com\/site\/wp-json\/wp\/v2\/media\/20224"}],"wp:attachment":[{"href":"https:\/\/www.notibras.com\/site\/wp-json\/wp\/v2\/media?parent=20223"}],"wp:term":[{"taxonomy":"category","embeddable":true,"href":"https:\/\/www.notibras.com\/site\/wp-json\/wp\/v2\/categories?post=20223"},{"taxonomy":"post_tag","embeddable":true,"href":"https:\/\/www.notibras.com\/site\/wp-json\/wp\/v2\/tags?post=20223"}],"curies":[{"name":"wp","href":"https:\/\/api.w.org\/{rel}","templated":true}]}}