{"id":202284,"date":"2019-02-12T07:00:03","date_gmt":"2019-02-12T09:00:03","guid":{"rendered":"https:\/\/www.notibras.com\/site\/?p=202284"},"modified":"2019-02-12T07:48:07","modified_gmt":"2019-02-12T09:48:07","slug":"amazonia-e-nossa-e-ninguem-toma-avisa-bolsonaro","status":"publish","type":"post","link":"https:\/\/www.notibras.com\/site\/amazonia-e-nossa-e-ninguem-toma-avisa-bolsonaro\/","title":{"rendered":"Amaz\u00f4nia \u00e9 nossa e ningu\u00e9m toma, avisa Bolsonaro"},"content":{"rendered":"<p>O governo vai come\u00e7ar o seu plano de desenvolvimento pela regi\u00e3o amaz\u00f4nica e enviar\u00e1 tr\u00eas ministros ao oeste do Par\u00e1 para avaliar investimentos de infraestrutura e definir grandes obras na regi\u00e3o. A escolha n\u00e3o \u00e9 casual. O avan\u00e7o nessas \u00e1reas isoladas da floresta e na fronteira atende tamb\u00e9m a um compromisso de campanha do presidente Jair Bolsonaro de aumentar a presen\u00e7a do Estado no chamado Triplo A. Trata-se de uma \u00e1rea que se estende dos Andes ao Atl\u00e2ntico, onde organismos internacionais supostamente pretendem criar uma faixa independente para preserva\u00e7\u00e3o ambiental.<\/p>\n<p>A regi\u00e3o \u00e9 estrat\u00e9gica para os militares, que querem marcar posi\u00e7\u00e3o contra o que chamam de \u201cpress\u00f5es globalistas\u201d. Como parte dessa estrat\u00e9gia, os ministros Gustavo Bebianno (Secretaria-Geral da Presid\u00eancia), Ricardo Salles (Meio Ambiente) e Damares Alves (Mulher, Fam\u00edlia e Direitos Humanos) desembarcam nesta quarta-feira, 13, em Tiri\u00f3s (PA) para discutir com l\u00edderes locais a constru\u00e7\u00e3o de uma ponte sobre o Rio Amazonas na cidade de \u00d3bidos, uma hidrel\u00e9trica em Oriximin\u00e1 e a extens\u00e3o da BR-163 at\u00e9 a fronteira do Suriname.<\/p>\n<p>A hidrel\u00e9trica teria, na avalia\u00e7\u00e3o do governo, o prop\u00f3sito de abastecer a Zona Franca de Manaus e regi\u00e3o, reduzindo apag\u00f5es. A amplia\u00e7\u00e3o da BR-163 \u2013 constru\u00edda nos anos 1970, ainda inacabada e not\u00edcia por causa de seus atoleiros \u2013 cumpriria uma meta de integra\u00e7\u00e3o da Regi\u00e3o Norte. J\u00e1 a ponte ligaria as duas margens do Amazonas por via terrestre, ainda feita por travessia de barcos e balsas. O projeto serviria como mais um caminho para o escoamento da produ\u00e7\u00e3o de gr\u00e3os do Centro-Oeste.<\/p>\n<p>Bebianno comparou as iniciativas \u00e0 retomada do Calha Norte, projeto do governo Jos\u00e9 Sarney para fixa\u00e7\u00e3o da presen\u00e7a militar na Amaz\u00f4nia. \u201cA retomada do Calha Norte \u00e9 fundamental para o Brasil como um todo. Estamos fazendo um mapeamento da regi\u00e3o e vamos l\u00e1 olhar pessoalmente\u201d, afirmou o ministro.<\/p>\n<p>O movimento coincide com a\u00e7\u00e3o do governo para combater a influ\u00eancia do chamado \u201cclero progressista\u201d da Igreja Cat\u00f3lica naregi\u00e3o. O pano de fundo \u00e9 a realiza\u00e7\u00e3o do S\u00ednodo sobre Amaz\u00f4nia, que ser\u00e1 organizado em outubro, em Roma, pelo Vaticano. Entre os temas que ser\u00e3o discutidos est\u00e3o a situa\u00e7\u00e3o dos povos ind\u00edgenas e de quilombolas e os investimentos na regi\u00e3o \u2013 considerados \u201cagendas de esquerda\u201d pelo Planalto.<\/p>\n<p>A \u00faltima s\u00e9rie de grandes investimentos na Amaz\u00f4nia ocorreu ainda no governo do ex-presidente Luiz In\u00e1cio Lula da Silva, com o in\u00edcio das obras das hidrel\u00e9tricas de Santo Antonio e Jirau, em Rond\u00f4nia, e Belo Monte, no Par\u00e1. Nos governos Dilma Rousseff e Michel Temer, os canteiros foram abandonados ou perderam o ritmo.<\/p>\n<p>O Planalto justifica a escolha dos projetos com o argumento de que a popula\u00e7\u00e3o dos munic\u00edpios da margem norte do Amazonas est\u00e1 abandonada e seu objetivo \u00e9 implementar um plano de ocupa\u00e7\u00e3o para estimular o mercado regional e definir um \u201cmarco\u201d da pol\u00edtica do governo de incentivo econ\u00f4mico.<\/p>\n<p><strong>Resist\u00eancias<\/strong> &#8211; Um auxiliar de Bolsonaro afirmou que a presen\u00e7a dos ministros do Meio Ambiente e dos Direitos Humanos na comitiva tem por objetivo reduzir eventuais ataques de ativistas e ambientalistas. A \u00e1rea delimitada para o in\u00edcio do plano estrat\u00e9gico \u00e9 formada por reservas ambientais e territ\u00f3rios de comunidades isoladas, como a dos \u00edndios zo\u00e9s, na regi\u00e3o de Santar\u00e9m.<\/p>\n<p>Para tentar quebrar resist\u00eancias, o governo vai incluir termos de responsabilidade socioambiental em todas as obras e firmar compromisso de di\u00e1logo com as comunidades locais. A equipe do presidente j\u00e1 antev\u00ea, no entanto, rea\u00e7\u00f5es especialmente de pa\u00edses da Uni\u00e3o Europeia, que t\u00eam liga\u00e7\u00f5es com as entidades mais influentes da \u00e1rea de defesa da preserva\u00e7\u00e3o da floresta.<\/p>\n<p>Militares com cargo no governo recusam a compara\u00e7\u00e3o com o Programa de Acelera\u00e7\u00e3o do Crescimento (PAC), lan\u00e7ado por Lula com obras em todo o Pa\u00eds, especialmente no Norte e no Nordeste. Ainda est\u00e1 prevista a retomada do projeto de revitaliza\u00e7\u00e3o dos afluentes do Rio S\u00e3o Francisco.<\/p>\n<p>A viabilidade dos projetos de infraestrutura na Amaz\u00f4nia desenhados pelo Planalto esbarra, por\u00e9m, numa s\u00e9rie de dificuldades. As tentativas de se instalar uma usina no Rio Trombetas j\u00e1 fracassaram em outros governos por obst\u00e1culos socioambientais. O mesmo problema j\u00e1 comprometeu a continuidade da BR-163. A regi\u00e3o \u00e9 de mata densa, sem estradas. Seria necess\u00e1rio abrir uma rodovia na floresta, regi\u00e3o marcada por \u00e1reas protegidas.<\/p>\n","protected":false},"excerpt":{"rendered":"<p>O governo vai come\u00e7ar o seu plano de desenvolvimento pela regi\u00e3o amaz\u00f4nica e enviar\u00e1 tr\u00eas ministros ao oeste do Par\u00e1 para avaliar investimentos de infraestrutura e definir grandes obras na regi\u00e3o. A escolha n\u00e3o \u00e9 casual. O avan\u00e7o nessas \u00e1reas isoladas da floresta e na fronteira atende tamb\u00e9m a um compromisso de campanha do presidente [&hellip;]<\/p>\n","protected":false},"author":2,"featured_media":202285,"comment_status":"closed","ping_status":"closed","sticky":false,"template":"","format":"standard","meta":{"_acf_changed":false,"footnotes":""},"categories":[16],"tags":[95],"class_list":["post-202284","post","type-post","status-publish","format-standard","has-post-thumbnail","hentry","category-brasil","tag-capa"],"acf":[],"yoast_head":"<!-- This site is optimized with the Yoast SEO plugin v27.2 - https:\/\/yoast.com\/product\/yoast-seo-wordpress\/ -->\n<title>Amaz\u00f4nia \u00e9 nossa e ningu\u00e9m toma, avisa Bolsonaro - Notibras<\/title>\n<meta name=\"robots\" content=\"index, follow, max-snippet:-1, max-image-preview:large, max-video-preview:-1\" \/>\n<link rel=\"canonical\" href=\"https:\/\/www.notibras.com\/site\/amazonia-e-nossa-e-ninguem-toma-avisa-bolsonaro\/\" \/>\n<meta property=\"og:locale\" content=\"pt_BR\" \/>\n<meta property=\"og:type\" content=\"article\" \/>\n<meta property=\"og:title\" content=\"Amaz\u00f4nia \u00e9 nossa e ningu\u00e9m toma, avisa Bolsonaro - Notibras\" \/>\n<meta property=\"og:description\" content=\"O governo vai come\u00e7ar o seu plano de desenvolvimento pela regi\u00e3o amaz\u00f4nica e enviar\u00e1 tr\u00eas ministros ao oeste do Par\u00e1 para avaliar investimentos de infraestrutura e definir grandes obras na regi\u00e3o. A escolha n\u00e3o \u00e9 casual. O avan\u00e7o nessas \u00e1reas isoladas da floresta e na fronteira atende tamb\u00e9m a um compromisso de campanha do presidente [&hellip;]\" \/>\n<meta property=\"og:url\" content=\"https:\/\/www.notibras.com\/site\/amazonia-e-nossa-e-ninguem-toma-avisa-bolsonaro\/\" \/>\n<meta property=\"og:site_name\" content=\"Notibras\" \/>\n<meta property=\"article:publisher\" content=\"https:\/\/www.facebook.com\/notibras\/\" \/>\n<meta property=\"article:published_time\" content=\"2019-02-12T09:00:03+00:00\" \/>\n<meta property=\"article:modified_time\" content=\"2019-02-12T09:48:07+00:00\" \/>\n<meta property=\"og:image\" content=\"https:\/\/www.notibras.com\/site\/wp-content\/uploads\/2019\/02\/amazonia.12.jpg\" \/>\n\t<meta property=\"og:image:width\" content=\"1890\" \/>\n\t<meta property=\"og:image:height\" content=\"825\" \/>\n\t<meta property=\"og:image:type\" content=\"image\/jpeg\" \/>\n<meta name=\"author\" content=\"Reda\u00e7\u00e3o\" \/>\n<meta name=\"twitter:card\" content=\"summary_large_image\" \/>\n<meta name=\"twitter:creator\" content=\"@Notibras\" \/>\n<meta name=\"twitter:site\" content=\"@Notibras\" \/>\n<meta name=\"twitter:label1\" content=\"Escrito por\" \/>\n\t<meta name=\"twitter:data1\" content=\"Reda\u00e7\u00e3o\" \/>\n\t<meta name=\"twitter:label2\" content=\"Est. tempo de leitura\" \/>\n\t<meta name=\"twitter:data2\" content=\"4 minutos\" \/>\n<script type=\"application\/ld+json\" class=\"yoast-schema-graph\">{\"@context\":\"https:\/\/schema.org\",\"@graph\":[{\"@type\":\"Article\",\"@id\":\"https:\/\/www.notibras.com\/site\/amazonia-e-nossa-e-ninguem-toma-avisa-bolsonaro\/#article\",\"isPartOf\":{\"@id\":\"https:\/\/www.notibras.com\/site\/amazonia-e-nossa-e-ninguem-toma-avisa-bolsonaro\/\"},\"author\":{\"name\":\"Reda\u00e7\u00e3o\",\"@id\":\"https:\/\/www.notibras.com\/site\/#\/schema\/person\/36ab0979449956132d3e5b517ea76ac8\"},\"headline\":\"Amaz\u00f4nia \u00e9 nossa e ningu\u00e9m toma, avisa Bolsonaro\",\"datePublished\":\"2019-02-12T09:00:03+00:00\",\"dateModified\":\"2019-02-12T09:48:07+00:00\",\"mainEntityOfPage\":{\"@id\":\"https:\/\/www.notibras.com\/site\/amazonia-e-nossa-e-ninguem-toma-avisa-bolsonaro\/\"},\"wordCount\":780,\"publisher\":{\"@id\":\"https:\/\/www.notibras.com\/site\/#organization\"},\"image\":{\"@id\":\"https:\/\/www.notibras.com\/site\/amazonia-e-nossa-e-ninguem-toma-avisa-bolsonaro\/#primaryimage\"},\"thumbnailUrl\":\"https:\/\/www.notibras.com\/site\/wp-content\/uploads\/2019\/02\/amazonia.12.jpg\",\"keywords\":[\"capa\"],\"articleSection\":[\"Brasil\"],\"inLanguage\":\"pt-BR\"},{\"@type\":\"WebPage\",\"@id\":\"https:\/\/www.notibras.com\/site\/amazonia-e-nossa-e-ninguem-toma-avisa-bolsonaro\/\",\"url\":\"https:\/\/www.notibras.com\/site\/amazonia-e-nossa-e-ninguem-toma-avisa-bolsonaro\/\",\"name\":\"Amaz\u00f4nia \u00e9 nossa e ningu\u00e9m toma, avisa Bolsonaro - Notibras\",\"isPartOf\":{\"@id\":\"https:\/\/www.notibras.com\/site\/#website\"},\"primaryImageOfPage\":{\"@id\":\"https:\/\/www.notibras.com\/site\/amazonia-e-nossa-e-ninguem-toma-avisa-bolsonaro\/#primaryimage\"},\"image\":{\"@id\":\"https:\/\/www.notibras.com\/site\/amazonia-e-nossa-e-ninguem-toma-avisa-bolsonaro\/#primaryimage\"},\"thumbnailUrl\":\"https:\/\/www.notibras.com\/site\/wp-content\/uploads\/2019\/02\/amazonia.12.jpg\",\"datePublished\":\"2019-02-12T09:00:03+00:00\",\"dateModified\":\"2019-02-12T09:48:07+00:00\",\"breadcrumb\":{\"@id\":\"https:\/\/www.notibras.com\/site\/amazonia-e-nossa-e-ninguem-toma-avisa-bolsonaro\/#breadcrumb\"},\"inLanguage\":\"pt-BR\",\"potentialAction\":[{\"@type\":\"ReadAction\",\"target\":[\"https:\/\/www.notibras.com\/site\/amazonia-e-nossa-e-ninguem-toma-avisa-bolsonaro\/\"]}]},{\"@type\":\"ImageObject\",\"inLanguage\":\"pt-BR\",\"@id\":\"https:\/\/www.notibras.com\/site\/amazonia-e-nossa-e-ninguem-toma-avisa-bolsonaro\/#primaryimage\",\"url\":\"https:\/\/www.notibras.com\/site\/wp-content\/uploads\/2019\/02\/amazonia.12.jpg\",\"contentUrl\":\"https:\/\/www.notibras.com\/site\/wp-content\/uploads\/2019\/02\/amazonia.12.jpg\",\"width\":1890,\"height\":825},{\"@type\":\"BreadcrumbList\",\"@id\":\"https:\/\/www.notibras.com\/site\/amazonia-e-nossa-e-ninguem-toma-avisa-bolsonaro\/#breadcrumb\",\"itemListElement\":[{\"@type\":\"ListItem\",\"position\":1,\"name\":\"In\u00edcio\",\"item\":\"https:\/\/www.notibras.com\/site\/\"},{\"@type\":\"ListItem\",\"position\":2,\"name\":\"Amaz\u00f4nia \u00e9 nossa e ningu\u00e9m toma, avisa Bolsonaro\"}]},{\"@type\":\"WebSite\",\"@id\":\"https:\/\/www.notibras.com\/site\/#website\",\"url\":\"https:\/\/www.notibras.com\/site\/\",\"name\":\"Notibras\",\"description\":\"Not\u00edcias de Bras\u00edlia, do Brasil e do Mundo\",\"publisher\":{\"@id\":\"https:\/\/www.notibras.com\/site\/#organization\"},\"potentialAction\":[{\"@type\":\"SearchAction\",\"target\":{\"@type\":\"EntryPoint\",\"urlTemplate\":\"https:\/\/www.notibras.com\/site\/?s={search_term_string}\"},\"query-input\":{\"@type\":\"PropertyValueSpecification\",\"valueRequired\":true,\"valueName\":\"search_term_string\"}}],\"inLanguage\":\"pt-BR\"},{\"@type\":\"Organization\",\"@id\":\"https:\/\/www.notibras.com\/site\/#organization\",\"name\":\"Grupo Notibras de Comunica\u00e7\u00e3o\",\"url\":\"https:\/\/www.notibras.com\/site\/\",\"logo\":{\"@type\":\"ImageObject\",\"inLanguage\":\"pt-BR\",\"@id\":\"https:\/\/www.notibras.com\/site\/#\/schema\/logo\/image\/\",\"url\":\"https:\/\/www.notibras.com\/site\/wp-content\/uploads\/2023\/01\/notibras23.png\",\"contentUrl\":\"https:\/\/www.notibras.com\/site\/wp-content\/uploads\/2023\/01\/notibras23.png\",\"width\":350,\"height\":87,\"caption\":\"Grupo Notibras de Comunica\u00e7\u00e3o\"},\"image\":{\"@id\":\"https:\/\/www.notibras.com\/site\/#\/schema\/logo\/image\/\"},\"sameAs\":[\"https:\/\/www.facebook.com\/notibras\/\",\"https:\/\/x.com\/Notibras\",\"https:\/\/www.instagram.com\/notibras\/\"]},{\"@type\":\"Person\",\"@id\":\"https:\/\/www.notibras.com\/site\/#\/schema\/person\/36ab0979449956132d3e5b517ea76ac8\",\"name\":\"Reda\u00e7\u00e3o\",\"image\":{\"@type\":\"ImageObject\",\"inLanguage\":\"pt-BR\",\"@id\":\"https:\/\/secure.gravatar.com\/avatar\/e0a867bdedb85fd243eadf09663511f96fc81e0720a4a42581f334ad4303aa6b?s=96&d=mm&r=g\",\"url\":\"https:\/\/secure.gravatar.com\/avatar\/e0a867bdedb85fd243eadf09663511f96fc81e0720a4a42581f334ad4303aa6b?s=96&d=mm&r=g\",\"contentUrl\":\"https:\/\/secure.gravatar.com\/avatar\/e0a867bdedb85fd243eadf09663511f96fc81e0720a4a42581f334ad4303aa6b?s=96&d=mm&r=g\",\"caption\":\"Reda\u00e7\u00e3o\"}}]}<\/script>\n<!-- \/ Yoast SEO plugin. -->","yoast_head_json":{"title":"Amaz\u00f4nia \u00e9 nossa e ningu\u00e9m toma, avisa Bolsonaro - Notibras","robots":{"index":"index","follow":"follow","max-snippet":"max-snippet:-1","max-image-preview":"max-image-preview:large","max-video-preview":"max-video-preview:-1"},"canonical":"https:\/\/www.notibras.com\/site\/amazonia-e-nossa-e-ninguem-toma-avisa-bolsonaro\/","og_locale":"pt_BR","og_type":"article","og_title":"Amaz\u00f4nia \u00e9 nossa e ningu\u00e9m toma, avisa Bolsonaro - Notibras","og_description":"O governo vai come\u00e7ar o seu plano de desenvolvimento pela regi\u00e3o amaz\u00f4nica e enviar\u00e1 tr\u00eas ministros ao oeste do Par\u00e1 para avaliar investimentos de infraestrutura e definir grandes obras na regi\u00e3o. A escolha n\u00e3o \u00e9 casual. O avan\u00e7o nessas \u00e1reas isoladas da floresta e na fronteira atende tamb\u00e9m a um compromisso de campanha do presidente [&hellip;]","og_url":"https:\/\/www.notibras.com\/site\/amazonia-e-nossa-e-ninguem-toma-avisa-bolsonaro\/","og_site_name":"Notibras","article_publisher":"https:\/\/www.facebook.com\/notibras\/","article_published_time":"2019-02-12T09:00:03+00:00","article_modified_time":"2019-02-12T09:48:07+00:00","og_image":[{"width":1890,"height":825,"url":"https:\/\/www.notibras.com\/site\/wp-content\/uploads\/2019\/02\/amazonia.12.jpg","type":"image\/jpeg"}],"author":"Reda\u00e7\u00e3o","twitter_card":"summary_large_image","twitter_creator":"@Notibras","twitter_site":"@Notibras","twitter_misc":{"Escrito por":"Reda\u00e7\u00e3o","Est. tempo de leitura":"4 minutos"},"schema":{"@context":"https:\/\/schema.org","@graph":[{"@type":"Article","@id":"https:\/\/www.notibras.com\/site\/amazonia-e-nossa-e-ninguem-toma-avisa-bolsonaro\/#article","isPartOf":{"@id":"https:\/\/www.notibras.com\/site\/amazonia-e-nossa-e-ninguem-toma-avisa-bolsonaro\/"},"author":{"name":"Reda\u00e7\u00e3o","@id":"https:\/\/www.notibras.com\/site\/#\/schema\/person\/36ab0979449956132d3e5b517ea76ac8"},"headline":"Amaz\u00f4nia \u00e9 nossa e ningu\u00e9m toma, avisa Bolsonaro","datePublished":"2019-02-12T09:00:03+00:00","dateModified":"2019-02-12T09:48:07+00:00","mainEntityOfPage":{"@id":"https:\/\/www.notibras.com\/site\/amazonia-e-nossa-e-ninguem-toma-avisa-bolsonaro\/"},"wordCount":780,"publisher":{"@id":"https:\/\/www.notibras.com\/site\/#organization"},"image":{"@id":"https:\/\/www.notibras.com\/site\/amazonia-e-nossa-e-ninguem-toma-avisa-bolsonaro\/#primaryimage"},"thumbnailUrl":"https:\/\/www.notibras.com\/site\/wp-content\/uploads\/2019\/02\/amazonia.12.jpg","keywords":["capa"],"articleSection":["Brasil"],"inLanguage":"pt-BR"},{"@type":"WebPage","@id":"https:\/\/www.notibras.com\/site\/amazonia-e-nossa-e-ninguem-toma-avisa-bolsonaro\/","url":"https:\/\/www.notibras.com\/site\/amazonia-e-nossa-e-ninguem-toma-avisa-bolsonaro\/","name":"Amaz\u00f4nia \u00e9 nossa e ningu\u00e9m toma, avisa Bolsonaro - Notibras","isPartOf":{"@id":"https:\/\/www.notibras.com\/site\/#website"},"primaryImageOfPage":{"@id":"https:\/\/www.notibras.com\/site\/amazonia-e-nossa-e-ninguem-toma-avisa-bolsonaro\/#primaryimage"},"image":{"@id":"https:\/\/www.notibras.com\/site\/amazonia-e-nossa-e-ninguem-toma-avisa-bolsonaro\/#primaryimage"},"thumbnailUrl":"https:\/\/www.notibras.com\/site\/wp-content\/uploads\/2019\/02\/amazonia.12.jpg","datePublished":"2019-02-12T09:00:03+00:00","dateModified":"2019-02-12T09:48:07+00:00","breadcrumb":{"@id":"https:\/\/www.notibras.com\/site\/amazonia-e-nossa-e-ninguem-toma-avisa-bolsonaro\/#breadcrumb"},"inLanguage":"pt-BR","potentialAction":[{"@type":"ReadAction","target":["https:\/\/www.notibras.com\/site\/amazonia-e-nossa-e-ninguem-toma-avisa-bolsonaro\/"]}]},{"@type":"ImageObject","inLanguage":"pt-BR","@id":"https:\/\/www.notibras.com\/site\/amazonia-e-nossa-e-ninguem-toma-avisa-bolsonaro\/#primaryimage","url":"https:\/\/www.notibras.com\/site\/wp-content\/uploads\/2019\/02\/amazonia.12.jpg","contentUrl":"https:\/\/www.notibras.com\/site\/wp-content\/uploads\/2019\/02\/amazonia.12.jpg","width":1890,"height":825},{"@type":"BreadcrumbList","@id":"https:\/\/www.notibras.com\/site\/amazonia-e-nossa-e-ninguem-toma-avisa-bolsonaro\/#breadcrumb","itemListElement":[{"@type":"ListItem","position":1,"name":"In\u00edcio","item":"https:\/\/www.notibras.com\/site\/"},{"@type":"ListItem","position":2,"name":"Amaz\u00f4nia \u00e9 nossa e ningu\u00e9m toma, avisa Bolsonaro"}]},{"@type":"WebSite","@id":"https:\/\/www.notibras.com\/site\/#website","url":"https:\/\/www.notibras.com\/site\/","name":"Notibras","description":"Not\u00edcias de Bras\u00edlia, do Brasil e do Mundo","publisher":{"@id":"https:\/\/www.notibras.com\/site\/#organization"},"potentialAction":[{"@type":"SearchAction","target":{"@type":"EntryPoint","urlTemplate":"https:\/\/www.notibras.com\/site\/?s={search_term_string}"},"query-input":{"@type":"PropertyValueSpecification","valueRequired":true,"valueName":"search_term_string"}}],"inLanguage":"pt-BR"},{"@type":"Organization","@id":"https:\/\/www.notibras.com\/site\/#organization","name":"Grupo Notibras de Comunica\u00e7\u00e3o","url":"https:\/\/www.notibras.com\/site\/","logo":{"@type":"ImageObject","inLanguage":"pt-BR","@id":"https:\/\/www.notibras.com\/site\/#\/schema\/logo\/image\/","url":"https:\/\/www.notibras.com\/site\/wp-content\/uploads\/2023\/01\/notibras23.png","contentUrl":"https:\/\/www.notibras.com\/site\/wp-content\/uploads\/2023\/01\/notibras23.png","width":350,"height":87,"caption":"Grupo Notibras de Comunica\u00e7\u00e3o"},"image":{"@id":"https:\/\/www.notibras.com\/site\/#\/schema\/logo\/image\/"},"sameAs":["https:\/\/www.facebook.com\/notibras\/","https:\/\/x.com\/Notibras","https:\/\/www.instagram.com\/notibras\/"]},{"@type":"Person","@id":"https:\/\/www.notibras.com\/site\/#\/schema\/person\/36ab0979449956132d3e5b517ea76ac8","name":"Reda\u00e7\u00e3o","image":{"@type":"ImageObject","inLanguage":"pt-BR","@id":"https:\/\/secure.gravatar.com\/avatar\/e0a867bdedb85fd243eadf09663511f96fc81e0720a4a42581f334ad4303aa6b?s=96&d=mm&r=g","url":"https:\/\/secure.gravatar.com\/avatar\/e0a867bdedb85fd243eadf09663511f96fc81e0720a4a42581f334ad4303aa6b?s=96&d=mm&r=g","contentUrl":"https:\/\/secure.gravatar.com\/avatar\/e0a867bdedb85fd243eadf09663511f96fc81e0720a4a42581f334ad4303aa6b?s=96&d=mm&r=g","caption":"Reda\u00e7\u00e3o"}}]}},"amp_enabled":true,"_links":{"self":[{"href":"https:\/\/www.notibras.com\/site\/wp-json\/wp\/v2\/posts\/202284","targetHints":{"allow":["GET"]}}],"collection":[{"href":"https:\/\/www.notibras.com\/site\/wp-json\/wp\/v2\/posts"}],"about":[{"href":"https:\/\/www.notibras.com\/site\/wp-json\/wp\/v2\/types\/post"}],"author":[{"embeddable":true,"href":"https:\/\/www.notibras.com\/site\/wp-json\/wp\/v2\/users\/2"}],"replies":[{"embeddable":true,"href":"https:\/\/www.notibras.com\/site\/wp-json\/wp\/v2\/comments?post=202284"}],"version-history":[{"count":2,"href":"https:\/\/www.notibras.com\/site\/wp-json\/wp\/v2\/posts\/202284\/revisions"}],"predecessor-version":[{"id":202287,"href":"https:\/\/www.notibras.com\/site\/wp-json\/wp\/v2\/posts\/202284\/revisions\/202287"}],"wp:featuredmedia":[{"embeddable":true,"href":"https:\/\/www.notibras.com\/site\/wp-json\/wp\/v2\/media\/202285"}],"wp:attachment":[{"href":"https:\/\/www.notibras.com\/site\/wp-json\/wp\/v2\/media?parent=202284"}],"wp:term":[{"taxonomy":"category","embeddable":true,"href":"https:\/\/www.notibras.com\/site\/wp-json\/wp\/v2\/categories?post=202284"},{"taxonomy":"post_tag","embeddable":true,"href":"https:\/\/www.notibras.com\/site\/wp-json\/wp\/v2\/tags?post=202284"}],"curies":[{"name":"wp","href":"https:\/\/api.w.org\/{rel}","templated":true}]}}