{"id":20230,"date":"2014-08-20T17:59:17","date_gmt":"2014-08-20T20:59:17","guid":{"rendered":"http:\/\/www.notibras.com\/site\/?p=20230"},"modified":"2014-08-20T20:01:37","modified_gmt":"2014-08-20T23:01:37","slug":"preso-costura-boca-e-faz-greve-de-fome-por-transferencia","status":"publish","type":"post","link":"https:\/\/www.notibras.com\/site\/preso-costura-boca-e-faz-greve-de-fome-por-transferencia\/","title":{"rendered":"Preso costura boca e faz greve de fome por transfer\u00eancia"},"content":{"rendered":"<p>Um detento da Penitenci\u00e1ria Estadual de Santa Maria, a 290 quil\u00f4metros de Porto Alegre, costurou a pr\u00f3pria boca em protesto contra a negativa da Justi\u00e7a de transferi-lo para outra comarca.<\/p>\n<p class=\"text\">Everson Tiago de Azambuja, 32 anos, est\u00e1 em greve de fome desde a segunda-feira, mas n\u00e3o \u00e9 a primeira vez que ele costura a pr\u00f3pria boca, segundo informa o delegado penitenci\u00e1rio da regi\u00e3o central, Armando Maciel.<\/p>\n<blockquote>\n<p class=\"text\">\u201c\u00c9 a quinta vez que ele faz isso, e acaba dando uma impressionada. Ele tem os buracos de piercing na boca, e passa a linha para costurar a boca\u201d, afirma Maciel, dizendo que o detento foi condenado por crimes de assalto.<\/p>\n<\/blockquote>\n<p class=\"text\">Maciel diz que o detento n\u00e3o cumpre medida de seguran\u00e7a, o que comprova que ele est\u00e1 consciente de suas atitudes, \u201csen\u00e3o ele estaria cumprindo medida de seguran\u00e7a\u201d.<\/p>\n<p class=\"text\">Segundo informa\u00e7\u00f5es da Superintend\u00eancia de Servi\u00e7os Penitenci\u00e1rios (Susepe) \u00a0a Penitenci\u00e1ria Estadual de Santa Maria tem uma popula\u00e7\u00e3o carcer\u00e1ria de 552 presos em um local com capacidade para abrigar 776 pessoas.<\/p>\n","protected":false},"excerpt":{"rendered":"<p>Um detento da Penitenci\u00e1ria Estadual de Santa Maria, a 290 quil\u00f4metros de Porto Alegre, costurou a pr\u00f3pria boca em protesto contra a negativa da Justi\u00e7a de transferi-lo para outra comarca. Everson Tiago de Azambuja, 32 anos, est\u00e1 em greve de fome desde a segunda-feira, mas n\u00e3o \u00e9 a primeira vez que ele costura a pr\u00f3pria [&hellip;]<\/p>\n","protected":false},"author":2,"featured_media":20231,"comment_status":"open","ping_status":"closed","sticky":false,"template":"","format":"standard","meta":{"_acf_changed":false,"footnotes":""},"categories":[16],"tags":[],"class_list":["post-20230","post","type-post","status-publish","format-standard","has-post-thumbnail","hentry","category-brasil"],"acf":[],"_links":{"self":[{"href":"https:\/\/www.notibras.com\/site\/wp-json\/wp\/v2\/posts\/20230","targetHints":{"allow":["GET"]}}],"collection":[{"href":"https:\/\/www.notibras.com\/site\/wp-json\/wp\/v2\/posts"}],"about":[{"href":"https:\/\/www.notibras.com\/site\/wp-json\/wp\/v2\/types\/post"}],"author":[{"embeddable":true,"href":"https:\/\/www.notibras.com\/site\/wp-json\/wp\/v2\/users\/2"}],"replies":[{"embeddable":true,"href":"https:\/\/www.notibras.com\/site\/wp-json\/wp\/v2\/comments?post=20230"}],"version-history":[{"count":0,"href":"https:\/\/www.notibras.com\/site\/wp-json\/wp\/v2\/posts\/20230\/revisions"}],"wp:featuredmedia":[{"embeddable":true,"href":"https:\/\/www.notibras.com\/site\/wp-json\/wp\/v2\/media\/20231"}],"wp:attachment":[{"href":"https:\/\/www.notibras.com\/site\/wp-json\/wp\/v2\/media?parent=20230"}],"wp:term":[{"taxonomy":"category","embeddable":true,"href":"https:\/\/www.notibras.com\/site\/wp-json\/wp\/v2\/categories?post=20230"},{"taxonomy":"post_tag","embeddable":true,"href":"https:\/\/www.notibras.com\/site\/wp-json\/wp\/v2\/tags?post=20230"}],"curies":[{"name":"wp","href":"https:\/\/api.w.org\/{rel}","templated":true}]}}