{"id":20234,"date":"2014-08-20T20:07:35","date_gmt":"2014-08-20T23:07:35","guid":{"rendered":"http:\/\/www.notibras.com\/site\/?p=20234"},"modified":"2014-08-20T20:08:03","modified_gmt":"2014-08-20T23:08:03","slug":"celina-critica-fiscais-de-agnelo-que-bordam-taxista-com-grosseria","status":"publish","type":"post","link":"https:\/\/www.notibras.com\/site\/celina-critica-fiscais-de-agnelo-que-bordam-taxista-com-grosseria\/","title":{"rendered":"Celina critica fiscais de Agnelo que abordam taxista com grosseria"},"content":{"rendered":"<p>A deputada Celina Le\u00e3o (PDT) ocupou a tribuna da C\u00e2mara Legislativa para criticar a atua\u00e7\u00e3o de uma subsecretaria criada na Secretaria de Transportes para cuidar dos taxistas.<\/p>\n<p>Segundo a distrital, a categoria tem reclamado da forma como est\u00e3o sendo feitas as abordagens e do tratamento &#8220;grosseiro&#8221;. Ela pediu que a pasta analise a forma como os auditores est\u00e3o tratando os taxistas.<\/p>\n<p>\u201cA categoria merece o nosso respeito s\u00e3o, em sua maioria, homens de meia idade. S\u00e3o pequenas coisas que fazem a diferen\u00e7a na vida das pessoas, educa\u00e7\u00e3o cabe em qualquer lugar\u201d, considerou Celina.<\/p>\n<blockquote><p>A deputada tamb\u00e9m criticou o governo do DF por ter reajustado as corridas de t\u00e1xi em 10%, ao mesmo tempo em que aumentou o valor das multas dos taxistas em 100%. &#8220;\u00c9 uma incoer\u00eancia, vamos apresentar um projeto de Decreto Legislativo para sustar os efeitos deste reajuste nas multas&#8221;, ressaltou.<\/p><\/blockquote>\n<p>A parlamentar, tamb\u00e9m observou que tem que haver concorr\u00eancia para os cursos obrigat\u00f3rios ao taxista. \u201cOs cursos s\u00e3o ministrados apenas pelo SEST\/SENAT, estamos propondo uma legisla\u00e7\u00e3o para que as auto-escolas tamb\u00e9m possam ministrar o curso, ampliando as possibilidades de hor\u00e1rio para os taxistas\u201d, anunciou a deputada.<\/p>\n","protected":false},"excerpt":{"rendered":"<p>A deputada Celina Le\u00e3o (PDT) ocupou a tribuna da C\u00e2mara Legislativa para criticar a atua\u00e7\u00e3o de uma subsecretaria criada na Secretaria de Transportes para cuidar dos taxistas. Segundo a distrital, a categoria tem reclamado da forma como est\u00e3o sendo feitas as abordagens e do tratamento &#8220;grosseiro&#8221;. Ela pediu que a pasta analise a forma como [&hellip;]<\/p>\n","protected":false},"author":2,"featured_media":20235,"comment_status":"open","ping_status":"closed","sticky":false,"template":"","format":"standard","meta":{"_acf_changed":false,"footnotes":""},"categories":[1],"tags":[],"class_list":["post-20234","post","type-post","status-publish","format-standard","has-post-thumbnail","hentry","category-brasilia"],"acf":[],"_links":{"self":[{"href":"https:\/\/www.notibras.com\/site\/wp-json\/wp\/v2\/posts\/20234","targetHints":{"allow":["GET"]}}],"collection":[{"href":"https:\/\/www.notibras.com\/site\/wp-json\/wp\/v2\/posts"}],"about":[{"href":"https:\/\/www.notibras.com\/site\/wp-json\/wp\/v2\/types\/post"}],"author":[{"embeddable":true,"href":"https:\/\/www.notibras.com\/site\/wp-json\/wp\/v2\/users\/2"}],"replies":[{"embeddable":true,"href":"https:\/\/www.notibras.com\/site\/wp-json\/wp\/v2\/comments?post=20234"}],"version-history":[{"count":0,"href":"https:\/\/www.notibras.com\/site\/wp-json\/wp\/v2\/posts\/20234\/revisions"}],"wp:featuredmedia":[{"embeddable":true,"href":"https:\/\/www.notibras.com\/site\/wp-json\/wp\/v2\/media\/20235"}],"wp:attachment":[{"href":"https:\/\/www.notibras.com\/site\/wp-json\/wp\/v2\/media?parent=20234"}],"wp:term":[{"taxonomy":"category","embeddable":true,"href":"https:\/\/www.notibras.com\/site\/wp-json\/wp\/v2\/categories?post=20234"},{"taxonomy":"post_tag","embeddable":true,"href":"https:\/\/www.notibras.com\/site\/wp-json\/wp\/v2\/tags?post=20234"}],"curies":[{"name":"wp","href":"https:\/\/api.w.org\/{rel}","templated":true}]}}