{"id":202507,"date":"2019-02-14T16:27:32","date_gmt":"2019-02-14T18:27:32","guid":{"rendered":"https:\/\/www.notibras.com\/site\/?p=202507"},"modified":"2019-02-14T17:50:05","modified_gmt":"2019-02-14T19:50:05","slug":"falta-de-servidor-deixa-governo-de-ibaneis-engasgado","status":"publish","type":"post","link":"https:\/\/www.notibras.com\/site\/falta-de-servidor-deixa-governo-de-ibaneis-engasgado\/","title":{"rendered":"Falta de servidor deixa Ibaneis Rocha engasgado"},"content":{"rendered":"<p>Ao longo dos quatro anos de seu mandato no Buriti, Rodrigo Rollemberg viu a for\u00e7a ativa do GDF reduzir-se, por for\u00e7a das aposentadorias. Temerosos de uma reforma dr\u00e1stica na Previd\u00eancia, milhares de servidores preferiram garantir o que tinham a esperar para ver. Mesmo se houve, em pouqu\u00edssimas \u00e1reas, reposi\u00e7\u00e3o dos aposentados, o balan\u00e7o geral \u00e9 de diminui\u00e7\u00e3o de 11,7 % do total dos funcion\u00e1rios, ou seja 16.722 pessoas a menos.<\/p>\n<p>A Educa\u00e7\u00e3o responde por mais de um ter\u00e7o das aposentadorias n\u00e3o compensadas. S\u00e3o quase 6 mil servidores a menos na secretaria que mais emprega no Distrito Federal (36.385 em 2018 contra 42.342 em 2014). Apesar de ser dif\u00edcil comparar em raz\u00e3o da confus\u00e3o das informa\u00e7\u00f5es entre minist\u00e9rio e secretaria, o n\u00famero de alunos na rede p\u00fablica, no m\u00ednimo, n\u00e3o diminuiu em quatro anos. Como o d\u00e9ficit em orientadores educacionais \u00e9 o mais urgente, o governador Ibaneis Rocha decidiu pela nomea\u00e7\u00e3o de 468 deles, metade agora, metade em maio. Outros 54 professores, que passaram no concurso de 2016, tamb\u00e9m ser\u00e3o chamados at\u00e9 o fim deste m\u00eas.<\/p>\n<p>A \u00e1rea da seguran\u00e7a p\u00fablica foi a mais atingida proporcionalmente. No Corpo de Bombeiros, 561 militares (9% do efetivo); na Pol\u00edcia Civil, 752, entre agentes e delegados (14 % do total) e nada menos que 3 mil 141 membros da PMDF (21,5 % da for\u00e7a) deixaram o servi\u00e7o ativo nos \u00faltimos quatro anos. \u00c9 nessas corpora\u00e7\u00f5es que o medo da reforma da Previd\u00eancia foi o mais forte. No caso da Pol\u00edcia Militar, um concurso foi realizado em 2018, para preenchimento de 500 vagas. A \u00e1rea da seguran\u00e7a p\u00fablica tem seu custeio garantido pelo Fundo Constitucional (repasses previstos em torno de R$ 14 bilh\u00f5es em 2019, dos quais parte \u00e9 usada para outras despesas). Outro detalhe ilustra ainda mais a gravidade da situa\u00e7\u00e3o: a Lei 12.086\/2009 estipula que o efetivo da PMDF \u00e9 de 18 mil 673 integrantes. Como o n\u00famero atual de 11 mil 458 servidores, o d\u00e9ficit \u00e9 de 7 mil 215.<\/p>\n<p>As Administra\u00e7\u00f5es Regionais tamb\u00e9m foram enxugadas em termos de pessoal. As 31 reparti\u00e7\u00f5es locais passaram de um total de 3 mil 543 servidores para 2 mil 227, uma baixa de 37%. Em 2014, Ceil\u00e2ndia, Gama, Samambaia e Taguatinga podiam contar com mais de 200 funcion\u00e1rios cada, e sete outras ultrapassavam a centena. No fim do governo Rollemberg, as mesmas quatro s\u00e3o as \u00fanicas a contar mais de cem empregados, as 27 outras ficando entre 50 e 70 em m\u00e9dia.<\/p>\n<p>Agefis, Codeplan, DER, Detran, Secretaria de Fazenda&#8230; S\u00e3o ao menos 10% dos ativos em cada um destes \u00f3rg\u00e3os que n\u00e3o entraram em 2019 trabalhando. A Secretaria de Transporte e a TCB chamam a aten\u00e7\u00e3o: mais da metade do efetivo de 2014 n\u00e3o est\u00e1 mais a postos. A Secretaria de Sa\u00fade \u00e9 uma das poucas que manteve sua for\u00e7a ativa, em torno de 34 mil servidores. Algumas secretarias tamb\u00e9m apresentam aumento de efetivo (como a de Trabalho, a Seplan e a Codhab), mas foi por integra\u00e7\u00e3o de \u00f3rg\u00e3os extintos em 2015, como as secretarias da Mulher, Ci\u00eancia e Tecnologia, Regulariza\u00e7\u00e3o de Condom\u00ednios, Turismo, e as especiais do Idoso e da Promo\u00e7\u00e3o da Igualdade Racial.<\/p>\n<p>Quanto aos cargos comissionados e fun\u00e7\u00f5es gratificadas, tamb\u00e9m houve redu\u00e7\u00e3o. De 20% para os cargos, destinados a pessoas de fora do Servi\u00e7o P\u00fablico, que n\u00e3o passaram por concursos, e de 16% para as gratifica\u00e7\u00f5es, oferecidas aos efetivos que assumam um posto de confian\u00e7a e de responsabilidade. No in\u00edcio do governo Rollemberg, o total de comissionados de fora do quadro chegou pr\u00f3ximo a cinco mil, e foi crescendo at\u00e9 setembro de 2018. No fechamento do mandato, em dezembro, o GDF contava com 6 mil 734 ocupantes de cargos comissionados, representando 5,33% do total dos servidores ativos. O governo Agnelo tinha terminado com 8 mil 437 integrantes de confian\u00e7a, que correspondia a 5,90 % da for\u00e7a total.<\/p>\n<p>Agora abaixo dos limites prudenciais da receita determinados pela Lei de Responsabilidade Fiscal (que impediu o governo Rollemberg de contratar por mais de dois anos), o GDF de Ibaneis Rocha pretende fazer uma recomposi\u00e7\u00e3o do Servi\u00e7o P\u00fablico. Tamb\u00e9m come\u00e7ou a negociar o calend\u00e1rio de pagamento dos atrasos nas folhas, tanto nos aumentos quanto nas pec\u00fanias. O governador ter\u00e1 que ficar de olho na despesa, mas tamb\u00e9m no reflexo do atendimento \u00e0 popula\u00e7\u00e3o. Agnelo fez grandes contrata\u00e7\u00f5es na \u00e1rea de sa\u00fade. Que n\u00e3o produziram, pelo menos na popula\u00e7\u00e3o usu\u00e1ria dos servi\u00e7os, aumento de satisfa\u00e7\u00e3o. Muito pelo contr\u00e1rio.<\/p>\n","protected":false},"excerpt":{"rendered":"<p>Ao longo dos quatro anos de seu mandato no Buriti, Rodrigo Rollemberg viu a for\u00e7a ativa do GDF reduzir-se, por for\u00e7a das aposentadorias. Temerosos de uma reforma dr\u00e1stica na Previd\u00eancia, milhares de servidores preferiram garantir o que tinham a esperar para ver. Mesmo se houve, em pouqu\u00edssimas \u00e1reas, reposi\u00e7\u00e3o dos aposentados, o balan\u00e7o geral \u00e9 [&hellip;]<\/p>\n","protected":false},"author":2,"featured_media":202508,"comment_status":"closed","ping_status":"closed","sticky":false,"template":"","format":"standard","meta":{"_acf_changed":false,"footnotes":""},"categories":[1],"tags":[95],"class_list":["post-202507","post","type-post","status-publish","format-standard","has-post-thumbnail","hentry","category-brasilia","tag-capa"],"acf":[],"yoast_head":"<!-- This site is optimized with the Yoast SEO plugin v27.2 - https:\/\/yoast.com\/product\/yoast-seo-wordpress\/ -->\n<title>Falta de servidor deixa Ibaneis Rocha engasgado - Notibras<\/title>\n<meta name=\"robots\" content=\"index, follow, max-snippet:-1, max-image-preview:large, max-video-preview:-1\" \/>\n<link rel=\"canonical\" href=\"https:\/\/www.notibras.com\/site\/falta-de-servidor-deixa-governo-de-ibaneis-engasgado\/\" \/>\n<meta property=\"og:locale\" content=\"pt_BR\" \/>\n<meta property=\"og:type\" content=\"article\" \/>\n<meta property=\"og:title\" content=\"Falta de servidor deixa Ibaneis Rocha engasgado - Notibras\" \/>\n<meta property=\"og:description\" content=\"Ao longo dos quatro anos de seu mandato no Buriti, Rodrigo Rollemberg viu a for\u00e7a ativa do GDF reduzir-se, por for\u00e7a das aposentadorias. Temerosos de uma reforma dr\u00e1stica na Previd\u00eancia, milhares de servidores preferiram garantir o que tinham a esperar para ver. Mesmo se houve, em pouqu\u00edssimas \u00e1reas, reposi\u00e7\u00e3o dos aposentados, o balan\u00e7o geral \u00e9 [&hellip;]\" \/>\n<meta property=\"og:url\" content=\"https:\/\/www.notibras.com\/site\/falta-de-servidor-deixa-governo-de-ibaneis-engasgado\/\" \/>\n<meta property=\"og:site_name\" content=\"Notibras\" \/>\n<meta property=\"article:publisher\" content=\"https:\/\/www.facebook.com\/notibras\/\" \/>\n<meta property=\"article:published_time\" content=\"2019-02-14T18:27:32+00:00\" \/>\n<meta property=\"article:modified_time\" content=\"2019-02-14T19:50:05+00:00\" \/>\n<meta property=\"og:image\" content=\"https:\/\/www.notibras.com\/site\/wp-content\/uploads\/2019\/02\/47073765711_c5811bc44d_k.jpg\" \/>\n\t<meta property=\"og:image:width\" content=\"2048\" \/>\n\t<meta property=\"og:image:height\" content=\"1366\" \/>\n\t<meta property=\"og:image:type\" content=\"image\/jpeg\" \/>\n<meta name=\"author\" content=\"Reda\u00e7\u00e3o\" \/>\n<meta name=\"twitter:card\" content=\"summary_large_image\" \/>\n<meta name=\"twitter:creator\" content=\"@Notibras\" \/>\n<meta name=\"twitter:site\" content=\"@Notibras\" \/>\n<meta name=\"twitter:label1\" content=\"Escrito por\" \/>\n\t<meta name=\"twitter:data1\" content=\"Reda\u00e7\u00e3o\" \/>\n\t<meta name=\"twitter:label2\" content=\"Est. tempo de leitura\" \/>\n\t<meta name=\"twitter:data2\" content=\"4 minutos\" \/>\n<script type=\"application\/ld+json\" class=\"yoast-schema-graph\">{\"@context\":\"https:\/\/schema.org\",\"@graph\":[{\"@type\":\"Article\",\"@id\":\"https:\/\/www.notibras.com\/site\/falta-de-servidor-deixa-governo-de-ibaneis-engasgado\/#article\",\"isPartOf\":{\"@id\":\"https:\/\/www.notibras.com\/site\/falta-de-servidor-deixa-governo-de-ibaneis-engasgado\/\"},\"author\":{\"name\":\"Reda\u00e7\u00e3o\",\"@id\":\"https:\/\/www.notibras.com\/site\/#\/schema\/person\/36ab0979449956132d3e5b517ea76ac8\"},\"headline\":\"Falta de servidor deixa Ibaneis Rocha engasgado\",\"datePublished\":\"2019-02-14T18:27:32+00:00\",\"dateModified\":\"2019-02-14T19:50:05+00:00\",\"mainEntityOfPage\":{\"@id\":\"https:\/\/www.notibras.com\/site\/falta-de-servidor-deixa-governo-de-ibaneis-engasgado\/\"},\"wordCount\":764,\"publisher\":{\"@id\":\"https:\/\/www.notibras.com\/site\/#organization\"},\"image\":{\"@id\":\"https:\/\/www.notibras.com\/site\/falta-de-servidor-deixa-governo-de-ibaneis-engasgado\/#primaryimage\"},\"thumbnailUrl\":\"https:\/\/www.notibras.com\/site\/wp-content\/uploads\/2019\/02\/47073765711_c5811bc44d_k.jpg\",\"keywords\":[\"capa\"],\"articleSection\":[\"Bras\u00edlia\"],\"inLanguage\":\"pt-BR\"},{\"@type\":\"WebPage\",\"@id\":\"https:\/\/www.notibras.com\/site\/falta-de-servidor-deixa-governo-de-ibaneis-engasgado\/\",\"url\":\"https:\/\/www.notibras.com\/site\/falta-de-servidor-deixa-governo-de-ibaneis-engasgado\/\",\"name\":\"Falta de servidor deixa Ibaneis Rocha engasgado - Notibras\",\"isPartOf\":{\"@id\":\"https:\/\/www.notibras.com\/site\/#website\"},\"primaryImageOfPage\":{\"@id\":\"https:\/\/www.notibras.com\/site\/falta-de-servidor-deixa-governo-de-ibaneis-engasgado\/#primaryimage\"},\"image\":{\"@id\":\"https:\/\/www.notibras.com\/site\/falta-de-servidor-deixa-governo-de-ibaneis-engasgado\/#primaryimage\"},\"thumbnailUrl\":\"https:\/\/www.notibras.com\/site\/wp-content\/uploads\/2019\/02\/47073765711_c5811bc44d_k.jpg\",\"datePublished\":\"2019-02-14T18:27:32+00:00\",\"dateModified\":\"2019-02-14T19:50:05+00:00\",\"breadcrumb\":{\"@id\":\"https:\/\/www.notibras.com\/site\/falta-de-servidor-deixa-governo-de-ibaneis-engasgado\/#breadcrumb\"},\"inLanguage\":\"pt-BR\",\"potentialAction\":[{\"@type\":\"ReadAction\",\"target\":[\"https:\/\/www.notibras.com\/site\/falta-de-servidor-deixa-governo-de-ibaneis-engasgado\/\"]}]},{\"@type\":\"ImageObject\",\"inLanguage\":\"pt-BR\",\"@id\":\"https:\/\/www.notibras.com\/site\/falta-de-servidor-deixa-governo-de-ibaneis-engasgado\/#primaryimage\",\"url\":\"https:\/\/www.notibras.com\/site\/wp-content\/uploads\/2019\/02\/47073765711_c5811bc44d_k.jpg\",\"contentUrl\":\"https:\/\/www.notibras.com\/site\/wp-content\/uploads\/2019\/02\/47073765711_c5811bc44d_k.jpg\",\"width\":2048,\"height\":1366,\"caption\":\"Foto: Renato Alves\/Ag\u00eancia Bras\u00edlia\"},{\"@type\":\"BreadcrumbList\",\"@id\":\"https:\/\/www.notibras.com\/site\/falta-de-servidor-deixa-governo-de-ibaneis-engasgado\/#breadcrumb\",\"itemListElement\":[{\"@type\":\"ListItem\",\"position\":1,\"name\":\"In\u00edcio\",\"item\":\"https:\/\/www.notibras.com\/site\/\"},{\"@type\":\"ListItem\",\"position\":2,\"name\":\"Falta de servidor deixa Ibaneis Rocha engasgado\"}]},{\"@type\":\"WebSite\",\"@id\":\"https:\/\/www.notibras.com\/site\/#website\",\"url\":\"https:\/\/www.notibras.com\/site\/\",\"name\":\"Notibras\",\"description\":\"Not\u00edcias de Bras\u00edlia, do Brasil e do Mundo\",\"publisher\":{\"@id\":\"https:\/\/www.notibras.com\/site\/#organization\"},\"potentialAction\":[{\"@type\":\"SearchAction\",\"target\":{\"@type\":\"EntryPoint\",\"urlTemplate\":\"https:\/\/www.notibras.com\/site\/?s={search_term_string}\"},\"query-input\":{\"@type\":\"PropertyValueSpecification\",\"valueRequired\":true,\"valueName\":\"search_term_string\"}}],\"inLanguage\":\"pt-BR\"},{\"@type\":\"Organization\",\"@id\":\"https:\/\/www.notibras.com\/site\/#organization\",\"name\":\"Grupo Notibras de Comunica\u00e7\u00e3o\",\"url\":\"https:\/\/www.notibras.com\/site\/\",\"logo\":{\"@type\":\"ImageObject\",\"inLanguage\":\"pt-BR\",\"@id\":\"https:\/\/www.notibras.com\/site\/#\/schema\/logo\/image\/\",\"url\":\"https:\/\/www.notibras.com\/site\/wp-content\/uploads\/2023\/01\/notibras23.png\",\"contentUrl\":\"https:\/\/www.notibras.com\/site\/wp-content\/uploads\/2023\/01\/notibras23.png\",\"width\":350,\"height\":87,\"caption\":\"Grupo Notibras de Comunica\u00e7\u00e3o\"},\"image\":{\"@id\":\"https:\/\/www.notibras.com\/site\/#\/schema\/logo\/image\/\"},\"sameAs\":[\"https:\/\/www.facebook.com\/notibras\/\",\"https:\/\/x.com\/Notibras\",\"https:\/\/www.instagram.com\/notibras\/\"]},{\"@type\":\"Person\",\"@id\":\"https:\/\/www.notibras.com\/site\/#\/schema\/person\/36ab0979449956132d3e5b517ea76ac8\",\"name\":\"Reda\u00e7\u00e3o\",\"image\":{\"@type\":\"ImageObject\",\"inLanguage\":\"pt-BR\",\"@id\":\"https:\/\/secure.gravatar.com\/avatar\/e0a867bdedb85fd243eadf09663511f96fc81e0720a4a42581f334ad4303aa6b?s=96&d=mm&r=g\",\"url\":\"https:\/\/secure.gravatar.com\/avatar\/e0a867bdedb85fd243eadf09663511f96fc81e0720a4a42581f334ad4303aa6b?s=96&d=mm&r=g\",\"contentUrl\":\"https:\/\/secure.gravatar.com\/avatar\/e0a867bdedb85fd243eadf09663511f96fc81e0720a4a42581f334ad4303aa6b?s=96&d=mm&r=g\",\"caption\":\"Reda\u00e7\u00e3o\"}}]}<\/script>\n<!-- \/ Yoast SEO plugin. -->","yoast_head_json":{"title":"Falta de servidor deixa Ibaneis Rocha engasgado - Notibras","robots":{"index":"index","follow":"follow","max-snippet":"max-snippet:-1","max-image-preview":"max-image-preview:large","max-video-preview":"max-video-preview:-1"},"canonical":"https:\/\/www.notibras.com\/site\/falta-de-servidor-deixa-governo-de-ibaneis-engasgado\/","og_locale":"pt_BR","og_type":"article","og_title":"Falta de servidor deixa Ibaneis Rocha engasgado - Notibras","og_description":"Ao longo dos quatro anos de seu mandato no Buriti, Rodrigo Rollemberg viu a for\u00e7a ativa do GDF reduzir-se, por for\u00e7a das aposentadorias. Temerosos de uma reforma dr\u00e1stica na Previd\u00eancia, milhares de servidores preferiram garantir o que tinham a esperar para ver. Mesmo se houve, em pouqu\u00edssimas \u00e1reas, reposi\u00e7\u00e3o dos aposentados, o balan\u00e7o geral \u00e9 [&hellip;]","og_url":"https:\/\/www.notibras.com\/site\/falta-de-servidor-deixa-governo-de-ibaneis-engasgado\/","og_site_name":"Notibras","article_publisher":"https:\/\/www.facebook.com\/notibras\/","article_published_time":"2019-02-14T18:27:32+00:00","article_modified_time":"2019-02-14T19:50:05+00:00","og_image":[{"width":2048,"height":1366,"url":"https:\/\/www.notibras.com\/site\/wp-content\/uploads\/2019\/02\/47073765711_c5811bc44d_k.jpg","type":"image\/jpeg"}],"author":"Reda\u00e7\u00e3o","twitter_card":"summary_large_image","twitter_creator":"@Notibras","twitter_site":"@Notibras","twitter_misc":{"Escrito por":"Reda\u00e7\u00e3o","Est. tempo de leitura":"4 minutos"},"schema":{"@context":"https:\/\/schema.org","@graph":[{"@type":"Article","@id":"https:\/\/www.notibras.com\/site\/falta-de-servidor-deixa-governo-de-ibaneis-engasgado\/#article","isPartOf":{"@id":"https:\/\/www.notibras.com\/site\/falta-de-servidor-deixa-governo-de-ibaneis-engasgado\/"},"author":{"name":"Reda\u00e7\u00e3o","@id":"https:\/\/www.notibras.com\/site\/#\/schema\/person\/36ab0979449956132d3e5b517ea76ac8"},"headline":"Falta de servidor deixa Ibaneis Rocha engasgado","datePublished":"2019-02-14T18:27:32+00:00","dateModified":"2019-02-14T19:50:05+00:00","mainEntityOfPage":{"@id":"https:\/\/www.notibras.com\/site\/falta-de-servidor-deixa-governo-de-ibaneis-engasgado\/"},"wordCount":764,"publisher":{"@id":"https:\/\/www.notibras.com\/site\/#organization"},"image":{"@id":"https:\/\/www.notibras.com\/site\/falta-de-servidor-deixa-governo-de-ibaneis-engasgado\/#primaryimage"},"thumbnailUrl":"https:\/\/www.notibras.com\/site\/wp-content\/uploads\/2019\/02\/47073765711_c5811bc44d_k.jpg","keywords":["capa"],"articleSection":["Bras\u00edlia"],"inLanguage":"pt-BR"},{"@type":"WebPage","@id":"https:\/\/www.notibras.com\/site\/falta-de-servidor-deixa-governo-de-ibaneis-engasgado\/","url":"https:\/\/www.notibras.com\/site\/falta-de-servidor-deixa-governo-de-ibaneis-engasgado\/","name":"Falta de servidor deixa Ibaneis Rocha engasgado - Notibras","isPartOf":{"@id":"https:\/\/www.notibras.com\/site\/#website"},"primaryImageOfPage":{"@id":"https:\/\/www.notibras.com\/site\/falta-de-servidor-deixa-governo-de-ibaneis-engasgado\/#primaryimage"},"image":{"@id":"https:\/\/www.notibras.com\/site\/falta-de-servidor-deixa-governo-de-ibaneis-engasgado\/#primaryimage"},"thumbnailUrl":"https:\/\/www.notibras.com\/site\/wp-content\/uploads\/2019\/02\/47073765711_c5811bc44d_k.jpg","datePublished":"2019-02-14T18:27:32+00:00","dateModified":"2019-02-14T19:50:05+00:00","breadcrumb":{"@id":"https:\/\/www.notibras.com\/site\/falta-de-servidor-deixa-governo-de-ibaneis-engasgado\/#breadcrumb"},"inLanguage":"pt-BR","potentialAction":[{"@type":"ReadAction","target":["https:\/\/www.notibras.com\/site\/falta-de-servidor-deixa-governo-de-ibaneis-engasgado\/"]}]},{"@type":"ImageObject","inLanguage":"pt-BR","@id":"https:\/\/www.notibras.com\/site\/falta-de-servidor-deixa-governo-de-ibaneis-engasgado\/#primaryimage","url":"https:\/\/www.notibras.com\/site\/wp-content\/uploads\/2019\/02\/47073765711_c5811bc44d_k.jpg","contentUrl":"https:\/\/www.notibras.com\/site\/wp-content\/uploads\/2019\/02\/47073765711_c5811bc44d_k.jpg","width":2048,"height":1366,"caption":"Foto: Renato Alves\/Ag\u00eancia Bras\u00edlia"},{"@type":"BreadcrumbList","@id":"https:\/\/www.notibras.com\/site\/falta-de-servidor-deixa-governo-de-ibaneis-engasgado\/#breadcrumb","itemListElement":[{"@type":"ListItem","position":1,"name":"In\u00edcio","item":"https:\/\/www.notibras.com\/site\/"},{"@type":"ListItem","position":2,"name":"Falta de servidor deixa Ibaneis Rocha engasgado"}]},{"@type":"WebSite","@id":"https:\/\/www.notibras.com\/site\/#website","url":"https:\/\/www.notibras.com\/site\/","name":"Notibras","description":"Not\u00edcias de Bras\u00edlia, do Brasil e do Mundo","publisher":{"@id":"https:\/\/www.notibras.com\/site\/#organization"},"potentialAction":[{"@type":"SearchAction","target":{"@type":"EntryPoint","urlTemplate":"https:\/\/www.notibras.com\/site\/?s={search_term_string}"},"query-input":{"@type":"PropertyValueSpecification","valueRequired":true,"valueName":"search_term_string"}}],"inLanguage":"pt-BR"},{"@type":"Organization","@id":"https:\/\/www.notibras.com\/site\/#organization","name":"Grupo Notibras de Comunica\u00e7\u00e3o","url":"https:\/\/www.notibras.com\/site\/","logo":{"@type":"ImageObject","inLanguage":"pt-BR","@id":"https:\/\/www.notibras.com\/site\/#\/schema\/logo\/image\/","url":"https:\/\/www.notibras.com\/site\/wp-content\/uploads\/2023\/01\/notibras23.png","contentUrl":"https:\/\/www.notibras.com\/site\/wp-content\/uploads\/2023\/01\/notibras23.png","width":350,"height":87,"caption":"Grupo Notibras de Comunica\u00e7\u00e3o"},"image":{"@id":"https:\/\/www.notibras.com\/site\/#\/schema\/logo\/image\/"},"sameAs":["https:\/\/www.facebook.com\/notibras\/","https:\/\/x.com\/Notibras","https:\/\/www.instagram.com\/notibras\/"]},{"@type":"Person","@id":"https:\/\/www.notibras.com\/site\/#\/schema\/person\/36ab0979449956132d3e5b517ea76ac8","name":"Reda\u00e7\u00e3o","image":{"@type":"ImageObject","inLanguage":"pt-BR","@id":"https:\/\/secure.gravatar.com\/avatar\/e0a867bdedb85fd243eadf09663511f96fc81e0720a4a42581f334ad4303aa6b?s=96&d=mm&r=g","url":"https:\/\/secure.gravatar.com\/avatar\/e0a867bdedb85fd243eadf09663511f96fc81e0720a4a42581f334ad4303aa6b?s=96&d=mm&r=g","contentUrl":"https:\/\/secure.gravatar.com\/avatar\/e0a867bdedb85fd243eadf09663511f96fc81e0720a4a42581f334ad4303aa6b?s=96&d=mm&r=g","caption":"Reda\u00e7\u00e3o"}}]}},"amp_enabled":true,"_links":{"self":[{"href":"https:\/\/www.notibras.com\/site\/wp-json\/wp\/v2\/posts\/202507","targetHints":{"allow":["GET"]}}],"collection":[{"href":"https:\/\/www.notibras.com\/site\/wp-json\/wp\/v2\/posts"}],"about":[{"href":"https:\/\/www.notibras.com\/site\/wp-json\/wp\/v2\/types\/post"}],"author":[{"embeddable":true,"href":"https:\/\/www.notibras.com\/site\/wp-json\/wp\/v2\/users\/2"}],"replies":[{"embeddable":true,"href":"https:\/\/www.notibras.com\/site\/wp-json\/wp\/v2\/comments?post=202507"}],"version-history":[{"count":4,"href":"https:\/\/www.notibras.com\/site\/wp-json\/wp\/v2\/posts\/202507\/revisions"}],"predecessor-version":[{"id":202521,"href":"https:\/\/www.notibras.com\/site\/wp-json\/wp\/v2\/posts\/202507\/revisions\/202521"}],"wp:featuredmedia":[{"embeddable":true,"href":"https:\/\/www.notibras.com\/site\/wp-json\/wp\/v2\/media\/202508"}],"wp:attachment":[{"href":"https:\/\/www.notibras.com\/site\/wp-json\/wp\/v2\/media?parent=202507"}],"wp:term":[{"taxonomy":"category","embeddable":true,"href":"https:\/\/www.notibras.com\/site\/wp-json\/wp\/v2\/categories?post=202507"},{"taxonomy":"post_tag","embeddable":true,"href":"https:\/\/www.notibras.com\/site\/wp-json\/wp\/v2\/tags?post=202507"}],"curies":[{"name":"wp","href":"https:\/\/api.w.org\/{rel}","templated":true}]}}