{"id":20251,"date":"2014-08-20T23:58:07","date_gmt":"2014-08-21T02:58:07","guid":{"rendered":"http:\/\/www.notibras.com\/site\/?p=20251"},"modified":"2014-08-20T23:58:07","modified_gmt":"2014-08-21T02:58:07","slug":"palmeiras-perde-mais-uma-e-segura-a-lanterna-do-brasileirao","status":"publish","type":"post","link":"https:\/\/www.notibras.com\/site\/palmeiras-perde-mais-uma-e-segura-a-lanterna-do-brasileirao\/","title":{"rendered":"Palmeiras perde mais uma e segura a lanterna do Brasileir\u00e3o"},"content":{"rendered":"<p>A crise que o\u00a0Palmeiras vive no Campeonato Brasileiro parece n\u00e3o ter fim. Nesta quarta-feira, a equipe perdeu mais uma, dessa vez para o Sport, por 2 a 1, na Arena Pernambuco, no Recife. No ano em que completa 100 anos, a equipe paulista vive um jejum de vit\u00f3rias na competi\u00e7\u00e3o e continua na zona de rebaixamento para a S\u00e9rie B. O time\u00a0comandado\u00a0pelo argentino Ricardo Gareca\u00a0at\u00e9 saiu na frente, com Henrique, mas viu o goleiro F\u00e1bio falhar e marcar contra e Patric virar o jogo ainda no primeiro tempo.<\/p>\n<p class=\"text\">A partida ainda marcou a estreia dos rec\u00e9m-contratados Ibson e Diego Souza no Sport. O volante ex-Corinthians foi o primeiro a entrar:\u00a0substituiu\u00a0\u00c9rico J\u00fanior aos 18min. J\u00e1 o ex-palmeirense, que veste a camisa 87 em alus\u00e3o ao \u00fanico t\u00edtulo brasileiro do clube pernambucano, entrou aos 27min, no lugar de Felipe Azedo. Recuperando o ritmo de jogo, ambos tiveram atua\u00e7\u00f5es discretas.<\/p>\n<blockquote>\n<p class=\"text\">O Palmeiras agora est\u00e1 sem vencer h\u00e1 dez jogos, com apenas 14 pontos, na 18\u00aa posi\u00e7\u00e3o. O treinador\u00a0argentino ainda n\u00e3o conseguiu sequer uma vit\u00f3ria na S\u00e9rie A e deve ver aumentar a press\u00e3o em torno de seu trabalho. J\u00e1 o Sport volta a vencer ap\u00f3s tr\u00eas trope\u00e7os e encosta no G-4, com 25 pontos, no sexto lugar.<\/p>\n<\/blockquote>\n<p class=\"text\">Na pr\u00f3xima rodada, o Palmeiras recebe o Coritiba, s\u00e1bado (23), \u00e0s 21h, no Pacaembu, enquanto o Sport visita o Fluminense, domingo (24), \u00e0s 16h, no Maracan\u00e3.<\/p>\n","protected":false},"excerpt":{"rendered":"<p>A crise que o\u00a0Palmeiras vive no Campeonato Brasileiro parece n\u00e3o ter fim. Nesta quarta-feira, a equipe perdeu mais uma, dessa vez para o Sport, por 2 a 1, na Arena Pernambuco, no Recife. No ano em que completa 100 anos, a equipe paulista vive um jejum de vit\u00f3rias na competi\u00e7\u00e3o e continua na zona de [&hellip;]<\/p>\n","protected":false},"author":2,"featured_media":20252,"comment_status":"open","ping_status":"closed","sticky":false,"template":"","format":"standard","meta":{"_acf_changed":false,"footnotes":""},"categories":[19,29],"tags":[],"class_list":["post-20251","post","type-post","status-publish","format-standard","has-post-thumbnail","hentry","category-esportes","category-futebol"],"acf":[],"yoast_head":"<!-- This site is optimized with the Yoast SEO plugin v27.5 - https:\/\/yoast.com\/product\/yoast-seo-wordpress\/ -->\n<title>Palmeiras perde mais uma e segura a lanterna do Brasileir\u00e3o - Notibras<\/title>\n<meta name=\"robots\" content=\"index, follow, max-snippet:-1, max-image-preview:large, max-video-preview:-1\" \/>\n<link rel=\"canonical\" href=\"https:\/\/www.notibras.com\/site\/palmeiras-perde-mais-uma-e-segura-a-lanterna-do-brasileirao\/\" \/>\n<meta property=\"og:locale\" content=\"pt_BR\" \/>\n<meta property=\"og:type\" content=\"article\" \/>\n<meta property=\"og:title\" content=\"Palmeiras perde mais uma e segura a lanterna do Brasileir\u00e3o - Notibras\" \/>\n<meta property=\"og:description\" content=\"A crise que o\u00a0Palmeiras vive no Campeonato Brasileiro parece n\u00e3o ter fim. Nesta quarta-feira, a equipe perdeu mais uma, dessa vez para o Sport, por 2 a 1, na Arena Pernambuco, no Recife. No ano em que completa 100 anos, a equipe paulista vive um jejum de vit\u00f3rias na competi\u00e7\u00e3o e continua na zona de [&hellip;]\" \/>\n<meta property=\"og:url\" content=\"https:\/\/www.notibras.com\/site\/palmeiras-perde-mais-uma-e-segura-a-lanterna-do-brasileirao\/\" \/>\n<meta property=\"og:site_name\" content=\"Notibras\" \/>\n<meta property=\"article:publisher\" content=\"https:\/\/www.facebook.com\/notibras\/\" \/>\n<meta property=\"article:published_time\" content=\"2014-08-21T02:58:07+00:00\" \/>\n<meta property=\"og:image\" content=\"https:\/\/www.notibras.com\/site\/wp-content\/uploads\/2014\/08\/fu11.jpg\" \/>\n\t<meta property=\"og:image:width\" content=\"460\" \/>\n\t<meta property=\"og:image:height\" content=\"340\" \/>\n\t<meta property=\"og:image:type\" content=\"image\/jpeg\" \/>\n<meta name=\"author\" content=\"Reda\u00e7\u00e3o\" \/>\n<meta name=\"twitter:card\" content=\"summary_large_image\" \/>\n<meta name=\"twitter:creator\" content=\"@Notibras\" \/>\n<meta name=\"twitter:site\" content=\"@Notibras\" \/>\n<meta name=\"twitter:label1\" content=\"Escrito por\" \/>\n\t<meta name=\"twitter:data1\" content=\"Reda\u00e7\u00e3o\" \/>\n\t<meta name=\"twitter:label2\" content=\"Est. tempo de leitura\" \/>\n\t<meta name=\"twitter:data2\" content=\"1 minuto\" \/>\n<script type=\"application\/ld+json\" class=\"yoast-schema-graph\">{\"@context\":\"https:\\\/\\\/schema.org\",\"@graph\":[{\"@type\":\"Article\",\"@id\":\"https:\\\/\\\/www.notibras.com\\\/site\\\/palmeiras-perde-mais-uma-e-segura-a-lanterna-do-brasileirao\\\/#article\",\"isPartOf\":{\"@id\":\"https:\\\/\\\/www.notibras.com\\\/site\\\/palmeiras-perde-mais-uma-e-segura-a-lanterna-do-brasileirao\\\/\"},\"author\":{\"name\":\"Reda\u00e7\u00e3o\",\"@id\":\"https:\\\/\\\/www.notibras.com\\\/site\\\/#\\\/schema\\\/person\\\/36ab0979449956132d3e5b517ea76ac8\"},\"headline\":\"Palmeiras perde mais uma e segura a lanterna do Brasileir\u00e3o\",\"datePublished\":\"2014-08-21T02:58:07+00:00\",\"mainEntityOfPage\":{\"@id\":\"https:\\\/\\\/www.notibras.com\\\/site\\\/palmeiras-perde-mais-uma-e-segura-a-lanterna-do-brasileirao\\\/\"},\"wordCount\":259,\"commentCount\":0,\"publisher\":{\"@id\":\"https:\\\/\\\/www.notibras.com\\\/site\\\/#organization\"},\"image\":{\"@id\":\"https:\\\/\\\/www.notibras.com\\\/site\\\/palmeiras-perde-mais-uma-e-segura-a-lanterna-do-brasileirao\\\/#primaryimage\"},\"thumbnailUrl\":\"https:\\\/\\\/www.notibras.com\\\/site\\\/wp-content\\\/uploads\\\/2014\\\/08\\\/fu11.jpg\",\"articleSection\":[\"Esportes\",\"Futebol\"],\"inLanguage\":\"pt-BR\",\"potentialAction\":[{\"@type\":\"CommentAction\",\"name\":\"Comment\",\"target\":[\"https:\\\/\\\/www.notibras.com\\\/site\\\/palmeiras-perde-mais-uma-e-segura-a-lanterna-do-brasileirao\\\/#respond\"]}]},{\"@type\":\"WebPage\",\"@id\":\"https:\\\/\\\/www.notibras.com\\\/site\\\/palmeiras-perde-mais-uma-e-segura-a-lanterna-do-brasileirao\\\/\",\"url\":\"https:\\\/\\\/www.notibras.com\\\/site\\\/palmeiras-perde-mais-uma-e-segura-a-lanterna-do-brasileirao\\\/\",\"name\":\"Palmeiras perde mais uma e segura a lanterna do Brasileir\u00e3o - Notibras\",\"isPartOf\":{\"@id\":\"https:\\\/\\\/www.notibras.com\\\/site\\\/#website\"},\"primaryImageOfPage\":{\"@id\":\"https:\\\/\\\/www.notibras.com\\\/site\\\/palmeiras-perde-mais-uma-e-segura-a-lanterna-do-brasileirao\\\/#primaryimage\"},\"image\":{\"@id\":\"https:\\\/\\\/www.notibras.com\\\/site\\\/palmeiras-perde-mais-uma-e-segura-a-lanterna-do-brasileirao\\\/#primaryimage\"},\"thumbnailUrl\":\"https:\\\/\\\/www.notibras.com\\\/site\\\/wp-content\\\/uploads\\\/2014\\\/08\\\/fu11.jpg\",\"datePublished\":\"2014-08-21T02:58:07+00:00\",\"breadcrumb\":{\"@id\":\"https:\\\/\\\/www.notibras.com\\\/site\\\/palmeiras-perde-mais-uma-e-segura-a-lanterna-do-brasileirao\\\/#breadcrumb\"},\"inLanguage\":\"pt-BR\",\"potentialAction\":[{\"@type\":\"ReadAction\",\"target\":[\"https:\\\/\\\/www.notibras.com\\\/site\\\/palmeiras-perde-mais-uma-e-segura-a-lanterna-do-brasileirao\\\/\"]}]},{\"@type\":\"ImageObject\",\"inLanguage\":\"pt-BR\",\"@id\":\"https:\\\/\\\/www.notibras.com\\\/site\\\/palmeiras-perde-mais-uma-e-segura-a-lanterna-do-brasileirao\\\/#primaryimage\",\"url\":\"https:\\\/\\\/www.notibras.com\\\/site\\\/wp-content\\\/uploads\\\/2014\\\/08\\\/fu11.jpg\",\"contentUrl\":\"https:\\\/\\\/www.notibras.com\\\/site\\\/wp-content\\\/uploads\\\/2014\\\/08\\\/fu11.jpg\",\"width\":460,\"height\":340},{\"@type\":\"BreadcrumbList\",\"@id\":\"https:\\\/\\\/www.notibras.com\\\/site\\\/palmeiras-perde-mais-uma-e-segura-a-lanterna-do-brasileirao\\\/#breadcrumb\",\"itemListElement\":[{\"@type\":\"ListItem\",\"position\":1,\"name\":\"In\u00edcio\",\"item\":\"https:\\\/\\\/www.notibras.com\\\/site\\\/\"},{\"@type\":\"ListItem\",\"position\":2,\"name\":\"Palmeiras perde mais uma e segura a lanterna do Brasileir\u00e3o\"}]},{\"@type\":\"WebSite\",\"@id\":\"https:\\\/\\\/www.notibras.com\\\/site\\\/#website\",\"url\":\"https:\\\/\\\/www.notibras.com\\\/site\\\/\",\"name\":\"Notibras\",\"description\":\"Not\u00edcias de Bras\u00edlia, do Brasil e do Mundo\",\"publisher\":{\"@id\":\"https:\\\/\\\/www.notibras.com\\\/site\\\/#organization\"},\"potentialAction\":[{\"@type\":\"SearchAction\",\"target\":{\"@type\":\"EntryPoint\",\"urlTemplate\":\"https:\\\/\\\/www.notibras.com\\\/site\\\/?s={search_term_string}\"},\"query-input\":{\"@type\":\"PropertyValueSpecification\",\"valueRequired\":true,\"valueName\":\"search_term_string\"}}],\"inLanguage\":\"pt-BR\"},{\"@type\":\"Organization\",\"@id\":\"https:\\\/\\\/www.notibras.com\\\/site\\\/#organization\",\"name\":\"Grupo Notibras de Comunica\u00e7\u00e3o\",\"url\":\"https:\\\/\\\/www.notibras.com\\\/site\\\/\",\"logo\":{\"@type\":\"ImageObject\",\"inLanguage\":\"pt-BR\",\"@id\":\"https:\\\/\\\/www.notibras.com\\\/site\\\/#\\\/schema\\\/logo\\\/image\\\/\",\"url\":\"https:\\\/\\\/www.notibras.com\\\/site\\\/wp-content\\\/uploads\\\/2023\\\/01\\\/notibras23.png\",\"contentUrl\":\"https:\\\/\\\/www.notibras.com\\\/site\\\/wp-content\\\/uploads\\\/2023\\\/01\\\/notibras23.png\",\"width\":350,\"height\":87,\"caption\":\"Grupo Notibras de Comunica\u00e7\u00e3o\"},\"image\":{\"@id\":\"https:\\\/\\\/www.notibras.com\\\/site\\\/#\\\/schema\\\/logo\\\/image\\\/\"},\"sameAs\":[\"https:\\\/\\\/www.facebook.com\\\/notibras\\\/\",\"https:\\\/\\\/x.com\\\/Notibras\",\"https:\\\/\\\/www.instagram.com\\\/notibras\\\/\"]},{\"@type\":\"Person\",\"@id\":\"https:\\\/\\\/www.notibras.com\\\/site\\\/#\\\/schema\\\/person\\\/36ab0979449956132d3e5b517ea76ac8\",\"name\":\"Reda\u00e7\u00e3o\",\"image\":{\"@type\":\"ImageObject\",\"inLanguage\":\"pt-BR\",\"@id\":\"https:\\\/\\\/secure.gravatar.com\\\/avatar\\\/e0a867bdedb85fd243eadf09663511f96fc81e0720a4a42581f334ad4303aa6b?s=96&d=mm&r=g\",\"url\":\"https:\\\/\\\/secure.gravatar.com\\\/avatar\\\/e0a867bdedb85fd243eadf09663511f96fc81e0720a4a42581f334ad4303aa6b?s=96&d=mm&r=g\",\"contentUrl\":\"https:\\\/\\\/secure.gravatar.com\\\/avatar\\\/e0a867bdedb85fd243eadf09663511f96fc81e0720a4a42581f334ad4303aa6b?s=96&d=mm&r=g\",\"caption\":\"Reda\u00e7\u00e3o\"}}]}<\/script>\n<!-- \/ Yoast SEO plugin. -->","yoast_head_json":{"title":"Palmeiras perde mais uma e segura a lanterna do Brasileir\u00e3o - Notibras","robots":{"index":"index","follow":"follow","max-snippet":"max-snippet:-1","max-image-preview":"max-image-preview:large","max-video-preview":"max-video-preview:-1"},"canonical":"https:\/\/www.notibras.com\/site\/palmeiras-perde-mais-uma-e-segura-a-lanterna-do-brasileirao\/","og_locale":"pt_BR","og_type":"article","og_title":"Palmeiras perde mais uma e segura a lanterna do Brasileir\u00e3o - Notibras","og_description":"A crise que o\u00a0Palmeiras vive no Campeonato Brasileiro parece n\u00e3o ter fim. Nesta quarta-feira, a equipe perdeu mais uma, dessa vez para o Sport, por 2 a 1, na Arena Pernambuco, no Recife. No ano em que completa 100 anos, a equipe paulista vive um jejum de vit\u00f3rias na competi\u00e7\u00e3o e continua na zona de [&hellip;]","og_url":"https:\/\/www.notibras.com\/site\/palmeiras-perde-mais-uma-e-segura-a-lanterna-do-brasileirao\/","og_site_name":"Notibras","article_publisher":"https:\/\/www.facebook.com\/notibras\/","article_published_time":"2014-08-21T02:58:07+00:00","og_image":[{"width":460,"height":340,"url":"https:\/\/www.notibras.com\/site\/wp-content\/uploads\/2014\/08\/fu11.jpg","type":"image\/jpeg"}],"author":"Reda\u00e7\u00e3o","twitter_card":"summary_large_image","twitter_creator":"@Notibras","twitter_site":"@Notibras","twitter_misc":{"Escrito por":"Reda\u00e7\u00e3o","Est. tempo de leitura":"1 minuto"},"schema":{"@context":"https:\/\/schema.org","@graph":[{"@type":"Article","@id":"https:\/\/www.notibras.com\/site\/palmeiras-perde-mais-uma-e-segura-a-lanterna-do-brasileirao\/#article","isPartOf":{"@id":"https:\/\/www.notibras.com\/site\/palmeiras-perde-mais-uma-e-segura-a-lanterna-do-brasileirao\/"},"author":{"name":"Reda\u00e7\u00e3o","@id":"https:\/\/www.notibras.com\/site\/#\/schema\/person\/36ab0979449956132d3e5b517ea76ac8"},"headline":"Palmeiras perde mais uma e segura a lanterna do Brasileir\u00e3o","datePublished":"2014-08-21T02:58:07+00:00","mainEntityOfPage":{"@id":"https:\/\/www.notibras.com\/site\/palmeiras-perde-mais-uma-e-segura-a-lanterna-do-brasileirao\/"},"wordCount":259,"commentCount":0,"publisher":{"@id":"https:\/\/www.notibras.com\/site\/#organization"},"image":{"@id":"https:\/\/www.notibras.com\/site\/palmeiras-perde-mais-uma-e-segura-a-lanterna-do-brasileirao\/#primaryimage"},"thumbnailUrl":"https:\/\/www.notibras.com\/site\/wp-content\/uploads\/2014\/08\/fu11.jpg","articleSection":["Esportes","Futebol"],"inLanguage":"pt-BR","potentialAction":[{"@type":"CommentAction","name":"Comment","target":["https:\/\/www.notibras.com\/site\/palmeiras-perde-mais-uma-e-segura-a-lanterna-do-brasileirao\/#respond"]}]},{"@type":"WebPage","@id":"https:\/\/www.notibras.com\/site\/palmeiras-perde-mais-uma-e-segura-a-lanterna-do-brasileirao\/","url":"https:\/\/www.notibras.com\/site\/palmeiras-perde-mais-uma-e-segura-a-lanterna-do-brasileirao\/","name":"Palmeiras perde mais uma e segura a lanterna do Brasileir\u00e3o - Notibras","isPartOf":{"@id":"https:\/\/www.notibras.com\/site\/#website"},"primaryImageOfPage":{"@id":"https:\/\/www.notibras.com\/site\/palmeiras-perde-mais-uma-e-segura-a-lanterna-do-brasileirao\/#primaryimage"},"image":{"@id":"https:\/\/www.notibras.com\/site\/palmeiras-perde-mais-uma-e-segura-a-lanterna-do-brasileirao\/#primaryimage"},"thumbnailUrl":"https:\/\/www.notibras.com\/site\/wp-content\/uploads\/2014\/08\/fu11.jpg","datePublished":"2014-08-21T02:58:07+00:00","breadcrumb":{"@id":"https:\/\/www.notibras.com\/site\/palmeiras-perde-mais-uma-e-segura-a-lanterna-do-brasileirao\/#breadcrumb"},"inLanguage":"pt-BR","potentialAction":[{"@type":"ReadAction","target":["https:\/\/www.notibras.com\/site\/palmeiras-perde-mais-uma-e-segura-a-lanterna-do-brasileirao\/"]}]},{"@type":"ImageObject","inLanguage":"pt-BR","@id":"https:\/\/www.notibras.com\/site\/palmeiras-perde-mais-uma-e-segura-a-lanterna-do-brasileirao\/#primaryimage","url":"https:\/\/www.notibras.com\/site\/wp-content\/uploads\/2014\/08\/fu11.jpg","contentUrl":"https:\/\/www.notibras.com\/site\/wp-content\/uploads\/2014\/08\/fu11.jpg","width":460,"height":340},{"@type":"BreadcrumbList","@id":"https:\/\/www.notibras.com\/site\/palmeiras-perde-mais-uma-e-segura-a-lanterna-do-brasileirao\/#breadcrumb","itemListElement":[{"@type":"ListItem","position":1,"name":"In\u00edcio","item":"https:\/\/www.notibras.com\/site\/"},{"@type":"ListItem","position":2,"name":"Palmeiras perde mais uma e segura a lanterna do Brasileir\u00e3o"}]},{"@type":"WebSite","@id":"https:\/\/www.notibras.com\/site\/#website","url":"https:\/\/www.notibras.com\/site\/","name":"Notibras","description":"Not\u00edcias de Bras\u00edlia, do Brasil e do Mundo","publisher":{"@id":"https:\/\/www.notibras.com\/site\/#organization"},"potentialAction":[{"@type":"SearchAction","target":{"@type":"EntryPoint","urlTemplate":"https:\/\/www.notibras.com\/site\/?s={search_term_string}"},"query-input":{"@type":"PropertyValueSpecification","valueRequired":true,"valueName":"search_term_string"}}],"inLanguage":"pt-BR"},{"@type":"Organization","@id":"https:\/\/www.notibras.com\/site\/#organization","name":"Grupo Notibras de Comunica\u00e7\u00e3o","url":"https:\/\/www.notibras.com\/site\/","logo":{"@type":"ImageObject","inLanguage":"pt-BR","@id":"https:\/\/www.notibras.com\/site\/#\/schema\/logo\/image\/","url":"https:\/\/www.notibras.com\/site\/wp-content\/uploads\/2023\/01\/notibras23.png","contentUrl":"https:\/\/www.notibras.com\/site\/wp-content\/uploads\/2023\/01\/notibras23.png","width":350,"height":87,"caption":"Grupo Notibras de Comunica\u00e7\u00e3o"},"image":{"@id":"https:\/\/www.notibras.com\/site\/#\/schema\/logo\/image\/"},"sameAs":["https:\/\/www.facebook.com\/notibras\/","https:\/\/x.com\/Notibras","https:\/\/www.instagram.com\/notibras\/"]},{"@type":"Person","@id":"https:\/\/www.notibras.com\/site\/#\/schema\/person\/36ab0979449956132d3e5b517ea76ac8","name":"Reda\u00e7\u00e3o","image":{"@type":"ImageObject","inLanguage":"pt-BR","@id":"https:\/\/secure.gravatar.com\/avatar\/e0a867bdedb85fd243eadf09663511f96fc81e0720a4a42581f334ad4303aa6b?s=96&d=mm&r=g","url":"https:\/\/secure.gravatar.com\/avatar\/e0a867bdedb85fd243eadf09663511f96fc81e0720a4a42581f334ad4303aa6b?s=96&d=mm&r=g","contentUrl":"https:\/\/secure.gravatar.com\/avatar\/e0a867bdedb85fd243eadf09663511f96fc81e0720a4a42581f334ad4303aa6b?s=96&d=mm&r=g","caption":"Reda\u00e7\u00e3o"}}]}},"amp_enabled":true,"_links":{"self":[{"href":"https:\/\/www.notibras.com\/site\/wp-json\/wp\/v2\/posts\/20251","targetHints":{"allow":["GET"]}}],"collection":[{"href":"https:\/\/www.notibras.com\/site\/wp-json\/wp\/v2\/posts"}],"about":[{"href":"https:\/\/www.notibras.com\/site\/wp-json\/wp\/v2\/types\/post"}],"author":[{"embeddable":true,"href":"https:\/\/www.notibras.com\/site\/wp-json\/wp\/v2\/users\/2"}],"replies":[{"embeddable":true,"href":"https:\/\/www.notibras.com\/site\/wp-json\/wp\/v2\/comments?post=20251"}],"version-history":[{"count":0,"href":"https:\/\/www.notibras.com\/site\/wp-json\/wp\/v2\/posts\/20251\/revisions"}],"wp:featuredmedia":[{"embeddable":true,"href":"https:\/\/www.notibras.com\/site\/wp-json\/wp\/v2\/media\/20252"}],"wp:attachment":[{"href":"https:\/\/www.notibras.com\/site\/wp-json\/wp\/v2\/media?parent=20251"}],"wp:term":[{"taxonomy":"category","embeddable":true,"href":"https:\/\/www.notibras.com\/site\/wp-json\/wp\/v2\/categories?post=20251"},{"taxonomy":"post_tag","embeddable":true,"href":"https:\/\/www.notibras.com\/site\/wp-json\/wp\/v2\/tags?post=20251"}],"curies":[{"name":"wp","href":"https:\/\/api.w.org\/{rel}","templated":true}]}}