{"id":202512,"date":"2019-02-14T17:39:34","date_gmt":"2019-02-14T19:39:34","guid":{"rendered":"https:\/\/www.notibras.com\/site\/?p=202512"},"modified":"2019-02-14T17:42:54","modified_gmt":"2019-02-14T19:42:54","slug":"homem-so-vai-se-aposentar-aos-65-anos-e-mulher-62","status":"publish","type":"post","link":"https:\/\/www.notibras.com\/site\/homem-so-vai-se-aposentar-aos-65-anos-e-mulher-62\/","title":{"rendered":"Homem s\u00f3 vai se aposentar aos 65 anos e mulher, 62"},"content":{"rendered":"<p>O secret\u00e1rio especial de Previd\u00eancia e Trabalho do Minist\u00e9rio da Economia, Rog\u00e9rio Marinho, anunciou nesta quinta-feira, 14, que o presidente Jair Bolsonaro &#8220;bateu o martelo&#8221; de que as idades m\u00ednimas de aposentadoria na proposta de reforma da Previd\u00eancia ser\u00e3o de 62 anos para mulheres e 65 anos para homens, ap\u00f3s um per\u00edodo de 12 anos de transi\u00e7\u00e3o.<\/p>\n<p>Marinho destacou que esse foi um meio termo encontrado ap\u00f3s uma discuss\u00e3o de quase duas horas entre a equipe econ\u00f4mica e o presidente, no Pal\u00e1cio da Alvorada.<\/p>\n<p>Bolsonaro queria uma idade m\u00ednima de 60 anos para mulheres e 65 anos para homens e uma transi\u00e7\u00e3o mais longa. J\u00e1 a equipe do ministro Paulo Guedes defendia idades m\u00ednimas iguais em 65 anos para ambos os g\u00eaneros e uma transi\u00e7\u00e3o mais curta, de 10 anos.<\/p>\n<p>Segundo Marinho, os detalhes da proposta s\u00f3 ser\u00e3o divulgados na pr\u00f3xima quarta-feira, dia 20, quando o texto ser\u00e1 finalmente enviado ao Congresso Nacional. No mesmo dia, o presidente Bolsonaro far\u00e1 um pronunciamento \u00e0 Na\u00e7\u00e3o para explicar a proposta.<\/p>\n<p>Antes disso, a proposta precisa passar por diferentes inst\u00e2ncias dentro do governo para verificar sua adequa\u00e7\u00e3o jur\u00eddica e constitucionalidade. \u00c9 por isso que o secret\u00e1rio especial informou que ainda pode haver alguma outra mudan\u00e7a na semana que vem, caso os \u00f3rg\u00e3os jur\u00eddicos do governo apontem essa necessidade.<\/p>\n<p>Marinho evitou cravar qual ser\u00e1 o impacto obtido com a reforma que foi decidida por Bolsonaro. Quando questionado sobre a fala de Guedes de que a proposta precisaria garantir uma economia de R$ 1 trilh\u00e3o, ele respondeu: &#8220;Se o ministro disse&#8230;&#8221;<\/p>\n","protected":false},"excerpt":{"rendered":"<p>O secret\u00e1rio especial de Previd\u00eancia e Trabalho do Minist\u00e9rio da Economia, Rog\u00e9rio Marinho, anunciou nesta quinta-feira, 14, que o presidente Jair Bolsonaro &#8220;bateu o martelo&#8221; de que as idades m\u00ednimas de aposentadoria na proposta de reforma da Previd\u00eancia ser\u00e3o de 62 anos para mulheres e 65 anos para homens, ap\u00f3s um per\u00edodo de 12 anos [&hellip;]<\/p>\n","protected":false},"author":2,"featured_media":202513,"comment_status":"closed","ping_status":"closed","sticky":false,"template":"","format":"standard","meta":{"_acf_changed":false,"footnotes":""},"categories":[16],"tags":[95],"class_list":["post-202512","post","type-post","status-publish","format-standard","has-post-thumbnail","hentry","category-brasil","tag-capa"],"acf":[],"yoast_head":"<!-- This site is optimized with the Yoast SEO plugin v27.2 - https:\/\/yoast.com\/product\/yoast-seo-wordpress\/ -->\n<title>Homem s\u00f3 vai se aposentar aos 65 anos e mulher, 62 - Notibras<\/title>\n<meta name=\"robots\" content=\"index, follow, max-snippet:-1, max-image-preview:large, max-video-preview:-1\" \/>\n<link rel=\"canonical\" href=\"https:\/\/www.notibras.com\/site\/homem-so-vai-se-aposentar-aos-65-anos-e-mulher-62\/\" \/>\n<meta property=\"og:locale\" content=\"pt_BR\" \/>\n<meta property=\"og:type\" content=\"article\" \/>\n<meta property=\"og:title\" content=\"Homem s\u00f3 vai se aposentar aos 65 anos e mulher, 62 - Notibras\" \/>\n<meta property=\"og:description\" content=\"O secret\u00e1rio especial de Previd\u00eancia e Trabalho do Minist\u00e9rio da Economia, Rog\u00e9rio Marinho, anunciou nesta quinta-feira, 14, que o presidente Jair Bolsonaro &#8220;bateu o martelo&#8221; de que as idades m\u00ednimas de aposentadoria na proposta de reforma da Previd\u00eancia ser\u00e3o de 62 anos para mulheres e 65 anos para homens, ap\u00f3s um per\u00edodo de 12 anos [&hellip;]\" \/>\n<meta property=\"og:url\" content=\"https:\/\/www.notibras.com\/site\/homem-so-vai-se-aposentar-aos-65-anos-e-mulher-62\/\" \/>\n<meta property=\"og:site_name\" content=\"Notibras\" \/>\n<meta property=\"article:publisher\" content=\"https:\/\/www.facebook.com\/notibras\/\" \/>\n<meta property=\"article:published_time\" content=\"2019-02-14T19:39:34+00:00\" \/>\n<meta property=\"article:modified_time\" content=\"2019-02-14T19:42:54+00:00\" \/>\n<meta property=\"og:image\" content=\"https:\/\/www.notibras.com\/site\/wp-content\/uploads\/2019\/02\/rogerio-marinho-foto-antonio-cruz.jpg\" \/>\n\t<meta property=\"og:image:width\" content=\"1140\" \/>\n\t<meta property=\"og:image:height\" content=\"760\" \/>\n\t<meta property=\"og:image:type\" content=\"image\/jpeg\" \/>\n<meta name=\"author\" content=\"Reda\u00e7\u00e3o\" \/>\n<meta name=\"twitter:card\" content=\"summary_large_image\" \/>\n<meta name=\"twitter:creator\" content=\"@Notibras\" \/>\n<meta name=\"twitter:site\" content=\"@Notibras\" \/>\n<meta name=\"twitter:label1\" content=\"Escrito por\" \/>\n\t<meta name=\"twitter:data1\" content=\"Reda\u00e7\u00e3o\" \/>\n\t<meta name=\"twitter:label2\" content=\"Est. tempo de leitura\" \/>\n\t<meta name=\"twitter:data2\" content=\"1 minuto\" \/>\n<script type=\"application\/ld+json\" class=\"yoast-schema-graph\">{\"@context\":\"https:\/\/schema.org\",\"@graph\":[{\"@type\":\"Article\",\"@id\":\"https:\/\/www.notibras.com\/site\/homem-so-vai-se-aposentar-aos-65-anos-e-mulher-62\/#article\",\"isPartOf\":{\"@id\":\"https:\/\/www.notibras.com\/site\/homem-so-vai-se-aposentar-aos-65-anos-e-mulher-62\/\"},\"author\":{\"name\":\"Reda\u00e7\u00e3o\",\"@id\":\"https:\/\/www.notibras.com\/site\/#\/schema\/person\/36ab0979449956132d3e5b517ea76ac8\"},\"headline\":\"Homem s\u00f3 vai se aposentar aos 65 anos e mulher, 62\",\"datePublished\":\"2019-02-14T19:39:34+00:00\",\"dateModified\":\"2019-02-14T19:42:54+00:00\",\"mainEntityOfPage\":{\"@id\":\"https:\/\/www.notibras.com\/site\/homem-so-vai-se-aposentar-aos-65-anos-e-mulher-62\/\"},\"wordCount\":283,\"publisher\":{\"@id\":\"https:\/\/www.notibras.com\/site\/#organization\"},\"image\":{\"@id\":\"https:\/\/www.notibras.com\/site\/homem-so-vai-se-aposentar-aos-65-anos-e-mulher-62\/#primaryimage\"},\"thumbnailUrl\":\"https:\/\/www.notibras.com\/site\/wp-content\/uploads\/2019\/02\/rogerio-marinho-foto-antonio-cruz.jpg\",\"keywords\":[\"capa\"],\"articleSection\":[\"Brasil\"],\"inLanguage\":\"pt-BR\"},{\"@type\":\"WebPage\",\"@id\":\"https:\/\/www.notibras.com\/site\/homem-so-vai-se-aposentar-aos-65-anos-e-mulher-62\/\",\"url\":\"https:\/\/www.notibras.com\/site\/homem-so-vai-se-aposentar-aos-65-anos-e-mulher-62\/\",\"name\":\"Homem s\u00f3 vai se aposentar aos 65 anos e mulher, 62 - Notibras\",\"isPartOf\":{\"@id\":\"https:\/\/www.notibras.com\/site\/#website\"},\"primaryImageOfPage\":{\"@id\":\"https:\/\/www.notibras.com\/site\/homem-so-vai-se-aposentar-aos-65-anos-e-mulher-62\/#primaryimage\"},\"image\":{\"@id\":\"https:\/\/www.notibras.com\/site\/homem-so-vai-se-aposentar-aos-65-anos-e-mulher-62\/#primaryimage\"},\"thumbnailUrl\":\"https:\/\/www.notibras.com\/site\/wp-content\/uploads\/2019\/02\/rogerio-marinho-foto-antonio-cruz.jpg\",\"datePublished\":\"2019-02-14T19:39:34+00:00\",\"dateModified\":\"2019-02-14T19:42:54+00:00\",\"breadcrumb\":{\"@id\":\"https:\/\/www.notibras.com\/site\/homem-so-vai-se-aposentar-aos-65-anos-e-mulher-62\/#breadcrumb\"},\"inLanguage\":\"pt-BR\",\"potentialAction\":[{\"@type\":\"ReadAction\",\"target\":[\"https:\/\/www.notibras.com\/site\/homem-so-vai-se-aposentar-aos-65-anos-e-mulher-62\/\"]}]},{\"@type\":\"ImageObject\",\"inLanguage\":\"pt-BR\",\"@id\":\"https:\/\/www.notibras.com\/site\/homem-so-vai-se-aposentar-aos-65-anos-e-mulher-62\/#primaryimage\",\"url\":\"https:\/\/www.notibras.com\/site\/wp-content\/uploads\/2019\/02\/rogerio-marinho-foto-antonio-cruz.jpg\",\"contentUrl\":\"https:\/\/www.notibras.com\/site\/wp-content\/uploads\/2019\/02\/rogerio-marinho-foto-antonio-cruz.jpg\",\"width\":1140,\"height\":760,\"caption\":\"Foto: Marcelo Camargo\/Ag\u00eancia Brasil\"},{\"@type\":\"BreadcrumbList\",\"@id\":\"https:\/\/www.notibras.com\/site\/homem-so-vai-se-aposentar-aos-65-anos-e-mulher-62\/#breadcrumb\",\"itemListElement\":[{\"@type\":\"ListItem\",\"position\":1,\"name\":\"In\u00edcio\",\"item\":\"https:\/\/www.notibras.com\/site\/\"},{\"@type\":\"ListItem\",\"position\":2,\"name\":\"Homem s\u00f3 vai se aposentar aos 65 anos e mulher, 62\"}]},{\"@type\":\"WebSite\",\"@id\":\"https:\/\/www.notibras.com\/site\/#website\",\"url\":\"https:\/\/www.notibras.com\/site\/\",\"name\":\"Notibras\",\"description\":\"Not\u00edcias de Bras\u00edlia, do Brasil e do Mundo\",\"publisher\":{\"@id\":\"https:\/\/www.notibras.com\/site\/#organization\"},\"potentialAction\":[{\"@type\":\"SearchAction\",\"target\":{\"@type\":\"EntryPoint\",\"urlTemplate\":\"https:\/\/www.notibras.com\/site\/?s={search_term_string}\"},\"query-input\":{\"@type\":\"PropertyValueSpecification\",\"valueRequired\":true,\"valueName\":\"search_term_string\"}}],\"inLanguage\":\"pt-BR\"},{\"@type\":\"Organization\",\"@id\":\"https:\/\/www.notibras.com\/site\/#organization\",\"name\":\"Grupo Notibras de Comunica\u00e7\u00e3o\",\"url\":\"https:\/\/www.notibras.com\/site\/\",\"logo\":{\"@type\":\"ImageObject\",\"inLanguage\":\"pt-BR\",\"@id\":\"https:\/\/www.notibras.com\/site\/#\/schema\/logo\/image\/\",\"url\":\"https:\/\/www.notibras.com\/site\/wp-content\/uploads\/2023\/01\/notibras23.png\",\"contentUrl\":\"https:\/\/www.notibras.com\/site\/wp-content\/uploads\/2023\/01\/notibras23.png\",\"width\":350,\"height\":87,\"caption\":\"Grupo Notibras de Comunica\u00e7\u00e3o\"},\"image\":{\"@id\":\"https:\/\/www.notibras.com\/site\/#\/schema\/logo\/image\/\"},\"sameAs\":[\"https:\/\/www.facebook.com\/notibras\/\",\"https:\/\/x.com\/Notibras\",\"https:\/\/www.instagram.com\/notibras\/\"]},{\"@type\":\"Person\",\"@id\":\"https:\/\/www.notibras.com\/site\/#\/schema\/person\/36ab0979449956132d3e5b517ea76ac8\",\"name\":\"Reda\u00e7\u00e3o\",\"image\":{\"@type\":\"ImageObject\",\"inLanguage\":\"pt-BR\",\"@id\":\"https:\/\/secure.gravatar.com\/avatar\/e0a867bdedb85fd243eadf09663511f96fc81e0720a4a42581f334ad4303aa6b?s=96&d=mm&r=g\",\"url\":\"https:\/\/secure.gravatar.com\/avatar\/e0a867bdedb85fd243eadf09663511f96fc81e0720a4a42581f334ad4303aa6b?s=96&d=mm&r=g\",\"contentUrl\":\"https:\/\/secure.gravatar.com\/avatar\/e0a867bdedb85fd243eadf09663511f96fc81e0720a4a42581f334ad4303aa6b?s=96&d=mm&r=g\",\"caption\":\"Reda\u00e7\u00e3o\"}}]}<\/script>\n<!-- \/ Yoast SEO plugin. -->","yoast_head_json":{"title":"Homem s\u00f3 vai se aposentar aos 65 anos e mulher, 62 - Notibras","robots":{"index":"index","follow":"follow","max-snippet":"max-snippet:-1","max-image-preview":"max-image-preview:large","max-video-preview":"max-video-preview:-1"},"canonical":"https:\/\/www.notibras.com\/site\/homem-so-vai-se-aposentar-aos-65-anos-e-mulher-62\/","og_locale":"pt_BR","og_type":"article","og_title":"Homem s\u00f3 vai se aposentar aos 65 anos e mulher, 62 - Notibras","og_description":"O secret\u00e1rio especial de Previd\u00eancia e Trabalho do Minist\u00e9rio da Economia, Rog\u00e9rio Marinho, anunciou nesta quinta-feira, 14, que o presidente Jair Bolsonaro &#8220;bateu o martelo&#8221; de que as idades m\u00ednimas de aposentadoria na proposta de reforma da Previd\u00eancia ser\u00e3o de 62 anos para mulheres e 65 anos para homens, ap\u00f3s um per\u00edodo de 12 anos [&hellip;]","og_url":"https:\/\/www.notibras.com\/site\/homem-so-vai-se-aposentar-aos-65-anos-e-mulher-62\/","og_site_name":"Notibras","article_publisher":"https:\/\/www.facebook.com\/notibras\/","article_published_time":"2019-02-14T19:39:34+00:00","article_modified_time":"2019-02-14T19:42:54+00:00","og_image":[{"width":1140,"height":760,"url":"https:\/\/www.notibras.com\/site\/wp-content\/uploads\/2019\/02\/rogerio-marinho-foto-antonio-cruz.jpg","type":"image\/jpeg"}],"author":"Reda\u00e7\u00e3o","twitter_card":"summary_large_image","twitter_creator":"@Notibras","twitter_site":"@Notibras","twitter_misc":{"Escrito por":"Reda\u00e7\u00e3o","Est. tempo de leitura":"1 minuto"},"schema":{"@context":"https:\/\/schema.org","@graph":[{"@type":"Article","@id":"https:\/\/www.notibras.com\/site\/homem-so-vai-se-aposentar-aos-65-anos-e-mulher-62\/#article","isPartOf":{"@id":"https:\/\/www.notibras.com\/site\/homem-so-vai-se-aposentar-aos-65-anos-e-mulher-62\/"},"author":{"name":"Reda\u00e7\u00e3o","@id":"https:\/\/www.notibras.com\/site\/#\/schema\/person\/36ab0979449956132d3e5b517ea76ac8"},"headline":"Homem s\u00f3 vai se aposentar aos 65 anos e mulher, 62","datePublished":"2019-02-14T19:39:34+00:00","dateModified":"2019-02-14T19:42:54+00:00","mainEntityOfPage":{"@id":"https:\/\/www.notibras.com\/site\/homem-so-vai-se-aposentar-aos-65-anos-e-mulher-62\/"},"wordCount":283,"publisher":{"@id":"https:\/\/www.notibras.com\/site\/#organization"},"image":{"@id":"https:\/\/www.notibras.com\/site\/homem-so-vai-se-aposentar-aos-65-anos-e-mulher-62\/#primaryimage"},"thumbnailUrl":"https:\/\/www.notibras.com\/site\/wp-content\/uploads\/2019\/02\/rogerio-marinho-foto-antonio-cruz.jpg","keywords":["capa"],"articleSection":["Brasil"],"inLanguage":"pt-BR"},{"@type":"WebPage","@id":"https:\/\/www.notibras.com\/site\/homem-so-vai-se-aposentar-aos-65-anos-e-mulher-62\/","url":"https:\/\/www.notibras.com\/site\/homem-so-vai-se-aposentar-aos-65-anos-e-mulher-62\/","name":"Homem s\u00f3 vai se aposentar aos 65 anos e mulher, 62 - Notibras","isPartOf":{"@id":"https:\/\/www.notibras.com\/site\/#website"},"primaryImageOfPage":{"@id":"https:\/\/www.notibras.com\/site\/homem-so-vai-se-aposentar-aos-65-anos-e-mulher-62\/#primaryimage"},"image":{"@id":"https:\/\/www.notibras.com\/site\/homem-so-vai-se-aposentar-aos-65-anos-e-mulher-62\/#primaryimage"},"thumbnailUrl":"https:\/\/www.notibras.com\/site\/wp-content\/uploads\/2019\/02\/rogerio-marinho-foto-antonio-cruz.jpg","datePublished":"2019-02-14T19:39:34+00:00","dateModified":"2019-02-14T19:42:54+00:00","breadcrumb":{"@id":"https:\/\/www.notibras.com\/site\/homem-so-vai-se-aposentar-aos-65-anos-e-mulher-62\/#breadcrumb"},"inLanguage":"pt-BR","potentialAction":[{"@type":"ReadAction","target":["https:\/\/www.notibras.com\/site\/homem-so-vai-se-aposentar-aos-65-anos-e-mulher-62\/"]}]},{"@type":"ImageObject","inLanguage":"pt-BR","@id":"https:\/\/www.notibras.com\/site\/homem-so-vai-se-aposentar-aos-65-anos-e-mulher-62\/#primaryimage","url":"https:\/\/www.notibras.com\/site\/wp-content\/uploads\/2019\/02\/rogerio-marinho-foto-antonio-cruz.jpg","contentUrl":"https:\/\/www.notibras.com\/site\/wp-content\/uploads\/2019\/02\/rogerio-marinho-foto-antonio-cruz.jpg","width":1140,"height":760,"caption":"Foto: Marcelo Camargo\/Ag\u00eancia Brasil"},{"@type":"BreadcrumbList","@id":"https:\/\/www.notibras.com\/site\/homem-so-vai-se-aposentar-aos-65-anos-e-mulher-62\/#breadcrumb","itemListElement":[{"@type":"ListItem","position":1,"name":"In\u00edcio","item":"https:\/\/www.notibras.com\/site\/"},{"@type":"ListItem","position":2,"name":"Homem s\u00f3 vai se aposentar aos 65 anos e mulher, 62"}]},{"@type":"WebSite","@id":"https:\/\/www.notibras.com\/site\/#website","url":"https:\/\/www.notibras.com\/site\/","name":"Notibras","description":"Not\u00edcias de Bras\u00edlia, do Brasil e do Mundo","publisher":{"@id":"https:\/\/www.notibras.com\/site\/#organization"},"potentialAction":[{"@type":"SearchAction","target":{"@type":"EntryPoint","urlTemplate":"https:\/\/www.notibras.com\/site\/?s={search_term_string}"},"query-input":{"@type":"PropertyValueSpecification","valueRequired":true,"valueName":"search_term_string"}}],"inLanguage":"pt-BR"},{"@type":"Organization","@id":"https:\/\/www.notibras.com\/site\/#organization","name":"Grupo Notibras de Comunica\u00e7\u00e3o","url":"https:\/\/www.notibras.com\/site\/","logo":{"@type":"ImageObject","inLanguage":"pt-BR","@id":"https:\/\/www.notibras.com\/site\/#\/schema\/logo\/image\/","url":"https:\/\/www.notibras.com\/site\/wp-content\/uploads\/2023\/01\/notibras23.png","contentUrl":"https:\/\/www.notibras.com\/site\/wp-content\/uploads\/2023\/01\/notibras23.png","width":350,"height":87,"caption":"Grupo Notibras de Comunica\u00e7\u00e3o"},"image":{"@id":"https:\/\/www.notibras.com\/site\/#\/schema\/logo\/image\/"},"sameAs":["https:\/\/www.facebook.com\/notibras\/","https:\/\/x.com\/Notibras","https:\/\/www.instagram.com\/notibras\/"]},{"@type":"Person","@id":"https:\/\/www.notibras.com\/site\/#\/schema\/person\/36ab0979449956132d3e5b517ea76ac8","name":"Reda\u00e7\u00e3o","image":{"@type":"ImageObject","inLanguage":"pt-BR","@id":"https:\/\/secure.gravatar.com\/avatar\/e0a867bdedb85fd243eadf09663511f96fc81e0720a4a42581f334ad4303aa6b?s=96&d=mm&r=g","url":"https:\/\/secure.gravatar.com\/avatar\/e0a867bdedb85fd243eadf09663511f96fc81e0720a4a42581f334ad4303aa6b?s=96&d=mm&r=g","contentUrl":"https:\/\/secure.gravatar.com\/avatar\/e0a867bdedb85fd243eadf09663511f96fc81e0720a4a42581f334ad4303aa6b?s=96&d=mm&r=g","caption":"Reda\u00e7\u00e3o"}}]}},"amp_enabled":true,"_links":{"self":[{"href":"https:\/\/www.notibras.com\/site\/wp-json\/wp\/v2\/posts\/202512","targetHints":{"allow":["GET"]}}],"collection":[{"href":"https:\/\/www.notibras.com\/site\/wp-json\/wp\/v2\/posts"}],"about":[{"href":"https:\/\/www.notibras.com\/site\/wp-json\/wp\/v2\/types\/post"}],"author":[{"embeddable":true,"href":"https:\/\/www.notibras.com\/site\/wp-json\/wp\/v2\/users\/2"}],"replies":[{"embeddable":true,"href":"https:\/\/www.notibras.com\/site\/wp-json\/wp\/v2\/comments?post=202512"}],"version-history":[{"count":3,"href":"https:\/\/www.notibras.com\/site\/wp-json\/wp\/v2\/posts\/202512\/revisions"}],"predecessor-version":[{"id":202516,"href":"https:\/\/www.notibras.com\/site\/wp-json\/wp\/v2\/posts\/202512\/revisions\/202516"}],"wp:featuredmedia":[{"embeddable":true,"href":"https:\/\/www.notibras.com\/site\/wp-json\/wp\/v2\/media\/202513"}],"wp:attachment":[{"href":"https:\/\/www.notibras.com\/site\/wp-json\/wp\/v2\/media?parent=202512"}],"wp:term":[{"taxonomy":"category","embeddable":true,"href":"https:\/\/www.notibras.com\/site\/wp-json\/wp\/v2\/categories?post=202512"},{"taxonomy":"post_tag","embeddable":true,"href":"https:\/\/www.notibras.com\/site\/wp-json\/wp\/v2\/tags?post=202512"}],"curies":[{"name":"wp","href":"https:\/\/api.w.org\/{rel}","templated":true}]}}