{"id":202526,"date":"2019-02-15T04:00:18","date_gmt":"2019-02-15T06:00:18","guid":{"rendered":"https:\/\/www.notibras.com\/site\/?p=202526"},"modified":"2019-02-15T04:37:48","modified_gmt":"2019-02-15T06:37:48","slug":"maior-pesadelo-de-bebianno-acabou-laranja-e-haddad","status":"publish","type":"post","link":"https:\/\/www.notibras.com\/site\/maior-pesadelo-de-bebianno-acabou-laranja-e-haddad\/","title":{"rendered":"Maior pesadelo de Bebianno acabou. Laranja \u00e9 Haddad"},"content":{"rendered":"<p>Amanheceu ensolarada a quinta-feira, 14, em Bras\u00edlia. Como em milhares de resid\u00eancias, o caf\u00e9 da manh\u00e3 est\u00e1 servido. Na cabeceira da mesa, o patriarca, servido de mingau, interrompe:<\/p>\n<p>&#8211; Mi, querida, onde est\u00e1 o Carlinhos?<\/p>\n<p>&#8211; J\u00e1 est\u00e1 vindo, meu bem. Escovando os dentes.<\/p>\n<p>&#8211; Est\u00e1 atrasado \u2013 adverte o pai \u2013 esse vive me dando problemas&#8230;<\/p>\n<p>&#8211; Calma, amor, voc\u00ea ainda n\u00e3o est\u00e1 bem&#8230; &#8211; contemporiza a esposa, quando Carlinhos se senta \u00e0 mesa.<\/p>\n<p>&#8211; Esse uniforme est\u00e1 amassado, o sapato est\u00e1 sujo! \u2013 repreende o pai.<\/p>\n<p>&#8211; P\u00f4, brother&#8230; \u2013 retruca o filho.<\/p>\n<p>&#8211; P\u00f4, o qu\u00ea, br\u00f4 o qu\u00ea? Sou seu pai, moleque, acha que est\u00e1 falando com quem?<\/p>\n<p>&#8211; Carai, v\u00e9i, tudo \u00e9 crise nessa casa&#8230;<\/p>\n<p>&#8211; Estou falando com voc\u00ea, larga essa droga de celular!<\/p>\n<p>&#8211; Calma, amor, voc\u00ea ainda n\u00e3o est\u00e1 bem&#8230; \u2013 tenta contornar a esposa.<\/p>\n<p>&#8211; Voc\u00ea n\u00e3o vai falar daquele marrento, vai? \u2013 retruca o filho.<\/p>\n<p>&#8211; Aquele marrento \u00e9 professor e a diretoria inteira reclamou que voc\u00ea n\u00e3o respeita ningu\u00e9m. Tem ideia da confus\u00e3o que conseguiu fazer? Voc\u00ea cai numa pegadinha da imprensa, a mesma que tentou me destruir, e sabe o que vai acontecer?<\/p>\n<p>&#8211; Ah, para&#8230; \u2013 Carlinhos engole um pote de Danoninho.<\/p>\n<p>&#8211; Ningu\u00e9m mais vai confiar em voc\u00ea. Nem os decanos. Voc\u00ea acha que \u00e9 malandro carioca, mais esperto que os filhos do Lula, \u00e9 isso?<\/p>\n<p>&#8211; O cara&#8230;<\/p>\n<p>&#8211; O cara? Isso \u00e9 maneira de tratar um ministro? Sabe quem eu sou, o que represento, sob que condi\u00e7\u00f5es estou no cargo? Esse seu celular, que me ajudou na campanha, sabe quantas redes de compartilhamentos participaram dessa campanha? Milhares, espontaneamente. Voc\u00ea jamais saber\u00e1 o alcance de grupos de pessoas que formaram essa corrente. N\u00e3o pense que voc\u00ea fez isso, n\u00e3o foi. Foi o Brasil que produziu isso, com o aval de todos os generais civis e militares que est\u00e3o hoje ao meu lado.<\/p>\n<p>&#8211; Xiii&#8230; c\u00ea n\u00e3o est\u00e1 bem, generais civis&#8230; \u2013 Carlinhos interrompe a refei\u00e7\u00e3o e amea\u00e7a deixar a mesa.<\/p>\n<p>&#8211; Senta a\u00ed! \u2013 o pai d\u00e1 esmurra a mesa. Generais civis, pra mim, s\u00e3o aqueles formadores de opini\u00e3o que t\u00eam milhares de seguidores independentes que n\u00e3o foram orientados por voc\u00ea, n\u00e3o se iluda. Voc\u00ea foi importante, mas eles tamb\u00e9m foram muito importantes. Fundamentais. O \u201ccara\u201d a quem voc\u00ea se refere foi quem me tirou da roubada do Patriotas, um partido que poderia detonar minha candidatura. Foi o cara que resolveu e voc\u00ea implicou com ele. Que saco! Hoje n\u00e3o estamos em campanha, acabou! Agora tive que mandar o S\u00e9rgio investigar uma droga sem import\u00e2ncia e serei obrigado a investigar o maior laranja de todos que \u00e9 o Haddad. V\u00e3o dizer que \u00e9 persegui\u00e7\u00e3o.<\/p>\n<p>&#8211; Mas o cara, que voc\u00ea sempre defendeu, n\u00e3o me deixou prospectar uma joint venture com o Bill Gates, n\u00e3o me deixou nomear um especialista que poderia criar a Zapbras&#8230;<\/p>\n<p>&#8211; T\u00e1 maluco? Voc\u00ea est\u00e1 criando \u00e9 ciz\u00e2nia, faltando com respeito a todos os generais, civis e militares. N\u00e3o serei seu paiz\u00e3o nessa quest\u00e3o. Nesse caso, serei seu presidente, entendeu? Quem tem que resolver isso \u00e9 o Bivar, ele \u00e9 quem entende de Pernambuco, de Lourdes Paix\u00e3o. O Bebianno viabilizou nossa vit\u00f3ria.<\/p>\n<p>&#8211; Quer mais um pouco de papinha, amor? \u2013 a esposa interrompe carinhosamente, tentando apaziguar o clima.<\/p>\n<p>&#8211; N\u00e3o, querida, obrigado.<\/p>\n<p>E agora de dedo em riste: Carlinhos, preste aten\u00e7\u00e3o: o PT torrou R$ 39 milh\u00f5es com o laranja deles, o Haddad, porque o candidato petista era o Lula e essa manobra custou milh\u00f5es. Um blefe que ser\u00e1 responsabilizado. E ainda disse que ficou devendo. Quando voc\u00ea cai na pegadinha de um jornal fascista que sempre me ferrou, s\u00f3 porque voc\u00ea n\u00e3o gosta do cara, est\u00e1 me ferrando tamb\u00e9m. O \u201ccara\u201d que voc\u00ea ataca foi elogiado pelo TSE pela presta\u00e7\u00e3o de contas e gastou menos de 10% do que o PT gastou e estamos aqui agora, tomando o caf\u00e9 da manh\u00e3 no Pal\u00e1cio da Alvorada. Tem mais: de toda a arrecada\u00e7\u00e3o, sobrou ainda R$ 1,5 milh\u00e3o. Voc\u00ea est\u00e1 contribuindo para macular uma hist\u00f3ria de sucesso. Feita pelo cara. Ningu\u00e9m vai apoiar um ataque s\u00f3rdido desse, infantil e injusto.<\/p>\n<p>&#8211; J\u00e1 sei, voc\u00ea quer me ver catando bosta de elefante para dar o exemplo&#8230;<\/p>\n<p>&#8211; N\u00e3o seja ing\u00eanuo. O Governo Federal n\u00e3o \u00e9 a Baixada Fluminense, n\u00e3o \u00e9 a feijoada do Zeca Pagodinho. Ou voc\u00ea entende isso, ou vai para o castigo.<\/p>\n<p>&#8211; Mas o cara&#8230;<\/p>\n<p>&#8211; O cara, n\u00e3o! Ministro Bebianno! Que al\u00e9m de contribuir para que voc\u00ea tenha a import\u00e2ncia que tem hoje por ser filho do presidente, independente de ser vereador no Rio de Janeiro, foi decisivo para que este caf\u00e9 da manh\u00e3 esteja servido aqui. Respeite isso. Desligue essa porcaria de celular, arrume esse uniforme e engraxe esses sapatos. N\u00e3o quero receber nenhuma reclama\u00e7\u00e3o sobre voc\u00ea a partir de agora! Entendeu, soldado?<\/p>\n<p>Carlinhos, perfilado, bateu contin\u00eancia, resignado \u2013 e emburrado \u2013 deu meia volta e saiu marcando o p\u00e9 direito.<\/p>\n<p>Carlinhos engoliu andando o \u00faltimo naco de um croissant que nunca tinha provado, muito comum no Alvorada, e saiu compartilhando: \u201cMeu pai me odeia! me pai me odeia! Meu pai me odeia!\u201d<\/p>\n<p>Instantes depois&#8230;<\/p>\n<p>&#8211; Amor! Amor! \u2013 a esposa d\u00e1 seguidos tapinhas carinhosos no rosto do marido \u2013 Acorda, amor! O caf\u00e9 da manh\u00e3 est\u00e1 servido, seu mingauzinho est\u00e1 pronto&#8230; venha.<\/p>\n<p>O pai de Carlinhos acorda de sobressalto, arranca o hobby de chambre, e grita:<\/p>\n<p>&#8211; CARLIIIIINHOS!!!<\/p>\n","protected":false},"excerpt":{"rendered":"<p>Amanheceu ensolarada a quinta-feira, 14, em Bras\u00edlia. Como em milhares de resid\u00eancias, o caf\u00e9 da manh\u00e3 est\u00e1 servido. Na cabeceira da mesa, o patriarca, servido de mingau, interrompe: &#8211; Mi, querida, onde est\u00e1 o Carlinhos? &#8211; J\u00e1 est\u00e1 vindo, meu bem. Escovando os dentes. &#8211; Est\u00e1 atrasado \u2013 adverte o pai \u2013 esse vive me [&hellip;]<\/p>\n","protected":false},"author":2,"featured_media":202527,"comment_status":"closed","ping_status":"closed","sticky":false,"template":"","format":"standard","meta":{"_acf_changed":false,"footnotes":""},"categories":[16],"tags":[95],"class_list":["post-202526","post","type-post","status-publish","format-standard","has-post-thumbnail","hentry","category-brasil","tag-capa"],"acf":[],"yoast_head":"<!-- This site is optimized with the Yoast SEO plugin v27.2 - https:\/\/yoast.com\/product\/yoast-seo-wordpress\/ -->\n<title>Maior pesadelo de Bebianno acabou. Laranja \u00e9 Haddad - Notibras<\/title>\n<meta name=\"robots\" content=\"index, follow, max-snippet:-1, max-image-preview:large, max-video-preview:-1\" \/>\n<link rel=\"canonical\" href=\"https:\/\/www.notibras.com\/site\/maior-pesadelo-de-bebianno-acabou-laranja-e-haddad\/\" \/>\n<meta property=\"og:locale\" content=\"pt_BR\" \/>\n<meta property=\"og:type\" content=\"article\" \/>\n<meta property=\"og:title\" content=\"Maior pesadelo de Bebianno acabou. Laranja \u00e9 Haddad - Notibras\" \/>\n<meta property=\"og:description\" content=\"Amanheceu ensolarada a quinta-feira, 14, em Bras\u00edlia. Como em milhares de resid\u00eancias, o caf\u00e9 da manh\u00e3 est\u00e1 servido. Na cabeceira da mesa, o patriarca, servido de mingau, interrompe: &#8211; Mi, querida, onde est\u00e1 o Carlinhos? &#8211; J\u00e1 est\u00e1 vindo, meu bem. Escovando os dentes. &#8211; Est\u00e1 atrasado \u2013 adverte o pai \u2013 esse vive me [&hellip;]\" \/>\n<meta property=\"og:url\" content=\"https:\/\/www.notibras.com\/site\/maior-pesadelo-de-bebianno-acabou-laranja-e-haddad\/\" \/>\n<meta property=\"og:site_name\" content=\"Notibras\" \/>\n<meta property=\"article:publisher\" content=\"https:\/\/www.facebook.com\/notibras\/\" \/>\n<meta property=\"article:published_time\" content=\"2019-02-15T06:00:18+00:00\" \/>\n<meta property=\"article:modified_time\" content=\"2019-02-15T06:37:48+00:00\" \/>\n<meta property=\"og:image\" content=\"https:\/\/www.notibras.com\/site\/wp-content\/uploads\/2019\/02\/pal\u00e1cio-da-alvorada.jpg\" \/>\n\t<meta property=\"og:image:width\" content=\"1654\" \/>\n\t<meta property=\"og:image:height\" content=\"1102\" \/>\n\t<meta property=\"og:image:type\" content=\"image\/jpeg\" \/>\n<meta name=\"author\" content=\"Reda\u00e7\u00e3o\" \/>\n<meta name=\"twitter:card\" content=\"summary_large_image\" \/>\n<meta name=\"twitter:creator\" content=\"@Notibras\" \/>\n<meta name=\"twitter:site\" content=\"@Notibras\" \/>\n<meta name=\"twitter:label1\" content=\"Escrito por\" \/>\n\t<meta name=\"twitter:data1\" content=\"Reda\u00e7\u00e3o\" \/>\n\t<meta name=\"twitter:label2\" content=\"Est. tempo de leitura\" \/>\n\t<meta name=\"twitter:data2\" content=\"5 minutos\" \/>\n<script type=\"application\/ld+json\" class=\"yoast-schema-graph\">{\"@context\":\"https:\/\/schema.org\",\"@graph\":[{\"@type\":\"Article\",\"@id\":\"https:\/\/www.notibras.com\/site\/maior-pesadelo-de-bebianno-acabou-laranja-e-haddad\/#article\",\"isPartOf\":{\"@id\":\"https:\/\/www.notibras.com\/site\/maior-pesadelo-de-bebianno-acabou-laranja-e-haddad\/\"},\"author\":{\"name\":\"Reda\u00e7\u00e3o\",\"@id\":\"https:\/\/www.notibras.com\/site\/#\/schema\/person\/36ab0979449956132d3e5b517ea76ac8\"},\"headline\":\"Maior pesadelo de Bebianno acabou. Laranja \u00e9 Haddad\",\"datePublished\":\"2019-02-15T06:00:18+00:00\",\"dateModified\":\"2019-02-15T06:37:48+00:00\",\"mainEntityOfPage\":{\"@id\":\"https:\/\/www.notibras.com\/site\/maior-pesadelo-de-bebianno-acabou-laranja-e-haddad\/\"},\"wordCount\":937,\"publisher\":{\"@id\":\"https:\/\/www.notibras.com\/site\/#organization\"},\"image\":{\"@id\":\"https:\/\/www.notibras.com\/site\/maior-pesadelo-de-bebianno-acabou-laranja-e-haddad\/#primaryimage\"},\"thumbnailUrl\":\"https:\/\/www.notibras.com\/site\/wp-content\/uploads\/2019\/02\/pal\u00e1cio-da-alvorada.jpg\",\"keywords\":[\"capa\"],\"articleSection\":[\"Brasil\"],\"inLanguage\":\"pt-BR\"},{\"@type\":\"WebPage\",\"@id\":\"https:\/\/www.notibras.com\/site\/maior-pesadelo-de-bebianno-acabou-laranja-e-haddad\/\",\"url\":\"https:\/\/www.notibras.com\/site\/maior-pesadelo-de-bebianno-acabou-laranja-e-haddad\/\",\"name\":\"Maior pesadelo de Bebianno acabou. Laranja \u00e9 Haddad - Notibras\",\"isPartOf\":{\"@id\":\"https:\/\/www.notibras.com\/site\/#website\"},\"primaryImageOfPage\":{\"@id\":\"https:\/\/www.notibras.com\/site\/maior-pesadelo-de-bebianno-acabou-laranja-e-haddad\/#primaryimage\"},\"image\":{\"@id\":\"https:\/\/www.notibras.com\/site\/maior-pesadelo-de-bebianno-acabou-laranja-e-haddad\/#primaryimage\"},\"thumbnailUrl\":\"https:\/\/www.notibras.com\/site\/wp-content\/uploads\/2019\/02\/pal\u00e1cio-da-alvorada.jpg\",\"datePublished\":\"2019-02-15T06:00:18+00:00\",\"dateModified\":\"2019-02-15T06:37:48+00:00\",\"breadcrumb\":{\"@id\":\"https:\/\/www.notibras.com\/site\/maior-pesadelo-de-bebianno-acabou-laranja-e-haddad\/#breadcrumb\"},\"inLanguage\":\"pt-BR\",\"potentialAction\":[{\"@type\":\"ReadAction\",\"target\":[\"https:\/\/www.notibras.com\/site\/maior-pesadelo-de-bebianno-acabou-laranja-e-haddad\/\"]}]},{\"@type\":\"ImageObject\",\"inLanguage\":\"pt-BR\",\"@id\":\"https:\/\/www.notibras.com\/site\/maior-pesadelo-de-bebianno-acabou-laranja-e-haddad\/#primaryimage\",\"url\":\"https:\/\/www.notibras.com\/site\/wp-content\/uploads\/2019\/02\/pal\u00e1cio-da-alvorada.jpg\",\"contentUrl\":\"https:\/\/www.notibras.com\/site\/wp-content\/uploads\/2019\/02\/pal\u00e1cio-da-alvorada.jpg\",\"width\":1654,\"height\":1102,\"caption\":\"Foto: Ichiro Guerra\/PR - Arquivo Notibras\"},{\"@type\":\"BreadcrumbList\",\"@id\":\"https:\/\/www.notibras.com\/site\/maior-pesadelo-de-bebianno-acabou-laranja-e-haddad\/#breadcrumb\",\"itemListElement\":[{\"@type\":\"ListItem\",\"position\":1,\"name\":\"In\u00edcio\",\"item\":\"https:\/\/www.notibras.com\/site\/\"},{\"@type\":\"ListItem\",\"position\":2,\"name\":\"Maior pesadelo de Bebianno acabou. Laranja \u00e9 Haddad\"}]},{\"@type\":\"WebSite\",\"@id\":\"https:\/\/www.notibras.com\/site\/#website\",\"url\":\"https:\/\/www.notibras.com\/site\/\",\"name\":\"Notibras\",\"description\":\"Not\u00edcias de Bras\u00edlia, do Brasil e do Mundo\",\"publisher\":{\"@id\":\"https:\/\/www.notibras.com\/site\/#organization\"},\"potentialAction\":[{\"@type\":\"SearchAction\",\"target\":{\"@type\":\"EntryPoint\",\"urlTemplate\":\"https:\/\/www.notibras.com\/site\/?s={search_term_string}\"},\"query-input\":{\"@type\":\"PropertyValueSpecification\",\"valueRequired\":true,\"valueName\":\"search_term_string\"}}],\"inLanguage\":\"pt-BR\"},{\"@type\":\"Organization\",\"@id\":\"https:\/\/www.notibras.com\/site\/#organization\",\"name\":\"Grupo Notibras de Comunica\u00e7\u00e3o\",\"url\":\"https:\/\/www.notibras.com\/site\/\",\"logo\":{\"@type\":\"ImageObject\",\"inLanguage\":\"pt-BR\",\"@id\":\"https:\/\/www.notibras.com\/site\/#\/schema\/logo\/image\/\",\"url\":\"https:\/\/www.notibras.com\/site\/wp-content\/uploads\/2023\/01\/notibras23.png\",\"contentUrl\":\"https:\/\/www.notibras.com\/site\/wp-content\/uploads\/2023\/01\/notibras23.png\",\"width\":350,\"height\":87,\"caption\":\"Grupo Notibras de Comunica\u00e7\u00e3o\"},\"image\":{\"@id\":\"https:\/\/www.notibras.com\/site\/#\/schema\/logo\/image\/\"},\"sameAs\":[\"https:\/\/www.facebook.com\/notibras\/\",\"https:\/\/x.com\/Notibras\",\"https:\/\/www.instagram.com\/notibras\/\"]},{\"@type\":\"Person\",\"@id\":\"https:\/\/www.notibras.com\/site\/#\/schema\/person\/36ab0979449956132d3e5b517ea76ac8\",\"name\":\"Reda\u00e7\u00e3o\",\"image\":{\"@type\":\"ImageObject\",\"inLanguage\":\"pt-BR\",\"@id\":\"https:\/\/secure.gravatar.com\/avatar\/e0a867bdedb85fd243eadf09663511f96fc81e0720a4a42581f334ad4303aa6b?s=96&d=mm&r=g\",\"url\":\"https:\/\/secure.gravatar.com\/avatar\/e0a867bdedb85fd243eadf09663511f96fc81e0720a4a42581f334ad4303aa6b?s=96&d=mm&r=g\",\"contentUrl\":\"https:\/\/secure.gravatar.com\/avatar\/e0a867bdedb85fd243eadf09663511f96fc81e0720a4a42581f334ad4303aa6b?s=96&d=mm&r=g\",\"caption\":\"Reda\u00e7\u00e3o\"}}]}<\/script>\n<!-- \/ Yoast SEO plugin. -->","yoast_head_json":{"title":"Maior pesadelo de Bebianno acabou. Laranja \u00e9 Haddad - Notibras","robots":{"index":"index","follow":"follow","max-snippet":"max-snippet:-1","max-image-preview":"max-image-preview:large","max-video-preview":"max-video-preview:-1"},"canonical":"https:\/\/www.notibras.com\/site\/maior-pesadelo-de-bebianno-acabou-laranja-e-haddad\/","og_locale":"pt_BR","og_type":"article","og_title":"Maior pesadelo de Bebianno acabou. Laranja \u00e9 Haddad - Notibras","og_description":"Amanheceu ensolarada a quinta-feira, 14, em Bras\u00edlia. Como em milhares de resid\u00eancias, o caf\u00e9 da manh\u00e3 est\u00e1 servido. Na cabeceira da mesa, o patriarca, servido de mingau, interrompe: &#8211; Mi, querida, onde est\u00e1 o Carlinhos? &#8211; J\u00e1 est\u00e1 vindo, meu bem. Escovando os dentes. &#8211; Est\u00e1 atrasado \u2013 adverte o pai \u2013 esse vive me [&hellip;]","og_url":"https:\/\/www.notibras.com\/site\/maior-pesadelo-de-bebianno-acabou-laranja-e-haddad\/","og_site_name":"Notibras","article_publisher":"https:\/\/www.facebook.com\/notibras\/","article_published_time":"2019-02-15T06:00:18+00:00","article_modified_time":"2019-02-15T06:37:48+00:00","og_image":[{"width":1654,"height":1102,"url":"https:\/\/www.notibras.com\/site\/wp-content\/uploads\/2019\/02\/pal\u00e1cio-da-alvorada.jpg","type":"image\/jpeg"}],"author":"Reda\u00e7\u00e3o","twitter_card":"summary_large_image","twitter_creator":"@Notibras","twitter_site":"@Notibras","twitter_misc":{"Escrito por":"Reda\u00e7\u00e3o","Est. tempo de leitura":"5 minutos"},"schema":{"@context":"https:\/\/schema.org","@graph":[{"@type":"Article","@id":"https:\/\/www.notibras.com\/site\/maior-pesadelo-de-bebianno-acabou-laranja-e-haddad\/#article","isPartOf":{"@id":"https:\/\/www.notibras.com\/site\/maior-pesadelo-de-bebianno-acabou-laranja-e-haddad\/"},"author":{"name":"Reda\u00e7\u00e3o","@id":"https:\/\/www.notibras.com\/site\/#\/schema\/person\/36ab0979449956132d3e5b517ea76ac8"},"headline":"Maior pesadelo de Bebianno acabou. Laranja \u00e9 Haddad","datePublished":"2019-02-15T06:00:18+00:00","dateModified":"2019-02-15T06:37:48+00:00","mainEntityOfPage":{"@id":"https:\/\/www.notibras.com\/site\/maior-pesadelo-de-bebianno-acabou-laranja-e-haddad\/"},"wordCount":937,"publisher":{"@id":"https:\/\/www.notibras.com\/site\/#organization"},"image":{"@id":"https:\/\/www.notibras.com\/site\/maior-pesadelo-de-bebianno-acabou-laranja-e-haddad\/#primaryimage"},"thumbnailUrl":"https:\/\/www.notibras.com\/site\/wp-content\/uploads\/2019\/02\/pal\u00e1cio-da-alvorada.jpg","keywords":["capa"],"articleSection":["Brasil"],"inLanguage":"pt-BR"},{"@type":"WebPage","@id":"https:\/\/www.notibras.com\/site\/maior-pesadelo-de-bebianno-acabou-laranja-e-haddad\/","url":"https:\/\/www.notibras.com\/site\/maior-pesadelo-de-bebianno-acabou-laranja-e-haddad\/","name":"Maior pesadelo de Bebianno acabou. Laranja \u00e9 Haddad - Notibras","isPartOf":{"@id":"https:\/\/www.notibras.com\/site\/#website"},"primaryImageOfPage":{"@id":"https:\/\/www.notibras.com\/site\/maior-pesadelo-de-bebianno-acabou-laranja-e-haddad\/#primaryimage"},"image":{"@id":"https:\/\/www.notibras.com\/site\/maior-pesadelo-de-bebianno-acabou-laranja-e-haddad\/#primaryimage"},"thumbnailUrl":"https:\/\/www.notibras.com\/site\/wp-content\/uploads\/2019\/02\/pal\u00e1cio-da-alvorada.jpg","datePublished":"2019-02-15T06:00:18+00:00","dateModified":"2019-02-15T06:37:48+00:00","breadcrumb":{"@id":"https:\/\/www.notibras.com\/site\/maior-pesadelo-de-bebianno-acabou-laranja-e-haddad\/#breadcrumb"},"inLanguage":"pt-BR","potentialAction":[{"@type":"ReadAction","target":["https:\/\/www.notibras.com\/site\/maior-pesadelo-de-bebianno-acabou-laranja-e-haddad\/"]}]},{"@type":"ImageObject","inLanguage":"pt-BR","@id":"https:\/\/www.notibras.com\/site\/maior-pesadelo-de-bebianno-acabou-laranja-e-haddad\/#primaryimage","url":"https:\/\/www.notibras.com\/site\/wp-content\/uploads\/2019\/02\/pal\u00e1cio-da-alvorada.jpg","contentUrl":"https:\/\/www.notibras.com\/site\/wp-content\/uploads\/2019\/02\/pal\u00e1cio-da-alvorada.jpg","width":1654,"height":1102,"caption":"Foto: Ichiro Guerra\/PR - Arquivo Notibras"},{"@type":"BreadcrumbList","@id":"https:\/\/www.notibras.com\/site\/maior-pesadelo-de-bebianno-acabou-laranja-e-haddad\/#breadcrumb","itemListElement":[{"@type":"ListItem","position":1,"name":"In\u00edcio","item":"https:\/\/www.notibras.com\/site\/"},{"@type":"ListItem","position":2,"name":"Maior pesadelo de Bebianno acabou. Laranja \u00e9 Haddad"}]},{"@type":"WebSite","@id":"https:\/\/www.notibras.com\/site\/#website","url":"https:\/\/www.notibras.com\/site\/","name":"Notibras","description":"Not\u00edcias de Bras\u00edlia, do Brasil e do Mundo","publisher":{"@id":"https:\/\/www.notibras.com\/site\/#organization"},"potentialAction":[{"@type":"SearchAction","target":{"@type":"EntryPoint","urlTemplate":"https:\/\/www.notibras.com\/site\/?s={search_term_string}"},"query-input":{"@type":"PropertyValueSpecification","valueRequired":true,"valueName":"search_term_string"}}],"inLanguage":"pt-BR"},{"@type":"Organization","@id":"https:\/\/www.notibras.com\/site\/#organization","name":"Grupo Notibras de Comunica\u00e7\u00e3o","url":"https:\/\/www.notibras.com\/site\/","logo":{"@type":"ImageObject","inLanguage":"pt-BR","@id":"https:\/\/www.notibras.com\/site\/#\/schema\/logo\/image\/","url":"https:\/\/www.notibras.com\/site\/wp-content\/uploads\/2023\/01\/notibras23.png","contentUrl":"https:\/\/www.notibras.com\/site\/wp-content\/uploads\/2023\/01\/notibras23.png","width":350,"height":87,"caption":"Grupo Notibras de Comunica\u00e7\u00e3o"},"image":{"@id":"https:\/\/www.notibras.com\/site\/#\/schema\/logo\/image\/"},"sameAs":["https:\/\/www.facebook.com\/notibras\/","https:\/\/x.com\/Notibras","https:\/\/www.instagram.com\/notibras\/"]},{"@type":"Person","@id":"https:\/\/www.notibras.com\/site\/#\/schema\/person\/36ab0979449956132d3e5b517ea76ac8","name":"Reda\u00e7\u00e3o","image":{"@type":"ImageObject","inLanguage":"pt-BR","@id":"https:\/\/secure.gravatar.com\/avatar\/e0a867bdedb85fd243eadf09663511f96fc81e0720a4a42581f334ad4303aa6b?s=96&d=mm&r=g","url":"https:\/\/secure.gravatar.com\/avatar\/e0a867bdedb85fd243eadf09663511f96fc81e0720a4a42581f334ad4303aa6b?s=96&d=mm&r=g","contentUrl":"https:\/\/secure.gravatar.com\/avatar\/e0a867bdedb85fd243eadf09663511f96fc81e0720a4a42581f334ad4303aa6b?s=96&d=mm&r=g","caption":"Reda\u00e7\u00e3o"}}]}},"amp_enabled":true,"_links":{"self":[{"href":"https:\/\/www.notibras.com\/site\/wp-json\/wp\/v2\/posts\/202526","targetHints":{"allow":["GET"]}}],"collection":[{"href":"https:\/\/www.notibras.com\/site\/wp-json\/wp\/v2\/posts"}],"about":[{"href":"https:\/\/www.notibras.com\/site\/wp-json\/wp\/v2\/types\/post"}],"author":[{"embeddable":true,"href":"https:\/\/www.notibras.com\/site\/wp-json\/wp\/v2\/users\/2"}],"replies":[{"embeddable":true,"href":"https:\/\/www.notibras.com\/site\/wp-json\/wp\/v2\/comments?post=202526"}],"version-history":[{"count":2,"href":"https:\/\/www.notibras.com\/site\/wp-json\/wp\/v2\/posts\/202526\/revisions"}],"predecessor-version":[{"id":202529,"href":"https:\/\/www.notibras.com\/site\/wp-json\/wp\/v2\/posts\/202526\/revisions\/202529"}],"wp:featuredmedia":[{"embeddable":true,"href":"https:\/\/www.notibras.com\/site\/wp-json\/wp\/v2\/media\/202527"}],"wp:attachment":[{"href":"https:\/\/www.notibras.com\/site\/wp-json\/wp\/v2\/media?parent=202526"}],"wp:term":[{"taxonomy":"category","embeddable":true,"href":"https:\/\/www.notibras.com\/site\/wp-json\/wp\/v2\/categories?post=202526"},{"taxonomy":"post_tag","embeddable":true,"href":"https:\/\/www.notibras.com\/site\/wp-json\/wp\/v2\/tags?post=202526"}],"curies":[{"name":"wp","href":"https:\/\/api.w.org\/{rel}","templated":true}]}}