{"id":202598,"date":"2019-02-15T18:56:24","date_gmt":"2019-02-15T20:56:24","guid":{"rendered":"https:\/\/www.notibras.com\/site\/?p=202598"},"modified":"2019-02-15T18:56:24","modified_gmt":"2019-02-15T20:56:24","slug":"supremo-enterra-de-vez-liberdade-em-2a-instancia","status":"publish","type":"post","link":"https:\/\/www.notibras.com\/site\/supremo-enterra-de-vez-liberdade-em-2a-instancia\/","title":{"rendered":"Supremo enterra de vez liberdade em 2\u00aa inst\u00e2ncia"},"content":{"rendered":"<p>Por unanimidade, a Segunda Turma do Supremo Tribunal Federal (STF) decidiu manter uma decis\u00e3o do ministro Gilmar Mendes e negou recurso para conceder habeas corpus coletivo a condenados em segunda inst\u00e2ncia. O julgamento, ocorrido no plen\u00e1rio virtual da Segunda Turma, foi conclu\u00eddo nesta sexta-feira, 15.<\/p>\n<p>O habeas corpus coletivo, impetrado por um grupo de advogados do Cear\u00e1 em mar\u00e7o do ano passado, afirmava que a ent\u00e3o presidente do Supremo, ministra C\u00e1rmen L\u00facia, estava sendo omissa ao n\u00e3o pautar para o plen\u00e1rio do tribunal o julgamento das a\u00e7\u00f5es que tratam da pris\u00e3o antes do esgotamento de todos os recursos.<\/p>\n<p>Os integrantes da Associa\u00e7\u00e3o dos Advogados do Estado do Cear\u00e1 (AACE) utilizavam como argumento uma decis\u00e3o da Segunda Turma do STF que permitiu a possibilidade de gr\u00e1vidas e m\u00e3es passarem para a pris\u00e3o domiciliar.<\/p>\n<p>\u00c0 \u00e9poca, Gilmar Mendes entendeu que &#8220;seria temer\u00e1ria a concess\u00e3o&#8221; do habeas corpus coletivo, &#8220;um vez que geraria uma potencial quebra de normalidade institucional&#8221;. Al\u00e9m disso, o ministro &#8211; que j\u00e1 se posicionou reiteradas vezes contra a possibilidade de pris\u00e3o ap\u00f3s condena\u00e7\u00e3o em segunda inst\u00e2ncia &#8211; apontou que o pedido era &#8220;gen\u00e9rico&#8221;, sendo necess\u00e1rio analisar a quest\u00e3o em cada caso concreto.<\/p>\n<p>O julgamento do m\u00e9rito das a\u00e7\u00f5es sobre a execu\u00e7\u00e3o antecipada de pena foi marcado pelo presidente do STF, ministro Dias Toffoli, para o dia 10 de abril.<\/p>\n","protected":false},"excerpt":{"rendered":"<p>Por unanimidade, a Segunda Turma do Supremo Tribunal Federal (STF) decidiu manter uma decis\u00e3o do ministro Gilmar Mendes e negou recurso para conceder habeas corpus coletivo a condenados em segunda inst\u00e2ncia. O julgamento, ocorrido no plen\u00e1rio virtual da Segunda Turma, foi conclu\u00eddo nesta sexta-feira, 15. O habeas corpus coletivo, impetrado por um grupo de advogados [&hellip;]<\/p>\n","protected":false},"author":2,"featured_media":188291,"comment_status":"closed","ping_status":"closed","sticky":false,"template":"","format":"standard","meta":{"_acf_changed":false,"footnotes":""},"categories":[16],"tags":[95],"class_list":["post-202598","post","type-post","status-publish","format-standard","has-post-thumbnail","hentry","category-brasil","tag-capa"],"acf":[],"yoast_head":"<!-- This site is optimized with the Yoast SEO plugin v27.2 - https:\/\/yoast.com\/product\/yoast-seo-wordpress\/ -->\n<title>Supremo enterra de vez liberdade em 2\u00aa inst\u00e2ncia - Notibras<\/title>\n<meta name=\"robots\" content=\"index, follow, max-snippet:-1, max-image-preview:large, max-video-preview:-1\" \/>\n<link rel=\"canonical\" href=\"https:\/\/www.notibras.com\/site\/supremo-enterra-de-vez-liberdade-em-2a-instancia\/\" \/>\n<meta property=\"og:locale\" content=\"pt_BR\" \/>\n<meta property=\"og:type\" content=\"article\" \/>\n<meta property=\"og:title\" content=\"Supremo enterra de vez liberdade em 2\u00aa inst\u00e2ncia - Notibras\" \/>\n<meta property=\"og:description\" content=\"Por unanimidade, a Segunda Turma do Supremo Tribunal Federal (STF) decidiu manter uma decis\u00e3o do ministro Gilmar Mendes e negou recurso para conceder habeas corpus coletivo a condenados em segunda inst\u00e2ncia. O julgamento, ocorrido no plen\u00e1rio virtual da Segunda Turma, foi conclu\u00eddo nesta sexta-feira, 15. O habeas corpus coletivo, impetrado por um grupo de advogados [&hellip;]\" \/>\n<meta property=\"og:url\" content=\"https:\/\/www.notibras.com\/site\/supremo-enterra-de-vez-liberdade-em-2a-instancia\/\" \/>\n<meta property=\"og:site_name\" content=\"Notibras\" \/>\n<meta property=\"article:publisher\" content=\"https:\/\/www.facebook.com\/notibras\/\" \/>\n<meta property=\"article:published_time\" content=\"2019-02-15T20:56:24+00:00\" \/>\n<meta property=\"og:image\" content=\"https:\/\/www.notibras.com\/site\/wp-content\/uploads\/2018\/08\/ricardo-lewandowski-gilmar-mendes-e-dias-toffoli.jpg\" \/>\n\t<meta property=\"og:image:width\" content=\"1024\" \/>\n\t<meta property=\"og:image:height\" content=\"576\" \/>\n\t<meta property=\"og:image:type\" content=\"image\/jpeg\" \/>\n<meta name=\"author\" content=\"Reda\u00e7\u00e3o\" \/>\n<meta name=\"twitter:card\" content=\"summary_large_image\" \/>\n<meta name=\"twitter:creator\" content=\"@Notibras\" \/>\n<meta name=\"twitter:site\" content=\"@Notibras\" \/>\n<meta name=\"twitter:label1\" content=\"Escrito por\" \/>\n\t<meta name=\"twitter:data1\" content=\"Reda\u00e7\u00e3o\" \/>\n\t<meta name=\"twitter:label2\" content=\"Est. tempo de leitura\" \/>\n\t<meta name=\"twitter:data2\" content=\"1 minuto\" \/>\n<script type=\"application\/ld+json\" class=\"yoast-schema-graph\">{\"@context\":\"https:\/\/schema.org\",\"@graph\":[{\"@type\":\"Article\",\"@id\":\"https:\/\/www.notibras.com\/site\/supremo-enterra-de-vez-liberdade-em-2a-instancia\/#article\",\"isPartOf\":{\"@id\":\"https:\/\/www.notibras.com\/site\/supremo-enterra-de-vez-liberdade-em-2a-instancia\/\"},\"author\":{\"name\":\"Reda\u00e7\u00e3o\",\"@id\":\"https:\/\/www.notibras.com\/site\/#\/schema\/person\/36ab0979449956132d3e5b517ea76ac8\"},\"headline\":\"Supremo enterra de vez liberdade em 2\u00aa inst\u00e2ncia\",\"datePublished\":\"2019-02-15T20:56:24+00:00\",\"mainEntityOfPage\":{\"@id\":\"https:\/\/www.notibras.com\/site\/supremo-enterra-de-vez-liberdade-em-2a-instancia\/\"},\"wordCount\":255,\"publisher\":{\"@id\":\"https:\/\/www.notibras.com\/site\/#organization\"},\"image\":{\"@id\":\"https:\/\/www.notibras.com\/site\/supremo-enterra-de-vez-liberdade-em-2a-instancia\/#primaryimage\"},\"thumbnailUrl\":\"https:\/\/www.notibras.com\/site\/wp-content\/uploads\/2018\/08\/ricardo-lewandowski-gilmar-mendes-e-dias-toffoli.jpg\",\"keywords\":[\"capa\"],\"articleSection\":[\"Brasil\"],\"inLanguage\":\"pt-BR\"},{\"@type\":\"WebPage\",\"@id\":\"https:\/\/www.notibras.com\/site\/supremo-enterra-de-vez-liberdade-em-2a-instancia\/\",\"url\":\"https:\/\/www.notibras.com\/site\/supremo-enterra-de-vez-liberdade-em-2a-instancia\/\",\"name\":\"Supremo enterra de vez liberdade em 2\u00aa inst\u00e2ncia - Notibras\",\"isPartOf\":{\"@id\":\"https:\/\/www.notibras.com\/site\/#website\"},\"primaryImageOfPage\":{\"@id\":\"https:\/\/www.notibras.com\/site\/supremo-enterra-de-vez-liberdade-em-2a-instancia\/#primaryimage\"},\"image\":{\"@id\":\"https:\/\/www.notibras.com\/site\/supremo-enterra-de-vez-liberdade-em-2a-instancia\/#primaryimage\"},\"thumbnailUrl\":\"https:\/\/www.notibras.com\/site\/wp-content\/uploads\/2018\/08\/ricardo-lewandowski-gilmar-mendes-e-dias-toffoli.jpg\",\"datePublished\":\"2019-02-15T20:56:24+00:00\",\"breadcrumb\":{\"@id\":\"https:\/\/www.notibras.com\/site\/supremo-enterra-de-vez-liberdade-em-2a-instancia\/#breadcrumb\"},\"inLanguage\":\"pt-BR\",\"potentialAction\":[{\"@type\":\"ReadAction\",\"target\":[\"https:\/\/www.notibras.com\/site\/supremo-enterra-de-vez-liberdade-em-2a-instancia\/\"]}]},{\"@type\":\"ImageObject\",\"inLanguage\":\"pt-BR\",\"@id\":\"https:\/\/www.notibras.com\/site\/supremo-enterra-de-vez-liberdade-em-2a-instancia\/#primaryimage\",\"url\":\"https:\/\/www.notibras.com\/site\/wp-content\/uploads\/2018\/08\/ricardo-lewandowski-gilmar-mendes-e-dias-toffoli.jpg\",\"contentUrl\":\"https:\/\/www.notibras.com\/site\/wp-content\/uploads\/2018\/08\/ricardo-lewandowski-gilmar-mendes-e-dias-toffoli.jpg\",\"width\":1024,\"height\":576,\"caption\":\"Foto\/Arquivo Notibras\"},{\"@type\":\"BreadcrumbList\",\"@id\":\"https:\/\/www.notibras.com\/site\/supremo-enterra-de-vez-liberdade-em-2a-instancia\/#breadcrumb\",\"itemListElement\":[{\"@type\":\"ListItem\",\"position\":1,\"name\":\"In\u00edcio\",\"item\":\"https:\/\/www.notibras.com\/site\/\"},{\"@type\":\"ListItem\",\"position\":2,\"name\":\"Supremo enterra de vez liberdade em 2\u00aa inst\u00e2ncia\"}]},{\"@type\":\"WebSite\",\"@id\":\"https:\/\/www.notibras.com\/site\/#website\",\"url\":\"https:\/\/www.notibras.com\/site\/\",\"name\":\"Notibras\",\"description\":\"Not\u00edcias de Bras\u00edlia, do Brasil e do Mundo\",\"publisher\":{\"@id\":\"https:\/\/www.notibras.com\/site\/#organization\"},\"potentialAction\":[{\"@type\":\"SearchAction\",\"target\":{\"@type\":\"EntryPoint\",\"urlTemplate\":\"https:\/\/www.notibras.com\/site\/?s={search_term_string}\"},\"query-input\":{\"@type\":\"PropertyValueSpecification\",\"valueRequired\":true,\"valueName\":\"search_term_string\"}}],\"inLanguage\":\"pt-BR\"},{\"@type\":\"Organization\",\"@id\":\"https:\/\/www.notibras.com\/site\/#organization\",\"name\":\"Grupo Notibras de Comunica\u00e7\u00e3o\",\"url\":\"https:\/\/www.notibras.com\/site\/\",\"logo\":{\"@type\":\"ImageObject\",\"inLanguage\":\"pt-BR\",\"@id\":\"https:\/\/www.notibras.com\/site\/#\/schema\/logo\/image\/\",\"url\":\"https:\/\/www.notibras.com\/site\/wp-content\/uploads\/2023\/01\/notibras23.png\",\"contentUrl\":\"https:\/\/www.notibras.com\/site\/wp-content\/uploads\/2023\/01\/notibras23.png\",\"width\":350,\"height\":87,\"caption\":\"Grupo Notibras de Comunica\u00e7\u00e3o\"},\"image\":{\"@id\":\"https:\/\/www.notibras.com\/site\/#\/schema\/logo\/image\/\"},\"sameAs\":[\"https:\/\/www.facebook.com\/notibras\/\",\"https:\/\/x.com\/Notibras\",\"https:\/\/www.instagram.com\/notibras\/\"]},{\"@type\":\"Person\",\"@id\":\"https:\/\/www.notibras.com\/site\/#\/schema\/person\/36ab0979449956132d3e5b517ea76ac8\",\"name\":\"Reda\u00e7\u00e3o\",\"image\":{\"@type\":\"ImageObject\",\"inLanguage\":\"pt-BR\",\"@id\":\"https:\/\/secure.gravatar.com\/avatar\/e0a867bdedb85fd243eadf09663511f96fc81e0720a4a42581f334ad4303aa6b?s=96&d=mm&r=g\",\"url\":\"https:\/\/secure.gravatar.com\/avatar\/e0a867bdedb85fd243eadf09663511f96fc81e0720a4a42581f334ad4303aa6b?s=96&d=mm&r=g\",\"contentUrl\":\"https:\/\/secure.gravatar.com\/avatar\/e0a867bdedb85fd243eadf09663511f96fc81e0720a4a42581f334ad4303aa6b?s=96&d=mm&r=g\",\"caption\":\"Reda\u00e7\u00e3o\"}}]}<\/script>\n<!-- \/ Yoast SEO plugin. -->","yoast_head_json":{"title":"Supremo enterra de vez liberdade em 2\u00aa inst\u00e2ncia - Notibras","robots":{"index":"index","follow":"follow","max-snippet":"max-snippet:-1","max-image-preview":"max-image-preview:large","max-video-preview":"max-video-preview:-1"},"canonical":"https:\/\/www.notibras.com\/site\/supremo-enterra-de-vez-liberdade-em-2a-instancia\/","og_locale":"pt_BR","og_type":"article","og_title":"Supremo enterra de vez liberdade em 2\u00aa inst\u00e2ncia - Notibras","og_description":"Por unanimidade, a Segunda Turma do Supremo Tribunal Federal (STF) decidiu manter uma decis\u00e3o do ministro Gilmar Mendes e negou recurso para conceder habeas corpus coletivo a condenados em segunda inst\u00e2ncia. O julgamento, ocorrido no plen\u00e1rio virtual da Segunda Turma, foi conclu\u00eddo nesta sexta-feira, 15. O habeas corpus coletivo, impetrado por um grupo de advogados [&hellip;]","og_url":"https:\/\/www.notibras.com\/site\/supremo-enterra-de-vez-liberdade-em-2a-instancia\/","og_site_name":"Notibras","article_publisher":"https:\/\/www.facebook.com\/notibras\/","article_published_time":"2019-02-15T20:56:24+00:00","og_image":[{"width":1024,"height":576,"url":"https:\/\/www.notibras.com\/site\/wp-content\/uploads\/2018\/08\/ricardo-lewandowski-gilmar-mendes-e-dias-toffoli.jpg","type":"image\/jpeg"}],"author":"Reda\u00e7\u00e3o","twitter_card":"summary_large_image","twitter_creator":"@Notibras","twitter_site":"@Notibras","twitter_misc":{"Escrito por":"Reda\u00e7\u00e3o","Est. tempo de leitura":"1 minuto"},"schema":{"@context":"https:\/\/schema.org","@graph":[{"@type":"Article","@id":"https:\/\/www.notibras.com\/site\/supremo-enterra-de-vez-liberdade-em-2a-instancia\/#article","isPartOf":{"@id":"https:\/\/www.notibras.com\/site\/supremo-enterra-de-vez-liberdade-em-2a-instancia\/"},"author":{"name":"Reda\u00e7\u00e3o","@id":"https:\/\/www.notibras.com\/site\/#\/schema\/person\/36ab0979449956132d3e5b517ea76ac8"},"headline":"Supremo enterra de vez liberdade em 2\u00aa inst\u00e2ncia","datePublished":"2019-02-15T20:56:24+00:00","mainEntityOfPage":{"@id":"https:\/\/www.notibras.com\/site\/supremo-enterra-de-vez-liberdade-em-2a-instancia\/"},"wordCount":255,"publisher":{"@id":"https:\/\/www.notibras.com\/site\/#organization"},"image":{"@id":"https:\/\/www.notibras.com\/site\/supremo-enterra-de-vez-liberdade-em-2a-instancia\/#primaryimage"},"thumbnailUrl":"https:\/\/www.notibras.com\/site\/wp-content\/uploads\/2018\/08\/ricardo-lewandowski-gilmar-mendes-e-dias-toffoli.jpg","keywords":["capa"],"articleSection":["Brasil"],"inLanguage":"pt-BR"},{"@type":"WebPage","@id":"https:\/\/www.notibras.com\/site\/supremo-enterra-de-vez-liberdade-em-2a-instancia\/","url":"https:\/\/www.notibras.com\/site\/supremo-enterra-de-vez-liberdade-em-2a-instancia\/","name":"Supremo enterra de vez liberdade em 2\u00aa inst\u00e2ncia - Notibras","isPartOf":{"@id":"https:\/\/www.notibras.com\/site\/#website"},"primaryImageOfPage":{"@id":"https:\/\/www.notibras.com\/site\/supremo-enterra-de-vez-liberdade-em-2a-instancia\/#primaryimage"},"image":{"@id":"https:\/\/www.notibras.com\/site\/supremo-enterra-de-vez-liberdade-em-2a-instancia\/#primaryimage"},"thumbnailUrl":"https:\/\/www.notibras.com\/site\/wp-content\/uploads\/2018\/08\/ricardo-lewandowski-gilmar-mendes-e-dias-toffoli.jpg","datePublished":"2019-02-15T20:56:24+00:00","breadcrumb":{"@id":"https:\/\/www.notibras.com\/site\/supremo-enterra-de-vez-liberdade-em-2a-instancia\/#breadcrumb"},"inLanguage":"pt-BR","potentialAction":[{"@type":"ReadAction","target":["https:\/\/www.notibras.com\/site\/supremo-enterra-de-vez-liberdade-em-2a-instancia\/"]}]},{"@type":"ImageObject","inLanguage":"pt-BR","@id":"https:\/\/www.notibras.com\/site\/supremo-enterra-de-vez-liberdade-em-2a-instancia\/#primaryimage","url":"https:\/\/www.notibras.com\/site\/wp-content\/uploads\/2018\/08\/ricardo-lewandowski-gilmar-mendes-e-dias-toffoli.jpg","contentUrl":"https:\/\/www.notibras.com\/site\/wp-content\/uploads\/2018\/08\/ricardo-lewandowski-gilmar-mendes-e-dias-toffoli.jpg","width":1024,"height":576,"caption":"Foto\/Arquivo Notibras"},{"@type":"BreadcrumbList","@id":"https:\/\/www.notibras.com\/site\/supremo-enterra-de-vez-liberdade-em-2a-instancia\/#breadcrumb","itemListElement":[{"@type":"ListItem","position":1,"name":"In\u00edcio","item":"https:\/\/www.notibras.com\/site\/"},{"@type":"ListItem","position":2,"name":"Supremo enterra de vez liberdade em 2\u00aa inst\u00e2ncia"}]},{"@type":"WebSite","@id":"https:\/\/www.notibras.com\/site\/#website","url":"https:\/\/www.notibras.com\/site\/","name":"Notibras","description":"Not\u00edcias de Bras\u00edlia, do Brasil e do Mundo","publisher":{"@id":"https:\/\/www.notibras.com\/site\/#organization"},"potentialAction":[{"@type":"SearchAction","target":{"@type":"EntryPoint","urlTemplate":"https:\/\/www.notibras.com\/site\/?s={search_term_string}"},"query-input":{"@type":"PropertyValueSpecification","valueRequired":true,"valueName":"search_term_string"}}],"inLanguage":"pt-BR"},{"@type":"Organization","@id":"https:\/\/www.notibras.com\/site\/#organization","name":"Grupo Notibras de Comunica\u00e7\u00e3o","url":"https:\/\/www.notibras.com\/site\/","logo":{"@type":"ImageObject","inLanguage":"pt-BR","@id":"https:\/\/www.notibras.com\/site\/#\/schema\/logo\/image\/","url":"https:\/\/www.notibras.com\/site\/wp-content\/uploads\/2023\/01\/notibras23.png","contentUrl":"https:\/\/www.notibras.com\/site\/wp-content\/uploads\/2023\/01\/notibras23.png","width":350,"height":87,"caption":"Grupo Notibras de Comunica\u00e7\u00e3o"},"image":{"@id":"https:\/\/www.notibras.com\/site\/#\/schema\/logo\/image\/"},"sameAs":["https:\/\/www.facebook.com\/notibras\/","https:\/\/x.com\/Notibras","https:\/\/www.instagram.com\/notibras\/"]},{"@type":"Person","@id":"https:\/\/www.notibras.com\/site\/#\/schema\/person\/36ab0979449956132d3e5b517ea76ac8","name":"Reda\u00e7\u00e3o","image":{"@type":"ImageObject","inLanguage":"pt-BR","@id":"https:\/\/secure.gravatar.com\/avatar\/e0a867bdedb85fd243eadf09663511f96fc81e0720a4a42581f334ad4303aa6b?s=96&d=mm&r=g","url":"https:\/\/secure.gravatar.com\/avatar\/e0a867bdedb85fd243eadf09663511f96fc81e0720a4a42581f334ad4303aa6b?s=96&d=mm&r=g","contentUrl":"https:\/\/secure.gravatar.com\/avatar\/e0a867bdedb85fd243eadf09663511f96fc81e0720a4a42581f334ad4303aa6b?s=96&d=mm&r=g","caption":"Reda\u00e7\u00e3o"}}]}},"amp_enabled":true,"_links":{"self":[{"href":"https:\/\/www.notibras.com\/site\/wp-json\/wp\/v2\/posts\/202598","targetHints":{"allow":["GET"]}}],"collection":[{"href":"https:\/\/www.notibras.com\/site\/wp-json\/wp\/v2\/posts"}],"about":[{"href":"https:\/\/www.notibras.com\/site\/wp-json\/wp\/v2\/types\/post"}],"author":[{"embeddable":true,"href":"https:\/\/www.notibras.com\/site\/wp-json\/wp\/v2\/users\/2"}],"replies":[{"embeddable":true,"href":"https:\/\/www.notibras.com\/site\/wp-json\/wp\/v2\/comments?post=202598"}],"version-history":[{"count":1,"href":"https:\/\/www.notibras.com\/site\/wp-json\/wp\/v2\/posts\/202598\/revisions"}],"predecessor-version":[{"id":202599,"href":"https:\/\/www.notibras.com\/site\/wp-json\/wp\/v2\/posts\/202598\/revisions\/202599"}],"wp:featuredmedia":[{"embeddable":true,"href":"https:\/\/www.notibras.com\/site\/wp-json\/wp\/v2\/media\/188291"}],"wp:attachment":[{"href":"https:\/\/www.notibras.com\/site\/wp-json\/wp\/v2\/media?parent=202598"}],"wp:term":[{"taxonomy":"category","embeddable":true,"href":"https:\/\/www.notibras.com\/site\/wp-json\/wp\/v2\/categories?post=202598"},{"taxonomy":"post_tag","embeddable":true,"href":"https:\/\/www.notibras.com\/site\/wp-json\/wp\/v2\/tags?post=202598"}],"curies":[{"name":"wp","href":"https:\/\/api.w.org\/{rel}","templated":true}]}}