{"id":202644,"date":"2019-02-16T10:54:13","date_gmt":"2019-02-16T12:54:13","guid":{"rendered":"https:\/\/www.notibras.com\/site\/?p=202644"},"modified":"2019-02-16T10:55:37","modified_gmt":"2019-02-16T12:55:37","slug":"em-meio-a-crise-o-mundo-desabara-em-qual-cabeca","status":"publish","type":"post","link":"https:\/\/www.notibras.com\/site\/em-meio-a-crise-o-mundo-desabara-em-qual-cabeca\/","title":{"rendered":"Em meio \u00e0 crise, o mundo desabar\u00e1 em qual cabe\u00e7a?"},"content":{"rendered":"<p>Gustavo Bebianno est\u00e1 desolado, angustiado, abatido e irritado. N\u00e3o esperava, nas palavras dele, um gesto de trai\u00e7\u00e3o do presidente Jair Bolsonaro, a ponto de cozinh\u00e1-lo em Banho Maria para for\u00e7\u00e1-lo a pedir demiss\u00e3o da secretaria-geral da Presid\u00eancia da Rep\u00fablica.<\/p>\n<p>O ainda ministro (h\u00e1 quem assegure que a exonera\u00e7\u00e3o ser\u00e1 publicada na edi\u00e7\u00e3o de segunda-feira, 18, do Di\u00e1rio Oficial da Uni\u00e3o), em mensagem no Instagram, aponta deslealdade. E insinua que durante ou ap\u00f3s a crise, o mundo vai cair na cabe\u00e7a de algu\u00e9m.<\/p>\n<p>Os militares que cercam Jair Bolsonaro est\u00e3o preocupados com os pr\u00f3ximos lances. Bebianno insinuou que \u201co desleal, coitado, viver\u00e1 sempre esperando o mundo desabar na sua cabe\u00e7a.\u201d<\/p>\n<p>Piv\u00f4 da crise, o vereador Carlos Bolsonaro, filho do presidente, deixou Bras\u00edlia na sexta-feira, 15, logo cedo, para cumprir seu papel de edil na C\u00e2mara Municipal do Rio de Janeiro. Como de costume, vai passar o fim de semana com um bon\u00e9 na cabe\u00e7a.<\/p>\n","protected":false},"excerpt":{"rendered":"<p>Gustavo Bebianno est\u00e1 desolado, angustiado, abatido e irritado. N\u00e3o esperava, nas palavras dele, um gesto de trai\u00e7\u00e3o do presidente Jair Bolsonaro, a ponto de cozinh\u00e1-lo em Banho Maria para for\u00e7\u00e1-lo a pedir demiss\u00e3o da secretaria-geral da Presid\u00eancia da Rep\u00fablica. O ainda ministro (h\u00e1 quem assegure que a exonera\u00e7\u00e3o ser\u00e1 publicada na edi\u00e7\u00e3o de segunda-feira, 18, [&hellip;]<\/p>\n","protected":false},"author":2,"featured_media":202645,"comment_status":"closed","ping_status":"closed","sticky":false,"template":"","format":"standard","meta":{"_acf_changed":false,"footnotes":""},"categories":[16],"tags":[95],"class_list":["post-202644","post","type-post","status-publish","format-standard","has-post-thumbnail","hentry","category-brasil","tag-capa"],"acf":[],"yoast_head":"<!-- This site is optimized with the Yoast SEO plugin v27.2 - https:\/\/yoast.com\/product\/yoast-seo-wordpress\/ -->\n<title>Em meio \u00e0 crise, o mundo desabar\u00e1 em qual cabe\u00e7a? - Notibras<\/title>\n<meta name=\"robots\" content=\"index, follow, max-snippet:-1, max-image-preview:large, max-video-preview:-1\" \/>\n<link rel=\"canonical\" href=\"https:\/\/www.notibras.com\/site\/em-meio-a-crise-o-mundo-desabara-em-qual-cabeca\/\" \/>\n<meta property=\"og:locale\" content=\"pt_BR\" \/>\n<meta property=\"og:type\" content=\"article\" \/>\n<meta property=\"og:title\" content=\"Em meio \u00e0 crise, o mundo desabar\u00e1 em qual cabe\u00e7a? - Notibras\" \/>\n<meta property=\"og:description\" content=\"Gustavo Bebianno est\u00e1 desolado, angustiado, abatido e irritado. N\u00e3o esperava, nas palavras dele, um gesto de trai\u00e7\u00e3o do presidente Jair Bolsonaro, a ponto de cozinh\u00e1-lo em Banho Maria para for\u00e7\u00e1-lo a pedir demiss\u00e3o da secretaria-geral da Presid\u00eancia da Rep\u00fablica. O ainda ministro (h\u00e1 quem assegure que a exonera\u00e7\u00e3o ser\u00e1 publicada na edi\u00e7\u00e3o de segunda-feira, 18, [&hellip;]\" \/>\n<meta property=\"og:url\" content=\"https:\/\/www.notibras.com\/site\/em-meio-a-crise-o-mundo-desabara-em-qual-cabeca\/\" \/>\n<meta property=\"og:site_name\" content=\"Notibras\" \/>\n<meta property=\"article:publisher\" content=\"https:\/\/www.facebook.com\/notibras\/\" \/>\n<meta property=\"article:published_time\" content=\"2019-02-16T12:54:13+00:00\" \/>\n<meta property=\"article:modified_time\" content=\"2019-02-16T12:55:37+00:00\" \/>\n<meta property=\"og:image\" content=\"https:\/\/www.notibras.com\/site\/wp-content\/uploads\/2019\/02\/carlos-bolsonaro-15.jpg\" \/>\n\t<meta property=\"og:image:width\" content=\"1600\" \/>\n\t<meta property=\"og:image:height\" content=\"900\" \/>\n\t<meta property=\"og:image:type\" content=\"image\/jpeg\" \/>\n<meta name=\"author\" content=\"Reda\u00e7\u00e3o\" \/>\n<meta name=\"twitter:card\" content=\"summary_large_image\" \/>\n<meta name=\"twitter:creator\" content=\"@Notibras\" \/>\n<meta name=\"twitter:site\" content=\"@Notibras\" \/>\n<meta name=\"twitter:label1\" content=\"Escrito por\" \/>\n\t<meta name=\"twitter:data1\" content=\"Reda\u00e7\u00e3o\" \/>\n\t<meta name=\"twitter:label2\" content=\"Est. tempo de leitura\" \/>\n\t<meta name=\"twitter:data2\" content=\"1 minuto\" \/>\n<script type=\"application\/ld+json\" class=\"yoast-schema-graph\">{\"@context\":\"https:\/\/schema.org\",\"@graph\":[{\"@type\":\"Article\",\"@id\":\"https:\/\/www.notibras.com\/site\/em-meio-a-crise-o-mundo-desabara-em-qual-cabeca\/#article\",\"isPartOf\":{\"@id\":\"https:\/\/www.notibras.com\/site\/em-meio-a-crise-o-mundo-desabara-em-qual-cabeca\/\"},\"author\":{\"name\":\"Reda\u00e7\u00e3o\",\"@id\":\"https:\/\/www.notibras.com\/site\/#\/schema\/person\/36ab0979449956132d3e5b517ea76ac8\"},\"headline\":\"Em meio \u00e0 crise, o mundo desabar\u00e1 em qual cabe\u00e7a?\",\"datePublished\":\"2019-02-16T12:54:13+00:00\",\"dateModified\":\"2019-02-16T12:55:37+00:00\",\"mainEntityOfPage\":{\"@id\":\"https:\/\/www.notibras.com\/site\/em-meio-a-crise-o-mundo-desabara-em-qual-cabeca\/\"},\"wordCount\":181,\"publisher\":{\"@id\":\"https:\/\/www.notibras.com\/site\/#organization\"},\"image\":{\"@id\":\"https:\/\/www.notibras.com\/site\/em-meio-a-crise-o-mundo-desabara-em-qual-cabeca\/#primaryimage\"},\"thumbnailUrl\":\"https:\/\/www.notibras.com\/site\/wp-content\/uploads\/2019\/02\/carlos-bolsonaro-15.jpg\",\"keywords\":[\"capa\"],\"articleSection\":[\"Brasil\"],\"inLanguage\":\"pt-BR\"},{\"@type\":\"WebPage\",\"@id\":\"https:\/\/www.notibras.com\/site\/em-meio-a-crise-o-mundo-desabara-em-qual-cabeca\/\",\"url\":\"https:\/\/www.notibras.com\/site\/em-meio-a-crise-o-mundo-desabara-em-qual-cabeca\/\",\"name\":\"Em meio \u00e0 crise, o mundo desabar\u00e1 em qual cabe\u00e7a? - Notibras\",\"isPartOf\":{\"@id\":\"https:\/\/www.notibras.com\/site\/#website\"},\"primaryImageOfPage\":{\"@id\":\"https:\/\/www.notibras.com\/site\/em-meio-a-crise-o-mundo-desabara-em-qual-cabeca\/#primaryimage\"},\"image\":{\"@id\":\"https:\/\/www.notibras.com\/site\/em-meio-a-crise-o-mundo-desabara-em-qual-cabeca\/#primaryimage\"},\"thumbnailUrl\":\"https:\/\/www.notibras.com\/site\/wp-content\/uploads\/2019\/02\/carlos-bolsonaro-15.jpg\",\"datePublished\":\"2019-02-16T12:54:13+00:00\",\"dateModified\":\"2019-02-16T12:55:37+00:00\",\"breadcrumb\":{\"@id\":\"https:\/\/www.notibras.com\/site\/em-meio-a-crise-o-mundo-desabara-em-qual-cabeca\/#breadcrumb\"},\"inLanguage\":\"pt-BR\",\"potentialAction\":[{\"@type\":\"ReadAction\",\"target\":[\"https:\/\/www.notibras.com\/site\/em-meio-a-crise-o-mundo-desabara-em-qual-cabeca\/\"]}]},{\"@type\":\"ImageObject\",\"inLanguage\":\"pt-BR\",\"@id\":\"https:\/\/www.notibras.com\/site\/em-meio-a-crise-o-mundo-desabara-em-qual-cabeca\/#primaryimage\",\"url\":\"https:\/\/www.notibras.com\/site\/wp-content\/uploads\/2019\/02\/carlos-bolsonaro-15.jpg\",\"contentUrl\":\"https:\/\/www.notibras.com\/site\/wp-content\/uploads\/2019\/02\/carlos-bolsonaro-15.jpg\",\"width\":1600,\"height\":900},{\"@type\":\"BreadcrumbList\",\"@id\":\"https:\/\/www.notibras.com\/site\/em-meio-a-crise-o-mundo-desabara-em-qual-cabeca\/#breadcrumb\",\"itemListElement\":[{\"@type\":\"ListItem\",\"position\":1,\"name\":\"In\u00edcio\",\"item\":\"https:\/\/www.notibras.com\/site\/\"},{\"@type\":\"ListItem\",\"position\":2,\"name\":\"Em meio \u00e0 crise, o mundo desabar\u00e1 em qual cabe\u00e7a?\"}]},{\"@type\":\"WebSite\",\"@id\":\"https:\/\/www.notibras.com\/site\/#website\",\"url\":\"https:\/\/www.notibras.com\/site\/\",\"name\":\"Notibras\",\"description\":\"Not\u00edcias de Bras\u00edlia, do Brasil e do Mundo\",\"publisher\":{\"@id\":\"https:\/\/www.notibras.com\/site\/#organization\"},\"potentialAction\":[{\"@type\":\"SearchAction\",\"target\":{\"@type\":\"EntryPoint\",\"urlTemplate\":\"https:\/\/www.notibras.com\/site\/?s={search_term_string}\"},\"query-input\":{\"@type\":\"PropertyValueSpecification\",\"valueRequired\":true,\"valueName\":\"search_term_string\"}}],\"inLanguage\":\"pt-BR\"},{\"@type\":\"Organization\",\"@id\":\"https:\/\/www.notibras.com\/site\/#organization\",\"name\":\"Grupo Notibras de Comunica\u00e7\u00e3o\",\"url\":\"https:\/\/www.notibras.com\/site\/\",\"logo\":{\"@type\":\"ImageObject\",\"inLanguage\":\"pt-BR\",\"@id\":\"https:\/\/www.notibras.com\/site\/#\/schema\/logo\/image\/\",\"url\":\"https:\/\/www.notibras.com\/site\/wp-content\/uploads\/2023\/01\/notibras23.png\",\"contentUrl\":\"https:\/\/www.notibras.com\/site\/wp-content\/uploads\/2023\/01\/notibras23.png\",\"width\":350,\"height\":87,\"caption\":\"Grupo Notibras de Comunica\u00e7\u00e3o\"},\"image\":{\"@id\":\"https:\/\/www.notibras.com\/site\/#\/schema\/logo\/image\/\"},\"sameAs\":[\"https:\/\/www.facebook.com\/notibras\/\",\"https:\/\/x.com\/Notibras\",\"https:\/\/www.instagram.com\/notibras\/\"]},{\"@type\":\"Person\",\"@id\":\"https:\/\/www.notibras.com\/site\/#\/schema\/person\/36ab0979449956132d3e5b517ea76ac8\",\"name\":\"Reda\u00e7\u00e3o\",\"image\":{\"@type\":\"ImageObject\",\"inLanguage\":\"pt-BR\",\"@id\":\"https:\/\/secure.gravatar.com\/avatar\/e0a867bdedb85fd243eadf09663511f96fc81e0720a4a42581f334ad4303aa6b?s=96&d=mm&r=g\",\"url\":\"https:\/\/secure.gravatar.com\/avatar\/e0a867bdedb85fd243eadf09663511f96fc81e0720a4a42581f334ad4303aa6b?s=96&d=mm&r=g\",\"contentUrl\":\"https:\/\/secure.gravatar.com\/avatar\/e0a867bdedb85fd243eadf09663511f96fc81e0720a4a42581f334ad4303aa6b?s=96&d=mm&r=g\",\"caption\":\"Reda\u00e7\u00e3o\"}}]}<\/script>\n<!-- \/ Yoast SEO plugin. -->","yoast_head_json":{"title":"Em meio \u00e0 crise, o mundo desabar\u00e1 em qual cabe\u00e7a? - Notibras","robots":{"index":"index","follow":"follow","max-snippet":"max-snippet:-1","max-image-preview":"max-image-preview:large","max-video-preview":"max-video-preview:-1"},"canonical":"https:\/\/www.notibras.com\/site\/em-meio-a-crise-o-mundo-desabara-em-qual-cabeca\/","og_locale":"pt_BR","og_type":"article","og_title":"Em meio \u00e0 crise, o mundo desabar\u00e1 em qual cabe\u00e7a? - Notibras","og_description":"Gustavo Bebianno est\u00e1 desolado, angustiado, abatido e irritado. N\u00e3o esperava, nas palavras dele, um gesto de trai\u00e7\u00e3o do presidente Jair Bolsonaro, a ponto de cozinh\u00e1-lo em Banho Maria para for\u00e7\u00e1-lo a pedir demiss\u00e3o da secretaria-geral da Presid\u00eancia da Rep\u00fablica. O ainda ministro (h\u00e1 quem assegure que a exonera\u00e7\u00e3o ser\u00e1 publicada na edi\u00e7\u00e3o de segunda-feira, 18, [&hellip;]","og_url":"https:\/\/www.notibras.com\/site\/em-meio-a-crise-o-mundo-desabara-em-qual-cabeca\/","og_site_name":"Notibras","article_publisher":"https:\/\/www.facebook.com\/notibras\/","article_published_time":"2019-02-16T12:54:13+00:00","article_modified_time":"2019-02-16T12:55:37+00:00","og_image":[{"width":1600,"height":900,"url":"https:\/\/www.notibras.com\/site\/wp-content\/uploads\/2019\/02\/carlos-bolsonaro-15.jpg","type":"image\/jpeg"}],"author":"Reda\u00e7\u00e3o","twitter_card":"summary_large_image","twitter_creator":"@Notibras","twitter_site":"@Notibras","twitter_misc":{"Escrito por":"Reda\u00e7\u00e3o","Est. tempo de leitura":"1 minuto"},"schema":{"@context":"https:\/\/schema.org","@graph":[{"@type":"Article","@id":"https:\/\/www.notibras.com\/site\/em-meio-a-crise-o-mundo-desabara-em-qual-cabeca\/#article","isPartOf":{"@id":"https:\/\/www.notibras.com\/site\/em-meio-a-crise-o-mundo-desabara-em-qual-cabeca\/"},"author":{"name":"Reda\u00e7\u00e3o","@id":"https:\/\/www.notibras.com\/site\/#\/schema\/person\/36ab0979449956132d3e5b517ea76ac8"},"headline":"Em meio \u00e0 crise, o mundo desabar\u00e1 em qual cabe\u00e7a?","datePublished":"2019-02-16T12:54:13+00:00","dateModified":"2019-02-16T12:55:37+00:00","mainEntityOfPage":{"@id":"https:\/\/www.notibras.com\/site\/em-meio-a-crise-o-mundo-desabara-em-qual-cabeca\/"},"wordCount":181,"publisher":{"@id":"https:\/\/www.notibras.com\/site\/#organization"},"image":{"@id":"https:\/\/www.notibras.com\/site\/em-meio-a-crise-o-mundo-desabara-em-qual-cabeca\/#primaryimage"},"thumbnailUrl":"https:\/\/www.notibras.com\/site\/wp-content\/uploads\/2019\/02\/carlos-bolsonaro-15.jpg","keywords":["capa"],"articleSection":["Brasil"],"inLanguage":"pt-BR"},{"@type":"WebPage","@id":"https:\/\/www.notibras.com\/site\/em-meio-a-crise-o-mundo-desabara-em-qual-cabeca\/","url":"https:\/\/www.notibras.com\/site\/em-meio-a-crise-o-mundo-desabara-em-qual-cabeca\/","name":"Em meio \u00e0 crise, o mundo desabar\u00e1 em qual cabe\u00e7a? - Notibras","isPartOf":{"@id":"https:\/\/www.notibras.com\/site\/#website"},"primaryImageOfPage":{"@id":"https:\/\/www.notibras.com\/site\/em-meio-a-crise-o-mundo-desabara-em-qual-cabeca\/#primaryimage"},"image":{"@id":"https:\/\/www.notibras.com\/site\/em-meio-a-crise-o-mundo-desabara-em-qual-cabeca\/#primaryimage"},"thumbnailUrl":"https:\/\/www.notibras.com\/site\/wp-content\/uploads\/2019\/02\/carlos-bolsonaro-15.jpg","datePublished":"2019-02-16T12:54:13+00:00","dateModified":"2019-02-16T12:55:37+00:00","breadcrumb":{"@id":"https:\/\/www.notibras.com\/site\/em-meio-a-crise-o-mundo-desabara-em-qual-cabeca\/#breadcrumb"},"inLanguage":"pt-BR","potentialAction":[{"@type":"ReadAction","target":["https:\/\/www.notibras.com\/site\/em-meio-a-crise-o-mundo-desabara-em-qual-cabeca\/"]}]},{"@type":"ImageObject","inLanguage":"pt-BR","@id":"https:\/\/www.notibras.com\/site\/em-meio-a-crise-o-mundo-desabara-em-qual-cabeca\/#primaryimage","url":"https:\/\/www.notibras.com\/site\/wp-content\/uploads\/2019\/02\/carlos-bolsonaro-15.jpg","contentUrl":"https:\/\/www.notibras.com\/site\/wp-content\/uploads\/2019\/02\/carlos-bolsonaro-15.jpg","width":1600,"height":900},{"@type":"BreadcrumbList","@id":"https:\/\/www.notibras.com\/site\/em-meio-a-crise-o-mundo-desabara-em-qual-cabeca\/#breadcrumb","itemListElement":[{"@type":"ListItem","position":1,"name":"In\u00edcio","item":"https:\/\/www.notibras.com\/site\/"},{"@type":"ListItem","position":2,"name":"Em meio \u00e0 crise, o mundo desabar\u00e1 em qual cabe\u00e7a?"}]},{"@type":"WebSite","@id":"https:\/\/www.notibras.com\/site\/#website","url":"https:\/\/www.notibras.com\/site\/","name":"Notibras","description":"Not\u00edcias de Bras\u00edlia, do Brasil e do Mundo","publisher":{"@id":"https:\/\/www.notibras.com\/site\/#organization"},"potentialAction":[{"@type":"SearchAction","target":{"@type":"EntryPoint","urlTemplate":"https:\/\/www.notibras.com\/site\/?s={search_term_string}"},"query-input":{"@type":"PropertyValueSpecification","valueRequired":true,"valueName":"search_term_string"}}],"inLanguage":"pt-BR"},{"@type":"Organization","@id":"https:\/\/www.notibras.com\/site\/#organization","name":"Grupo Notibras de Comunica\u00e7\u00e3o","url":"https:\/\/www.notibras.com\/site\/","logo":{"@type":"ImageObject","inLanguage":"pt-BR","@id":"https:\/\/www.notibras.com\/site\/#\/schema\/logo\/image\/","url":"https:\/\/www.notibras.com\/site\/wp-content\/uploads\/2023\/01\/notibras23.png","contentUrl":"https:\/\/www.notibras.com\/site\/wp-content\/uploads\/2023\/01\/notibras23.png","width":350,"height":87,"caption":"Grupo Notibras de Comunica\u00e7\u00e3o"},"image":{"@id":"https:\/\/www.notibras.com\/site\/#\/schema\/logo\/image\/"},"sameAs":["https:\/\/www.facebook.com\/notibras\/","https:\/\/x.com\/Notibras","https:\/\/www.instagram.com\/notibras\/"]},{"@type":"Person","@id":"https:\/\/www.notibras.com\/site\/#\/schema\/person\/36ab0979449956132d3e5b517ea76ac8","name":"Reda\u00e7\u00e3o","image":{"@type":"ImageObject","inLanguage":"pt-BR","@id":"https:\/\/secure.gravatar.com\/avatar\/e0a867bdedb85fd243eadf09663511f96fc81e0720a4a42581f334ad4303aa6b?s=96&d=mm&r=g","url":"https:\/\/secure.gravatar.com\/avatar\/e0a867bdedb85fd243eadf09663511f96fc81e0720a4a42581f334ad4303aa6b?s=96&d=mm&r=g","contentUrl":"https:\/\/secure.gravatar.com\/avatar\/e0a867bdedb85fd243eadf09663511f96fc81e0720a4a42581f334ad4303aa6b?s=96&d=mm&r=g","caption":"Reda\u00e7\u00e3o"}}]}},"amp_enabled":true,"_links":{"self":[{"href":"https:\/\/www.notibras.com\/site\/wp-json\/wp\/v2\/posts\/202644","targetHints":{"allow":["GET"]}}],"collection":[{"href":"https:\/\/www.notibras.com\/site\/wp-json\/wp\/v2\/posts"}],"about":[{"href":"https:\/\/www.notibras.com\/site\/wp-json\/wp\/v2\/types\/post"}],"author":[{"embeddable":true,"href":"https:\/\/www.notibras.com\/site\/wp-json\/wp\/v2\/users\/2"}],"replies":[{"embeddable":true,"href":"https:\/\/www.notibras.com\/site\/wp-json\/wp\/v2\/comments?post=202644"}],"version-history":[{"count":3,"href":"https:\/\/www.notibras.com\/site\/wp-json\/wp\/v2\/posts\/202644\/revisions"}],"predecessor-version":[{"id":202648,"href":"https:\/\/www.notibras.com\/site\/wp-json\/wp\/v2\/posts\/202644\/revisions\/202648"}],"wp:featuredmedia":[{"embeddable":true,"href":"https:\/\/www.notibras.com\/site\/wp-json\/wp\/v2\/media\/202645"}],"wp:attachment":[{"href":"https:\/\/www.notibras.com\/site\/wp-json\/wp\/v2\/media?parent=202644"}],"wp:term":[{"taxonomy":"category","embeddable":true,"href":"https:\/\/www.notibras.com\/site\/wp-json\/wp\/v2\/categories?post=202644"},{"taxonomy":"post_tag","embeddable":true,"href":"https:\/\/www.notibras.com\/site\/wp-json\/wp\/v2\/tags?post=202644"}],"curies":[{"name":"wp","href":"https:\/\/api.w.org\/{rel}","templated":true}]}}