{"id":202650,"date":"2019-02-16T13:21:16","date_gmt":"2019-02-16T15:21:16","guid":{"rendered":"https:\/\/www.notibras.com\/site\/?p=202650"},"modified":"2019-02-16T13:59:51","modified_gmt":"2019-02-16T15:59:51","slug":"maia-confronta-juiz-para-pagar-extra-a-deputados","status":"publish","type":"post","link":"https:\/\/www.notibras.com\/site\/maia-confronta-juiz-para-pagar-extra-a-deputados\/","title":{"rendered":"Maia confronta juiz para pagar extra a deputados"},"content":{"rendered":"<p>O presidente da C\u00e2mara dos Deputados, Rodrigo Maia (DEM-RJ), tenta reverter decis\u00e3o judicial que o proibiu de pagar uma ajuda de custo de R$ 33,7 mil para deputados reeleitos. O chamado aux\u00edlio-mudan\u00e7a, equivalente a um sal\u00e1rio a mais, \u00e9 pago a todos os 513 parlamentares tanto no in\u00edcio como no fim de cada mandato.<\/p>\n<p>Na sexta, 15, o juiz federal Pedro Esperanza Sud\u00e1rio, da Justi\u00e7a Federal de Sergipe, manteve a restri\u00e7\u00e3o imposta ao Congresso para que n\u00e3o seja realizado o pagamento do aux\u00edlio aos deputados e tamb\u00e9m aos senadores que foram reeleitos &#8211; e que, por tabela, n\u00e3o teriam gastos com mudan\u00e7a de cidade. Maia disse que vai recorrer da decis\u00e3o.<\/p>\n<p>A C\u00e2mara e o Senado estimavam pagar cerca de R$ 20 milh\u00f5es para o aux\u00edlio a 298 parlamentares reeleitos. No caso destes, eles teriam direito a receber quase R$ 70 mil cada, pois acumulariam o aux\u00edlio do fim do mandato anterior com o do in\u00edcio do novo. Desde ent\u00e3o, 24 parlamentares informaram que iriam abrir m\u00e3o do benef\u00edcio.<\/p>\n<p>Antecipa\u00e7\u00e3o &#8211; O pagamento do aux\u00edlio referente ao fim do mandato foi antecipado por Maia em dezembro, enquanto ainda estava em campanha pela reelei\u00e7\u00e3o \u00e0 presid\u00eancia da C\u00e2mara. O benef\u00edcio \u00e9 tradicionalmente pago em 31 de janeiro, quando acaba a Legislatura, mas foi depositado no dia 28 de dezembro na conta dos parlamentares. Na ocasi\u00e3o, n\u00e3o havia qualquer decis\u00e3o da Justi\u00e7a impedindo o pagamento.<\/p>\n<p>J\u00e1 o pagamento para todos os parlamentares eleitos em outubro, segundo a reportagem apurou, est\u00e1 previsto para ser feito ainda neste m\u00eas. Para os reeleitos, por\u00e9m, isso ainda depende de decis\u00e3o judicial.<\/p>\n<p><strong>Justi\u00e7a<\/strong> &#8211; A a\u00e7\u00e3o que contesta o pagamento na Justi\u00e7a Federal de Sergipe foi aberta com base na reportagem do Estado que apontou o pagamento at\u00e9 mesmo para quem j\u00e1 morava em Bras\u00edlia.<\/p>\n<p>Antes, o juiz Alexandre Henry Alves, de Ituiutaba (MG), j\u00e1 havia proibido e fixado uma multa de R$ 2 mil por pagamento considerado irregular efetuado a cada deputado ou senador.<\/p>\n<p>A Uni\u00e3o entrou com recurso no Tribunal Regional Federal da 1.\u00aa Regi\u00e3o (TRF-1) para derrubar a decis\u00e3o de Ituiutaba, mas o pr\u00f3prio juiz Alexandre Henry Alves declinou a compet\u00eancia do caso &#8211; isso porque uma a\u00e7\u00e3o popular sobre o mesmo tema foi apresentada antes na 2.\u00aa Vara Federal de Sergipe, o que atraiu para ela a an\u00e1lise de pedidos similares em todo o Pa\u00eds.<\/p>\n<p>Pela decis\u00e3o da Justi\u00e7a Federal de Sergipe, deputados federais que j\u00e1 vivem em Bras\u00edlia e que viraram senadores, ou vice-versa, tamb\u00e9m n\u00e3o podem receber o aux\u00edlio-mudan\u00e7a. Em sua decis\u00e3o, o juiz ainda elevou para R$ 5 mil o valor da multa por pagamento irregular efetuado a cada parlamentar.<\/p>\n<p><strong>Benef\u00edcios<\/strong> &#8211; Pelas regras em vigor, al\u00e9m do aux\u00edlio-mudan\u00e7a, os deputados tamb\u00e9m t\u00eam direito a receber verba de gabinete para contrata\u00e7\u00e3o de pessoal (no valor de R$ 78 mil), aux\u00edlio-moradia (de R$ 3 800) e cota parlamentar (cujo valor varia de R$ 30,7 mil a R$ 45,6 mil, dependendo do Estado de origem do parlamentar).<\/p>\n<p>Quando o aux\u00edlio-mudan\u00e7a passou a valer, em fevereiro de 2015, diversos deputados reeleitos e propriet\u00e1rios de im\u00f3veis na cidade receberam a ajuda, identificada na folha de pagamento coma rubrica &#8220;vantagem indenizat\u00f3ria&#8221;.<\/p>\n<p>A C\u00e2mara admite que deve rever o decreto e reavaliar os crit\u00e9rios de concess\u00e3o deste benef\u00edcio, &#8220;a fim de torn\u00e1-los mais claros e restritivos&#8221;, mas n\u00e3o deu prazo para quando essas mudan\u00e7as devem acontecer e nem informou o que poderia ser alterado.<\/p>\n","protected":false},"excerpt":{"rendered":"<p>O presidente da C\u00e2mara dos Deputados, Rodrigo Maia (DEM-RJ), tenta reverter decis\u00e3o judicial que o proibiu de pagar uma ajuda de custo de R$ 33,7 mil para deputados reeleitos. O chamado aux\u00edlio-mudan\u00e7a, equivalente a um sal\u00e1rio a mais, \u00e9 pago a todos os 513 parlamentares tanto no in\u00edcio como no fim de cada mandato. Na [&hellip;]<\/p>\n","protected":false},"author":2,"featured_media":202651,"comment_status":"closed","ping_status":"closed","sticky":false,"template":"","format":"standard","meta":{"_acf_changed":false,"footnotes":""},"categories":[16],"tags":[95],"class_list":["post-202650","post","type-post","status-publish","format-standard","has-post-thumbnail","hentry","category-brasil","tag-capa"],"acf":[],"yoast_head":"<!-- This site is optimized with the Yoast SEO plugin v27.2 - https:\/\/yoast.com\/product\/yoast-seo-wordpress\/ -->\n<title>Maia confronta juiz para pagar extra a deputados - Notibras<\/title>\n<meta name=\"robots\" content=\"index, follow, max-snippet:-1, max-image-preview:large, max-video-preview:-1\" \/>\n<link rel=\"canonical\" href=\"https:\/\/www.notibras.com\/site\/maia-confronta-juiz-para-pagar-extra-a-deputados\/\" \/>\n<meta property=\"og:locale\" content=\"pt_BR\" \/>\n<meta property=\"og:type\" content=\"article\" \/>\n<meta property=\"og:title\" content=\"Maia confronta juiz para pagar extra a deputados - Notibras\" \/>\n<meta property=\"og:description\" content=\"O presidente da C\u00e2mara dos Deputados, Rodrigo Maia (DEM-RJ), tenta reverter decis\u00e3o judicial que o proibiu de pagar uma ajuda de custo de R$ 33,7 mil para deputados reeleitos. O chamado aux\u00edlio-mudan\u00e7a, equivalente a um sal\u00e1rio a mais, \u00e9 pago a todos os 513 parlamentares tanto no in\u00edcio como no fim de cada mandato. Na [&hellip;]\" \/>\n<meta property=\"og:url\" content=\"https:\/\/www.notibras.com\/site\/maia-confronta-juiz-para-pagar-extra-a-deputados\/\" \/>\n<meta property=\"og:site_name\" content=\"Notibras\" \/>\n<meta property=\"article:publisher\" content=\"https:\/\/www.facebook.com\/notibras\/\" \/>\n<meta property=\"article:published_time\" content=\"2019-02-16T15:21:16+00:00\" \/>\n<meta property=\"article:modified_time\" content=\"2019-02-16T15:59:51+00:00\" \/>\n<meta property=\"og:image\" content=\"https:\/\/www.notibras.com\/site\/wp-content\/uploads\/2019\/02\/maia-marcelo-camargo-16.jpg\" \/>\n\t<meta property=\"og:image:width\" content=\"1140\" \/>\n\t<meta property=\"og:image:height\" content=\"760\" \/>\n\t<meta property=\"og:image:type\" content=\"image\/jpeg\" \/>\n<meta name=\"author\" content=\"Reda\u00e7\u00e3o\" \/>\n<meta name=\"twitter:card\" content=\"summary_large_image\" \/>\n<meta name=\"twitter:creator\" content=\"@Notibras\" \/>\n<meta name=\"twitter:site\" content=\"@Notibras\" \/>\n<meta name=\"twitter:label1\" content=\"Escrito por\" \/>\n\t<meta name=\"twitter:data1\" content=\"Reda\u00e7\u00e3o\" \/>\n\t<meta name=\"twitter:label2\" content=\"Est. tempo de leitura\" \/>\n\t<meta name=\"twitter:data2\" content=\"3 minutos\" \/>\n<script type=\"application\/ld+json\" class=\"yoast-schema-graph\">{\"@context\":\"https:\/\/schema.org\",\"@graph\":[{\"@type\":\"Article\",\"@id\":\"https:\/\/www.notibras.com\/site\/maia-confronta-juiz-para-pagar-extra-a-deputados\/#article\",\"isPartOf\":{\"@id\":\"https:\/\/www.notibras.com\/site\/maia-confronta-juiz-para-pagar-extra-a-deputados\/\"},\"author\":{\"name\":\"Reda\u00e7\u00e3o\",\"@id\":\"https:\/\/www.notibras.com\/site\/#\/schema\/person\/36ab0979449956132d3e5b517ea76ac8\"},\"headline\":\"Maia confronta juiz para pagar extra a deputados\",\"datePublished\":\"2019-02-16T15:21:16+00:00\",\"dateModified\":\"2019-02-16T15:59:51+00:00\",\"mainEntityOfPage\":{\"@id\":\"https:\/\/www.notibras.com\/site\/maia-confronta-juiz-para-pagar-extra-a-deputados\/\"},\"wordCount\":630,\"publisher\":{\"@id\":\"https:\/\/www.notibras.com\/site\/#organization\"},\"image\":{\"@id\":\"https:\/\/www.notibras.com\/site\/maia-confronta-juiz-para-pagar-extra-a-deputados\/#primaryimage\"},\"thumbnailUrl\":\"https:\/\/www.notibras.com\/site\/wp-content\/uploads\/2019\/02\/maia-marcelo-camargo-16.jpg\",\"keywords\":[\"capa\"],\"articleSection\":[\"Brasil\"],\"inLanguage\":\"pt-BR\"},{\"@type\":\"WebPage\",\"@id\":\"https:\/\/www.notibras.com\/site\/maia-confronta-juiz-para-pagar-extra-a-deputados\/\",\"url\":\"https:\/\/www.notibras.com\/site\/maia-confronta-juiz-para-pagar-extra-a-deputados\/\",\"name\":\"Maia confronta juiz para pagar extra a deputados - Notibras\",\"isPartOf\":{\"@id\":\"https:\/\/www.notibras.com\/site\/#website\"},\"primaryImageOfPage\":{\"@id\":\"https:\/\/www.notibras.com\/site\/maia-confronta-juiz-para-pagar-extra-a-deputados\/#primaryimage\"},\"image\":{\"@id\":\"https:\/\/www.notibras.com\/site\/maia-confronta-juiz-para-pagar-extra-a-deputados\/#primaryimage\"},\"thumbnailUrl\":\"https:\/\/www.notibras.com\/site\/wp-content\/uploads\/2019\/02\/maia-marcelo-camargo-16.jpg\",\"datePublished\":\"2019-02-16T15:21:16+00:00\",\"dateModified\":\"2019-02-16T15:59:51+00:00\",\"breadcrumb\":{\"@id\":\"https:\/\/www.notibras.com\/site\/maia-confronta-juiz-para-pagar-extra-a-deputados\/#breadcrumb\"},\"inLanguage\":\"pt-BR\",\"potentialAction\":[{\"@type\":\"ReadAction\",\"target\":[\"https:\/\/www.notibras.com\/site\/maia-confronta-juiz-para-pagar-extra-a-deputados\/\"]}]},{\"@type\":\"ImageObject\",\"inLanguage\":\"pt-BR\",\"@id\":\"https:\/\/www.notibras.com\/site\/maia-confronta-juiz-para-pagar-extra-a-deputados\/#primaryimage\",\"url\":\"https:\/\/www.notibras.com\/site\/wp-content\/uploads\/2019\/02\/maia-marcelo-camargo-16.jpg\",\"contentUrl\":\"https:\/\/www.notibras.com\/site\/wp-content\/uploads\/2019\/02\/maia-marcelo-camargo-16.jpg\",\"width\":1140,\"height\":760,\"caption\":\"Foto: Marcelo Camargo\/ABr\"},{\"@type\":\"BreadcrumbList\",\"@id\":\"https:\/\/www.notibras.com\/site\/maia-confronta-juiz-para-pagar-extra-a-deputados\/#breadcrumb\",\"itemListElement\":[{\"@type\":\"ListItem\",\"position\":1,\"name\":\"In\u00edcio\",\"item\":\"https:\/\/www.notibras.com\/site\/\"},{\"@type\":\"ListItem\",\"position\":2,\"name\":\"Maia confronta juiz para pagar extra a deputados\"}]},{\"@type\":\"WebSite\",\"@id\":\"https:\/\/www.notibras.com\/site\/#website\",\"url\":\"https:\/\/www.notibras.com\/site\/\",\"name\":\"Notibras\",\"description\":\"Not\u00edcias de Bras\u00edlia, do Brasil e do Mundo\",\"publisher\":{\"@id\":\"https:\/\/www.notibras.com\/site\/#organization\"},\"potentialAction\":[{\"@type\":\"SearchAction\",\"target\":{\"@type\":\"EntryPoint\",\"urlTemplate\":\"https:\/\/www.notibras.com\/site\/?s={search_term_string}\"},\"query-input\":{\"@type\":\"PropertyValueSpecification\",\"valueRequired\":true,\"valueName\":\"search_term_string\"}}],\"inLanguage\":\"pt-BR\"},{\"@type\":\"Organization\",\"@id\":\"https:\/\/www.notibras.com\/site\/#organization\",\"name\":\"Grupo Notibras de Comunica\u00e7\u00e3o\",\"url\":\"https:\/\/www.notibras.com\/site\/\",\"logo\":{\"@type\":\"ImageObject\",\"inLanguage\":\"pt-BR\",\"@id\":\"https:\/\/www.notibras.com\/site\/#\/schema\/logo\/image\/\",\"url\":\"https:\/\/www.notibras.com\/site\/wp-content\/uploads\/2023\/01\/notibras23.png\",\"contentUrl\":\"https:\/\/www.notibras.com\/site\/wp-content\/uploads\/2023\/01\/notibras23.png\",\"width\":350,\"height\":87,\"caption\":\"Grupo Notibras de Comunica\u00e7\u00e3o\"},\"image\":{\"@id\":\"https:\/\/www.notibras.com\/site\/#\/schema\/logo\/image\/\"},\"sameAs\":[\"https:\/\/www.facebook.com\/notibras\/\",\"https:\/\/x.com\/Notibras\",\"https:\/\/www.instagram.com\/notibras\/\"]},{\"@type\":\"Person\",\"@id\":\"https:\/\/www.notibras.com\/site\/#\/schema\/person\/36ab0979449956132d3e5b517ea76ac8\",\"name\":\"Reda\u00e7\u00e3o\",\"image\":{\"@type\":\"ImageObject\",\"inLanguage\":\"pt-BR\",\"@id\":\"https:\/\/secure.gravatar.com\/avatar\/e0a867bdedb85fd243eadf09663511f96fc81e0720a4a42581f334ad4303aa6b?s=96&d=mm&r=g\",\"url\":\"https:\/\/secure.gravatar.com\/avatar\/e0a867bdedb85fd243eadf09663511f96fc81e0720a4a42581f334ad4303aa6b?s=96&d=mm&r=g\",\"contentUrl\":\"https:\/\/secure.gravatar.com\/avatar\/e0a867bdedb85fd243eadf09663511f96fc81e0720a4a42581f334ad4303aa6b?s=96&d=mm&r=g\",\"caption\":\"Reda\u00e7\u00e3o\"}}]}<\/script>\n<!-- \/ Yoast SEO plugin. -->","yoast_head_json":{"title":"Maia confronta juiz para pagar extra a deputados - Notibras","robots":{"index":"index","follow":"follow","max-snippet":"max-snippet:-1","max-image-preview":"max-image-preview:large","max-video-preview":"max-video-preview:-1"},"canonical":"https:\/\/www.notibras.com\/site\/maia-confronta-juiz-para-pagar-extra-a-deputados\/","og_locale":"pt_BR","og_type":"article","og_title":"Maia confronta juiz para pagar extra a deputados - Notibras","og_description":"O presidente da C\u00e2mara dos Deputados, Rodrigo Maia (DEM-RJ), tenta reverter decis\u00e3o judicial que o proibiu de pagar uma ajuda de custo de R$ 33,7 mil para deputados reeleitos. O chamado aux\u00edlio-mudan\u00e7a, equivalente a um sal\u00e1rio a mais, \u00e9 pago a todos os 513 parlamentares tanto no in\u00edcio como no fim de cada mandato. Na [&hellip;]","og_url":"https:\/\/www.notibras.com\/site\/maia-confronta-juiz-para-pagar-extra-a-deputados\/","og_site_name":"Notibras","article_publisher":"https:\/\/www.facebook.com\/notibras\/","article_published_time":"2019-02-16T15:21:16+00:00","article_modified_time":"2019-02-16T15:59:51+00:00","og_image":[{"width":1140,"height":760,"url":"https:\/\/www.notibras.com\/site\/wp-content\/uploads\/2019\/02\/maia-marcelo-camargo-16.jpg","type":"image\/jpeg"}],"author":"Reda\u00e7\u00e3o","twitter_card":"summary_large_image","twitter_creator":"@Notibras","twitter_site":"@Notibras","twitter_misc":{"Escrito por":"Reda\u00e7\u00e3o","Est. tempo de leitura":"3 minutos"},"schema":{"@context":"https:\/\/schema.org","@graph":[{"@type":"Article","@id":"https:\/\/www.notibras.com\/site\/maia-confronta-juiz-para-pagar-extra-a-deputados\/#article","isPartOf":{"@id":"https:\/\/www.notibras.com\/site\/maia-confronta-juiz-para-pagar-extra-a-deputados\/"},"author":{"name":"Reda\u00e7\u00e3o","@id":"https:\/\/www.notibras.com\/site\/#\/schema\/person\/36ab0979449956132d3e5b517ea76ac8"},"headline":"Maia confronta juiz para pagar extra a deputados","datePublished":"2019-02-16T15:21:16+00:00","dateModified":"2019-02-16T15:59:51+00:00","mainEntityOfPage":{"@id":"https:\/\/www.notibras.com\/site\/maia-confronta-juiz-para-pagar-extra-a-deputados\/"},"wordCount":630,"publisher":{"@id":"https:\/\/www.notibras.com\/site\/#organization"},"image":{"@id":"https:\/\/www.notibras.com\/site\/maia-confronta-juiz-para-pagar-extra-a-deputados\/#primaryimage"},"thumbnailUrl":"https:\/\/www.notibras.com\/site\/wp-content\/uploads\/2019\/02\/maia-marcelo-camargo-16.jpg","keywords":["capa"],"articleSection":["Brasil"],"inLanguage":"pt-BR"},{"@type":"WebPage","@id":"https:\/\/www.notibras.com\/site\/maia-confronta-juiz-para-pagar-extra-a-deputados\/","url":"https:\/\/www.notibras.com\/site\/maia-confronta-juiz-para-pagar-extra-a-deputados\/","name":"Maia confronta juiz para pagar extra a deputados - Notibras","isPartOf":{"@id":"https:\/\/www.notibras.com\/site\/#website"},"primaryImageOfPage":{"@id":"https:\/\/www.notibras.com\/site\/maia-confronta-juiz-para-pagar-extra-a-deputados\/#primaryimage"},"image":{"@id":"https:\/\/www.notibras.com\/site\/maia-confronta-juiz-para-pagar-extra-a-deputados\/#primaryimage"},"thumbnailUrl":"https:\/\/www.notibras.com\/site\/wp-content\/uploads\/2019\/02\/maia-marcelo-camargo-16.jpg","datePublished":"2019-02-16T15:21:16+00:00","dateModified":"2019-02-16T15:59:51+00:00","breadcrumb":{"@id":"https:\/\/www.notibras.com\/site\/maia-confronta-juiz-para-pagar-extra-a-deputados\/#breadcrumb"},"inLanguage":"pt-BR","potentialAction":[{"@type":"ReadAction","target":["https:\/\/www.notibras.com\/site\/maia-confronta-juiz-para-pagar-extra-a-deputados\/"]}]},{"@type":"ImageObject","inLanguage":"pt-BR","@id":"https:\/\/www.notibras.com\/site\/maia-confronta-juiz-para-pagar-extra-a-deputados\/#primaryimage","url":"https:\/\/www.notibras.com\/site\/wp-content\/uploads\/2019\/02\/maia-marcelo-camargo-16.jpg","contentUrl":"https:\/\/www.notibras.com\/site\/wp-content\/uploads\/2019\/02\/maia-marcelo-camargo-16.jpg","width":1140,"height":760,"caption":"Foto: Marcelo Camargo\/ABr"},{"@type":"BreadcrumbList","@id":"https:\/\/www.notibras.com\/site\/maia-confronta-juiz-para-pagar-extra-a-deputados\/#breadcrumb","itemListElement":[{"@type":"ListItem","position":1,"name":"In\u00edcio","item":"https:\/\/www.notibras.com\/site\/"},{"@type":"ListItem","position":2,"name":"Maia confronta juiz para pagar extra a deputados"}]},{"@type":"WebSite","@id":"https:\/\/www.notibras.com\/site\/#website","url":"https:\/\/www.notibras.com\/site\/","name":"Notibras","description":"Not\u00edcias de Bras\u00edlia, do Brasil e do Mundo","publisher":{"@id":"https:\/\/www.notibras.com\/site\/#organization"},"potentialAction":[{"@type":"SearchAction","target":{"@type":"EntryPoint","urlTemplate":"https:\/\/www.notibras.com\/site\/?s={search_term_string}"},"query-input":{"@type":"PropertyValueSpecification","valueRequired":true,"valueName":"search_term_string"}}],"inLanguage":"pt-BR"},{"@type":"Organization","@id":"https:\/\/www.notibras.com\/site\/#organization","name":"Grupo Notibras de Comunica\u00e7\u00e3o","url":"https:\/\/www.notibras.com\/site\/","logo":{"@type":"ImageObject","inLanguage":"pt-BR","@id":"https:\/\/www.notibras.com\/site\/#\/schema\/logo\/image\/","url":"https:\/\/www.notibras.com\/site\/wp-content\/uploads\/2023\/01\/notibras23.png","contentUrl":"https:\/\/www.notibras.com\/site\/wp-content\/uploads\/2023\/01\/notibras23.png","width":350,"height":87,"caption":"Grupo Notibras de Comunica\u00e7\u00e3o"},"image":{"@id":"https:\/\/www.notibras.com\/site\/#\/schema\/logo\/image\/"},"sameAs":["https:\/\/www.facebook.com\/notibras\/","https:\/\/x.com\/Notibras","https:\/\/www.instagram.com\/notibras\/"]},{"@type":"Person","@id":"https:\/\/www.notibras.com\/site\/#\/schema\/person\/36ab0979449956132d3e5b517ea76ac8","name":"Reda\u00e7\u00e3o","image":{"@type":"ImageObject","inLanguage":"pt-BR","@id":"https:\/\/secure.gravatar.com\/avatar\/e0a867bdedb85fd243eadf09663511f96fc81e0720a4a42581f334ad4303aa6b?s=96&d=mm&r=g","url":"https:\/\/secure.gravatar.com\/avatar\/e0a867bdedb85fd243eadf09663511f96fc81e0720a4a42581f334ad4303aa6b?s=96&d=mm&r=g","contentUrl":"https:\/\/secure.gravatar.com\/avatar\/e0a867bdedb85fd243eadf09663511f96fc81e0720a4a42581f334ad4303aa6b?s=96&d=mm&r=g","caption":"Reda\u00e7\u00e3o"}}]}},"amp_enabled":true,"_links":{"self":[{"href":"https:\/\/www.notibras.com\/site\/wp-json\/wp\/v2\/posts\/202650","targetHints":{"allow":["GET"]}}],"collection":[{"href":"https:\/\/www.notibras.com\/site\/wp-json\/wp\/v2\/posts"}],"about":[{"href":"https:\/\/www.notibras.com\/site\/wp-json\/wp\/v2\/types\/post"}],"author":[{"embeddable":true,"href":"https:\/\/www.notibras.com\/site\/wp-json\/wp\/v2\/users\/2"}],"replies":[{"embeddable":true,"href":"https:\/\/www.notibras.com\/site\/wp-json\/wp\/v2\/comments?post=202650"}],"version-history":[{"count":3,"href":"https:\/\/www.notibras.com\/site\/wp-json\/wp\/v2\/posts\/202650\/revisions"}],"predecessor-version":[{"id":202654,"href":"https:\/\/www.notibras.com\/site\/wp-json\/wp\/v2\/posts\/202650\/revisions\/202654"}],"wp:featuredmedia":[{"embeddable":true,"href":"https:\/\/www.notibras.com\/site\/wp-json\/wp\/v2\/media\/202651"}],"wp:attachment":[{"href":"https:\/\/www.notibras.com\/site\/wp-json\/wp\/v2\/media?parent=202650"}],"wp:term":[{"taxonomy":"category","embeddable":true,"href":"https:\/\/www.notibras.com\/site\/wp-json\/wp\/v2\/categories?post=202650"},{"taxonomy":"post_tag","embeddable":true,"href":"https:\/\/www.notibras.com\/site\/wp-json\/wp\/v2\/tags?post=202650"}],"curies":[{"name":"wp","href":"https:\/\/api.w.org\/{rel}","templated":true}]}}