{"id":20266,"date":"2014-08-20T23:11:43","date_gmt":"2014-08-21T02:11:43","guid":{"rendered":"http:\/\/www.notibras.com\/site\/?p=20266"},"modified":"2014-08-21T00:15:33","modified_gmt":"2014-08-21T03:15:33","slug":"torcida-empurra-e-flamengo-vira-contra-o-galo-no-maracana","status":"publish","type":"post","link":"https:\/\/www.notibras.com\/site\/torcida-empurra-e-flamengo-vira-contra-o-galo-no-maracana\/","title":{"rendered":"Torcida empurra e Flamengo vira contra o Galo no Maracan\u00e3"},"content":{"rendered":"<p>O Flamengo sofreu para vencer o Atl\u00e9tico-MG, mas bastou uma substitui\u00e7\u00e3o para o time mudar o jogo e conseguir a vit\u00f3ria no Est\u00e1dio do Maracan\u00e3. Brasileiro naturalizado croata, Eduardo Silva\u00a0saiu do banco, sofreu um p\u00eanalti (convertido por L\u00e9o Moura), fez um gol e assim\u00a0decidiu a vit\u00f3ria por 2 a 1, de virada.<\/p>\n<p>O resultado mant\u00e9m o embalo do Flamengo, que est\u00e1 em ascens\u00e3o desde a chegada do t\u00e9cnico Vanderlei Luxemburgo &#8211; tem tr\u00eas vit\u00f3rias consecutivas, est\u00e1 com 19 pontos, no 13\u00ba lugar do Campeonato Brasileiro. J\u00e1 o Atl\u00e9tico-MG, em 8\u00ba, ficou com 23 pontos\u00a0e perdeu contato com o G-4.<\/p>\n<p class=\"text\">No come\u00e7o o Atl\u00e9tico-MG n\u00e3o ligou para o fato de jogar fora de casa e abriu o placar com um belo gol de Maicosuel. Ele recebeu a bola na direita, arrancou na diagonal, passou como quis por Wallace e finalizou com sucesso.<\/p>\n<p class=\"text\">O Flamengo jogou com ra\u00e7a no resto do primeiro tempo, mas conseguiu assustar poucas vezes. Nas raras chances que surgiram, o goleiro Victor brilhou, como em chute perigosos de Luiz Ant\u00f4nio e Everton.<\/p>\n<blockquote>\n<p class=\"text\">No segundo tempo o Flamengo voltou ainda melhor, o que empolgou de vez a torcida no Maracan\u00e3. Mas o placar s\u00f3 come\u00e7ou a mudar quando Luxemburgo mexeu no time. Eduardo da Silva entrou no lugar de Arthur aos 16min e logo sofreu p\u00eanalti em lance com Pedro Botelho. L\u00e9o Moura cobrou mal, mas Victor aceitou.<\/p>\n<\/blockquote>\n<p class=\"text\">Tudo ficou igual no placar, mas o clima estava bem diferente. Empolgado, o Flamengo se atirou para cima de um Atl\u00e9tico-MG, que estava acuado. Ent\u00e3o n\u00e3o demorou para sair o segundo gol: aos 26min, ap\u00f3s bom cruzamento de Jo\u00e3o Paulo, novamente Eduardo da Silva apareceu bem e cabeceou forte. Victor espalmou, a bola bateu na trave e entrou.<\/p>\n<p class=\"text\">Mesmo abalado, o Atl\u00e9tico-MG ainda tentou se lan\u00e7ar ao ataque e at\u00e9 teve uma grande chance de gol. Mas o cabeceio de Andr\u00e9, aos 39min, parou na\u00a0m\u00e3o esquerda\u00a0de Paulo Victor.<\/p>\n","protected":false},"excerpt":{"rendered":"<p>O Flamengo sofreu para vencer o Atl\u00e9tico-MG, mas bastou uma substitui\u00e7\u00e3o para o time mudar o jogo e conseguir a vit\u00f3ria no Est\u00e1dio do Maracan\u00e3. Brasileiro naturalizado croata, Eduardo Silva\u00a0saiu do banco, sofreu um p\u00eanalti (convertido por L\u00e9o Moura), fez um gol e assim\u00a0decidiu a vit\u00f3ria por 2 a 1, de virada. O resultado mant\u00e9m [&hellip;]<\/p>\n","protected":false},"author":2,"featured_media":20267,"comment_status":"open","ping_status":"closed","sticky":false,"template":"","format":"standard","meta":{"_acf_changed":false,"footnotes":""},"categories":[19,29],"tags":[],"class_list":["post-20266","post","type-post","status-publish","format-standard","has-post-thumbnail","hentry","category-esportes","category-futebol"],"acf":[],"yoast_head":"<!-- This site is optimized with the Yoast SEO plugin v27.2 - https:\/\/yoast.com\/product\/yoast-seo-wordpress\/ -->\n<title>Torcida empurra e Flamengo vira contra o Galo no Maracan\u00e3 - Notibras<\/title>\n<meta name=\"robots\" content=\"index, follow, max-snippet:-1, max-image-preview:large, max-video-preview:-1\" \/>\n<link rel=\"canonical\" href=\"https:\/\/www.notibras.com\/site\/torcida-empurra-e-flamengo-vira-contra-o-galo-no-maracana\/\" \/>\n<meta property=\"og:locale\" content=\"pt_BR\" \/>\n<meta property=\"og:type\" content=\"article\" \/>\n<meta property=\"og:title\" content=\"Torcida empurra e Flamengo vira contra o Galo no Maracan\u00e3 - Notibras\" \/>\n<meta property=\"og:description\" content=\"O Flamengo sofreu para vencer o Atl\u00e9tico-MG, mas bastou uma substitui\u00e7\u00e3o para o time mudar o jogo e conseguir a vit\u00f3ria no Est\u00e1dio do Maracan\u00e3. Brasileiro naturalizado croata, Eduardo Silva\u00a0saiu do banco, sofreu um p\u00eanalti (convertido por L\u00e9o Moura), fez um gol e assim\u00a0decidiu a vit\u00f3ria por 2 a 1, de virada. O resultado mant\u00e9m [&hellip;]\" \/>\n<meta property=\"og:url\" content=\"https:\/\/www.notibras.com\/site\/torcida-empurra-e-flamengo-vira-contra-o-galo-no-maracana\/\" \/>\n<meta property=\"og:site_name\" content=\"Notibras\" \/>\n<meta property=\"article:publisher\" content=\"https:\/\/www.facebook.com\/notibras\/\" \/>\n<meta property=\"article:published_time\" content=\"2014-08-21T02:11:43+00:00\" \/>\n<meta property=\"article:modified_time\" content=\"2014-08-21T03:15:33+00:00\" \/>\n<meta property=\"og:image\" content=\"https:\/\/www.notibras.com\/site\/wp-content\/uploads\/2014\/08\/fu6.jpg\" \/>\n\t<meta property=\"og:image:width\" content=\"300\" \/>\n\t<meta property=\"og:image:height\" content=\"170\" \/>\n\t<meta property=\"og:image:type\" content=\"image\/jpeg\" \/>\n<meta name=\"author\" content=\"Reda\u00e7\u00e3o\" \/>\n<meta name=\"twitter:card\" content=\"summary_large_image\" \/>\n<meta name=\"twitter:creator\" content=\"@Notibras\" \/>\n<meta name=\"twitter:site\" content=\"@Notibras\" \/>\n<meta name=\"twitter:label1\" content=\"Escrito por\" \/>\n\t<meta name=\"twitter:data1\" content=\"Reda\u00e7\u00e3o\" \/>\n\t<meta name=\"twitter:label2\" content=\"Est. tempo de leitura\" \/>\n\t<meta name=\"twitter:data2\" content=\"2 minutos\" \/>\n<script type=\"application\/ld+json\" class=\"yoast-schema-graph\">{\"@context\":\"https:\/\/schema.org\",\"@graph\":[{\"@type\":\"Article\",\"@id\":\"https:\/\/www.notibras.com\/site\/torcida-empurra-e-flamengo-vira-contra-o-galo-no-maracana\/#article\",\"isPartOf\":{\"@id\":\"https:\/\/www.notibras.com\/site\/torcida-empurra-e-flamengo-vira-contra-o-galo-no-maracana\/\"},\"author\":{\"name\":\"Reda\u00e7\u00e3o\",\"@id\":\"https:\/\/www.notibras.com\/site\/#\/schema\/person\/36ab0979449956132d3e5b517ea76ac8\"},\"headline\":\"Torcida empurra e Flamengo vira contra o Galo no Maracan\u00e3\",\"datePublished\":\"2014-08-21T02:11:43+00:00\",\"dateModified\":\"2014-08-21T03:15:33+00:00\",\"mainEntityOfPage\":{\"@id\":\"https:\/\/www.notibras.com\/site\/torcida-empurra-e-flamengo-vira-contra-o-galo-no-maracana\/\"},\"wordCount\":355,\"commentCount\":0,\"publisher\":{\"@id\":\"https:\/\/www.notibras.com\/site\/#organization\"},\"image\":{\"@id\":\"https:\/\/www.notibras.com\/site\/torcida-empurra-e-flamengo-vira-contra-o-galo-no-maracana\/#primaryimage\"},\"thumbnailUrl\":\"https:\/\/www.notibras.com\/site\/wp-content\/uploads\/2014\/08\/fu6.jpg\",\"articleSection\":[\"Esportes\",\"Futebol\"],\"inLanguage\":\"pt-BR\",\"potentialAction\":[{\"@type\":\"CommentAction\",\"name\":\"Comment\",\"target\":[\"https:\/\/www.notibras.com\/site\/torcida-empurra-e-flamengo-vira-contra-o-galo-no-maracana\/#respond\"]}]},{\"@type\":\"WebPage\",\"@id\":\"https:\/\/www.notibras.com\/site\/torcida-empurra-e-flamengo-vira-contra-o-galo-no-maracana\/\",\"url\":\"https:\/\/www.notibras.com\/site\/torcida-empurra-e-flamengo-vira-contra-o-galo-no-maracana\/\",\"name\":\"Torcida empurra e Flamengo vira contra o Galo no Maracan\u00e3 - Notibras\",\"isPartOf\":{\"@id\":\"https:\/\/www.notibras.com\/site\/#website\"},\"primaryImageOfPage\":{\"@id\":\"https:\/\/www.notibras.com\/site\/torcida-empurra-e-flamengo-vira-contra-o-galo-no-maracana\/#primaryimage\"},\"image\":{\"@id\":\"https:\/\/www.notibras.com\/site\/torcida-empurra-e-flamengo-vira-contra-o-galo-no-maracana\/#primaryimage\"},\"thumbnailUrl\":\"https:\/\/www.notibras.com\/site\/wp-content\/uploads\/2014\/08\/fu6.jpg\",\"datePublished\":\"2014-08-21T02:11:43+00:00\",\"dateModified\":\"2014-08-21T03:15:33+00:00\",\"breadcrumb\":{\"@id\":\"https:\/\/www.notibras.com\/site\/torcida-empurra-e-flamengo-vira-contra-o-galo-no-maracana\/#breadcrumb\"},\"inLanguage\":\"pt-BR\",\"potentialAction\":[{\"@type\":\"ReadAction\",\"target\":[\"https:\/\/www.notibras.com\/site\/torcida-empurra-e-flamengo-vira-contra-o-galo-no-maracana\/\"]}]},{\"@type\":\"ImageObject\",\"inLanguage\":\"pt-BR\",\"@id\":\"https:\/\/www.notibras.com\/site\/torcida-empurra-e-flamengo-vira-contra-o-galo-no-maracana\/#primaryimage\",\"url\":\"https:\/\/www.notibras.com\/site\/wp-content\/uploads\/2014\/08\/fu6.jpg\",\"contentUrl\":\"https:\/\/www.notibras.com\/site\/wp-content\/uploads\/2014\/08\/fu6.jpg\",\"width\":300,\"height\":170},{\"@type\":\"BreadcrumbList\",\"@id\":\"https:\/\/www.notibras.com\/site\/torcida-empurra-e-flamengo-vira-contra-o-galo-no-maracana\/#breadcrumb\",\"itemListElement\":[{\"@type\":\"ListItem\",\"position\":1,\"name\":\"In\u00edcio\",\"item\":\"https:\/\/www.notibras.com\/site\/\"},{\"@type\":\"ListItem\",\"position\":2,\"name\":\"Torcida empurra e Flamengo vira contra o Galo no Maracan\u00e3\"}]},{\"@type\":\"WebSite\",\"@id\":\"https:\/\/www.notibras.com\/site\/#website\",\"url\":\"https:\/\/www.notibras.com\/site\/\",\"name\":\"Notibras\",\"description\":\"Not\u00edcias de Bras\u00edlia, do Brasil e do Mundo\",\"publisher\":{\"@id\":\"https:\/\/www.notibras.com\/site\/#organization\"},\"potentialAction\":[{\"@type\":\"SearchAction\",\"target\":{\"@type\":\"EntryPoint\",\"urlTemplate\":\"https:\/\/www.notibras.com\/site\/?s={search_term_string}\"},\"query-input\":{\"@type\":\"PropertyValueSpecification\",\"valueRequired\":true,\"valueName\":\"search_term_string\"}}],\"inLanguage\":\"pt-BR\"},{\"@type\":\"Organization\",\"@id\":\"https:\/\/www.notibras.com\/site\/#organization\",\"name\":\"Grupo Notibras de Comunica\u00e7\u00e3o\",\"url\":\"https:\/\/www.notibras.com\/site\/\",\"logo\":{\"@type\":\"ImageObject\",\"inLanguage\":\"pt-BR\",\"@id\":\"https:\/\/www.notibras.com\/site\/#\/schema\/logo\/image\/\",\"url\":\"https:\/\/www.notibras.com\/site\/wp-content\/uploads\/2023\/01\/notibras23.png\",\"contentUrl\":\"https:\/\/www.notibras.com\/site\/wp-content\/uploads\/2023\/01\/notibras23.png\",\"width\":350,\"height\":87,\"caption\":\"Grupo Notibras de Comunica\u00e7\u00e3o\"},\"image\":{\"@id\":\"https:\/\/www.notibras.com\/site\/#\/schema\/logo\/image\/\"},\"sameAs\":[\"https:\/\/www.facebook.com\/notibras\/\",\"https:\/\/x.com\/Notibras\",\"https:\/\/www.instagram.com\/notibras\/\"]},{\"@type\":\"Person\",\"@id\":\"https:\/\/www.notibras.com\/site\/#\/schema\/person\/36ab0979449956132d3e5b517ea76ac8\",\"name\":\"Reda\u00e7\u00e3o\",\"image\":{\"@type\":\"ImageObject\",\"inLanguage\":\"pt-BR\",\"@id\":\"https:\/\/secure.gravatar.com\/avatar\/e0a867bdedb85fd243eadf09663511f96fc81e0720a4a42581f334ad4303aa6b?s=96&d=mm&r=g\",\"url\":\"https:\/\/secure.gravatar.com\/avatar\/e0a867bdedb85fd243eadf09663511f96fc81e0720a4a42581f334ad4303aa6b?s=96&d=mm&r=g\",\"contentUrl\":\"https:\/\/secure.gravatar.com\/avatar\/e0a867bdedb85fd243eadf09663511f96fc81e0720a4a42581f334ad4303aa6b?s=96&d=mm&r=g\",\"caption\":\"Reda\u00e7\u00e3o\"}}]}<\/script>\n<!-- \/ Yoast SEO plugin. -->","yoast_head_json":{"title":"Torcida empurra e Flamengo vira contra o Galo no Maracan\u00e3 - Notibras","robots":{"index":"index","follow":"follow","max-snippet":"max-snippet:-1","max-image-preview":"max-image-preview:large","max-video-preview":"max-video-preview:-1"},"canonical":"https:\/\/www.notibras.com\/site\/torcida-empurra-e-flamengo-vira-contra-o-galo-no-maracana\/","og_locale":"pt_BR","og_type":"article","og_title":"Torcida empurra e Flamengo vira contra o Galo no Maracan\u00e3 - Notibras","og_description":"O Flamengo sofreu para vencer o Atl\u00e9tico-MG, mas bastou uma substitui\u00e7\u00e3o para o time mudar o jogo e conseguir a vit\u00f3ria no Est\u00e1dio do Maracan\u00e3. Brasileiro naturalizado croata, Eduardo Silva\u00a0saiu do banco, sofreu um p\u00eanalti (convertido por L\u00e9o Moura), fez um gol e assim\u00a0decidiu a vit\u00f3ria por 2 a 1, de virada. O resultado mant\u00e9m [&hellip;]","og_url":"https:\/\/www.notibras.com\/site\/torcida-empurra-e-flamengo-vira-contra-o-galo-no-maracana\/","og_site_name":"Notibras","article_publisher":"https:\/\/www.facebook.com\/notibras\/","article_published_time":"2014-08-21T02:11:43+00:00","article_modified_time":"2014-08-21T03:15:33+00:00","og_image":[{"width":300,"height":170,"url":"https:\/\/www.notibras.com\/site\/wp-content\/uploads\/2014\/08\/fu6.jpg","type":"image\/jpeg"}],"author":"Reda\u00e7\u00e3o","twitter_card":"summary_large_image","twitter_creator":"@Notibras","twitter_site":"@Notibras","twitter_misc":{"Escrito por":"Reda\u00e7\u00e3o","Est. tempo de leitura":"2 minutos"},"schema":{"@context":"https:\/\/schema.org","@graph":[{"@type":"Article","@id":"https:\/\/www.notibras.com\/site\/torcida-empurra-e-flamengo-vira-contra-o-galo-no-maracana\/#article","isPartOf":{"@id":"https:\/\/www.notibras.com\/site\/torcida-empurra-e-flamengo-vira-contra-o-galo-no-maracana\/"},"author":{"name":"Reda\u00e7\u00e3o","@id":"https:\/\/www.notibras.com\/site\/#\/schema\/person\/36ab0979449956132d3e5b517ea76ac8"},"headline":"Torcida empurra e Flamengo vira contra o Galo no Maracan\u00e3","datePublished":"2014-08-21T02:11:43+00:00","dateModified":"2014-08-21T03:15:33+00:00","mainEntityOfPage":{"@id":"https:\/\/www.notibras.com\/site\/torcida-empurra-e-flamengo-vira-contra-o-galo-no-maracana\/"},"wordCount":355,"commentCount":0,"publisher":{"@id":"https:\/\/www.notibras.com\/site\/#organization"},"image":{"@id":"https:\/\/www.notibras.com\/site\/torcida-empurra-e-flamengo-vira-contra-o-galo-no-maracana\/#primaryimage"},"thumbnailUrl":"https:\/\/www.notibras.com\/site\/wp-content\/uploads\/2014\/08\/fu6.jpg","articleSection":["Esportes","Futebol"],"inLanguage":"pt-BR","potentialAction":[{"@type":"CommentAction","name":"Comment","target":["https:\/\/www.notibras.com\/site\/torcida-empurra-e-flamengo-vira-contra-o-galo-no-maracana\/#respond"]}]},{"@type":"WebPage","@id":"https:\/\/www.notibras.com\/site\/torcida-empurra-e-flamengo-vira-contra-o-galo-no-maracana\/","url":"https:\/\/www.notibras.com\/site\/torcida-empurra-e-flamengo-vira-contra-o-galo-no-maracana\/","name":"Torcida empurra e Flamengo vira contra o Galo no Maracan\u00e3 - Notibras","isPartOf":{"@id":"https:\/\/www.notibras.com\/site\/#website"},"primaryImageOfPage":{"@id":"https:\/\/www.notibras.com\/site\/torcida-empurra-e-flamengo-vira-contra-o-galo-no-maracana\/#primaryimage"},"image":{"@id":"https:\/\/www.notibras.com\/site\/torcida-empurra-e-flamengo-vira-contra-o-galo-no-maracana\/#primaryimage"},"thumbnailUrl":"https:\/\/www.notibras.com\/site\/wp-content\/uploads\/2014\/08\/fu6.jpg","datePublished":"2014-08-21T02:11:43+00:00","dateModified":"2014-08-21T03:15:33+00:00","breadcrumb":{"@id":"https:\/\/www.notibras.com\/site\/torcida-empurra-e-flamengo-vira-contra-o-galo-no-maracana\/#breadcrumb"},"inLanguage":"pt-BR","potentialAction":[{"@type":"ReadAction","target":["https:\/\/www.notibras.com\/site\/torcida-empurra-e-flamengo-vira-contra-o-galo-no-maracana\/"]}]},{"@type":"ImageObject","inLanguage":"pt-BR","@id":"https:\/\/www.notibras.com\/site\/torcida-empurra-e-flamengo-vira-contra-o-galo-no-maracana\/#primaryimage","url":"https:\/\/www.notibras.com\/site\/wp-content\/uploads\/2014\/08\/fu6.jpg","contentUrl":"https:\/\/www.notibras.com\/site\/wp-content\/uploads\/2014\/08\/fu6.jpg","width":300,"height":170},{"@type":"BreadcrumbList","@id":"https:\/\/www.notibras.com\/site\/torcida-empurra-e-flamengo-vira-contra-o-galo-no-maracana\/#breadcrumb","itemListElement":[{"@type":"ListItem","position":1,"name":"In\u00edcio","item":"https:\/\/www.notibras.com\/site\/"},{"@type":"ListItem","position":2,"name":"Torcida empurra e Flamengo vira contra o Galo no Maracan\u00e3"}]},{"@type":"WebSite","@id":"https:\/\/www.notibras.com\/site\/#website","url":"https:\/\/www.notibras.com\/site\/","name":"Notibras","description":"Not\u00edcias de Bras\u00edlia, do Brasil e do Mundo","publisher":{"@id":"https:\/\/www.notibras.com\/site\/#organization"},"potentialAction":[{"@type":"SearchAction","target":{"@type":"EntryPoint","urlTemplate":"https:\/\/www.notibras.com\/site\/?s={search_term_string}"},"query-input":{"@type":"PropertyValueSpecification","valueRequired":true,"valueName":"search_term_string"}}],"inLanguage":"pt-BR"},{"@type":"Organization","@id":"https:\/\/www.notibras.com\/site\/#organization","name":"Grupo Notibras de Comunica\u00e7\u00e3o","url":"https:\/\/www.notibras.com\/site\/","logo":{"@type":"ImageObject","inLanguage":"pt-BR","@id":"https:\/\/www.notibras.com\/site\/#\/schema\/logo\/image\/","url":"https:\/\/www.notibras.com\/site\/wp-content\/uploads\/2023\/01\/notibras23.png","contentUrl":"https:\/\/www.notibras.com\/site\/wp-content\/uploads\/2023\/01\/notibras23.png","width":350,"height":87,"caption":"Grupo Notibras de Comunica\u00e7\u00e3o"},"image":{"@id":"https:\/\/www.notibras.com\/site\/#\/schema\/logo\/image\/"},"sameAs":["https:\/\/www.facebook.com\/notibras\/","https:\/\/x.com\/Notibras","https:\/\/www.instagram.com\/notibras\/"]},{"@type":"Person","@id":"https:\/\/www.notibras.com\/site\/#\/schema\/person\/36ab0979449956132d3e5b517ea76ac8","name":"Reda\u00e7\u00e3o","image":{"@type":"ImageObject","inLanguage":"pt-BR","@id":"https:\/\/secure.gravatar.com\/avatar\/e0a867bdedb85fd243eadf09663511f96fc81e0720a4a42581f334ad4303aa6b?s=96&d=mm&r=g","url":"https:\/\/secure.gravatar.com\/avatar\/e0a867bdedb85fd243eadf09663511f96fc81e0720a4a42581f334ad4303aa6b?s=96&d=mm&r=g","contentUrl":"https:\/\/secure.gravatar.com\/avatar\/e0a867bdedb85fd243eadf09663511f96fc81e0720a4a42581f334ad4303aa6b?s=96&d=mm&r=g","caption":"Reda\u00e7\u00e3o"}}]}},"amp_enabled":true,"_links":{"self":[{"href":"https:\/\/www.notibras.com\/site\/wp-json\/wp\/v2\/posts\/20266","targetHints":{"allow":["GET"]}}],"collection":[{"href":"https:\/\/www.notibras.com\/site\/wp-json\/wp\/v2\/posts"}],"about":[{"href":"https:\/\/www.notibras.com\/site\/wp-json\/wp\/v2\/types\/post"}],"author":[{"embeddable":true,"href":"https:\/\/www.notibras.com\/site\/wp-json\/wp\/v2\/users\/2"}],"replies":[{"embeddable":true,"href":"https:\/\/www.notibras.com\/site\/wp-json\/wp\/v2\/comments?post=20266"}],"version-history":[{"count":0,"href":"https:\/\/www.notibras.com\/site\/wp-json\/wp\/v2\/posts\/20266\/revisions"}],"wp:featuredmedia":[{"embeddable":true,"href":"https:\/\/www.notibras.com\/site\/wp-json\/wp\/v2\/media\/20267"}],"wp:attachment":[{"href":"https:\/\/www.notibras.com\/site\/wp-json\/wp\/v2\/media?parent=20266"}],"wp:term":[{"taxonomy":"category","embeddable":true,"href":"https:\/\/www.notibras.com\/site\/wp-json\/wp\/v2\/categories?post=20266"},{"taxonomy":"post_tag","embeddable":true,"href":"https:\/\/www.notibras.com\/site\/wp-json\/wp\/v2\/tags?post=20266"}],"curies":[{"name":"wp","href":"https:\/\/api.w.org\/{rel}","templated":true}]}}