{"id":202712,"date":"2019-02-17T10:00:56","date_gmt":"2019-02-17T13:00:56","guid":{"rendered":"https:\/\/www.notibras.com\/site\/?p=202712"},"modified":"2019-02-17T10:07:45","modified_gmt":"2019-02-17T13:07:45","slug":"cla-bolsonaro-avalia-deixar-psl-e-embarcar-na-udn-que-vem-ai","status":"publish","type":"post","link":"https:\/\/www.notibras.com\/site\/cla-bolsonaro-avalia-deixar-psl-e-embarcar-na-udn-que-vem-ai\/","title":{"rendered":"Cl\u00e3 Bolsonaro avalia deixar PSL e embarcar na UDN que vem a\u00ed"},"content":{"rendered":"<p>Com o PSL em crise e sob suspeita de desviar verba p\u00fablica por meio de candidaturas \u201claranjas\u201d nas elei\u00e7\u00f5es de 2018, os filhos do presidente Jair Bolsonaro (PSL) negociam migrar para um novo partido, que est\u00e1 em fase final de cria\u00e7\u00e3o. Trata-se da reedi\u00e7\u00e3o da antiga UDN (Uni\u00e3o Democr\u00e1tica Nacional).<\/p>\n<p>Segundo tr\u00eas fontes ouvidas pela reportagem em car\u00e1ter reservado, o deputado federal Eduardo Bolsonaro (PSL-SP) se reuniu na semana passada em Bras\u00edlia com dirigentes da sigla para tratar do assunto. Ele tem urg\u00eancia em levar adiante o projeto. Eleito com 1,8 milh\u00e3o de votos, Eduardo teria o apoio de seu irm\u00e3o, o vereador Carlos Bolsonaro (PSC-RJ). Com esse movimento, a fam\u00edlia Bolsonaro buscaria preservar seu capital eleitoral diante do desgaste do partido.<\/p>\n<p>Enquanto ainda estava internado no hospital Albert Einstein, em S\u00e3o Paulo, Jair Bolsonaro acionou o ministro da Justi\u00e7a e Seguran\u00e7a P\u00fablica, S\u00e9rgio Moro, para que determinasse investiga\u00e7\u00f5es sobre o caso.<\/p>\n<p>As suspeitas atingiram o presidente da legenda, deputado federal Luciano Bivar (PSL-PE), e foram pano de fundo da crise envolvendo o ministro-chefe da Secretaria-Geral da Presid\u00eancia da Rep\u00fablica, Gustavo Bebianno, que foi chamado de mentiroso por Carlos Bolsonaro depois de afirmar que tratara com o pai sobre o tema. Ap\u00f3s cinco dias de crise, Bebianno deve ser exonerado do cargo nesta segunda-feira, 18, por Bolsonaro.<\/p>\n<p>Al\u00e9m de afastar a fam\u00edlia dos problemas do PSL, a nova sigla realizaria o projeto pol\u00edtico de aglutinar lideran\u00e7as da direita nacional identificadas com o liberalismo econ\u00f4mico e com a pauta nacionalista e conservadora, defendida pelo cl\u00e3 Bolsonaro.<\/p>\n<p>No come\u00e7o do m\u00eas, Eduardo foi ungido por Steve Bannon, ex-assessor do presidente americano Donald Trump, como o representante na Am\u00e9rica do Sul do The Movement, grupo que re\u00fane lideran\u00e7as nacionalistas antiglobaliza\u00e7\u00e3o.<\/p>\n<p>O projeto do novo partido \u00e9 tratado com discri\u00e7\u00e3o no entorno do presidente. Em 2018, a UDN foi um dos partidos \u2013 embora ainda em forma\u00e7\u00e3o e sem registro no Tribunal Superior Eleitoral (TSE) \u2013 sondados por interlocutores do presidente para que ele disputasse a elei\u00e7\u00e3o, mas a articula\u00e7\u00e3o n\u00e3o avan\u00e7ou. Depois de anunciar a ades\u00e3o ao Patriota, Jair Bolsonaro acabou escolhendo o PSL.<\/p>\n<p><strong>Assinaturas<\/strong> &#8211; A nova UDN \u00e9 um dos 75 partidos em fase de cria\u00e7\u00e3o, conforme o TSE. Segundo seu dirigente, o capixaba Marcus Alves de Souza, apoiadores j\u00e1 reuniram 380 mil assinaturas \u2013 s\u00e3o necess\u00e1rias 497 mil para a homologa\u00e7\u00e3o da legenda. O partido j\u00e1 tem CNPJ e diret\u00f3rios em nove Estados, como exige a legisla\u00e7\u00e3o eleitoral para a homologa\u00e7\u00e3o.<\/p>\n<p>A sigla tem em Bras\u00edlia um de seus principais articuladores, o advogado Marco Vicenzo, que lidera o Movimento Direita Unida e coordena contatos com parlamentares interessados em aderir ao novo partido. A articula\u00e7\u00e3o envolveria ainda o senador Major Ol\u00edmpio (PSL-SP), que nega.<\/p>\n<p>Souza prefere n\u00e3o comentar as tratativas do partido que est\u00e3o em curso. Ele, por\u00e9m, admitiu que a inten\u00e7\u00e3o \u00e9 criar o maior partido de direita do Pa\u00eds. Como se trata de uma sigla nova, a legisla\u00e7\u00e3o permite a migra\u00e7\u00e3o de pol\u00edticos sem que eles corram o risco de perder seus mandatos. \u201cO \u00fanico partido que tem o DNA da direita \u00e9 a UDN. A gente n\u00e3o pode ter medo de crescer, mas com responsabilidade\u201d, afirmou.<\/p>\n<p>Souza deixou o Esp\u00edrito Santo, onde atuou na Secretaria da Casa Civil do ex-governador Paulo Hartung, e mudou-se para S\u00e3o Paulo para concluir a cria\u00e7\u00e3o da nova UDN, que adotou o mesmo mote de sua vers\u00e3o antiga: \u201cO pre\u00e7o da liberdade \u00e9 a eterna vigil\u00e2ncia\u201d.<\/p>\n<p>\u201cNosso sonho \u00e9 que a UDN renas\u00e7a grande e se torne o maior partido do Congresso\u201d, afirmou seu presidente. Ele disse ainda que a legenda pretende apoiar o governo Bolsonaro e est\u00e1 aberta \u201cpara receber pessoas s\u00e9rias do PSL e de qualquer partido\u201d.<\/p>\n<p><strong>Pal\u00e1cio<\/strong> &#8211; Procurada, a assessoria do Pal\u00e1cio do Planalto informou que n\u00e3o ia se manifestar sobre o assunto. A reportagem procurou ainda as assessorias do senador Fl\u00e1vio Bolsonaro (PSL-RJ), do deputado Eduardo Bolsonaro e do vereador Carlos Bolsonaro, mas nenhuma delas se manifestou.<\/p>\n<p>Bivar, presidente da legenda, tamb\u00e9m foi procurado, mas n\u00e3o respondeu.<\/p>\n<p><strong>Apelo popular<\/strong> &#8211; Em processo de homologa\u00e7\u00e3o no Tribunal Superior Eleitoral (TSE), a UDN, sigla que pode abrigar o cl\u00e3 Bolsonaro, foi inspirada no partido que nasceu em 1945 para aglutinar as for\u00e7as que se opunham \u00e0 ditadura de Get\u00falio Vargas.<\/p>\n<p>Com o discurso de moraliza\u00e7\u00e3o da pol\u00edtica e contra corrup\u00e7\u00e3o, a frente unia originalmente desde a Esquerda Democr\u00e1tica \u2013 que romperia um ano depois com a sigla e fundaria o Partido Socialista Brasileiro \u2013 a antigos aliados de Vargas, como o general Juarez T\u00e1vora e o ex-governador ga\u00facho Flores da Cunha, rompidos com o ditador.<\/p>\n<p>Em 1960, o partido apoiou a elei\u00e7\u00e3o de J\u00e2nio Quadros, eleito presidente, e, em 1964 , a deposi\u00e7\u00e3o do governo de Jo\u00e3o Goulart. \u201cO PSL \u00e9 um partido de aluguel, j\u00e1 a UDN tem um apelo hist\u00f3rico e popular. Os Bolsonaros podem usar isso\u201d, disse o historiado Daniel Aar\u00e3o Reis, professor da Universidade Federal Fluminense (UFF).<\/p>\n<p><strong>L\u00edderes<\/strong> &#8211; Ele lembra que a antiga UDN, embora \u201cmuito ideologizada\u201d, tinha um perfil heterog\u00eaneo. O mesmo pode acontecer com a nova vers\u00e3o do partido.<\/p>\n<p>Enquanto a vers\u00e3o original da UDN tinha l\u00edderes como o brigadeiro Eduardo Gomes, o jurista Afonso Arinos e os ex-governadores Carlos Lacerda (Guanabara), Juracy Magalh\u00e3es (Bahia) e Magalh\u00e3es Pinto (Minas), a nova legenda tem potencial para atrair lideran\u00e7as do DEM ao PSDB, passando pelo MBL.<\/p>\n","protected":false},"excerpt":{"rendered":"<p>Com o PSL em crise e sob suspeita de desviar verba p\u00fablica por meio de candidaturas \u201claranjas\u201d nas elei\u00e7\u00f5es de 2018, os filhos do presidente Jair Bolsonaro (PSL) negociam migrar para um novo partido, que est\u00e1 em fase final de cria\u00e7\u00e3o. Trata-se da reedi\u00e7\u00e3o da antiga UDN (Uni\u00e3o Democr\u00e1tica Nacional). Segundo tr\u00eas fontes ouvidas pela [&hellip;]<\/p>\n","protected":false},"author":2,"featured_media":202713,"comment_status":"closed","ping_status":"closed","sticky":false,"template":"","format":"standard","meta":{"_acf_changed":false,"footnotes":""},"categories":[16],"tags":[95],"class_list":["post-202712","post","type-post","status-publish","format-standard","has-post-thumbnail","hentry","category-brasil","tag-capa"],"acf":[],"yoast_head":"<!-- This site is optimized with the Yoast SEO plugin v27.2 - https:\/\/yoast.com\/product\/yoast-seo-wordpress\/ -->\n<title>Cl\u00e3 Bolsonaro avalia deixar PSL e embarcar na UDN que vem a\u00ed - Notibras<\/title>\n<meta name=\"robots\" content=\"index, follow, max-snippet:-1, max-image-preview:large, max-video-preview:-1\" \/>\n<link rel=\"canonical\" href=\"https:\/\/www.notibras.com\/site\/cla-bolsonaro-avalia-deixar-psl-e-embarcar-na-udn-que-vem-ai\/\" \/>\n<meta property=\"og:locale\" content=\"pt_BR\" \/>\n<meta property=\"og:type\" content=\"article\" \/>\n<meta property=\"og:title\" content=\"Cl\u00e3 Bolsonaro avalia deixar PSL e embarcar na UDN que vem a\u00ed - Notibras\" \/>\n<meta property=\"og:description\" content=\"Com o PSL em crise e sob suspeita de desviar verba p\u00fablica por meio de candidaturas \u201claranjas\u201d nas elei\u00e7\u00f5es de 2018, os filhos do presidente Jair Bolsonaro (PSL) negociam migrar para um novo partido, que est\u00e1 em fase final de cria\u00e7\u00e3o. Trata-se da reedi\u00e7\u00e3o da antiga UDN (Uni\u00e3o Democr\u00e1tica Nacional). Segundo tr\u00eas fontes ouvidas pela [&hellip;]\" \/>\n<meta property=\"og:url\" content=\"https:\/\/www.notibras.com\/site\/cla-bolsonaro-avalia-deixar-psl-e-embarcar-na-udn-que-vem-ai\/\" \/>\n<meta property=\"og:site_name\" content=\"Notibras\" \/>\n<meta property=\"article:publisher\" content=\"https:\/\/www.facebook.com\/notibras\/\" \/>\n<meta property=\"article:published_time\" content=\"2019-02-17T13:00:56+00:00\" \/>\n<meta property=\"article:modified_time\" content=\"2019-02-17T13:07:45+00:00\" \/>\n<meta property=\"og:image\" content=\"https:\/\/www.notibras.com\/site\/wp-content\/uploads\/2019\/02\/cl\u00e3-bolsonaro.jpg\" \/>\n\t<meta property=\"og:image:width\" content=\"1024\" \/>\n\t<meta property=\"og:image:height\" content=\"576\" \/>\n\t<meta property=\"og:image:type\" content=\"image\/jpeg\" \/>\n<meta name=\"author\" content=\"Reda\u00e7\u00e3o\" \/>\n<meta name=\"twitter:card\" content=\"summary_large_image\" \/>\n<meta name=\"twitter:creator\" content=\"@Notibras\" \/>\n<meta name=\"twitter:site\" content=\"@Notibras\" \/>\n<meta name=\"twitter:label1\" content=\"Escrito por\" \/>\n\t<meta name=\"twitter:data1\" content=\"Reda\u00e7\u00e3o\" \/>\n\t<meta name=\"twitter:label2\" content=\"Est. tempo de leitura\" \/>\n\t<meta name=\"twitter:data2\" content=\"5 minutos\" \/>\n<script type=\"application\/ld+json\" class=\"yoast-schema-graph\">{\"@context\":\"https:\/\/schema.org\",\"@graph\":[{\"@type\":\"Article\",\"@id\":\"https:\/\/www.notibras.com\/site\/cla-bolsonaro-avalia-deixar-psl-e-embarcar-na-udn-que-vem-ai\/#article\",\"isPartOf\":{\"@id\":\"https:\/\/www.notibras.com\/site\/cla-bolsonaro-avalia-deixar-psl-e-embarcar-na-udn-que-vem-ai\/\"},\"author\":{\"name\":\"Reda\u00e7\u00e3o\",\"@id\":\"https:\/\/www.notibras.com\/site\/#\/schema\/person\/36ab0979449956132d3e5b517ea76ac8\"},\"headline\":\"Cl\u00e3 Bolsonaro avalia deixar PSL e embarcar na UDN que vem a\u00ed\",\"datePublished\":\"2019-02-17T13:00:56+00:00\",\"dateModified\":\"2019-02-17T13:07:45+00:00\",\"mainEntityOfPage\":{\"@id\":\"https:\/\/www.notibras.com\/site\/cla-bolsonaro-avalia-deixar-psl-e-embarcar-na-udn-que-vem-ai\/\"},\"wordCount\":975,\"publisher\":{\"@id\":\"https:\/\/www.notibras.com\/site\/#organization\"},\"image\":{\"@id\":\"https:\/\/www.notibras.com\/site\/cla-bolsonaro-avalia-deixar-psl-e-embarcar-na-udn-que-vem-ai\/#primaryimage\"},\"thumbnailUrl\":\"https:\/\/www.notibras.com\/site\/wp-content\/uploads\/2019\/02\/cl\u00e3-bolsonaro.jpg\",\"keywords\":[\"capa\"],\"articleSection\":[\"Brasil\"],\"inLanguage\":\"pt-BR\"},{\"@type\":\"WebPage\",\"@id\":\"https:\/\/www.notibras.com\/site\/cla-bolsonaro-avalia-deixar-psl-e-embarcar-na-udn-que-vem-ai\/\",\"url\":\"https:\/\/www.notibras.com\/site\/cla-bolsonaro-avalia-deixar-psl-e-embarcar-na-udn-que-vem-ai\/\",\"name\":\"Cl\u00e3 Bolsonaro avalia deixar PSL e embarcar na UDN que vem a\u00ed - Notibras\",\"isPartOf\":{\"@id\":\"https:\/\/www.notibras.com\/site\/#website\"},\"primaryImageOfPage\":{\"@id\":\"https:\/\/www.notibras.com\/site\/cla-bolsonaro-avalia-deixar-psl-e-embarcar-na-udn-que-vem-ai\/#primaryimage\"},\"image\":{\"@id\":\"https:\/\/www.notibras.com\/site\/cla-bolsonaro-avalia-deixar-psl-e-embarcar-na-udn-que-vem-ai\/#primaryimage\"},\"thumbnailUrl\":\"https:\/\/www.notibras.com\/site\/wp-content\/uploads\/2019\/02\/cl\u00e3-bolsonaro.jpg\",\"datePublished\":\"2019-02-17T13:00:56+00:00\",\"dateModified\":\"2019-02-17T13:07:45+00:00\",\"breadcrumb\":{\"@id\":\"https:\/\/www.notibras.com\/site\/cla-bolsonaro-avalia-deixar-psl-e-embarcar-na-udn-que-vem-ai\/#breadcrumb\"},\"inLanguage\":\"pt-BR\",\"potentialAction\":[{\"@type\":\"ReadAction\",\"target\":[\"https:\/\/www.notibras.com\/site\/cla-bolsonaro-avalia-deixar-psl-e-embarcar-na-udn-que-vem-ai\/\"]}]},{\"@type\":\"ImageObject\",\"inLanguage\":\"pt-BR\",\"@id\":\"https:\/\/www.notibras.com\/site\/cla-bolsonaro-avalia-deixar-psl-e-embarcar-na-udn-que-vem-ai\/#primaryimage\",\"url\":\"https:\/\/www.notibras.com\/site\/wp-content\/uploads\/2019\/02\/cl\u00e3-bolsonaro.jpg\",\"contentUrl\":\"https:\/\/www.notibras.com\/site\/wp-content\/uploads\/2019\/02\/cl\u00e3-bolsonaro.jpg\",\"width\":1024,\"height\":576},{\"@type\":\"BreadcrumbList\",\"@id\":\"https:\/\/www.notibras.com\/site\/cla-bolsonaro-avalia-deixar-psl-e-embarcar-na-udn-que-vem-ai\/#breadcrumb\",\"itemListElement\":[{\"@type\":\"ListItem\",\"position\":1,\"name\":\"In\u00edcio\",\"item\":\"https:\/\/www.notibras.com\/site\/\"},{\"@type\":\"ListItem\",\"position\":2,\"name\":\"Cl\u00e3 Bolsonaro avalia deixar PSL e embarcar na UDN que vem a\u00ed\"}]},{\"@type\":\"WebSite\",\"@id\":\"https:\/\/www.notibras.com\/site\/#website\",\"url\":\"https:\/\/www.notibras.com\/site\/\",\"name\":\"Notibras\",\"description\":\"Not\u00edcias de Bras\u00edlia, do Brasil e do Mundo\",\"publisher\":{\"@id\":\"https:\/\/www.notibras.com\/site\/#organization\"},\"potentialAction\":[{\"@type\":\"SearchAction\",\"target\":{\"@type\":\"EntryPoint\",\"urlTemplate\":\"https:\/\/www.notibras.com\/site\/?s={search_term_string}\"},\"query-input\":{\"@type\":\"PropertyValueSpecification\",\"valueRequired\":true,\"valueName\":\"search_term_string\"}}],\"inLanguage\":\"pt-BR\"},{\"@type\":\"Organization\",\"@id\":\"https:\/\/www.notibras.com\/site\/#organization\",\"name\":\"Grupo Notibras de Comunica\u00e7\u00e3o\",\"url\":\"https:\/\/www.notibras.com\/site\/\",\"logo\":{\"@type\":\"ImageObject\",\"inLanguage\":\"pt-BR\",\"@id\":\"https:\/\/www.notibras.com\/site\/#\/schema\/logo\/image\/\",\"url\":\"https:\/\/www.notibras.com\/site\/wp-content\/uploads\/2023\/01\/notibras23.png\",\"contentUrl\":\"https:\/\/www.notibras.com\/site\/wp-content\/uploads\/2023\/01\/notibras23.png\",\"width\":350,\"height\":87,\"caption\":\"Grupo Notibras de Comunica\u00e7\u00e3o\"},\"image\":{\"@id\":\"https:\/\/www.notibras.com\/site\/#\/schema\/logo\/image\/\"},\"sameAs\":[\"https:\/\/www.facebook.com\/notibras\/\",\"https:\/\/x.com\/Notibras\",\"https:\/\/www.instagram.com\/notibras\/\"]},{\"@type\":\"Person\",\"@id\":\"https:\/\/www.notibras.com\/site\/#\/schema\/person\/36ab0979449956132d3e5b517ea76ac8\",\"name\":\"Reda\u00e7\u00e3o\",\"image\":{\"@type\":\"ImageObject\",\"inLanguage\":\"pt-BR\",\"@id\":\"https:\/\/secure.gravatar.com\/avatar\/e0a867bdedb85fd243eadf09663511f96fc81e0720a4a42581f334ad4303aa6b?s=96&d=mm&r=g\",\"url\":\"https:\/\/secure.gravatar.com\/avatar\/e0a867bdedb85fd243eadf09663511f96fc81e0720a4a42581f334ad4303aa6b?s=96&d=mm&r=g\",\"contentUrl\":\"https:\/\/secure.gravatar.com\/avatar\/e0a867bdedb85fd243eadf09663511f96fc81e0720a4a42581f334ad4303aa6b?s=96&d=mm&r=g\",\"caption\":\"Reda\u00e7\u00e3o\"}}]}<\/script>\n<!-- \/ Yoast SEO plugin. -->","yoast_head_json":{"title":"Cl\u00e3 Bolsonaro avalia deixar PSL e embarcar na UDN que vem a\u00ed - Notibras","robots":{"index":"index","follow":"follow","max-snippet":"max-snippet:-1","max-image-preview":"max-image-preview:large","max-video-preview":"max-video-preview:-1"},"canonical":"https:\/\/www.notibras.com\/site\/cla-bolsonaro-avalia-deixar-psl-e-embarcar-na-udn-que-vem-ai\/","og_locale":"pt_BR","og_type":"article","og_title":"Cl\u00e3 Bolsonaro avalia deixar PSL e embarcar na UDN que vem a\u00ed - Notibras","og_description":"Com o PSL em crise e sob suspeita de desviar verba p\u00fablica por meio de candidaturas \u201claranjas\u201d nas elei\u00e7\u00f5es de 2018, os filhos do presidente Jair Bolsonaro (PSL) negociam migrar para um novo partido, que est\u00e1 em fase final de cria\u00e7\u00e3o. Trata-se da reedi\u00e7\u00e3o da antiga UDN (Uni\u00e3o Democr\u00e1tica Nacional). Segundo tr\u00eas fontes ouvidas pela [&hellip;]","og_url":"https:\/\/www.notibras.com\/site\/cla-bolsonaro-avalia-deixar-psl-e-embarcar-na-udn-que-vem-ai\/","og_site_name":"Notibras","article_publisher":"https:\/\/www.facebook.com\/notibras\/","article_published_time":"2019-02-17T13:00:56+00:00","article_modified_time":"2019-02-17T13:07:45+00:00","og_image":[{"width":1024,"height":576,"url":"https:\/\/www.notibras.com\/site\/wp-content\/uploads\/2019\/02\/cl\u00e3-bolsonaro.jpg","type":"image\/jpeg"}],"author":"Reda\u00e7\u00e3o","twitter_card":"summary_large_image","twitter_creator":"@Notibras","twitter_site":"@Notibras","twitter_misc":{"Escrito por":"Reda\u00e7\u00e3o","Est. tempo de leitura":"5 minutos"},"schema":{"@context":"https:\/\/schema.org","@graph":[{"@type":"Article","@id":"https:\/\/www.notibras.com\/site\/cla-bolsonaro-avalia-deixar-psl-e-embarcar-na-udn-que-vem-ai\/#article","isPartOf":{"@id":"https:\/\/www.notibras.com\/site\/cla-bolsonaro-avalia-deixar-psl-e-embarcar-na-udn-que-vem-ai\/"},"author":{"name":"Reda\u00e7\u00e3o","@id":"https:\/\/www.notibras.com\/site\/#\/schema\/person\/36ab0979449956132d3e5b517ea76ac8"},"headline":"Cl\u00e3 Bolsonaro avalia deixar PSL e embarcar na UDN que vem a\u00ed","datePublished":"2019-02-17T13:00:56+00:00","dateModified":"2019-02-17T13:07:45+00:00","mainEntityOfPage":{"@id":"https:\/\/www.notibras.com\/site\/cla-bolsonaro-avalia-deixar-psl-e-embarcar-na-udn-que-vem-ai\/"},"wordCount":975,"publisher":{"@id":"https:\/\/www.notibras.com\/site\/#organization"},"image":{"@id":"https:\/\/www.notibras.com\/site\/cla-bolsonaro-avalia-deixar-psl-e-embarcar-na-udn-que-vem-ai\/#primaryimage"},"thumbnailUrl":"https:\/\/www.notibras.com\/site\/wp-content\/uploads\/2019\/02\/cl\u00e3-bolsonaro.jpg","keywords":["capa"],"articleSection":["Brasil"],"inLanguage":"pt-BR"},{"@type":"WebPage","@id":"https:\/\/www.notibras.com\/site\/cla-bolsonaro-avalia-deixar-psl-e-embarcar-na-udn-que-vem-ai\/","url":"https:\/\/www.notibras.com\/site\/cla-bolsonaro-avalia-deixar-psl-e-embarcar-na-udn-que-vem-ai\/","name":"Cl\u00e3 Bolsonaro avalia deixar PSL e embarcar na UDN que vem a\u00ed - Notibras","isPartOf":{"@id":"https:\/\/www.notibras.com\/site\/#website"},"primaryImageOfPage":{"@id":"https:\/\/www.notibras.com\/site\/cla-bolsonaro-avalia-deixar-psl-e-embarcar-na-udn-que-vem-ai\/#primaryimage"},"image":{"@id":"https:\/\/www.notibras.com\/site\/cla-bolsonaro-avalia-deixar-psl-e-embarcar-na-udn-que-vem-ai\/#primaryimage"},"thumbnailUrl":"https:\/\/www.notibras.com\/site\/wp-content\/uploads\/2019\/02\/cl\u00e3-bolsonaro.jpg","datePublished":"2019-02-17T13:00:56+00:00","dateModified":"2019-02-17T13:07:45+00:00","breadcrumb":{"@id":"https:\/\/www.notibras.com\/site\/cla-bolsonaro-avalia-deixar-psl-e-embarcar-na-udn-que-vem-ai\/#breadcrumb"},"inLanguage":"pt-BR","potentialAction":[{"@type":"ReadAction","target":["https:\/\/www.notibras.com\/site\/cla-bolsonaro-avalia-deixar-psl-e-embarcar-na-udn-que-vem-ai\/"]}]},{"@type":"ImageObject","inLanguage":"pt-BR","@id":"https:\/\/www.notibras.com\/site\/cla-bolsonaro-avalia-deixar-psl-e-embarcar-na-udn-que-vem-ai\/#primaryimage","url":"https:\/\/www.notibras.com\/site\/wp-content\/uploads\/2019\/02\/cl\u00e3-bolsonaro.jpg","contentUrl":"https:\/\/www.notibras.com\/site\/wp-content\/uploads\/2019\/02\/cl\u00e3-bolsonaro.jpg","width":1024,"height":576},{"@type":"BreadcrumbList","@id":"https:\/\/www.notibras.com\/site\/cla-bolsonaro-avalia-deixar-psl-e-embarcar-na-udn-que-vem-ai\/#breadcrumb","itemListElement":[{"@type":"ListItem","position":1,"name":"In\u00edcio","item":"https:\/\/www.notibras.com\/site\/"},{"@type":"ListItem","position":2,"name":"Cl\u00e3 Bolsonaro avalia deixar PSL e embarcar na UDN que vem a\u00ed"}]},{"@type":"WebSite","@id":"https:\/\/www.notibras.com\/site\/#website","url":"https:\/\/www.notibras.com\/site\/","name":"Notibras","description":"Not\u00edcias de Bras\u00edlia, do Brasil e do Mundo","publisher":{"@id":"https:\/\/www.notibras.com\/site\/#organization"},"potentialAction":[{"@type":"SearchAction","target":{"@type":"EntryPoint","urlTemplate":"https:\/\/www.notibras.com\/site\/?s={search_term_string}"},"query-input":{"@type":"PropertyValueSpecification","valueRequired":true,"valueName":"search_term_string"}}],"inLanguage":"pt-BR"},{"@type":"Organization","@id":"https:\/\/www.notibras.com\/site\/#organization","name":"Grupo Notibras de Comunica\u00e7\u00e3o","url":"https:\/\/www.notibras.com\/site\/","logo":{"@type":"ImageObject","inLanguage":"pt-BR","@id":"https:\/\/www.notibras.com\/site\/#\/schema\/logo\/image\/","url":"https:\/\/www.notibras.com\/site\/wp-content\/uploads\/2023\/01\/notibras23.png","contentUrl":"https:\/\/www.notibras.com\/site\/wp-content\/uploads\/2023\/01\/notibras23.png","width":350,"height":87,"caption":"Grupo Notibras de Comunica\u00e7\u00e3o"},"image":{"@id":"https:\/\/www.notibras.com\/site\/#\/schema\/logo\/image\/"},"sameAs":["https:\/\/www.facebook.com\/notibras\/","https:\/\/x.com\/Notibras","https:\/\/www.instagram.com\/notibras\/"]},{"@type":"Person","@id":"https:\/\/www.notibras.com\/site\/#\/schema\/person\/36ab0979449956132d3e5b517ea76ac8","name":"Reda\u00e7\u00e3o","image":{"@type":"ImageObject","inLanguage":"pt-BR","@id":"https:\/\/secure.gravatar.com\/avatar\/e0a867bdedb85fd243eadf09663511f96fc81e0720a4a42581f334ad4303aa6b?s=96&d=mm&r=g","url":"https:\/\/secure.gravatar.com\/avatar\/e0a867bdedb85fd243eadf09663511f96fc81e0720a4a42581f334ad4303aa6b?s=96&d=mm&r=g","contentUrl":"https:\/\/secure.gravatar.com\/avatar\/e0a867bdedb85fd243eadf09663511f96fc81e0720a4a42581f334ad4303aa6b?s=96&d=mm&r=g","caption":"Reda\u00e7\u00e3o"}}]}},"amp_enabled":true,"_links":{"self":[{"href":"https:\/\/www.notibras.com\/site\/wp-json\/wp\/v2\/posts\/202712","targetHints":{"allow":["GET"]}}],"collection":[{"href":"https:\/\/www.notibras.com\/site\/wp-json\/wp\/v2\/posts"}],"about":[{"href":"https:\/\/www.notibras.com\/site\/wp-json\/wp\/v2\/types\/post"}],"author":[{"embeddable":true,"href":"https:\/\/www.notibras.com\/site\/wp-json\/wp\/v2\/users\/2"}],"replies":[{"embeddable":true,"href":"https:\/\/www.notibras.com\/site\/wp-json\/wp\/v2\/comments?post=202712"}],"version-history":[{"count":7,"href":"https:\/\/www.notibras.com\/site\/wp-json\/wp\/v2\/posts\/202712\/revisions"}],"predecessor-version":[{"id":202722,"href":"https:\/\/www.notibras.com\/site\/wp-json\/wp\/v2\/posts\/202712\/revisions\/202722"}],"wp:featuredmedia":[{"embeddable":true,"href":"https:\/\/www.notibras.com\/site\/wp-json\/wp\/v2\/media\/202713"}],"wp:attachment":[{"href":"https:\/\/www.notibras.com\/site\/wp-json\/wp\/v2\/media?parent=202712"}],"wp:term":[{"taxonomy":"category","embeddable":true,"href":"https:\/\/www.notibras.com\/site\/wp-json\/wp\/v2\/categories?post=202712"},{"taxonomy":"post_tag","embeddable":true,"href":"https:\/\/www.notibras.com\/site\/wp-json\/wp\/v2\/tags?post=202712"}],"curies":[{"name":"wp","href":"https:\/\/api.w.org\/{rel}","templated":true}]}}