{"id":202829,"date":"2019-02-18T09:26:40","date_gmt":"2019-02-18T12:26:40","guid":{"rendered":"https:\/\/www.notibras.com\/site\/?p=202829"},"modified":"2019-02-18T11:33:07","modified_gmt":"2019-02-18T14:33:07","slug":"mulher-apanha-na-primeira-noite-de-amor-com-rapaz-que-veio-do-nada","status":"publish","type":"post","link":"https:\/\/www.notibras.com\/site\/mulher-apanha-na-primeira-noite-de-amor-com-rapaz-que-veio-do-nada\/","title":{"rendered":"Mulher apanha na primeira noite de amor com rapaz que veio do nada"},"content":{"rendered":"<p>As imagens das paredes repletas de sangue e do apartamento completamente revirado d\u00e3o a dimens\u00e3o da viol\u00eancia sofrida pela empres\u00e1ria Elaine Caparr\u00f3z, de 55 anos. Ela foi espancada durante quatro horas pelo advogado Vin\u00edcius Batista Serra, de 27 anos, com quem havia se encontrado pela primeira vez na noite de s\u00e1bado, 16. O agressor foi preso em flagrante, depois que os vizinhos ouviram pedidos de socorro e chamaram a pol\u00edcia.<\/p>\n<p>Elaine est\u00e1 internada em estado grave na UTI do Hospital Casa de Portugal, no centro do Rio de Janeiro, e ter\u00e1 ainda que passar por cirurgias reparadoras. De acordo com o irm\u00e3o de Elaine, Rog\u00e9rio Peres Caparr\u00f3z, a empres\u00e1ria tem diversas fraturas graves, trauma de pulm\u00e3o e dos rins. A hip\u00f3tese de um edema cerebral, no entanto, foi descartada.<\/p>\n<p>&#8220;Cada vez que eu vou l\u00e1 e olho para ela, n\u00e3o reconhe\u00e7o a minha irm\u00e3; ele a desfigurou completamente&#8221;, contou. &#8220;Ela est\u00e1 com fraturas em toda a face, no nariz, no globo ocular, maxilar, dentes; al\u00e9m disso, est\u00e1 com trauma de pulm\u00e3o e pode evoluir para uma insufici\u00eancia renal. Os bra\u00e7os dela est\u00e3o cheios de mordidas.&#8221;<\/p>\n<p>A empres\u00e1ria contou ao irm\u00e3o que conheceu Vin\u00edcius em uma rede social e vinha conversando com ele h\u00e1 oito meses. No \u00faltimo s\u00e1bado, resolveram se encontrar pela primeira vez. Elaine o convidou para jantar em seu apartamento, na Barra da Tijuca, na zona oeste do Rio.<\/p>\n<p>&#8220;Eles j\u00e1 conversavam h\u00e1 oito meses, ela o acompanhava na rede social, tinha amigos em comum, se sentiu \u00e0 vontade para encontr\u00e1-lo. Comprou queijos e vinhos para receb\u00ea-lo e conversarem&#8221;, contou Rog\u00e9rio. Ainda segundo o relato de Elaine para o irm\u00e3o, como foi ficando tarde, Vin\u00edcius pediu para dormir no apartamento da empres\u00e1ria, a abra\u00e7ou e pediu que ela dormisse com a cabe\u00e7a em seu peito. &#8220;Ela estava h\u00e1 um ano sem ningu\u00e9m, achou que seria a chance de estar com um cara legal.&#8221;<\/p>\n<p>De madrugada, Elaine acordou sendo agredida violentamente. A sess\u00e3o de tortura durou cerca de quatro horas, segundo o irm\u00e3o da v\u00edtima. &#8220;Ela gritava: &#8216;Para, para pelo amor de Deus&#8217;, mas ele continuava batendo, xingando, mordendo, esmurrando ela.&#8221;<\/p>\n<p>Os gritos de Elaine acabaram chamando a aten\u00e7\u00e3o de vizinhos e dos porteiros. Quando conseguiram entrar no apartamento, encontraram a mulher desacordada. Vin\u00edcius ainda tentou escapar, mas foi detido na portaria. A pol\u00edcia chegou em seguida e o prendeu em flagrante.<\/p>\n<p>O advogado foi levado para a Cadeia P\u00fablica Frederico Marques, em Benfica, na zona norte. Segundo o delegado Rodrigo Freitas de Oliveira, da 16\u00aa Delegacia de Pol\u00edcia, na Barra, na zona oeste, pela gravidade das agress\u00f5es a conclus\u00e3o \u00e9 de que o acusado tentou matar Elaine. Ele vai responder por tentativa de feminic\u00eddio.<\/p>\n<p>O delegado considera ainda que o agressor \u00e9 perigoso e pede que o mesmo fique preso por representar uma amea\u00e7a \u00e0 v\u00edtima. \u00c0 pol\u00edcia, o agressor disse que tomou vinho e acordou de madrugada em &#8220;surto&#8221;.<\/p>\n","protected":false},"excerpt":{"rendered":"<p>As imagens das paredes repletas de sangue e do apartamento completamente revirado d\u00e3o a dimens\u00e3o da viol\u00eancia sofrida pela empres\u00e1ria Elaine Caparr\u00f3z, de 55 anos. Ela foi espancada durante quatro horas pelo advogado Vin\u00edcius Batista Serra, de 27 anos, com quem havia se encontrado pela primeira vez na noite de s\u00e1bado, 16. O agressor foi [&hellip;]<\/p>\n","protected":false},"author":2,"featured_media":202830,"comment_status":"closed","ping_status":"closed","sticky":false,"template":"","format":"standard","meta":{"_acf_changed":false,"footnotes":""},"categories":[16],"tags":[95],"class_list":["post-202829","post","type-post","status-publish","format-standard","has-post-thumbnail","hentry","category-brasil","tag-capa"],"acf":[],"yoast_head":"<!-- This site is optimized with the Yoast SEO plugin v27.2 - https:\/\/yoast.com\/product\/yoast-seo-wordpress\/ -->\n<title>Mulher apanha na primeira noite de amor com rapaz que veio do nada - Notibras<\/title>\n<meta name=\"robots\" content=\"index, follow, max-snippet:-1, max-image-preview:large, max-video-preview:-1\" \/>\n<link rel=\"canonical\" href=\"https:\/\/www.notibras.com\/site\/mulher-apanha-na-primeira-noite-de-amor-com-rapaz-que-veio-do-nada\/\" \/>\n<meta property=\"og:locale\" content=\"pt_BR\" \/>\n<meta property=\"og:type\" content=\"article\" \/>\n<meta property=\"og:title\" content=\"Mulher apanha na primeira noite de amor com rapaz que veio do nada - Notibras\" \/>\n<meta property=\"og:description\" content=\"As imagens das paredes repletas de sangue e do apartamento completamente revirado d\u00e3o a dimens\u00e3o da viol\u00eancia sofrida pela empres\u00e1ria Elaine Caparr\u00f3z, de 55 anos. Ela foi espancada durante quatro horas pelo advogado Vin\u00edcius Batista Serra, de 27 anos, com quem havia se encontrado pela primeira vez na noite de s\u00e1bado, 16. O agressor foi [&hellip;]\" \/>\n<meta property=\"og:url\" content=\"https:\/\/www.notibras.com\/site\/mulher-apanha-na-primeira-noite-de-amor-com-rapaz-que-veio-do-nada\/\" \/>\n<meta property=\"og:site_name\" content=\"Notibras\" \/>\n<meta property=\"article:publisher\" content=\"https:\/\/www.facebook.com\/notibras\/\" \/>\n<meta property=\"article:published_time\" content=\"2019-02-18T12:26:40+00:00\" \/>\n<meta property=\"article:modified_time\" content=\"2019-02-18T14:33:07+00:00\" \/>\n<meta property=\"og:image\" content=\"https:\/\/www.notibras.com\/site\/wp-content\/uploads\/2019\/02\/mulher-apanha.jpg\" \/>\n\t<meta property=\"og:image:width\" content=\"1000\" \/>\n\t<meta property=\"og:image:height\" content=\"473\" \/>\n\t<meta property=\"og:image:type\" content=\"image\/jpeg\" \/>\n<meta name=\"author\" content=\"Reda\u00e7\u00e3o\" \/>\n<meta name=\"twitter:card\" content=\"summary_large_image\" \/>\n<meta name=\"twitter:creator\" content=\"@Notibras\" \/>\n<meta name=\"twitter:site\" content=\"@Notibras\" \/>\n<meta name=\"twitter:label1\" content=\"Escrito por\" \/>\n\t<meta name=\"twitter:data1\" content=\"Reda\u00e7\u00e3o\" \/>\n\t<meta name=\"twitter:label2\" content=\"Est. tempo de leitura\" \/>\n\t<meta name=\"twitter:data2\" content=\"3 minutos\" \/>\n<script type=\"application\/ld+json\" class=\"yoast-schema-graph\">{\"@context\":\"https:\/\/schema.org\",\"@graph\":[{\"@type\":\"Article\",\"@id\":\"https:\/\/www.notibras.com\/site\/mulher-apanha-na-primeira-noite-de-amor-com-rapaz-que-veio-do-nada\/#article\",\"isPartOf\":{\"@id\":\"https:\/\/www.notibras.com\/site\/mulher-apanha-na-primeira-noite-de-amor-com-rapaz-que-veio-do-nada\/\"},\"author\":{\"name\":\"Reda\u00e7\u00e3o\",\"@id\":\"https:\/\/www.notibras.com\/site\/#\/schema\/person\/36ab0979449956132d3e5b517ea76ac8\"},\"headline\":\"Mulher apanha na primeira noite de amor com rapaz que veio do nada\",\"datePublished\":\"2019-02-18T12:26:40+00:00\",\"dateModified\":\"2019-02-18T14:33:07+00:00\",\"mainEntityOfPage\":{\"@id\":\"https:\/\/www.notibras.com\/site\/mulher-apanha-na-primeira-noite-de-amor-com-rapaz-que-veio-do-nada\/\"},\"wordCount\":534,\"publisher\":{\"@id\":\"https:\/\/www.notibras.com\/site\/#organization\"},\"image\":{\"@id\":\"https:\/\/www.notibras.com\/site\/mulher-apanha-na-primeira-noite-de-amor-com-rapaz-que-veio-do-nada\/#primaryimage\"},\"thumbnailUrl\":\"https:\/\/www.notibras.com\/site\/wp-content\/uploads\/2019\/02\/mulher-apanha.jpg\",\"keywords\":[\"capa\"],\"articleSection\":[\"Brasil\"],\"inLanguage\":\"pt-BR\"},{\"@type\":\"WebPage\",\"@id\":\"https:\/\/www.notibras.com\/site\/mulher-apanha-na-primeira-noite-de-amor-com-rapaz-que-veio-do-nada\/\",\"url\":\"https:\/\/www.notibras.com\/site\/mulher-apanha-na-primeira-noite-de-amor-com-rapaz-que-veio-do-nada\/\",\"name\":\"Mulher apanha na primeira noite de amor com rapaz que veio do nada - Notibras\",\"isPartOf\":{\"@id\":\"https:\/\/www.notibras.com\/site\/#website\"},\"primaryImageOfPage\":{\"@id\":\"https:\/\/www.notibras.com\/site\/mulher-apanha-na-primeira-noite-de-amor-com-rapaz-que-veio-do-nada\/#primaryimage\"},\"image\":{\"@id\":\"https:\/\/www.notibras.com\/site\/mulher-apanha-na-primeira-noite-de-amor-com-rapaz-que-veio-do-nada\/#primaryimage\"},\"thumbnailUrl\":\"https:\/\/www.notibras.com\/site\/wp-content\/uploads\/2019\/02\/mulher-apanha.jpg\",\"datePublished\":\"2019-02-18T12:26:40+00:00\",\"dateModified\":\"2019-02-18T14:33:07+00:00\",\"breadcrumb\":{\"@id\":\"https:\/\/www.notibras.com\/site\/mulher-apanha-na-primeira-noite-de-amor-com-rapaz-que-veio-do-nada\/#breadcrumb\"},\"inLanguage\":\"pt-BR\",\"potentialAction\":[{\"@type\":\"ReadAction\",\"target\":[\"https:\/\/www.notibras.com\/site\/mulher-apanha-na-primeira-noite-de-amor-com-rapaz-que-veio-do-nada\/\"]}]},{\"@type\":\"ImageObject\",\"inLanguage\":\"pt-BR\",\"@id\":\"https:\/\/www.notibras.com\/site\/mulher-apanha-na-primeira-noite-de-amor-com-rapaz-que-veio-do-nada\/#primaryimage\",\"url\":\"https:\/\/www.notibras.com\/site\/wp-content\/uploads\/2019\/02\/mulher-apanha.jpg\",\"contentUrl\":\"https:\/\/www.notibras.com\/site\/wp-content\/uploads\/2019\/02\/mulher-apanha.jpg\",\"width\":1000,\"height\":473,\"caption\":\"Foto\/Reprodu\u00e7\u00e3o - TV Globo\"},{\"@type\":\"BreadcrumbList\",\"@id\":\"https:\/\/www.notibras.com\/site\/mulher-apanha-na-primeira-noite-de-amor-com-rapaz-que-veio-do-nada\/#breadcrumb\",\"itemListElement\":[{\"@type\":\"ListItem\",\"position\":1,\"name\":\"In\u00edcio\",\"item\":\"https:\/\/www.notibras.com\/site\/\"},{\"@type\":\"ListItem\",\"position\":2,\"name\":\"Mulher apanha na primeira noite de amor com rapaz que veio do nada\"}]},{\"@type\":\"WebSite\",\"@id\":\"https:\/\/www.notibras.com\/site\/#website\",\"url\":\"https:\/\/www.notibras.com\/site\/\",\"name\":\"Notibras\",\"description\":\"Not\u00edcias de Bras\u00edlia, do Brasil e do Mundo\",\"publisher\":{\"@id\":\"https:\/\/www.notibras.com\/site\/#organization\"},\"potentialAction\":[{\"@type\":\"SearchAction\",\"target\":{\"@type\":\"EntryPoint\",\"urlTemplate\":\"https:\/\/www.notibras.com\/site\/?s={search_term_string}\"},\"query-input\":{\"@type\":\"PropertyValueSpecification\",\"valueRequired\":true,\"valueName\":\"search_term_string\"}}],\"inLanguage\":\"pt-BR\"},{\"@type\":\"Organization\",\"@id\":\"https:\/\/www.notibras.com\/site\/#organization\",\"name\":\"Grupo Notibras de Comunica\u00e7\u00e3o\",\"url\":\"https:\/\/www.notibras.com\/site\/\",\"logo\":{\"@type\":\"ImageObject\",\"inLanguage\":\"pt-BR\",\"@id\":\"https:\/\/www.notibras.com\/site\/#\/schema\/logo\/image\/\",\"url\":\"https:\/\/www.notibras.com\/site\/wp-content\/uploads\/2023\/01\/notibras23.png\",\"contentUrl\":\"https:\/\/www.notibras.com\/site\/wp-content\/uploads\/2023\/01\/notibras23.png\",\"width\":350,\"height\":87,\"caption\":\"Grupo Notibras de Comunica\u00e7\u00e3o\"},\"image\":{\"@id\":\"https:\/\/www.notibras.com\/site\/#\/schema\/logo\/image\/\"},\"sameAs\":[\"https:\/\/www.facebook.com\/notibras\/\",\"https:\/\/x.com\/Notibras\",\"https:\/\/www.instagram.com\/notibras\/\"]},{\"@type\":\"Person\",\"@id\":\"https:\/\/www.notibras.com\/site\/#\/schema\/person\/36ab0979449956132d3e5b517ea76ac8\",\"name\":\"Reda\u00e7\u00e3o\",\"image\":{\"@type\":\"ImageObject\",\"inLanguage\":\"pt-BR\",\"@id\":\"https:\/\/secure.gravatar.com\/avatar\/e0a867bdedb85fd243eadf09663511f96fc81e0720a4a42581f334ad4303aa6b?s=96&d=mm&r=g\",\"url\":\"https:\/\/secure.gravatar.com\/avatar\/e0a867bdedb85fd243eadf09663511f96fc81e0720a4a42581f334ad4303aa6b?s=96&d=mm&r=g\",\"contentUrl\":\"https:\/\/secure.gravatar.com\/avatar\/e0a867bdedb85fd243eadf09663511f96fc81e0720a4a42581f334ad4303aa6b?s=96&d=mm&r=g\",\"caption\":\"Reda\u00e7\u00e3o\"}}]}<\/script>\n<!-- \/ Yoast SEO plugin. -->","yoast_head_json":{"title":"Mulher apanha na primeira noite de amor com rapaz que veio do nada - Notibras","robots":{"index":"index","follow":"follow","max-snippet":"max-snippet:-1","max-image-preview":"max-image-preview:large","max-video-preview":"max-video-preview:-1"},"canonical":"https:\/\/www.notibras.com\/site\/mulher-apanha-na-primeira-noite-de-amor-com-rapaz-que-veio-do-nada\/","og_locale":"pt_BR","og_type":"article","og_title":"Mulher apanha na primeira noite de amor com rapaz que veio do nada - Notibras","og_description":"As imagens das paredes repletas de sangue e do apartamento completamente revirado d\u00e3o a dimens\u00e3o da viol\u00eancia sofrida pela empres\u00e1ria Elaine Caparr\u00f3z, de 55 anos. Ela foi espancada durante quatro horas pelo advogado Vin\u00edcius Batista Serra, de 27 anos, com quem havia se encontrado pela primeira vez na noite de s\u00e1bado, 16. O agressor foi [&hellip;]","og_url":"https:\/\/www.notibras.com\/site\/mulher-apanha-na-primeira-noite-de-amor-com-rapaz-que-veio-do-nada\/","og_site_name":"Notibras","article_publisher":"https:\/\/www.facebook.com\/notibras\/","article_published_time":"2019-02-18T12:26:40+00:00","article_modified_time":"2019-02-18T14:33:07+00:00","og_image":[{"width":1000,"height":473,"url":"https:\/\/www.notibras.com\/site\/wp-content\/uploads\/2019\/02\/mulher-apanha.jpg","type":"image\/jpeg"}],"author":"Reda\u00e7\u00e3o","twitter_card":"summary_large_image","twitter_creator":"@Notibras","twitter_site":"@Notibras","twitter_misc":{"Escrito por":"Reda\u00e7\u00e3o","Est. tempo de leitura":"3 minutos"},"schema":{"@context":"https:\/\/schema.org","@graph":[{"@type":"Article","@id":"https:\/\/www.notibras.com\/site\/mulher-apanha-na-primeira-noite-de-amor-com-rapaz-que-veio-do-nada\/#article","isPartOf":{"@id":"https:\/\/www.notibras.com\/site\/mulher-apanha-na-primeira-noite-de-amor-com-rapaz-que-veio-do-nada\/"},"author":{"name":"Reda\u00e7\u00e3o","@id":"https:\/\/www.notibras.com\/site\/#\/schema\/person\/36ab0979449956132d3e5b517ea76ac8"},"headline":"Mulher apanha na primeira noite de amor com rapaz que veio do nada","datePublished":"2019-02-18T12:26:40+00:00","dateModified":"2019-02-18T14:33:07+00:00","mainEntityOfPage":{"@id":"https:\/\/www.notibras.com\/site\/mulher-apanha-na-primeira-noite-de-amor-com-rapaz-que-veio-do-nada\/"},"wordCount":534,"publisher":{"@id":"https:\/\/www.notibras.com\/site\/#organization"},"image":{"@id":"https:\/\/www.notibras.com\/site\/mulher-apanha-na-primeira-noite-de-amor-com-rapaz-que-veio-do-nada\/#primaryimage"},"thumbnailUrl":"https:\/\/www.notibras.com\/site\/wp-content\/uploads\/2019\/02\/mulher-apanha.jpg","keywords":["capa"],"articleSection":["Brasil"],"inLanguage":"pt-BR"},{"@type":"WebPage","@id":"https:\/\/www.notibras.com\/site\/mulher-apanha-na-primeira-noite-de-amor-com-rapaz-que-veio-do-nada\/","url":"https:\/\/www.notibras.com\/site\/mulher-apanha-na-primeira-noite-de-amor-com-rapaz-que-veio-do-nada\/","name":"Mulher apanha na primeira noite de amor com rapaz que veio do nada - Notibras","isPartOf":{"@id":"https:\/\/www.notibras.com\/site\/#website"},"primaryImageOfPage":{"@id":"https:\/\/www.notibras.com\/site\/mulher-apanha-na-primeira-noite-de-amor-com-rapaz-que-veio-do-nada\/#primaryimage"},"image":{"@id":"https:\/\/www.notibras.com\/site\/mulher-apanha-na-primeira-noite-de-amor-com-rapaz-que-veio-do-nada\/#primaryimage"},"thumbnailUrl":"https:\/\/www.notibras.com\/site\/wp-content\/uploads\/2019\/02\/mulher-apanha.jpg","datePublished":"2019-02-18T12:26:40+00:00","dateModified":"2019-02-18T14:33:07+00:00","breadcrumb":{"@id":"https:\/\/www.notibras.com\/site\/mulher-apanha-na-primeira-noite-de-amor-com-rapaz-que-veio-do-nada\/#breadcrumb"},"inLanguage":"pt-BR","potentialAction":[{"@type":"ReadAction","target":["https:\/\/www.notibras.com\/site\/mulher-apanha-na-primeira-noite-de-amor-com-rapaz-que-veio-do-nada\/"]}]},{"@type":"ImageObject","inLanguage":"pt-BR","@id":"https:\/\/www.notibras.com\/site\/mulher-apanha-na-primeira-noite-de-amor-com-rapaz-que-veio-do-nada\/#primaryimage","url":"https:\/\/www.notibras.com\/site\/wp-content\/uploads\/2019\/02\/mulher-apanha.jpg","contentUrl":"https:\/\/www.notibras.com\/site\/wp-content\/uploads\/2019\/02\/mulher-apanha.jpg","width":1000,"height":473,"caption":"Foto\/Reprodu\u00e7\u00e3o - TV Globo"},{"@type":"BreadcrumbList","@id":"https:\/\/www.notibras.com\/site\/mulher-apanha-na-primeira-noite-de-amor-com-rapaz-que-veio-do-nada\/#breadcrumb","itemListElement":[{"@type":"ListItem","position":1,"name":"In\u00edcio","item":"https:\/\/www.notibras.com\/site\/"},{"@type":"ListItem","position":2,"name":"Mulher apanha na primeira noite de amor com rapaz que veio do nada"}]},{"@type":"WebSite","@id":"https:\/\/www.notibras.com\/site\/#website","url":"https:\/\/www.notibras.com\/site\/","name":"Notibras","description":"Not\u00edcias de Bras\u00edlia, do Brasil e do Mundo","publisher":{"@id":"https:\/\/www.notibras.com\/site\/#organization"},"potentialAction":[{"@type":"SearchAction","target":{"@type":"EntryPoint","urlTemplate":"https:\/\/www.notibras.com\/site\/?s={search_term_string}"},"query-input":{"@type":"PropertyValueSpecification","valueRequired":true,"valueName":"search_term_string"}}],"inLanguage":"pt-BR"},{"@type":"Organization","@id":"https:\/\/www.notibras.com\/site\/#organization","name":"Grupo Notibras de Comunica\u00e7\u00e3o","url":"https:\/\/www.notibras.com\/site\/","logo":{"@type":"ImageObject","inLanguage":"pt-BR","@id":"https:\/\/www.notibras.com\/site\/#\/schema\/logo\/image\/","url":"https:\/\/www.notibras.com\/site\/wp-content\/uploads\/2023\/01\/notibras23.png","contentUrl":"https:\/\/www.notibras.com\/site\/wp-content\/uploads\/2023\/01\/notibras23.png","width":350,"height":87,"caption":"Grupo Notibras de Comunica\u00e7\u00e3o"},"image":{"@id":"https:\/\/www.notibras.com\/site\/#\/schema\/logo\/image\/"},"sameAs":["https:\/\/www.facebook.com\/notibras\/","https:\/\/x.com\/Notibras","https:\/\/www.instagram.com\/notibras\/"]},{"@type":"Person","@id":"https:\/\/www.notibras.com\/site\/#\/schema\/person\/36ab0979449956132d3e5b517ea76ac8","name":"Reda\u00e7\u00e3o","image":{"@type":"ImageObject","inLanguage":"pt-BR","@id":"https:\/\/secure.gravatar.com\/avatar\/e0a867bdedb85fd243eadf09663511f96fc81e0720a4a42581f334ad4303aa6b?s=96&d=mm&r=g","url":"https:\/\/secure.gravatar.com\/avatar\/e0a867bdedb85fd243eadf09663511f96fc81e0720a4a42581f334ad4303aa6b?s=96&d=mm&r=g","contentUrl":"https:\/\/secure.gravatar.com\/avatar\/e0a867bdedb85fd243eadf09663511f96fc81e0720a4a42581f334ad4303aa6b?s=96&d=mm&r=g","caption":"Reda\u00e7\u00e3o"}}]}},"amp_enabled":true,"_links":{"self":[{"href":"https:\/\/www.notibras.com\/site\/wp-json\/wp\/v2\/posts\/202829","targetHints":{"allow":["GET"]}}],"collection":[{"href":"https:\/\/www.notibras.com\/site\/wp-json\/wp\/v2\/posts"}],"about":[{"href":"https:\/\/www.notibras.com\/site\/wp-json\/wp\/v2\/types\/post"}],"author":[{"embeddable":true,"href":"https:\/\/www.notibras.com\/site\/wp-json\/wp\/v2\/users\/2"}],"replies":[{"embeddable":true,"href":"https:\/\/www.notibras.com\/site\/wp-json\/wp\/v2\/comments?post=202829"}],"version-history":[{"count":4,"href":"https:\/\/www.notibras.com\/site\/wp-json\/wp\/v2\/posts\/202829\/revisions"}],"predecessor-version":[{"id":202834,"href":"https:\/\/www.notibras.com\/site\/wp-json\/wp\/v2\/posts\/202829\/revisions\/202834"}],"wp:featuredmedia":[{"embeddable":true,"href":"https:\/\/www.notibras.com\/site\/wp-json\/wp\/v2\/media\/202830"}],"wp:attachment":[{"href":"https:\/\/www.notibras.com\/site\/wp-json\/wp\/v2\/media?parent=202829"}],"wp:term":[{"taxonomy":"category","embeddable":true,"href":"https:\/\/www.notibras.com\/site\/wp-json\/wp\/v2\/categories?post=202829"},{"taxonomy":"post_tag","embeddable":true,"href":"https:\/\/www.notibras.com\/site\/wp-json\/wp\/v2\/tags?post=202829"}],"curies":[{"name":"wp","href":"https:\/\/api.w.org\/{rel}","templated":true}]}}