{"id":202835,"date":"2019-02-18T12:51:08","date_gmt":"2019-02-18T15:51:08","guid":{"rendered":"https:\/\/www.notibras.com\/site\/?p=202835"},"modified":"2019-02-18T12:53:02","modified_gmt":"2019-02-18T15:53:02","slug":"ainda-ministro-bebianno-fala-em-ir-para-a-briga-contra-ameacas","status":"publish","type":"post","link":"https:\/\/www.notibras.com\/site\/ainda-ministro-bebianno-fala-em-ir-para-a-briga-contra-ameacas\/","title":{"rendered":"Ainda ministro, Bebianno fala em &#8216;ir para a briga&#8217; contra amea\u00e7as"},"content":{"rendered":"<p>O ainda ministro da Secretaria-Geral da Presid\u00eancia, Gustavo Bebianno, disse nesta segunda-feira, 18, que est\u00e1 recebendo amea\u00e7as pelo WhatsApp. As amea\u00e7as teriam iniciado neste fim de semana, depois que o imbr\u00f3glio envolvendo seu nome e o governo se agravou. O ministro, que \u00e9 ex\u00edmio lutador de artes marciais, n\u00e3o deu mais detalhes sobre as amea\u00e7as, mas falou a interlocutores que j\u00e1 identificou algumas pessoas e que vai tomar provid\u00eancias.<\/p>\n<p>A edi\u00e7\u00e3o regular desta segunda do Di\u00e1rio Oficial da Uni\u00e3o (DOU), que j\u00e1 est\u00e1 no ar, n\u00e3o traz sua exonera\u00e7\u00e3o do cargo de ministro, como era esperado. No Di\u00e1rio desta segunda-feira, 18, Bebianno ainda \u00e9 formalmente ministro. O documento oficializa atos assinados por ele na \u00faltima sexta-feira, dentre os quais uma portaria sobre atribui\u00e7\u00f5es de assessores especiais da pasta.<\/p>\n<p>Em situa\u00e7\u00e3o indefinida, ele segue recluso no hotel em que mora em Bras\u00edlia e n\u00e3o foi visto deixando o local.<\/p>\n<p>No s\u00e1bado, o presidente Jair Bolsonaro j\u00e1 estava com o ato de demiss\u00e3o do ministro assinado. O pr\u00f3prio ministro tamb\u00e9m j\u00e1 havia dito que tinha recebido sinaliza\u00e7\u00f5es de que sua dispensa sairia no Di\u00e1rio Oficial desta segunda. No entanto, o ato n\u00e3o veio publicado ainda, mas pode sair em edi\u00e7\u00e3o extra ao longo do dia.<\/p>\n<p>A n\u00e3o formaliza\u00e7\u00e3o da demiss\u00e3o, pelo menos por ora, indica que o governo ainda est\u00e1 tratando do assunto. No fim de semana, o presidente Bolsonaro e auxiliares, como o ministro da Casa Civil, Onyx Lorenzoni, tiveram reuni\u00f5es para encontrar uma forma &#8220;honrosa&#8221; de demitir Bebianno, o que tamb\u00e9m poderia ter sido feito ainda no fim de semana em edi\u00e7\u00e3o extra do Di\u00e1rio Oficial, se o governo quisesse.<\/p>\n<p>Nos \u00faltimos dias, pol\u00edticos e militares tentaram interceder a favor de Bebianno, mas o presidente estava irredut\u00edvel e, segundo apurou o Estado, dever\u00e1 nomear um militar para o lugar do ministro. O general Floriano Peixoto deve ficar \u00e0 frente da Secretaria, ao menos interinamente &#8211; ele \u00e9 o secret\u00e1rio executivo da pasta. Com isso, Peixoto seria o oitavo militar a ocupar o primeiro escal\u00e3o do governo, o que tornaria a Casa Civil a \u00fanica pasta palaciana sob a lideran\u00e7a de um civil.<\/p>\n<p>Bebianno vem sendo acusado de supostas irregularidades nas campanhas eleitorais do PSL ocorridas na \u00e9poca em que ele presidia o partido, que tamb\u00e9m tem o presidente Bolsonaro como filiado. A crise cresceu quando o vereador Carlos Bolsonaro, filho do presidente, chamou Bebianno de mentiroso, declara\u00e7\u00e3o que foi refor\u00e7ada pelo pr\u00f3prio presidente.<\/p>\n","protected":false},"excerpt":{"rendered":"<p>O ainda ministro da Secretaria-Geral da Presid\u00eancia, Gustavo Bebianno, disse nesta segunda-feira, 18, que est\u00e1 recebendo amea\u00e7as pelo WhatsApp. As amea\u00e7as teriam iniciado neste fim de semana, depois que o imbr\u00f3glio envolvendo seu nome e o governo se agravou. O ministro, que \u00e9 ex\u00edmio lutador de artes marciais, n\u00e3o deu mais detalhes sobre as amea\u00e7as, [&hellip;]<\/p>\n","protected":false},"author":2,"featured_media":202836,"comment_status":"closed","ping_status":"closed","sticky":false,"template":"","format":"standard","meta":{"_acf_changed":false,"footnotes":""},"categories":[16],"tags":[95],"class_list":["post-202835","post","type-post","status-publish","format-standard","has-post-thumbnail","hentry","category-brasil","tag-capa"],"acf":[],"yoast_head":"<!-- This site is optimized with the Yoast SEO plugin v27.2 - https:\/\/yoast.com\/product\/yoast-seo-wordpress\/ -->\n<title>Ainda ministro, Bebianno fala em &#039;ir para a briga&#039; contra amea\u00e7as - Notibras<\/title>\n<meta name=\"robots\" content=\"index, follow, max-snippet:-1, max-image-preview:large, max-video-preview:-1\" \/>\n<link rel=\"canonical\" href=\"https:\/\/www.notibras.com\/site\/ainda-ministro-bebianno-fala-em-ir-para-a-briga-contra-ameacas\/\" \/>\n<meta property=\"og:locale\" content=\"pt_BR\" \/>\n<meta property=\"og:type\" content=\"article\" \/>\n<meta property=\"og:title\" content=\"Ainda ministro, Bebianno fala em &#039;ir para a briga&#039; contra amea\u00e7as - Notibras\" \/>\n<meta property=\"og:description\" content=\"O ainda ministro da Secretaria-Geral da Presid\u00eancia, Gustavo Bebianno, disse nesta segunda-feira, 18, que est\u00e1 recebendo amea\u00e7as pelo WhatsApp. As amea\u00e7as teriam iniciado neste fim de semana, depois que o imbr\u00f3glio envolvendo seu nome e o governo se agravou. O ministro, que \u00e9 ex\u00edmio lutador de artes marciais, n\u00e3o deu mais detalhes sobre as amea\u00e7as, [&hellip;]\" \/>\n<meta property=\"og:url\" content=\"https:\/\/www.notibras.com\/site\/ainda-ministro-bebianno-fala-em-ir-para-a-briga-contra-ameacas\/\" \/>\n<meta property=\"og:site_name\" content=\"Notibras\" \/>\n<meta property=\"article:publisher\" content=\"https:\/\/www.facebook.com\/notibras\/\" \/>\n<meta property=\"article:published_time\" content=\"2019-02-18T15:51:08+00:00\" \/>\n<meta property=\"article:modified_time\" content=\"2019-02-18T15:53:02+00:00\" \/>\n<meta property=\"og:image\" content=\"https:\/\/www.notibras.com\/site\/wp-content\/uploads\/2019\/02\/bebianno-luta.jpeg\" \/>\n\t<meta property=\"og:image:width\" content=\"1440\" \/>\n\t<meta property=\"og:image:height\" content=\"1080\" \/>\n\t<meta property=\"og:image:type\" content=\"image\/jpeg\" \/>\n<meta name=\"author\" content=\"Reda\u00e7\u00e3o\" \/>\n<meta name=\"twitter:card\" content=\"summary_large_image\" \/>\n<meta name=\"twitter:creator\" content=\"@Notibras\" \/>\n<meta name=\"twitter:site\" content=\"@Notibras\" \/>\n<meta name=\"twitter:label1\" content=\"Escrito por\" \/>\n\t<meta name=\"twitter:data1\" content=\"Reda\u00e7\u00e3o\" \/>\n\t<meta name=\"twitter:label2\" content=\"Est. tempo de leitura\" \/>\n\t<meta name=\"twitter:data2\" content=\"2 minutos\" \/>\n<script type=\"application\/ld+json\" class=\"yoast-schema-graph\">{\"@context\":\"https:\/\/schema.org\",\"@graph\":[{\"@type\":\"Article\",\"@id\":\"https:\/\/www.notibras.com\/site\/ainda-ministro-bebianno-fala-em-ir-para-a-briga-contra-ameacas\/#article\",\"isPartOf\":{\"@id\":\"https:\/\/www.notibras.com\/site\/ainda-ministro-bebianno-fala-em-ir-para-a-briga-contra-ameacas\/\"},\"author\":{\"name\":\"Reda\u00e7\u00e3o\",\"@id\":\"https:\/\/www.notibras.com\/site\/#\/schema\/person\/36ab0979449956132d3e5b517ea76ac8\"},\"headline\":\"Ainda ministro, Bebianno fala em &#8216;ir para a briga&#8217; contra amea\u00e7as\",\"datePublished\":\"2019-02-18T15:51:08+00:00\",\"dateModified\":\"2019-02-18T15:53:02+00:00\",\"mainEntityOfPage\":{\"@id\":\"https:\/\/www.notibras.com\/site\/ainda-ministro-bebianno-fala-em-ir-para-a-briga-contra-ameacas\/\"},\"wordCount\":451,\"publisher\":{\"@id\":\"https:\/\/www.notibras.com\/site\/#organization\"},\"image\":{\"@id\":\"https:\/\/www.notibras.com\/site\/ainda-ministro-bebianno-fala-em-ir-para-a-briga-contra-ameacas\/#primaryimage\"},\"thumbnailUrl\":\"https:\/\/www.notibras.com\/site\/wp-content\/uploads\/2019\/02\/bebianno-luta.jpeg\",\"keywords\":[\"capa\"],\"articleSection\":[\"Brasil\"],\"inLanguage\":\"pt-BR\"},{\"@type\":\"WebPage\",\"@id\":\"https:\/\/www.notibras.com\/site\/ainda-ministro-bebianno-fala-em-ir-para-a-briga-contra-ameacas\/\",\"url\":\"https:\/\/www.notibras.com\/site\/ainda-ministro-bebianno-fala-em-ir-para-a-briga-contra-ameacas\/\",\"name\":\"Ainda ministro, Bebianno fala em 'ir para a briga' contra amea\u00e7as - Notibras\",\"isPartOf\":{\"@id\":\"https:\/\/www.notibras.com\/site\/#website\"},\"primaryImageOfPage\":{\"@id\":\"https:\/\/www.notibras.com\/site\/ainda-ministro-bebianno-fala-em-ir-para-a-briga-contra-ameacas\/#primaryimage\"},\"image\":{\"@id\":\"https:\/\/www.notibras.com\/site\/ainda-ministro-bebianno-fala-em-ir-para-a-briga-contra-ameacas\/#primaryimage\"},\"thumbnailUrl\":\"https:\/\/www.notibras.com\/site\/wp-content\/uploads\/2019\/02\/bebianno-luta.jpeg\",\"datePublished\":\"2019-02-18T15:51:08+00:00\",\"dateModified\":\"2019-02-18T15:53:02+00:00\",\"breadcrumb\":{\"@id\":\"https:\/\/www.notibras.com\/site\/ainda-ministro-bebianno-fala-em-ir-para-a-briga-contra-ameacas\/#breadcrumb\"},\"inLanguage\":\"pt-BR\",\"potentialAction\":[{\"@type\":\"ReadAction\",\"target\":[\"https:\/\/www.notibras.com\/site\/ainda-ministro-bebianno-fala-em-ir-para-a-briga-contra-ameacas\/\"]}]},{\"@type\":\"ImageObject\",\"inLanguage\":\"pt-BR\",\"@id\":\"https:\/\/www.notibras.com\/site\/ainda-ministro-bebianno-fala-em-ir-para-a-briga-contra-ameacas\/#primaryimage\",\"url\":\"https:\/\/www.notibras.com\/site\/wp-content\/uploads\/2019\/02\/bebianno-luta.jpeg\",\"contentUrl\":\"https:\/\/www.notibras.com\/site\/wp-content\/uploads\/2019\/02\/bebianno-luta.jpeg\",\"width\":1440,\"height\":1080,\"caption\":\"Foto\/Reprodu\u00e7\u00e3o\"},{\"@type\":\"BreadcrumbList\",\"@id\":\"https:\/\/www.notibras.com\/site\/ainda-ministro-bebianno-fala-em-ir-para-a-briga-contra-ameacas\/#breadcrumb\",\"itemListElement\":[{\"@type\":\"ListItem\",\"position\":1,\"name\":\"In\u00edcio\",\"item\":\"https:\/\/www.notibras.com\/site\/\"},{\"@type\":\"ListItem\",\"position\":2,\"name\":\"Ainda ministro, Bebianno fala em &#8216;ir para a briga&#8217; contra amea\u00e7as\"}]},{\"@type\":\"WebSite\",\"@id\":\"https:\/\/www.notibras.com\/site\/#website\",\"url\":\"https:\/\/www.notibras.com\/site\/\",\"name\":\"Notibras\",\"description\":\"Not\u00edcias de Bras\u00edlia, do Brasil e do Mundo\",\"publisher\":{\"@id\":\"https:\/\/www.notibras.com\/site\/#organization\"},\"potentialAction\":[{\"@type\":\"SearchAction\",\"target\":{\"@type\":\"EntryPoint\",\"urlTemplate\":\"https:\/\/www.notibras.com\/site\/?s={search_term_string}\"},\"query-input\":{\"@type\":\"PropertyValueSpecification\",\"valueRequired\":true,\"valueName\":\"search_term_string\"}}],\"inLanguage\":\"pt-BR\"},{\"@type\":\"Organization\",\"@id\":\"https:\/\/www.notibras.com\/site\/#organization\",\"name\":\"Grupo Notibras de Comunica\u00e7\u00e3o\",\"url\":\"https:\/\/www.notibras.com\/site\/\",\"logo\":{\"@type\":\"ImageObject\",\"inLanguage\":\"pt-BR\",\"@id\":\"https:\/\/www.notibras.com\/site\/#\/schema\/logo\/image\/\",\"url\":\"https:\/\/www.notibras.com\/site\/wp-content\/uploads\/2023\/01\/notibras23.png\",\"contentUrl\":\"https:\/\/www.notibras.com\/site\/wp-content\/uploads\/2023\/01\/notibras23.png\",\"width\":350,\"height\":87,\"caption\":\"Grupo Notibras de Comunica\u00e7\u00e3o\"},\"image\":{\"@id\":\"https:\/\/www.notibras.com\/site\/#\/schema\/logo\/image\/\"},\"sameAs\":[\"https:\/\/www.facebook.com\/notibras\/\",\"https:\/\/x.com\/Notibras\",\"https:\/\/www.instagram.com\/notibras\/\"]},{\"@type\":\"Person\",\"@id\":\"https:\/\/www.notibras.com\/site\/#\/schema\/person\/36ab0979449956132d3e5b517ea76ac8\",\"name\":\"Reda\u00e7\u00e3o\",\"image\":{\"@type\":\"ImageObject\",\"inLanguage\":\"pt-BR\",\"@id\":\"https:\/\/secure.gravatar.com\/avatar\/e0a867bdedb85fd243eadf09663511f96fc81e0720a4a42581f334ad4303aa6b?s=96&d=mm&r=g\",\"url\":\"https:\/\/secure.gravatar.com\/avatar\/e0a867bdedb85fd243eadf09663511f96fc81e0720a4a42581f334ad4303aa6b?s=96&d=mm&r=g\",\"contentUrl\":\"https:\/\/secure.gravatar.com\/avatar\/e0a867bdedb85fd243eadf09663511f96fc81e0720a4a42581f334ad4303aa6b?s=96&d=mm&r=g\",\"caption\":\"Reda\u00e7\u00e3o\"}}]}<\/script>\n<!-- \/ Yoast SEO plugin. -->","yoast_head_json":{"title":"Ainda ministro, Bebianno fala em 'ir para a briga' contra amea\u00e7as - Notibras","robots":{"index":"index","follow":"follow","max-snippet":"max-snippet:-1","max-image-preview":"max-image-preview:large","max-video-preview":"max-video-preview:-1"},"canonical":"https:\/\/www.notibras.com\/site\/ainda-ministro-bebianno-fala-em-ir-para-a-briga-contra-ameacas\/","og_locale":"pt_BR","og_type":"article","og_title":"Ainda ministro, Bebianno fala em 'ir para a briga' contra amea\u00e7as - Notibras","og_description":"O ainda ministro da Secretaria-Geral da Presid\u00eancia, Gustavo Bebianno, disse nesta segunda-feira, 18, que est\u00e1 recebendo amea\u00e7as pelo WhatsApp. As amea\u00e7as teriam iniciado neste fim de semana, depois que o imbr\u00f3glio envolvendo seu nome e o governo se agravou. O ministro, que \u00e9 ex\u00edmio lutador de artes marciais, n\u00e3o deu mais detalhes sobre as amea\u00e7as, [&hellip;]","og_url":"https:\/\/www.notibras.com\/site\/ainda-ministro-bebianno-fala-em-ir-para-a-briga-contra-ameacas\/","og_site_name":"Notibras","article_publisher":"https:\/\/www.facebook.com\/notibras\/","article_published_time":"2019-02-18T15:51:08+00:00","article_modified_time":"2019-02-18T15:53:02+00:00","og_image":[{"width":1440,"height":1080,"url":"https:\/\/www.notibras.com\/site\/wp-content\/uploads\/2019\/02\/bebianno-luta.jpeg","type":"image\/jpeg"}],"author":"Reda\u00e7\u00e3o","twitter_card":"summary_large_image","twitter_creator":"@Notibras","twitter_site":"@Notibras","twitter_misc":{"Escrito por":"Reda\u00e7\u00e3o","Est. tempo de leitura":"2 minutos"},"schema":{"@context":"https:\/\/schema.org","@graph":[{"@type":"Article","@id":"https:\/\/www.notibras.com\/site\/ainda-ministro-bebianno-fala-em-ir-para-a-briga-contra-ameacas\/#article","isPartOf":{"@id":"https:\/\/www.notibras.com\/site\/ainda-ministro-bebianno-fala-em-ir-para-a-briga-contra-ameacas\/"},"author":{"name":"Reda\u00e7\u00e3o","@id":"https:\/\/www.notibras.com\/site\/#\/schema\/person\/36ab0979449956132d3e5b517ea76ac8"},"headline":"Ainda ministro, Bebianno fala em &#8216;ir para a briga&#8217; contra amea\u00e7as","datePublished":"2019-02-18T15:51:08+00:00","dateModified":"2019-02-18T15:53:02+00:00","mainEntityOfPage":{"@id":"https:\/\/www.notibras.com\/site\/ainda-ministro-bebianno-fala-em-ir-para-a-briga-contra-ameacas\/"},"wordCount":451,"publisher":{"@id":"https:\/\/www.notibras.com\/site\/#organization"},"image":{"@id":"https:\/\/www.notibras.com\/site\/ainda-ministro-bebianno-fala-em-ir-para-a-briga-contra-ameacas\/#primaryimage"},"thumbnailUrl":"https:\/\/www.notibras.com\/site\/wp-content\/uploads\/2019\/02\/bebianno-luta.jpeg","keywords":["capa"],"articleSection":["Brasil"],"inLanguage":"pt-BR"},{"@type":"WebPage","@id":"https:\/\/www.notibras.com\/site\/ainda-ministro-bebianno-fala-em-ir-para-a-briga-contra-ameacas\/","url":"https:\/\/www.notibras.com\/site\/ainda-ministro-bebianno-fala-em-ir-para-a-briga-contra-ameacas\/","name":"Ainda ministro, Bebianno fala em 'ir para a briga' contra amea\u00e7as - Notibras","isPartOf":{"@id":"https:\/\/www.notibras.com\/site\/#website"},"primaryImageOfPage":{"@id":"https:\/\/www.notibras.com\/site\/ainda-ministro-bebianno-fala-em-ir-para-a-briga-contra-ameacas\/#primaryimage"},"image":{"@id":"https:\/\/www.notibras.com\/site\/ainda-ministro-bebianno-fala-em-ir-para-a-briga-contra-ameacas\/#primaryimage"},"thumbnailUrl":"https:\/\/www.notibras.com\/site\/wp-content\/uploads\/2019\/02\/bebianno-luta.jpeg","datePublished":"2019-02-18T15:51:08+00:00","dateModified":"2019-02-18T15:53:02+00:00","breadcrumb":{"@id":"https:\/\/www.notibras.com\/site\/ainda-ministro-bebianno-fala-em-ir-para-a-briga-contra-ameacas\/#breadcrumb"},"inLanguage":"pt-BR","potentialAction":[{"@type":"ReadAction","target":["https:\/\/www.notibras.com\/site\/ainda-ministro-bebianno-fala-em-ir-para-a-briga-contra-ameacas\/"]}]},{"@type":"ImageObject","inLanguage":"pt-BR","@id":"https:\/\/www.notibras.com\/site\/ainda-ministro-bebianno-fala-em-ir-para-a-briga-contra-ameacas\/#primaryimage","url":"https:\/\/www.notibras.com\/site\/wp-content\/uploads\/2019\/02\/bebianno-luta.jpeg","contentUrl":"https:\/\/www.notibras.com\/site\/wp-content\/uploads\/2019\/02\/bebianno-luta.jpeg","width":1440,"height":1080,"caption":"Foto\/Reprodu\u00e7\u00e3o"},{"@type":"BreadcrumbList","@id":"https:\/\/www.notibras.com\/site\/ainda-ministro-bebianno-fala-em-ir-para-a-briga-contra-ameacas\/#breadcrumb","itemListElement":[{"@type":"ListItem","position":1,"name":"In\u00edcio","item":"https:\/\/www.notibras.com\/site\/"},{"@type":"ListItem","position":2,"name":"Ainda ministro, Bebianno fala em &#8216;ir para a briga&#8217; contra amea\u00e7as"}]},{"@type":"WebSite","@id":"https:\/\/www.notibras.com\/site\/#website","url":"https:\/\/www.notibras.com\/site\/","name":"Notibras","description":"Not\u00edcias de Bras\u00edlia, do Brasil e do Mundo","publisher":{"@id":"https:\/\/www.notibras.com\/site\/#organization"},"potentialAction":[{"@type":"SearchAction","target":{"@type":"EntryPoint","urlTemplate":"https:\/\/www.notibras.com\/site\/?s={search_term_string}"},"query-input":{"@type":"PropertyValueSpecification","valueRequired":true,"valueName":"search_term_string"}}],"inLanguage":"pt-BR"},{"@type":"Organization","@id":"https:\/\/www.notibras.com\/site\/#organization","name":"Grupo Notibras de Comunica\u00e7\u00e3o","url":"https:\/\/www.notibras.com\/site\/","logo":{"@type":"ImageObject","inLanguage":"pt-BR","@id":"https:\/\/www.notibras.com\/site\/#\/schema\/logo\/image\/","url":"https:\/\/www.notibras.com\/site\/wp-content\/uploads\/2023\/01\/notibras23.png","contentUrl":"https:\/\/www.notibras.com\/site\/wp-content\/uploads\/2023\/01\/notibras23.png","width":350,"height":87,"caption":"Grupo Notibras de Comunica\u00e7\u00e3o"},"image":{"@id":"https:\/\/www.notibras.com\/site\/#\/schema\/logo\/image\/"},"sameAs":["https:\/\/www.facebook.com\/notibras\/","https:\/\/x.com\/Notibras","https:\/\/www.instagram.com\/notibras\/"]},{"@type":"Person","@id":"https:\/\/www.notibras.com\/site\/#\/schema\/person\/36ab0979449956132d3e5b517ea76ac8","name":"Reda\u00e7\u00e3o","image":{"@type":"ImageObject","inLanguage":"pt-BR","@id":"https:\/\/secure.gravatar.com\/avatar\/e0a867bdedb85fd243eadf09663511f96fc81e0720a4a42581f334ad4303aa6b?s=96&d=mm&r=g","url":"https:\/\/secure.gravatar.com\/avatar\/e0a867bdedb85fd243eadf09663511f96fc81e0720a4a42581f334ad4303aa6b?s=96&d=mm&r=g","contentUrl":"https:\/\/secure.gravatar.com\/avatar\/e0a867bdedb85fd243eadf09663511f96fc81e0720a4a42581f334ad4303aa6b?s=96&d=mm&r=g","caption":"Reda\u00e7\u00e3o"}}]}},"amp_enabled":true,"_links":{"self":[{"href":"https:\/\/www.notibras.com\/site\/wp-json\/wp\/v2\/posts\/202835","targetHints":{"allow":["GET"]}}],"collection":[{"href":"https:\/\/www.notibras.com\/site\/wp-json\/wp\/v2\/posts"}],"about":[{"href":"https:\/\/www.notibras.com\/site\/wp-json\/wp\/v2\/types\/post"}],"author":[{"embeddable":true,"href":"https:\/\/www.notibras.com\/site\/wp-json\/wp\/v2\/users\/2"}],"replies":[{"embeddable":true,"href":"https:\/\/www.notibras.com\/site\/wp-json\/wp\/v2\/comments?post=202835"}],"version-history":[{"count":4,"href":"https:\/\/www.notibras.com\/site\/wp-json\/wp\/v2\/posts\/202835\/revisions"}],"predecessor-version":[{"id":202840,"href":"https:\/\/www.notibras.com\/site\/wp-json\/wp\/v2\/posts\/202835\/revisions\/202840"}],"wp:featuredmedia":[{"embeddable":true,"href":"https:\/\/www.notibras.com\/site\/wp-json\/wp\/v2\/media\/202836"}],"wp:attachment":[{"href":"https:\/\/www.notibras.com\/site\/wp-json\/wp\/v2\/media?parent=202835"}],"wp:term":[{"taxonomy":"category","embeddable":true,"href":"https:\/\/www.notibras.com\/site\/wp-json\/wp\/v2\/categories?post=202835"},{"taxonomy":"post_tag","embeddable":true,"href":"https:\/\/www.notibras.com\/site\/wp-json\/wp\/v2\/tags?post=202835"}],"curies":[{"name":"wp","href":"https:\/\/api.w.org\/{rel}","templated":true}]}}