{"id":202854,"date":"2019-02-18T15:00:19","date_gmt":"2019-02-18T18:00:19","guid":{"rendered":"https:\/\/www.notibras.com\/site\/?p=202854"},"modified":"2019-02-18T16:44:29","modified_gmt":"2019-02-18T19:44:29","slug":"mourao-inicia-a-contagem-regressiva-para-adeus-de-bebianno","status":"publish","type":"post","link":"https:\/\/www.notibras.com\/site\/mourao-inicia-a-contagem-regressiva-para-adeus-de-bebianno\/","title":{"rendered":"Mour\u00e3o inicia a contagem regressiva para adeus de Bebianno"},"content":{"rendered":"<p>O governo est\u00e1 em compasso de espera para o desfecho que o presidente Jair Bolsonaro pretende dar ao imbr\u00f3glio envolvendo o ainda ministro da Secretaria-Geral, Gustavo Bebianno. A expectativa \u00e9 de que o impasse, iniciado na quarta-feira da semana passada, culmine com a demiss\u00e3o do ministro. &#8220;De hoje n\u00e3o passa&#8221;, afirmou o vice-presidente Hamilton Mour\u00e3o. &#8220;Bebianno vai ser exonerado hoje (segunda) pelo presidente&#8221;, refor\u00e7ou.<\/p>\n<p>O desfecho completo dessa novela dever\u00e1 ser conhecido apenas por volta das 17 horas, durante briefing do porta-voz, general Ot\u00e1vio R\u00eago Barros. Mas os detalhes da decis\u00e3o est\u00e3o na cabe\u00e7a do presidente Bolsonaro, que, neste momento, n\u00e3o est\u00e1 compartilhando o que pensa em fazer. Al\u00e9m de Mour\u00e3o, outros interlocutores diretos do presidente afirmam que, apesar de a demiss\u00e3o de Bebianno n\u00e3o ter vindo no Di\u00e1rio Oficial da Uni\u00e3o (DOU) j\u00e1 publicado nesta segunda-feira 17, sair\u00e1 nas pr\u00f3ximas horas.<\/p>\n<p>Todo esse desgaste est\u00e1 preocupando, e muito, o segmento militar do governo, que considera que a crise j\u00e1 foi muito al\u00e9m do que deveria e tem prejudicado toda a agenda positiva que vinha sendo trabalhada. Para interlocutores diretos do presidente ouvidos pelo Estado, \u00e9 preciso encerrar o cap\u00edtulo Bebianno o quanto antes, e acabar com esse clima de guerrilha e desconfian\u00e7a que tem dominado parte do governo e se acirrou nos \u00faltimos dias.<\/p>\n<p>Embora o governo esteja com menos de 50 dias, de 1\u00ba de janeiro para c\u00e1, os militares tiveram de apagar in\u00fameros inc\u00eandios. O entendimento \u00e9 de que n\u00e3o pode ser assim o tempo todo, apagar inc\u00eandio todos os dias, criando um clima de instabilidade indesej\u00e1vel. J\u00e1 que a situa\u00e7\u00e3o de Bebianno \u00e9 insustent\u00e1vel, questionam os auxiliares, \u00e9 preciso virar logo a p\u00e1gina para que o governo volte a focar em agendas positivas. Que se deixe os fantasmas de lado e se passe a administrar efetivamente as metas governamentais.<\/p>\n<p>Prolongar essa sangria do Bebianno para esta segunda-feira foi considerado um erro porque, nesta quarta-feira, o governo pretende encaminhar ao Congresso o texto da reforma da Previd\u00eancia e auxiliares do governo temem que a estrat\u00e9gia pr\u00f3-reforma seja contaminada pelas tradicionais intrigas palacianas. Lembram, por exemplo, que a &#8220;important\u00edssima&#8221; operacionaliza\u00e7\u00e3o da quarta passada de transfer\u00eancia de presos perigosos para pres\u00eddios federais ficou relegada a segundo plano j\u00e1 por causa da crise Bebianno.<\/p>\n<p>O governo tenta, por exemplo, se organizar para a viagem de Bolsonaro aos Estados Unidos, uma bilateral para tratar de com\u00e9rcio, considerada agenda positiva. Mas todos sabem que o tema n\u00e3o ter\u00e1 nenhum espa\u00e7o se esta guerra prosseguir. A assessoria do Planalto informou que o presidente avalia, por exemplo, que Bolsonaro poder\u00e1 levar a proposta da reforma da Previd\u00eancia ao Congresso. Seria uma forma de criar um fato. Para o mesmo dia, est\u00e1 marcado o f\u00f3rum dos governadores. Mas os auxiliares dizem que, de nada adianta se, no mesmo dia, um desses &#8220;tu\u00edtes bomb\u00e1sticos&#8221; for publicado nas redes sociais.<\/p>\n<p>Bolsonaro passou a manh\u00e3 no Pal\u00e1cio do Planalto, para onde foi, depois de se reunir com o ministro da Casa Civil, Onyx Lorenzoni, no Pal\u00e1cio da Alvorada. Desde cedo, Bolsonaro est\u00e1 com &#8220;despachos internos&#8221; na agenda, mas se reuniu tamb\u00e9m com outros ministros da Casa &#8211; Augusto Heleno, do Gabinete de Seguran\u00e7a Institucional, e general Santos Cruz, da Secretaria de Governo &#8211; e decidiu n\u00e3o ir para o Alvorada almo\u00e7ar.<\/p>\n<p>O presidente j\u00e1 foi avisado de que Bebianno poder\u00e1 sair atirando, trazendo problemas de campanha para a m\u00eddia. A fam\u00edlia Bolsonaro est\u00e1 irritada com as amea\u00e7as. Os principais assessores do presidente esperam que, com a volta do presidente ao Planalto e a redu\u00e7\u00e3o da influ\u00eancia dos filhos sobre ele, particularmente o vereador Carlos Bolsonaro, haja um pouco mais de serenidade no governo e ele passe a ouvir um pouco mais a chamada ala mais conservadora e mais equilibrada do Pal\u00e1cio. Os militares est\u00e3o um pouco impacientes com essas guerrilhas em redes sociais, que consideram que s\u00f3 t\u00eam contribu\u00eddo para atrapalhar o governo, embora reconhe\u00e7am que este foi o instrumento usado por Bolsonaro para chegar ao comando do Pa\u00eds.<\/p>\n","protected":false},"excerpt":{"rendered":"<p>O governo est\u00e1 em compasso de espera para o desfecho que o presidente Jair Bolsonaro pretende dar ao imbr\u00f3glio envolvendo o ainda ministro da Secretaria-Geral, Gustavo Bebianno. A expectativa \u00e9 de que o impasse, iniciado na quarta-feira da semana passada, culmine com a demiss\u00e3o do ministro. &#8220;De hoje n\u00e3o passa&#8221;, afirmou o vice-presidente Hamilton Mour\u00e3o. [&hellip;]<\/p>\n","protected":false},"author":2,"featured_media":197433,"comment_status":"closed","ping_status":"closed","sticky":false,"template":"","format":"standard","meta":{"_acf_changed":false,"footnotes":""},"categories":[16],"tags":[95],"class_list":["post-202854","post","type-post","status-publish","format-standard","has-post-thumbnail","hentry","category-brasil","tag-capa"],"acf":[],"yoast_head":"<!-- This site is optimized with the Yoast SEO plugin v27.2 - https:\/\/yoast.com\/product\/yoast-seo-wordpress\/ -->\n<title>Mour\u00e3o inicia a contagem regressiva para adeus de Bebianno - Notibras<\/title>\n<meta name=\"robots\" content=\"index, follow, max-snippet:-1, max-image-preview:large, max-video-preview:-1\" \/>\n<link rel=\"canonical\" href=\"https:\/\/www.notibras.com\/site\/mourao-inicia-a-contagem-regressiva-para-adeus-de-bebianno\/\" \/>\n<meta property=\"og:locale\" content=\"pt_BR\" \/>\n<meta property=\"og:type\" content=\"article\" \/>\n<meta property=\"og:title\" content=\"Mour\u00e3o inicia a contagem regressiva para adeus de Bebianno - Notibras\" \/>\n<meta property=\"og:description\" content=\"O governo est\u00e1 em compasso de espera para o desfecho que o presidente Jair Bolsonaro pretende dar ao imbr\u00f3glio envolvendo o ainda ministro da Secretaria-Geral, Gustavo Bebianno. A expectativa \u00e9 de que o impasse, iniciado na quarta-feira da semana passada, culmine com a demiss\u00e3o do ministro. &#8220;De hoje n\u00e3o passa&#8221;, afirmou o vice-presidente Hamilton Mour\u00e3o. [&hellip;]\" \/>\n<meta property=\"og:url\" content=\"https:\/\/www.notibras.com\/site\/mourao-inicia-a-contagem-regressiva-para-adeus-de-bebianno\/\" \/>\n<meta property=\"og:site_name\" content=\"Notibras\" \/>\n<meta property=\"article:publisher\" content=\"https:\/\/www.facebook.com\/notibras\/\" \/>\n<meta property=\"article:published_time\" content=\"2019-02-18T18:00:19+00:00\" \/>\n<meta property=\"article:modified_time\" content=\"2019-02-18T19:44:29+00:00\" \/>\n<meta property=\"og:image\" content=\"https:\/\/www.notibras.com\/site\/wp-content\/uploads\/2018\/12\/mour\u00e3o-e-bolsonaro.jpg\" \/>\n\t<meta property=\"og:image:width\" content=\"932\" \/>\n\t<meta property=\"og:image:height\" content=\"662\" \/>\n\t<meta property=\"og:image:type\" content=\"image\/jpeg\" \/>\n<meta name=\"author\" content=\"Reda\u00e7\u00e3o\" \/>\n<meta name=\"twitter:card\" content=\"summary_large_image\" \/>\n<meta name=\"twitter:creator\" content=\"@Notibras\" \/>\n<meta name=\"twitter:site\" content=\"@Notibras\" \/>\n<meta name=\"twitter:label1\" content=\"Escrito por\" \/>\n\t<meta name=\"twitter:data1\" content=\"Reda\u00e7\u00e3o\" \/>\n\t<meta name=\"twitter:label2\" content=\"Est. tempo de leitura\" \/>\n\t<meta name=\"twitter:data2\" content=\"4 minutos\" \/>\n<script type=\"application\/ld+json\" class=\"yoast-schema-graph\">{\"@context\":\"https:\/\/schema.org\",\"@graph\":[{\"@type\":\"Article\",\"@id\":\"https:\/\/www.notibras.com\/site\/mourao-inicia-a-contagem-regressiva-para-adeus-de-bebianno\/#article\",\"isPartOf\":{\"@id\":\"https:\/\/www.notibras.com\/site\/mourao-inicia-a-contagem-regressiva-para-adeus-de-bebianno\/\"},\"author\":{\"name\":\"Reda\u00e7\u00e3o\",\"@id\":\"https:\/\/www.notibras.com\/site\/#\/schema\/person\/36ab0979449956132d3e5b517ea76ac8\"},\"headline\":\"Mour\u00e3o inicia a contagem regressiva para adeus de Bebianno\",\"datePublished\":\"2019-02-18T18:00:19+00:00\",\"dateModified\":\"2019-02-18T19:44:29+00:00\",\"mainEntityOfPage\":{\"@id\":\"https:\/\/www.notibras.com\/site\/mourao-inicia-a-contagem-regressiva-para-adeus-de-bebianno\/\"},\"wordCount\":722,\"publisher\":{\"@id\":\"https:\/\/www.notibras.com\/site\/#organization\"},\"image\":{\"@id\":\"https:\/\/www.notibras.com\/site\/mourao-inicia-a-contagem-regressiva-para-adeus-de-bebianno\/#primaryimage\"},\"thumbnailUrl\":\"https:\/\/www.notibras.com\/site\/wp-content\/uploads\/2018\/12\/mour\u00e3o-e-bolsonaro.jpg\",\"keywords\":[\"capa\"],\"articleSection\":[\"Brasil\"],\"inLanguage\":\"pt-BR\"},{\"@type\":\"WebPage\",\"@id\":\"https:\/\/www.notibras.com\/site\/mourao-inicia-a-contagem-regressiva-para-adeus-de-bebianno\/\",\"url\":\"https:\/\/www.notibras.com\/site\/mourao-inicia-a-contagem-regressiva-para-adeus-de-bebianno\/\",\"name\":\"Mour\u00e3o inicia a contagem regressiva para adeus de Bebianno - Notibras\",\"isPartOf\":{\"@id\":\"https:\/\/www.notibras.com\/site\/#website\"},\"primaryImageOfPage\":{\"@id\":\"https:\/\/www.notibras.com\/site\/mourao-inicia-a-contagem-regressiva-para-adeus-de-bebianno\/#primaryimage\"},\"image\":{\"@id\":\"https:\/\/www.notibras.com\/site\/mourao-inicia-a-contagem-regressiva-para-adeus-de-bebianno\/#primaryimage\"},\"thumbnailUrl\":\"https:\/\/www.notibras.com\/site\/wp-content\/uploads\/2018\/12\/mour\u00e3o-e-bolsonaro.jpg\",\"datePublished\":\"2019-02-18T18:00:19+00:00\",\"dateModified\":\"2019-02-18T19:44:29+00:00\",\"breadcrumb\":{\"@id\":\"https:\/\/www.notibras.com\/site\/mourao-inicia-a-contagem-regressiva-para-adeus-de-bebianno\/#breadcrumb\"},\"inLanguage\":\"pt-BR\",\"potentialAction\":[{\"@type\":\"ReadAction\",\"target\":[\"https:\/\/www.notibras.com\/site\/mourao-inicia-a-contagem-regressiva-para-adeus-de-bebianno\/\"]}]},{\"@type\":\"ImageObject\",\"inLanguage\":\"pt-BR\",\"@id\":\"https:\/\/www.notibras.com\/site\/mourao-inicia-a-contagem-regressiva-para-adeus-de-bebianno\/#primaryimage\",\"url\":\"https:\/\/www.notibras.com\/site\/wp-content\/uploads\/2018\/12\/mour\u00e3o-e-bolsonaro.jpg\",\"contentUrl\":\"https:\/\/www.notibras.com\/site\/wp-content\/uploads\/2018\/12\/mour\u00e3o-e-bolsonaro.jpg\",\"width\":932,\"height\":662},{\"@type\":\"BreadcrumbList\",\"@id\":\"https:\/\/www.notibras.com\/site\/mourao-inicia-a-contagem-regressiva-para-adeus-de-bebianno\/#breadcrumb\",\"itemListElement\":[{\"@type\":\"ListItem\",\"position\":1,\"name\":\"In\u00edcio\",\"item\":\"https:\/\/www.notibras.com\/site\/\"},{\"@type\":\"ListItem\",\"position\":2,\"name\":\"Mour\u00e3o inicia a contagem regressiva para adeus de Bebianno\"}]},{\"@type\":\"WebSite\",\"@id\":\"https:\/\/www.notibras.com\/site\/#website\",\"url\":\"https:\/\/www.notibras.com\/site\/\",\"name\":\"Notibras\",\"description\":\"Not\u00edcias de Bras\u00edlia, do Brasil e do Mundo\",\"publisher\":{\"@id\":\"https:\/\/www.notibras.com\/site\/#organization\"},\"potentialAction\":[{\"@type\":\"SearchAction\",\"target\":{\"@type\":\"EntryPoint\",\"urlTemplate\":\"https:\/\/www.notibras.com\/site\/?s={search_term_string}\"},\"query-input\":{\"@type\":\"PropertyValueSpecification\",\"valueRequired\":true,\"valueName\":\"search_term_string\"}}],\"inLanguage\":\"pt-BR\"},{\"@type\":\"Organization\",\"@id\":\"https:\/\/www.notibras.com\/site\/#organization\",\"name\":\"Grupo Notibras de Comunica\u00e7\u00e3o\",\"url\":\"https:\/\/www.notibras.com\/site\/\",\"logo\":{\"@type\":\"ImageObject\",\"inLanguage\":\"pt-BR\",\"@id\":\"https:\/\/www.notibras.com\/site\/#\/schema\/logo\/image\/\",\"url\":\"https:\/\/www.notibras.com\/site\/wp-content\/uploads\/2023\/01\/notibras23.png\",\"contentUrl\":\"https:\/\/www.notibras.com\/site\/wp-content\/uploads\/2023\/01\/notibras23.png\",\"width\":350,\"height\":87,\"caption\":\"Grupo Notibras de Comunica\u00e7\u00e3o\"},\"image\":{\"@id\":\"https:\/\/www.notibras.com\/site\/#\/schema\/logo\/image\/\"},\"sameAs\":[\"https:\/\/www.facebook.com\/notibras\/\",\"https:\/\/x.com\/Notibras\",\"https:\/\/www.instagram.com\/notibras\/\"]},{\"@type\":\"Person\",\"@id\":\"https:\/\/www.notibras.com\/site\/#\/schema\/person\/36ab0979449956132d3e5b517ea76ac8\",\"name\":\"Reda\u00e7\u00e3o\",\"image\":{\"@type\":\"ImageObject\",\"inLanguage\":\"pt-BR\",\"@id\":\"https:\/\/secure.gravatar.com\/avatar\/e0a867bdedb85fd243eadf09663511f96fc81e0720a4a42581f334ad4303aa6b?s=96&d=mm&r=g\",\"url\":\"https:\/\/secure.gravatar.com\/avatar\/e0a867bdedb85fd243eadf09663511f96fc81e0720a4a42581f334ad4303aa6b?s=96&d=mm&r=g\",\"contentUrl\":\"https:\/\/secure.gravatar.com\/avatar\/e0a867bdedb85fd243eadf09663511f96fc81e0720a4a42581f334ad4303aa6b?s=96&d=mm&r=g\",\"caption\":\"Reda\u00e7\u00e3o\"}}]}<\/script>\n<!-- \/ Yoast SEO plugin. -->","yoast_head_json":{"title":"Mour\u00e3o inicia a contagem regressiva para adeus de Bebianno - Notibras","robots":{"index":"index","follow":"follow","max-snippet":"max-snippet:-1","max-image-preview":"max-image-preview:large","max-video-preview":"max-video-preview:-1"},"canonical":"https:\/\/www.notibras.com\/site\/mourao-inicia-a-contagem-regressiva-para-adeus-de-bebianno\/","og_locale":"pt_BR","og_type":"article","og_title":"Mour\u00e3o inicia a contagem regressiva para adeus de Bebianno - Notibras","og_description":"O governo est\u00e1 em compasso de espera para o desfecho que o presidente Jair Bolsonaro pretende dar ao imbr\u00f3glio envolvendo o ainda ministro da Secretaria-Geral, Gustavo Bebianno. A expectativa \u00e9 de que o impasse, iniciado na quarta-feira da semana passada, culmine com a demiss\u00e3o do ministro. &#8220;De hoje n\u00e3o passa&#8221;, afirmou o vice-presidente Hamilton Mour\u00e3o. [&hellip;]","og_url":"https:\/\/www.notibras.com\/site\/mourao-inicia-a-contagem-regressiva-para-adeus-de-bebianno\/","og_site_name":"Notibras","article_publisher":"https:\/\/www.facebook.com\/notibras\/","article_published_time":"2019-02-18T18:00:19+00:00","article_modified_time":"2019-02-18T19:44:29+00:00","og_image":[{"width":932,"height":662,"url":"https:\/\/www.notibras.com\/site\/wp-content\/uploads\/2018\/12\/mour\u00e3o-e-bolsonaro.jpg","type":"image\/jpeg"}],"author":"Reda\u00e7\u00e3o","twitter_card":"summary_large_image","twitter_creator":"@Notibras","twitter_site":"@Notibras","twitter_misc":{"Escrito por":"Reda\u00e7\u00e3o","Est. tempo de leitura":"4 minutos"},"schema":{"@context":"https:\/\/schema.org","@graph":[{"@type":"Article","@id":"https:\/\/www.notibras.com\/site\/mourao-inicia-a-contagem-regressiva-para-adeus-de-bebianno\/#article","isPartOf":{"@id":"https:\/\/www.notibras.com\/site\/mourao-inicia-a-contagem-regressiva-para-adeus-de-bebianno\/"},"author":{"name":"Reda\u00e7\u00e3o","@id":"https:\/\/www.notibras.com\/site\/#\/schema\/person\/36ab0979449956132d3e5b517ea76ac8"},"headline":"Mour\u00e3o inicia a contagem regressiva para adeus de Bebianno","datePublished":"2019-02-18T18:00:19+00:00","dateModified":"2019-02-18T19:44:29+00:00","mainEntityOfPage":{"@id":"https:\/\/www.notibras.com\/site\/mourao-inicia-a-contagem-regressiva-para-adeus-de-bebianno\/"},"wordCount":722,"publisher":{"@id":"https:\/\/www.notibras.com\/site\/#organization"},"image":{"@id":"https:\/\/www.notibras.com\/site\/mourao-inicia-a-contagem-regressiva-para-adeus-de-bebianno\/#primaryimage"},"thumbnailUrl":"https:\/\/www.notibras.com\/site\/wp-content\/uploads\/2018\/12\/mour\u00e3o-e-bolsonaro.jpg","keywords":["capa"],"articleSection":["Brasil"],"inLanguage":"pt-BR"},{"@type":"WebPage","@id":"https:\/\/www.notibras.com\/site\/mourao-inicia-a-contagem-regressiva-para-adeus-de-bebianno\/","url":"https:\/\/www.notibras.com\/site\/mourao-inicia-a-contagem-regressiva-para-adeus-de-bebianno\/","name":"Mour\u00e3o inicia a contagem regressiva para adeus de Bebianno - Notibras","isPartOf":{"@id":"https:\/\/www.notibras.com\/site\/#website"},"primaryImageOfPage":{"@id":"https:\/\/www.notibras.com\/site\/mourao-inicia-a-contagem-regressiva-para-adeus-de-bebianno\/#primaryimage"},"image":{"@id":"https:\/\/www.notibras.com\/site\/mourao-inicia-a-contagem-regressiva-para-adeus-de-bebianno\/#primaryimage"},"thumbnailUrl":"https:\/\/www.notibras.com\/site\/wp-content\/uploads\/2018\/12\/mour\u00e3o-e-bolsonaro.jpg","datePublished":"2019-02-18T18:00:19+00:00","dateModified":"2019-02-18T19:44:29+00:00","breadcrumb":{"@id":"https:\/\/www.notibras.com\/site\/mourao-inicia-a-contagem-regressiva-para-adeus-de-bebianno\/#breadcrumb"},"inLanguage":"pt-BR","potentialAction":[{"@type":"ReadAction","target":["https:\/\/www.notibras.com\/site\/mourao-inicia-a-contagem-regressiva-para-adeus-de-bebianno\/"]}]},{"@type":"ImageObject","inLanguage":"pt-BR","@id":"https:\/\/www.notibras.com\/site\/mourao-inicia-a-contagem-regressiva-para-adeus-de-bebianno\/#primaryimage","url":"https:\/\/www.notibras.com\/site\/wp-content\/uploads\/2018\/12\/mour\u00e3o-e-bolsonaro.jpg","contentUrl":"https:\/\/www.notibras.com\/site\/wp-content\/uploads\/2018\/12\/mour\u00e3o-e-bolsonaro.jpg","width":932,"height":662},{"@type":"BreadcrumbList","@id":"https:\/\/www.notibras.com\/site\/mourao-inicia-a-contagem-regressiva-para-adeus-de-bebianno\/#breadcrumb","itemListElement":[{"@type":"ListItem","position":1,"name":"In\u00edcio","item":"https:\/\/www.notibras.com\/site\/"},{"@type":"ListItem","position":2,"name":"Mour\u00e3o inicia a contagem regressiva para adeus de Bebianno"}]},{"@type":"WebSite","@id":"https:\/\/www.notibras.com\/site\/#website","url":"https:\/\/www.notibras.com\/site\/","name":"Notibras","description":"Not\u00edcias de Bras\u00edlia, do Brasil e do Mundo","publisher":{"@id":"https:\/\/www.notibras.com\/site\/#organization"},"potentialAction":[{"@type":"SearchAction","target":{"@type":"EntryPoint","urlTemplate":"https:\/\/www.notibras.com\/site\/?s={search_term_string}"},"query-input":{"@type":"PropertyValueSpecification","valueRequired":true,"valueName":"search_term_string"}}],"inLanguage":"pt-BR"},{"@type":"Organization","@id":"https:\/\/www.notibras.com\/site\/#organization","name":"Grupo Notibras de Comunica\u00e7\u00e3o","url":"https:\/\/www.notibras.com\/site\/","logo":{"@type":"ImageObject","inLanguage":"pt-BR","@id":"https:\/\/www.notibras.com\/site\/#\/schema\/logo\/image\/","url":"https:\/\/www.notibras.com\/site\/wp-content\/uploads\/2023\/01\/notibras23.png","contentUrl":"https:\/\/www.notibras.com\/site\/wp-content\/uploads\/2023\/01\/notibras23.png","width":350,"height":87,"caption":"Grupo Notibras de Comunica\u00e7\u00e3o"},"image":{"@id":"https:\/\/www.notibras.com\/site\/#\/schema\/logo\/image\/"},"sameAs":["https:\/\/www.facebook.com\/notibras\/","https:\/\/x.com\/Notibras","https:\/\/www.instagram.com\/notibras\/"]},{"@type":"Person","@id":"https:\/\/www.notibras.com\/site\/#\/schema\/person\/36ab0979449956132d3e5b517ea76ac8","name":"Reda\u00e7\u00e3o","image":{"@type":"ImageObject","inLanguage":"pt-BR","@id":"https:\/\/secure.gravatar.com\/avatar\/e0a867bdedb85fd243eadf09663511f96fc81e0720a4a42581f334ad4303aa6b?s=96&d=mm&r=g","url":"https:\/\/secure.gravatar.com\/avatar\/e0a867bdedb85fd243eadf09663511f96fc81e0720a4a42581f334ad4303aa6b?s=96&d=mm&r=g","contentUrl":"https:\/\/secure.gravatar.com\/avatar\/e0a867bdedb85fd243eadf09663511f96fc81e0720a4a42581f334ad4303aa6b?s=96&d=mm&r=g","caption":"Reda\u00e7\u00e3o"}}]}},"amp_enabled":true,"_links":{"self":[{"href":"https:\/\/www.notibras.com\/site\/wp-json\/wp\/v2\/posts\/202854","targetHints":{"allow":["GET"]}}],"collection":[{"href":"https:\/\/www.notibras.com\/site\/wp-json\/wp\/v2\/posts"}],"about":[{"href":"https:\/\/www.notibras.com\/site\/wp-json\/wp\/v2\/types\/post"}],"author":[{"embeddable":true,"href":"https:\/\/www.notibras.com\/site\/wp-json\/wp\/v2\/users\/2"}],"replies":[{"embeddable":true,"href":"https:\/\/www.notibras.com\/site\/wp-json\/wp\/v2\/comments?post=202854"}],"version-history":[{"count":4,"href":"https:\/\/www.notibras.com\/site\/wp-json\/wp\/v2\/posts\/202854\/revisions"}],"predecessor-version":[{"id":202862,"href":"https:\/\/www.notibras.com\/site\/wp-json\/wp\/v2\/posts\/202854\/revisions\/202862"}],"wp:featuredmedia":[{"embeddable":true,"href":"https:\/\/www.notibras.com\/site\/wp-json\/wp\/v2\/media\/197433"}],"wp:attachment":[{"href":"https:\/\/www.notibras.com\/site\/wp-json\/wp\/v2\/media?parent=202854"}],"wp:term":[{"taxonomy":"category","embeddable":true,"href":"https:\/\/www.notibras.com\/site\/wp-json\/wp\/v2\/categories?post=202854"},{"taxonomy":"post_tag","embeddable":true,"href":"https:\/\/www.notibras.com\/site\/wp-json\/wp\/v2\/tags?post=202854"}],"curies":[{"name":"wp","href":"https:\/\/api.w.org\/{rel}","templated":true}]}}