{"id":202874,"date":"2019-02-18T17:58:23","date_gmt":"2019-02-18T20:58:23","guid":{"rendered":"https:\/\/www.notibras.com\/site\/?p=202874"},"modified":"2019-02-18T17:59:38","modified_gmt":"2019-02-18T20:59:38","slug":"bebianno-esta-saindo-por-que-a-grana-do-psl-foi-mesmo-pouca","status":"publish","type":"post","link":"https:\/\/www.notibras.com\/site\/bebianno-esta-saindo-por-que-a-grana-do-psl-foi-mesmo-pouca\/","title":{"rendered":"Bebianno est\u00e1 saindo por qu\u00ea? A grana do PSL foi mesmo pouca?"},"content":{"rendered":"<p>Em v\u00e1rios aspectos, a campanha de Jair Bolsonaro para chegar \u00e0 Presid\u00eancia ser\u00e1 um marco na hist\u00f3ria eleitoral do Brasil, em particular do ponto de vista financeiro. Com a proibi\u00e7\u00e3o das doa\u00e7\u00f5es de empresas, j\u00e1 se sabia que os custos seriam muito inferiores \u00e0s centenas de milh\u00f5es de reais gastas at\u00e9 2014.<\/p>\n<p>Mas chegar ao Planalto gastando R$ 2,5 milh\u00f5es ainda parece surreal. Ainda mais quando comparado com seu advers\u00e1rio de segundo turno, Fernando Haddad, que teve que gastar R$ 37,5 milh\u00f5es, aos quais devem ser somados os R$ 19,8 milh\u00f5es engajados quando o candidato ainda era Lula.<\/p>\n<p>A diferen\u00e7a \u00e9 gritante, mas tem explica\u00e7\u00f5es: com parcos segundos na m\u00eddia eletr\u00f4nica no primeiro turno, o candidato do PSL n\u00e3o teve o gasto maior de todos: produ\u00e7\u00e3o de televis\u00e3o. O atentado que sofreu o tirou das ruas, e consequentemente o impediu de gastar viajando, organizando e participando de com\u00edcios.<\/p>\n<p>Outro fato inesperado: as doa\u00e7\u00f5es de militantes via vaquinha virtual foram extraordin\u00e1rias, chegando a R$ 3,7 milh\u00f5es, ou seja, 85% da receita total de R$ 4,4 milh\u00f5es. Por isso, a campanha foi superavit\u00e1ria, enquanto Fernando Haddad ainda teve que acionar o PT a se comprometer para saldar sua fatura: faltaram R$ 3,8 milh\u00f5es.<\/p>\n<p>As contas do ent\u00e3o futuro presidente foram aprovadas, com ressalvas em raz\u00e3o de irregularidades t\u00e9cnicas relativas a 1,52% da movimenta\u00e7\u00e3o. Os t\u00e9cnicos do Tribunal Superior Eleitoral analisam as presta\u00e7\u00f5es de contas sob o \u00e2ngulo cont\u00e1bil e jur\u00eddico, verificando a regularidade dos documentos e a legalidade das opera\u00e7\u00f5es. Como o nome indica, as eventuais opera\u00e7\u00f5es \u201cn\u00e3o contabilizadas\u201d, consequentemente, n\u00e3o est\u00e3o ao alcance dos especialistas.<\/p>\n<p>Ent\u00e3o como o assunto \u201ccontas de campanha\u201d criou a nova crise no Planalto? Por ingenuidade e por indecis\u00e3o. Gustavo Bebianno era presidente do PSL em 2018. Articulador da campanha de Bolsonaro, foi ele que negociou com Luciano Bivar, fundador do partido, a vinda do grupo. N\u00e3o foi f\u00e1cil, porque a quase totalidade dos analistas da vida pol\u00edtica, \u00e0 \u00e9poca, previam uma \u201cdesidrata\u00e7\u00e3o\u201d do candidato quando as duas grandes m\u00e1quinas eleitorais (PT e PSDB) se colocassem em movimento. Alguns partidos (que iam se arrepender depois) olhavam torto ou com desprezo para um deputado d baixo clero que tinha por \u00fanico capital uma legi\u00e3o de excitados que faziam festa a cada viagem dele pelo Brasil.<\/p>\n<p>A ingenuidade do Planalto foi achar que uma not\u00edcia a respeito de distribui\u00e7\u00e3o de fundos partid\u00e1rio e eleitoral podia passar em brancas nuvens. O exemplo do relat\u00f3rio do COAF, que detectou movimentos financeiros at\u00edpicos em contas de assessores de deputados da Assembleia Legislativa do Rio de Janeiro, n\u00e3o serviu de li\u00e7\u00e3o. O foco, que continua agitando a oposi\u00e7\u00e3o (que est\u00e1 plenamente exercendo seu direito) passou exclusivamente a ser o motorista de Fl\u00e1vio Bolsonaro, Fabr\u00edcio Queiroz, seu milh\u00e3o de reais entrando em sua conta e saindo at\u00e9 mesmo para a primeira-dama. As outras \u201csurpresinhas\u201d do relat\u00f3rio, que aponta transa\u00e7\u00f5es estranhas em contas de 70 assessores de 22 parlamentares, sumiram do radar. At\u00e9 mesmo os quatro colaboradores de um deputado do PT que, juntos, movimentaram R$ 49 milh\u00f5es no mesmo per\u00edodo.<\/p>\n<p>O caso atual n\u00e3o \u00e9 diferente. E nem prov\u00e9m de qualquer \u00f3rg\u00e3o judici\u00e1rio ou de fiscaliza\u00e7\u00e3o. Apareceu na imprensa. Analisando contas de candidatos e sobretudo de candidatas, a Folha de S\u00e3o Paulo mostrou que h\u00e1 casos estranhos. O dinheiro dos fundos (aprovisionados com dinheiro p\u00fablico, os dois, o partid\u00e1rio e o especial eleitoral somam R$ 2,5 bilh\u00f5es) foi distribu\u00eddo para candidatas que tiveram vota\u00e7\u00e3o p\u00edfia. O TSE tendo determinado que no m\u00ednimo 30% dos recursos (bem como o tempo de TV) tinham que ser destinados a aumentar a presen\u00e7a feminina nas campanhas, h\u00e1 ind\u00edcios que algumas dessas foram candidaturas \u201claranjas\u201d, e que o dinheiro serviu at\u00e9 para bancar disfar\u00e7adamente candidatos homens com maiores chances.<\/p>\n<p>Por enquanto, a palavra est\u00e1 com o Minist\u00e9rio P\u00fablico. E a pol\u00edcia. \u00c9 preciso investigar se se trata de uma \u201cesperteza\u201d por parte dos partidos, ou se houve mesmo fraude. E, como no caso do COAF, o caso do PSL \u00e9 s\u00f3 um no meio de outros. A mat\u00e9ria da Folha listou 49 candidatas que receberam acima de R$ 100 mil dos fundos, e tiveram vota\u00e7\u00e3o diminuta. S\u00e3o 14 partidos envolvidos e os que t\u00eam mais suspeitas s\u00e3o MDB, PR, PRB e PSD. Sem esquecer o Pros, no qual candidatas receberam dinheiro&#8230; do PT. H\u00e1 fortes ind\u00edcios de desvio de dinheiro p\u00fablico, mas ainda \u00e9 cedo para acusar e apontar os respons\u00e1veis.<\/p>\n<p>O segundo e mais grave pecado do Planalto nesta crise desnecess\u00e1ria \u00e9 a indecis\u00e3o. Em nosso mundo em muta\u00e7\u00e3o, onde Estados Unidos, China e R\u00fassia est\u00e3o jogando uma nova rodada de p\u00f4quer com direito a blefes e golpes na mesa, o Brasil n\u00e3o pode se permitir o direito de ter uma lideran\u00e7a hesitante e incapaz de resolver rapidamente assuntos menores, quando h\u00e1 outros, muito superiores, em jogo. O tratamento do caso Bebianno foi um passo em falso. N\u00e3o \u00e9 o primeiro. E ningu\u00e9m garante que tenha sido o \u00faltimo.<\/p>\n","protected":false},"excerpt":{"rendered":"<p>Em v\u00e1rios aspectos, a campanha de Jair Bolsonaro para chegar \u00e0 Presid\u00eancia ser\u00e1 um marco na hist\u00f3ria eleitoral do Brasil, em particular do ponto de vista financeiro. Com a proibi\u00e7\u00e3o das doa\u00e7\u00f5es de empresas, j\u00e1 se sabia que os custos seriam muito inferiores \u00e0s centenas de milh\u00f5es de reais gastas at\u00e9 2014. Mas chegar ao [&hellip;]<\/p>\n","protected":false},"author":2,"featured_media":202537,"comment_status":"closed","ping_status":"closed","sticky":false,"template":"","format":"standard","meta":{"_acf_changed":false,"footnotes":""},"categories":[16],"tags":[95],"class_list":["post-202874","post","type-post","status-publish","format-standard","has-post-thumbnail","hentry","category-brasil","tag-capa"],"acf":[],"yoast_head":"<!-- This site is optimized with the Yoast SEO plugin v27.2 - https:\/\/yoast.com\/product\/yoast-seo-wordpress\/ -->\n<title>Bebianno est\u00e1 saindo por qu\u00ea? A grana do PSL foi mesmo pouca? - Notibras<\/title>\n<meta name=\"robots\" content=\"index, follow, max-snippet:-1, max-image-preview:large, max-video-preview:-1\" \/>\n<link rel=\"canonical\" href=\"https:\/\/www.notibras.com\/site\/bebianno-esta-saindo-por-que-a-grana-do-psl-foi-mesmo-pouca\/\" \/>\n<meta property=\"og:locale\" content=\"pt_BR\" \/>\n<meta property=\"og:type\" content=\"article\" \/>\n<meta property=\"og:title\" content=\"Bebianno est\u00e1 saindo por qu\u00ea? A grana do PSL foi mesmo pouca? - Notibras\" \/>\n<meta property=\"og:description\" content=\"Em v\u00e1rios aspectos, a campanha de Jair Bolsonaro para chegar \u00e0 Presid\u00eancia ser\u00e1 um marco na hist\u00f3ria eleitoral do Brasil, em particular do ponto de vista financeiro. Com a proibi\u00e7\u00e3o das doa\u00e7\u00f5es de empresas, j\u00e1 se sabia que os custos seriam muito inferiores \u00e0s centenas de milh\u00f5es de reais gastas at\u00e9 2014. Mas chegar ao [&hellip;]\" \/>\n<meta property=\"og:url\" content=\"https:\/\/www.notibras.com\/site\/bebianno-esta-saindo-por-que-a-grana-do-psl-foi-mesmo-pouca\/\" \/>\n<meta property=\"og:site_name\" content=\"Notibras\" \/>\n<meta property=\"article:publisher\" content=\"https:\/\/www.facebook.com\/notibras\/\" \/>\n<meta property=\"article:published_time\" content=\"2019-02-18T20:58:23+00:00\" \/>\n<meta property=\"article:modified_time\" content=\"2019-02-18T20:59:38+00:00\" \/>\n<meta property=\"og:image\" content=\"https:\/\/www.notibras.com\/site\/wp-content\/uploads\/2019\/02\/bebianno-e-jair.jpg\" \/>\n\t<meta property=\"og:image:width\" content=\"900\" \/>\n\t<meta property=\"og:image:height\" content=\"600\" \/>\n\t<meta property=\"og:image:type\" content=\"image\/jpeg\" \/>\n<meta name=\"author\" content=\"Reda\u00e7\u00e3o\" \/>\n<meta name=\"twitter:card\" content=\"summary_large_image\" \/>\n<meta name=\"twitter:creator\" content=\"@Notibras\" \/>\n<meta name=\"twitter:site\" content=\"@Notibras\" \/>\n<meta name=\"twitter:label1\" content=\"Escrito por\" \/>\n\t<meta name=\"twitter:data1\" content=\"Reda\u00e7\u00e3o\" \/>\n\t<meta name=\"twitter:label2\" content=\"Est. tempo de leitura\" \/>\n\t<meta name=\"twitter:data2\" content=\"4 minutos\" \/>\n<script type=\"application\/ld+json\" class=\"yoast-schema-graph\">{\"@context\":\"https:\/\/schema.org\",\"@graph\":[{\"@type\":\"Article\",\"@id\":\"https:\/\/www.notibras.com\/site\/bebianno-esta-saindo-por-que-a-grana-do-psl-foi-mesmo-pouca\/#article\",\"isPartOf\":{\"@id\":\"https:\/\/www.notibras.com\/site\/bebianno-esta-saindo-por-que-a-grana-do-psl-foi-mesmo-pouca\/\"},\"author\":{\"name\":\"Reda\u00e7\u00e3o\",\"@id\":\"https:\/\/www.notibras.com\/site\/#\/schema\/person\/36ab0979449956132d3e5b517ea76ac8\"},\"headline\":\"Bebianno est\u00e1 saindo por qu\u00ea? A grana do PSL foi mesmo pouca?\",\"datePublished\":\"2019-02-18T20:58:23+00:00\",\"dateModified\":\"2019-02-18T20:59:38+00:00\",\"mainEntityOfPage\":{\"@id\":\"https:\/\/www.notibras.com\/site\/bebianno-esta-saindo-por-que-a-grana-do-psl-foi-mesmo-pouca\/\"},\"wordCount\":903,\"publisher\":{\"@id\":\"https:\/\/www.notibras.com\/site\/#organization\"},\"image\":{\"@id\":\"https:\/\/www.notibras.com\/site\/bebianno-esta-saindo-por-que-a-grana-do-psl-foi-mesmo-pouca\/#primaryimage\"},\"thumbnailUrl\":\"https:\/\/www.notibras.com\/site\/wp-content\/uploads\/2019\/02\/bebianno-e-jair.jpg\",\"keywords\":[\"capa\"],\"articleSection\":[\"Brasil\"],\"inLanguage\":\"pt-BR\"},{\"@type\":\"WebPage\",\"@id\":\"https:\/\/www.notibras.com\/site\/bebianno-esta-saindo-por-que-a-grana-do-psl-foi-mesmo-pouca\/\",\"url\":\"https:\/\/www.notibras.com\/site\/bebianno-esta-saindo-por-que-a-grana-do-psl-foi-mesmo-pouca\/\",\"name\":\"Bebianno est\u00e1 saindo por qu\u00ea? A grana do PSL foi mesmo pouca? - Notibras\",\"isPartOf\":{\"@id\":\"https:\/\/www.notibras.com\/site\/#website\"},\"primaryImageOfPage\":{\"@id\":\"https:\/\/www.notibras.com\/site\/bebianno-esta-saindo-por-que-a-grana-do-psl-foi-mesmo-pouca\/#primaryimage\"},\"image\":{\"@id\":\"https:\/\/www.notibras.com\/site\/bebianno-esta-saindo-por-que-a-grana-do-psl-foi-mesmo-pouca\/#primaryimage\"},\"thumbnailUrl\":\"https:\/\/www.notibras.com\/site\/wp-content\/uploads\/2019\/02\/bebianno-e-jair.jpg\",\"datePublished\":\"2019-02-18T20:58:23+00:00\",\"dateModified\":\"2019-02-18T20:59:38+00:00\",\"breadcrumb\":{\"@id\":\"https:\/\/www.notibras.com\/site\/bebianno-esta-saindo-por-que-a-grana-do-psl-foi-mesmo-pouca\/#breadcrumb\"},\"inLanguage\":\"pt-BR\",\"potentialAction\":[{\"@type\":\"ReadAction\",\"target\":[\"https:\/\/www.notibras.com\/site\/bebianno-esta-saindo-por-que-a-grana-do-psl-foi-mesmo-pouca\/\"]}]},{\"@type\":\"ImageObject\",\"inLanguage\":\"pt-BR\",\"@id\":\"https:\/\/www.notibras.com\/site\/bebianno-esta-saindo-por-que-a-grana-do-psl-foi-mesmo-pouca\/#primaryimage\",\"url\":\"https:\/\/www.notibras.com\/site\/wp-content\/uploads\/2019\/02\/bebianno-e-jair.jpg\",\"contentUrl\":\"https:\/\/www.notibras.com\/site\/wp-content\/uploads\/2019\/02\/bebianno-e-jair.jpg\",\"width\":900,\"height\":600,\"caption\":\"Foto\/Arquivo Notibras\"},{\"@type\":\"BreadcrumbList\",\"@id\":\"https:\/\/www.notibras.com\/site\/bebianno-esta-saindo-por-que-a-grana-do-psl-foi-mesmo-pouca\/#breadcrumb\",\"itemListElement\":[{\"@type\":\"ListItem\",\"position\":1,\"name\":\"In\u00edcio\",\"item\":\"https:\/\/www.notibras.com\/site\/\"},{\"@type\":\"ListItem\",\"position\":2,\"name\":\"Bebianno est\u00e1 saindo por qu\u00ea? A grana do PSL foi mesmo pouca?\"}]},{\"@type\":\"WebSite\",\"@id\":\"https:\/\/www.notibras.com\/site\/#website\",\"url\":\"https:\/\/www.notibras.com\/site\/\",\"name\":\"Notibras\",\"description\":\"Not\u00edcias de Bras\u00edlia, do Brasil e do Mundo\",\"publisher\":{\"@id\":\"https:\/\/www.notibras.com\/site\/#organization\"},\"potentialAction\":[{\"@type\":\"SearchAction\",\"target\":{\"@type\":\"EntryPoint\",\"urlTemplate\":\"https:\/\/www.notibras.com\/site\/?s={search_term_string}\"},\"query-input\":{\"@type\":\"PropertyValueSpecification\",\"valueRequired\":true,\"valueName\":\"search_term_string\"}}],\"inLanguage\":\"pt-BR\"},{\"@type\":\"Organization\",\"@id\":\"https:\/\/www.notibras.com\/site\/#organization\",\"name\":\"Grupo Notibras de Comunica\u00e7\u00e3o\",\"url\":\"https:\/\/www.notibras.com\/site\/\",\"logo\":{\"@type\":\"ImageObject\",\"inLanguage\":\"pt-BR\",\"@id\":\"https:\/\/www.notibras.com\/site\/#\/schema\/logo\/image\/\",\"url\":\"https:\/\/www.notibras.com\/site\/wp-content\/uploads\/2023\/01\/notibras23.png\",\"contentUrl\":\"https:\/\/www.notibras.com\/site\/wp-content\/uploads\/2023\/01\/notibras23.png\",\"width\":350,\"height\":87,\"caption\":\"Grupo Notibras de Comunica\u00e7\u00e3o\"},\"image\":{\"@id\":\"https:\/\/www.notibras.com\/site\/#\/schema\/logo\/image\/\"},\"sameAs\":[\"https:\/\/www.facebook.com\/notibras\/\",\"https:\/\/x.com\/Notibras\",\"https:\/\/www.instagram.com\/notibras\/\"]},{\"@type\":\"Person\",\"@id\":\"https:\/\/www.notibras.com\/site\/#\/schema\/person\/36ab0979449956132d3e5b517ea76ac8\",\"name\":\"Reda\u00e7\u00e3o\",\"image\":{\"@type\":\"ImageObject\",\"inLanguage\":\"pt-BR\",\"@id\":\"https:\/\/secure.gravatar.com\/avatar\/e0a867bdedb85fd243eadf09663511f96fc81e0720a4a42581f334ad4303aa6b?s=96&d=mm&r=g\",\"url\":\"https:\/\/secure.gravatar.com\/avatar\/e0a867bdedb85fd243eadf09663511f96fc81e0720a4a42581f334ad4303aa6b?s=96&d=mm&r=g\",\"contentUrl\":\"https:\/\/secure.gravatar.com\/avatar\/e0a867bdedb85fd243eadf09663511f96fc81e0720a4a42581f334ad4303aa6b?s=96&d=mm&r=g\",\"caption\":\"Reda\u00e7\u00e3o\"}}]}<\/script>\n<!-- \/ Yoast SEO plugin. -->","yoast_head_json":{"title":"Bebianno est\u00e1 saindo por qu\u00ea? A grana do PSL foi mesmo pouca? - Notibras","robots":{"index":"index","follow":"follow","max-snippet":"max-snippet:-1","max-image-preview":"max-image-preview:large","max-video-preview":"max-video-preview:-1"},"canonical":"https:\/\/www.notibras.com\/site\/bebianno-esta-saindo-por-que-a-grana-do-psl-foi-mesmo-pouca\/","og_locale":"pt_BR","og_type":"article","og_title":"Bebianno est\u00e1 saindo por qu\u00ea? A grana do PSL foi mesmo pouca? - Notibras","og_description":"Em v\u00e1rios aspectos, a campanha de Jair Bolsonaro para chegar \u00e0 Presid\u00eancia ser\u00e1 um marco na hist\u00f3ria eleitoral do Brasil, em particular do ponto de vista financeiro. Com a proibi\u00e7\u00e3o das doa\u00e7\u00f5es de empresas, j\u00e1 se sabia que os custos seriam muito inferiores \u00e0s centenas de milh\u00f5es de reais gastas at\u00e9 2014. Mas chegar ao [&hellip;]","og_url":"https:\/\/www.notibras.com\/site\/bebianno-esta-saindo-por-que-a-grana-do-psl-foi-mesmo-pouca\/","og_site_name":"Notibras","article_publisher":"https:\/\/www.facebook.com\/notibras\/","article_published_time":"2019-02-18T20:58:23+00:00","article_modified_time":"2019-02-18T20:59:38+00:00","og_image":[{"width":900,"height":600,"url":"https:\/\/www.notibras.com\/site\/wp-content\/uploads\/2019\/02\/bebianno-e-jair.jpg","type":"image\/jpeg"}],"author":"Reda\u00e7\u00e3o","twitter_card":"summary_large_image","twitter_creator":"@Notibras","twitter_site":"@Notibras","twitter_misc":{"Escrito por":"Reda\u00e7\u00e3o","Est. tempo de leitura":"4 minutos"},"schema":{"@context":"https:\/\/schema.org","@graph":[{"@type":"Article","@id":"https:\/\/www.notibras.com\/site\/bebianno-esta-saindo-por-que-a-grana-do-psl-foi-mesmo-pouca\/#article","isPartOf":{"@id":"https:\/\/www.notibras.com\/site\/bebianno-esta-saindo-por-que-a-grana-do-psl-foi-mesmo-pouca\/"},"author":{"name":"Reda\u00e7\u00e3o","@id":"https:\/\/www.notibras.com\/site\/#\/schema\/person\/36ab0979449956132d3e5b517ea76ac8"},"headline":"Bebianno est\u00e1 saindo por qu\u00ea? A grana do PSL foi mesmo pouca?","datePublished":"2019-02-18T20:58:23+00:00","dateModified":"2019-02-18T20:59:38+00:00","mainEntityOfPage":{"@id":"https:\/\/www.notibras.com\/site\/bebianno-esta-saindo-por-que-a-grana-do-psl-foi-mesmo-pouca\/"},"wordCount":903,"publisher":{"@id":"https:\/\/www.notibras.com\/site\/#organization"},"image":{"@id":"https:\/\/www.notibras.com\/site\/bebianno-esta-saindo-por-que-a-grana-do-psl-foi-mesmo-pouca\/#primaryimage"},"thumbnailUrl":"https:\/\/www.notibras.com\/site\/wp-content\/uploads\/2019\/02\/bebianno-e-jair.jpg","keywords":["capa"],"articleSection":["Brasil"],"inLanguage":"pt-BR"},{"@type":"WebPage","@id":"https:\/\/www.notibras.com\/site\/bebianno-esta-saindo-por-que-a-grana-do-psl-foi-mesmo-pouca\/","url":"https:\/\/www.notibras.com\/site\/bebianno-esta-saindo-por-que-a-grana-do-psl-foi-mesmo-pouca\/","name":"Bebianno est\u00e1 saindo por qu\u00ea? A grana do PSL foi mesmo pouca? - Notibras","isPartOf":{"@id":"https:\/\/www.notibras.com\/site\/#website"},"primaryImageOfPage":{"@id":"https:\/\/www.notibras.com\/site\/bebianno-esta-saindo-por-que-a-grana-do-psl-foi-mesmo-pouca\/#primaryimage"},"image":{"@id":"https:\/\/www.notibras.com\/site\/bebianno-esta-saindo-por-que-a-grana-do-psl-foi-mesmo-pouca\/#primaryimage"},"thumbnailUrl":"https:\/\/www.notibras.com\/site\/wp-content\/uploads\/2019\/02\/bebianno-e-jair.jpg","datePublished":"2019-02-18T20:58:23+00:00","dateModified":"2019-02-18T20:59:38+00:00","breadcrumb":{"@id":"https:\/\/www.notibras.com\/site\/bebianno-esta-saindo-por-que-a-grana-do-psl-foi-mesmo-pouca\/#breadcrumb"},"inLanguage":"pt-BR","potentialAction":[{"@type":"ReadAction","target":["https:\/\/www.notibras.com\/site\/bebianno-esta-saindo-por-que-a-grana-do-psl-foi-mesmo-pouca\/"]}]},{"@type":"ImageObject","inLanguage":"pt-BR","@id":"https:\/\/www.notibras.com\/site\/bebianno-esta-saindo-por-que-a-grana-do-psl-foi-mesmo-pouca\/#primaryimage","url":"https:\/\/www.notibras.com\/site\/wp-content\/uploads\/2019\/02\/bebianno-e-jair.jpg","contentUrl":"https:\/\/www.notibras.com\/site\/wp-content\/uploads\/2019\/02\/bebianno-e-jair.jpg","width":900,"height":600,"caption":"Foto\/Arquivo Notibras"},{"@type":"BreadcrumbList","@id":"https:\/\/www.notibras.com\/site\/bebianno-esta-saindo-por-que-a-grana-do-psl-foi-mesmo-pouca\/#breadcrumb","itemListElement":[{"@type":"ListItem","position":1,"name":"In\u00edcio","item":"https:\/\/www.notibras.com\/site\/"},{"@type":"ListItem","position":2,"name":"Bebianno est\u00e1 saindo por qu\u00ea? A grana do PSL foi mesmo pouca?"}]},{"@type":"WebSite","@id":"https:\/\/www.notibras.com\/site\/#website","url":"https:\/\/www.notibras.com\/site\/","name":"Notibras","description":"Not\u00edcias de Bras\u00edlia, do Brasil e do Mundo","publisher":{"@id":"https:\/\/www.notibras.com\/site\/#organization"},"potentialAction":[{"@type":"SearchAction","target":{"@type":"EntryPoint","urlTemplate":"https:\/\/www.notibras.com\/site\/?s={search_term_string}"},"query-input":{"@type":"PropertyValueSpecification","valueRequired":true,"valueName":"search_term_string"}}],"inLanguage":"pt-BR"},{"@type":"Organization","@id":"https:\/\/www.notibras.com\/site\/#organization","name":"Grupo Notibras de Comunica\u00e7\u00e3o","url":"https:\/\/www.notibras.com\/site\/","logo":{"@type":"ImageObject","inLanguage":"pt-BR","@id":"https:\/\/www.notibras.com\/site\/#\/schema\/logo\/image\/","url":"https:\/\/www.notibras.com\/site\/wp-content\/uploads\/2023\/01\/notibras23.png","contentUrl":"https:\/\/www.notibras.com\/site\/wp-content\/uploads\/2023\/01\/notibras23.png","width":350,"height":87,"caption":"Grupo Notibras de Comunica\u00e7\u00e3o"},"image":{"@id":"https:\/\/www.notibras.com\/site\/#\/schema\/logo\/image\/"},"sameAs":["https:\/\/www.facebook.com\/notibras\/","https:\/\/x.com\/Notibras","https:\/\/www.instagram.com\/notibras\/"]},{"@type":"Person","@id":"https:\/\/www.notibras.com\/site\/#\/schema\/person\/36ab0979449956132d3e5b517ea76ac8","name":"Reda\u00e7\u00e3o","image":{"@type":"ImageObject","inLanguage":"pt-BR","@id":"https:\/\/secure.gravatar.com\/avatar\/e0a867bdedb85fd243eadf09663511f96fc81e0720a4a42581f334ad4303aa6b?s=96&d=mm&r=g","url":"https:\/\/secure.gravatar.com\/avatar\/e0a867bdedb85fd243eadf09663511f96fc81e0720a4a42581f334ad4303aa6b?s=96&d=mm&r=g","contentUrl":"https:\/\/secure.gravatar.com\/avatar\/e0a867bdedb85fd243eadf09663511f96fc81e0720a4a42581f334ad4303aa6b?s=96&d=mm&r=g","caption":"Reda\u00e7\u00e3o"}}]}},"amp_enabled":true,"_links":{"self":[{"href":"https:\/\/www.notibras.com\/site\/wp-json\/wp\/v2\/posts\/202874","targetHints":{"allow":["GET"]}}],"collection":[{"href":"https:\/\/www.notibras.com\/site\/wp-json\/wp\/v2\/posts"}],"about":[{"href":"https:\/\/www.notibras.com\/site\/wp-json\/wp\/v2\/types\/post"}],"author":[{"embeddable":true,"href":"https:\/\/www.notibras.com\/site\/wp-json\/wp\/v2\/users\/2"}],"replies":[{"embeddable":true,"href":"https:\/\/www.notibras.com\/site\/wp-json\/wp\/v2\/comments?post=202874"}],"version-history":[{"count":2,"href":"https:\/\/www.notibras.com\/site\/wp-json\/wp\/v2\/posts\/202874\/revisions"}],"predecessor-version":[{"id":202876,"href":"https:\/\/www.notibras.com\/site\/wp-json\/wp\/v2\/posts\/202874\/revisions\/202876"}],"wp:featuredmedia":[{"embeddable":true,"href":"https:\/\/www.notibras.com\/site\/wp-json\/wp\/v2\/media\/202537"}],"wp:attachment":[{"href":"https:\/\/www.notibras.com\/site\/wp-json\/wp\/v2\/media?parent=202874"}],"wp:term":[{"taxonomy":"category","embeddable":true,"href":"https:\/\/www.notibras.com\/site\/wp-json\/wp\/v2\/categories?post=202874"},{"taxonomy":"post_tag","embeddable":true,"href":"https:\/\/www.notibras.com\/site\/wp-json\/wp\/v2\/tags?post=202874"}],"curies":[{"name":"wp","href":"https:\/\/api.w.org\/{rel}","templated":true}]}}