{"id":202891,"date":"2019-02-19T06:00:28","date_gmt":"2019-02-19T09:00:28","guid":{"rendered":"https:\/\/www.notibras.com\/site\/?p=202891"},"modified":"2019-02-19T07:09:12","modified_gmt":"2019-02-19T10:09:12","slug":"missao-e-missao-familia-e-familia-lembram-generais","status":"publish","type":"post","link":"https:\/\/www.notibras.com\/site\/missao-e-missao-familia-e-familia-lembram-generais\/","title":{"rendered":"Miss\u00e3o \u00e9 miss\u00e3o, fam\u00edlia \u00e9 fam\u00edlia, dizem os generais"},"content":{"rendered":"<p>Novela encerrada, \u00e9 hora de arrematar as raz\u00f5es. Com a exonera\u00e7\u00e3o de Gustavo Bebianno, o ministro Sergio Moro ter\u00e1 mais essa miss\u00e3o, de dimens\u00e3o infinitamente menor que outras, para as quais est\u00e1 escalado como, por exemplo, desvendar como foi arquitetado o plano para assassinar o presidente Bolsonaro. Ser\u00e1 f\u00e1cil saber o destino e as raz\u00f5es que fizeram R$ 400 mil n\u00e3o suficientes para eleger uma candidata em Pernambuco desaparecerem. Milhares de candidaturas passaram pelo mesmo processo, inclusive a disputa de Fernando Haddad, que jamais foi candidato enquanto Lula era candidato, \u00e9 o maior laranja das \u00faltimas elei\u00e7\u00f5es, com farta documenta\u00e7\u00e3o dispon\u00edvel.<\/p>\n<p>A lei precisa ser revista para evitar manobras fraudulentas, de dif\u00edcil apura\u00e7\u00e3o. Muitas vezes os partidos apostam e investem em candidatos sem qualquer chance. Nesses casos, pode ou n\u00e3o ser fraude mesmo, mas s\u00e3o evid\u00eancias p\u00f3s elei\u00e7\u00e3o. Moro \u00e9 competente para elucidar caso a caso. S\u00e3o milhares. P\u00e9rolas aos porcos, velho ditado que infelizmente pode estar a caminho. O que importa, agora, no momento em que dois ex-presidentes comparecem a uma emissora de r\u00e1dio, sentam lado a lado, submetidos a uma argui\u00e7\u00e3o objetiva e humilde \u2013 por parte deles-, coisa que \u00e9 efeito do fator Bolsonaro, com certeza, por que n\u00e3o fariam isso em um cen\u00e1rio pret\u00e9rito, para comentar o epis\u00f3dio.<\/p>\n<p>A situa\u00e7\u00e3o pol\u00edtica n\u00e3o desqualifica a opini\u00e3o de ambos, especialmente de FHC, metralhado por surrupiar, segundo a situa\u00e7\u00e3o, o sentimento \u00e0 direita do planeta e de ter negado apoio ao correligion\u00e1rio Jos\u00e9 Serra e de ter orgasmo ao entregar a faixa presidencial ao criminoso Lula da Silva, muito mais \u00e0 esquerda, e pronto \u2013 segundo avalia\u00e7\u00e3o dele \u2013 para ser o Fidel Castro brasileiro. Sem arrependimento!<\/p>\n<p>Mas \u00e9 bom filtrar a experi\u00eancia de ambos, Temer e FHC. S\u00e3o un\u00e2nimes em afirmar que \u00e9 fundamental separar o Estado da fam\u00edlia. Foram presidentes. Militares fazem isso. Militares graduados fazem muito mais. Vivem assim, miss\u00e3o \u00e9 miss\u00e3o, fam\u00edlia \u00e9 fam\u00edlia. N\u00e3o basta ter a caneta. O frenesi adolescente de quem fez um gol, com milhares de apoiadores, n\u00e3o sobrevive \u00e0 intelig\u00eancia da imprensa n\u00e3o comprometida que ser\u00e1 sobrevivente se algo ferir princ\u00edpios b\u00e1sicos: a ordem, a justi\u00e7a, os direitos individuais, a verdade.<\/p>\n<p>Generais n\u00e3o toleram bilu bilu de revoltados. Acham frescura. E \u00e9 frescura, segundo a grande imprensa que apontou quest\u00f5es pessoais, ap\u00f3s a separa\u00e7\u00e3o de Bolsonaro, quando Carlos deu piti, e ganhou o mimo de navegar no Rolls Royce, mandando o general Mour\u00e3o, que deveria estar no seu lugar, como em todas as posses, a um segundo plano.<\/p>\n<p>Generais s\u00e3o cartesianos, presidente \u00e9 presidente, fam\u00edlia \u00e9 fam\u00edlia. Agora o problema \u00e9 grande, n\u00e3o vai se resolver pelas redes sociais, que, ali\u00e1s, tiveram uma queda vertiginosa no engajamento ap\u00f3s a elei\u00e7\u00e3o. Perderam todos. Podem ter ferrado o pai, que ser\u00e1 iludido pelo apoio nas redes sociais que n\u00e3o traduzem a interpreta\u00e7\u00e3o do fato consumado.<\/p>\n<p>Blindar Jair Bolsonaro, legitimamente eleito, para a presid\u00eancia da Rep\u00fablica \u2013 ningu\u00e9m votou em seus filhos para o cargo \u2013 est\u00e1 ficando dif\u00edcil. Se Jair Bolsonaro n\u00e3o entender isso, se seus filhos n\u00e3o cumprirem suas responsabilidades e deixarem seu pai em paz, nas m\u00e3os seguras dos generais, estar\u00e3o cometendo o maior dos equ\u00edvocos.<\/p>\n<p>J\u00e1 detonaram um ministro, devem ter suas raz\u00f5es, n\u00e3o claras at\u00e9 agora, mas a homenagem ao general Mour\u00e3o \u00e9 malandragem? Mour\u00e3o tamb\u00e9m \u00e9 carioca. O Brasil muda de opini\u00e3o de uma hora pra outra. Certo \u00e9 certo, errado \u00e9 errado, que diga o Fl\u00e1vio, cheio de satisfa\u00e7\u00f5es para dar. E se Moro disser que Fl\u00e1vio foi culpado nas acusa\u00e7\u00f5es que recebe agora? Capit\u00e3o \u00e9 capit\u00e3o, general \u00e9 general. Dane-se se o pai \u00e9 presidente, \u00e9 o que eles n\u00e3o pensam. Entenderam? Prestem aten\u00e7\u00e3o! J\u00e1 est\u00e1 incomodando esse cen\u00e1rio.<\/p>\n","protected":false},"excerpt":{"rendered":"<p>Novela encerrada, \u00e9 hora de arrematar as raz\u00f5es. Com a exonera\u00e7\u00e3o de Gustavo Bebianno, o ministro Sergio Moro ter\u00e1 mais essa miss\u00e3o, de dimens\u00e3o infinitamente menor que outras, para as quais est\u00e1 escalado como, por exemplo, desvendar como foi arquitetado o plano para assassinar o presidente Bolsonaro. Ser\u00e1 f\u00e1cil saber o destino e as raz\u00f5es [&hellip;]<\/p>\n","protected":false},"author":2,"featured_media":202892,"comment_status":"closed","ping_status":"closed","sticky":false,"template":"","format":"standard","meta":{"_acf_changed":false,"footnotes":""},"categories":[16],"tags":[95],"class_list":["post-202891","post","type-post","status-publish","format-standard","has-post-thumbnail","hentry","category-brasil","tag-capa"],"acf":[],"yoast_head":"<!-- This site is optimized with the Yoast SEO plugin v27.2 - https:\/\/yoast.com\/product\/yoast-seo-wordpress\/ -->\n<title>Miss\u00e3o \u00e9 miss\u00e3o, fam\u00edlia \u00e9 fam\u00edlia, dizem os generais - Notibras<\/title>\n<meta name=\"robots\" content=\"index, follow, max-snippet:-1, max-image-preview:large, max-video-preview:-1\" \/>\n<link rel=\"canonical\" href=\"https:\/\/www.notibras.com\/site\/missao-e-missao-familia-e-familia-lembram-generais\/\" \/>\n<meta property=\"og:locale\" content=\"pt_BR\" \/>\n<meta property=\"og:type\" content=\"article\" \/>\n<meta property=\"og:title\" content=\"Miss\u00e3o \u00e9 miss\u00e3o, fam\u00edlia \u00e9 fam\u00edlia, dizem os generais - Notibras\" \/>\n<meta property=\"og:description\" content=\"Novela encerrada, \u00e9 hora de arrematar as raz\u00f5es. Com a exonera\u00e7\u00e3o de Gustavo Bebianno, o ministro Sergio Moro ter\u00e1 mais essa miss\u00e3o, de dimens\u00e3o infinitamente menor que outras, para as quais est\u00e1 escalado como, por exemplo, desvendar como foi arquitetado o plano para assassinar o presidente Bolsonaro. Ser\u00e1 f\u00e1cil saber o destino e as raz\u00f5es [&hellip;]\" \/>\n<meta property=\"og:url\" content=\"https:\/\/www.notibras.com\/site\/missao-e-missao-familia-e-familia-lembram-generais\/\" \/>\n<meta property=\"og:site_name\" content=\"Notibras\" \/>\n<meta property=\"article:publisher\" content=\"https:\/\/www.facebook.com\/notibras\/\" \/>\n<meta property=\"article:published_time\" content=\"2019-02-19T09:00:28+00:00\" \/>\n<meta property=\"article:modified_time\" content=\"2019-02-19T10:09:12+00:00\" \/>\n<meta property=\"og:image\" content=\"https:\/\/www.notibras.com\/site\/wp-content\/uploads\/2019\/02\/miss\u00e3o-bolsonaro.jpg\" \/>\n\t<meta property=\"og:image:width\" content=\"1140\" \/>\n\t<meta property=\"og:image:height\" content=\"760\" \/>\n\t<meta property=\"og:image:type\" content=\"image\/jpeg\" \/>\n<meta name=\"author\" content=\"Reda\u00e7\u00e3o\" \/>\n<meta name=\"twitter:card\" content=\"summary_large_image\" \/>\n<meta name=\"twitter:creator\" content=\"@Notibras\" \/>\n<meta name=\"twitter:site\" content=\"@Notibras\" \/>\n<meta name=\"twitter:label1\" content=\"Escrito por\" \/>\n\t<meta name=\"twitter:data1\" content=\"Reda\u00e7\u00e3o\" \/>\n\t<meta name=\"twitter:label2\" content=\"Est. tempo de leitura\" \/>\n\t<meta name=\"twitter:data2\" content=\"3 minutos\" \/>\n<script type=\"application\/ld+json\" class=\"yoast-schema-graph\">{\"@context\":\"https:\/\/schema.org\",\"@graph\":[{\"@type\":\"Article\",\"@id\":\"https:\/\/www.notibras.com\/site\/missao-e-missao-familia-e-familia-lembram-generais\/#article\",\"isPartOf\":{\"@id\":\"https:\/\/www.notibras.com\/site\/missao-e-missao-familia-e-familia-lembram-generais\/\"},\"author\":{\"name\":\"Reda\u00e7\u00e3o\",\"@id\":\"https:\/\/www.notibras.com\/site\/#\/schema\/person\/36ab0979449956132d3e5b517ea76ac8\"},\"headline\":\"Miss\u00e3o \u00e9 miss\u00e3o, fam\u00edlia \u00e9 fam\u00edlia, dizem os generais\",\"datePublished\":\"2019-02-19T09:00:28+00:00\",\"dateModified\":\"2019-02-19T10:09:12+00:00\",\"mainEntityOfPage\":{\"@id\":\"https:\/\/www.notibras.com\/site\/missao-e-missao-familia-e-familia-lembram-generais\/\"},\"wordCount\":681,\"publisher\":{\"@id\":\"https:\/\/www.notibras.com\/site\/#organization\"},\"image\":{\"@id\":\"https:\/\/www.notibras.com\/site\/missao-e-missao-familia-e-familia-lembram-generais\/#primaryimage\"},\"thumbnailUrl\":\"https:\/\/www.notibras.com\/site\/wp-content\/uploads\/2019\/02\/miss\u00e3o-bolsonaro.jpg\",\"keywords\":[\"capa\"],\"articleSection\":[\"Brasil\"],\"inLanguage\":\"pt-BR\"},{\"@type\":\"WebPage\",\"@id\":\"https:\/\/www.notibras.com\/site\/missao-e-missao-familia-e-familia-lembram-generais\/\",\"url\":\"https:\/\/www.notibras.com\/site\/missao-e-missao-familia-e-familia-lembram-generais\/\",\"name\":\"Miss\u00e3o \u00e9 miss\u00e3o, fam\u00edlia \u00e9 fam\u00edlia, dizem os generais - Notibras\",\"isPartOf\":{\"@id\":\"https:\/\/www.notibras.com\/site\/#website\"},\"primaryImageOfPage\":{\"@id\":\"https:\/\/www.notibras.com\/site\/missao-e-missao-familia-e-familia-lembram-generais\/#primaryimage\"},\"image\":{\"@id\":\"https:\/\/www.notibras.com\/site\/missao-e-missao-familia-e-familia-lembram-generais\/#primaryimage\"},\"thumbnailUrl\":\"https:\/\/www.notibras.com\/site\/wp-content\/uploads\/2019\/02\/miss\u00e3o-bolsonaro.jpg\",\"datePublished\":\"2019-02-19T09:00:28+00:00\",\"dateModified\":\"2019-02-19T10:09:12+00:00\",\"breadcrumb\":{\"@id\":\"https:\/\/www.notibras.com\/site\/missao-e-missao-familia-e-familia-lembram-generais\/#breadcrumb\"},\"inLanguage\":\"pt-BR\",\"potentialAction\":[{\"@type\":\"ReadAction\",\"target\":[\"https:\/\/www.notibras.com\/site\/missao-e-missao-familia-e-familia-lembram-generais\/\"]}]},{\"@type\":\"ImageObject\",\"inLanguage\":\"pt-BR\",\"@id\":\"https:\/\/www.notibras.com\/site\/missao-e-missao-familia-e-familia-lembram-generais\/#primaryimage\",\"url\":\"https:\/\/www.notibras.com\/site\/wp-content\/uploads\/2019\/02\/miss\u00e3o-bolsonaro.jpg\",\"contentUrl\":\"https:\/\/www.notibras.com\/site\/wp-content\/uploads\/2019\/02\/miss\u00e3o-bolsonaro.jpg\",\"width\":1140,\"height\":760,\"caption\":\"Foto: T\u00e2nia R\u00eago\/ABr - Arquivo Notibras\"},{\"@type\":\"BreadcrumbList\",\"@id\":\"https:\/\/www.notibras.com\/site\/missao-e-missao-familia-e-familia-lembram-generais\/#breadcrumb\",\"itemListElement\":[{\"@type\":\"ListItem\",\"position\":1,\"name\":\"In\u00edcio\",\"item\":\"https:\/\/www.notibras.com\/site\/\"},{\"@type\":\"ListItem\",\"position\":2,\"name\":\"Miss\u00e3o \u00e9 miss\u00e3o, fam\u00edlia \u00e9 fam\u00edlia, dizem os generais\"}]},{\"@type\":\"WebSite\",\"@id\":\"https:\/\/www.notibras.com\/site\/#website\",\"url\":\"https:\/\/www.notibras.com\/site\/\",\"name\":\"Notibras\",\"description\":\"Not\u00edcias de Bras\u00edlia, do Brasil e do Mundo\",\"publisher\":{\"@id\":\"https:\/\/www.notibras.com\/site\/#organization\"},\"potentialAction\":[{\"@type\":\"SearchAction\",\"target\":{\"@type\":\"EntryPoint\",\"urlTemplate\":\"https:\/\/www.notibras.com\/site\/?s={search_term_string}\"},\"query-input\":{\"@type\":\"PropertyValueSpecification\",\"valueRequired\":true,\"valueName\":\"search_term_string\"}}],\"inLanguage\":\"pt-BR\"},{\"@type\":\"Organization\",\"@id\":\"https:\/\/www.notibras.com\/site\/#organization\",\"name\":\"Grupo Notibras de Comunica\u00e7\u00e3o\",\"url\":\"https:\/\/www.notibras.com\/site\/\",\"logo\":{\"@type\":\"ImageObject\",\"inLanguage\":\"pt-BR\",\"@id\":\"https:\/\/www.notibras.com\/site\/#\/schema\/logo\/image\/\",\"url\":\"https:\/\/www.notibras.com\/site\/wp-content\/uploads\/2023\/01\/notibras23.png\",\"contentUrl\":\"https:\/\/www.notibras.com\/site\/wp-content\/uploads\/2023\/01\/notibras23.png\",\"width\":350,\"height\":87,\"caption\":\"Grupo Notibras de Comunica\u00e7\u00e3o\"},\"image\":{\"@id\":\"https:\/\/www.notibras.com\/site\/#\/schema\/logo\/image\/\"},\"sameAs\":[\"https:\/\/www.facebook.com\/notibras\/\",\"https:\/\/x.com\/Notibras\",\"https:\/\/www.instagram.com\/notibras\/\"]},{\"@type\":\"Person\",\"@id\":\"https:\/\/www.notibras.com\/site\/#\/schema\/person\/36ab0979449956132d3e5b517ea76ac8\",\"name\":\"Reda\u00e7\u00e3o\",\"image\":{\"@type\":\"ImageObject\",\"inLanguage\":\"pt-BR\",\"@id\":\"https:\/\/secure.gravatar.com\/avatar\/e0a867bdedb85fd243eadf09663511f96fc81e0720a4a42581f334ad4303aa6b?s=96&d=mm&r=g\",\"url\":\"https:\/\/secure.gravatar.com\/avatar\/e0a867bdedb85fd243eadf09663511f96fc81e0720a4a42581f334ad4303aa6b?s=96&d=mm&r=g\",\"contentUrl\":\"https:\/\/secure.gravatar.com\/avatar\/e0a867bdedb85fd243eadf09663511f96fc81e0720a4a42581f334ad4303aa6b?s=96&d=mm&r=g\",\"caption\":\"Reda\u00e7\u00e3o\"}}]}<\/script>\n<!-- \/ Yoast SEO plugin. -->","yoast_head_json":{"title":"Miss\u00e3o \u00e9 miss\u00e3o, fam\u00edlia \u00e9 fam\u00edlia, dizem os generais - Notibras","robots":{"index":"index","follow":"follow","max-snippet":"max-snippet:-1","max-image-preview":"max-image-preview:large","max-video-preview":"max-video-preview:-1"},"canonical":"https:\/\/www.notibras.com\/site\/missao-e-missao-familia-e-familia-lembram-generais\/","og_locale":"pt_BR","og_type":"article","og_title":"Miss\u00e3o \u00e9 miss\u00e3o, fam\u00edlia \u00e9 fam\u00edlia, dizem os generais - Notibras","og_description":"Novela encerrada, \u00e9 hora de arrematar as raz\u00f5es. Com a exonera\u00e7\u00e3o de Gustavo Bebianno, o ministro Sergio Moro ter\u00e1 mais essa miss\u00e3o, de dimens\u00e3o infinitamente menor que outras, para as quais est\u00e1 escalado como, por exemplo, desvendar como foi arquitetado o plano para assassinar o presidente Bolsonaro. Ser\u00e1 f\u00e1cil saber o destino e as raz\u00f5es [&hellip;]","og_url":"https:\/\/www.notibras.com\/site\/missao-e-missao-familia-e-familia-lembram-generais\/","og_site_name":"Notibras","article_publisher":"https:\/\/www.facebook.com\/notibras\/","article_published_time":"2019-02-19T09:00:28+00:00","article_modified_time":"2019-02-19T10:09:12+00:00","og_image":[{"width":1140,"height":760,"url":"https:\/\/www.notibras.com\/site\/wp-content\/uploads\/2019\/02\/miss\u00e3o-bolsonaro.jpg","type":"image\/jpeg"}],"author":"Reda\u00e7\u00e3o","twitter_card":"summary_large_image","twitter_creator":"@Notibras","twitter_site":"@Notibras","twitter_misc":{"Escrito por":"Reda\u00e7\u00e3o","Est. tempo de leitura":"3 minutos"},"schema":{"@context":"https:\/\/schema.org","@graph":[{"@type":"Article","@id":"https:\/\/www.notibras.com\/site\/missao-e-missao-familia-e-familia-lembram-generais\/#article","isPartOf":{"@id":"https:\/\/www.notibras.com\/site\/missao-e-missao-familia-e-familia-lembram-generais\/"},"author":{"name":"Reda\u00e7\u00e3o","@id":"https:\/\/www.notibras.com\/site\/#\/schema\/person\/36ab0979449956132d3e5b517ea76ac8"},"headline":"Miss\u00e3o \u00e9 miss\u00e3o, fam\u00edlia \u00e9 fam\u00edlia, dizem os generais","datePublished":"2019-02-19T09:00:28+00:00","dateModified":"2019-02-19T10:09:12+00:00","mainEntityOfPage":{"@id":"https:\/\/www.notibras.com\/site\/missao-e-missao-familia-e-familia-lembram-generais\/"},"wordCount":681,"publisher":{"@id":"https:\/\/www.notibras.com\/site\/#organization"},"image":{"@id":"https:\/\/www.notibras.com\/site\/missao-e-missao-familia-e-familia-lembram-generais\/#primaryimage"},"thumbnailUrl":"https:\/\/www.notibras.com\/site\/wp-content\/uploads\/2019\/02\/miss\u00e3o-bolsonaro.jpg","keywords":["capa"],"articleSection":["Brasil"],"inLanguage":"pt-BR"},{"@type":"WebPage","@id":"https:\/\/www.notibras.com\/site\/missao-e-missao-familia-e-familia-lembram-generais\/","url":"https:\/\/www.notibras.com\/site\/missao-e-missao-familia-e-familia-lembram-generais\/","name":"Miss\u00e3o \u00e9 miss\u00e3o, fam\u00edlia \u00e9 fam\u00edlia, dizem os generais - Notibras","isPartOf":{"@id":"https:\/\/www.notibras.com\/site\/#website"},"primaryImageOfPage":{"@id":"https:\/\/www.notibras.com\/site\/missao-e-missao-familia-e-familia-lembram-generais\/#primaryimage"},"image":{"@id":"https:\/\/www.notibras.com\/site\/missao-e-missao-familia-e-familia-lembram-generais\/#primaryimage"},"thumbnailUrl":"https:\/\/www.notibras.com\/site\/wp-content\/uploads\/2019\/02\/miss\u00e3o-bolsonaro.jpg","datePublished":"2019-02-19T09:00:28+00:00","dateModified":"2019-02-19T10:09:12+00:00","breadcrumb":{"@id":"https:\/\/www.notibras.com\/site\/missao-e-missao-familia-e-familia-lembram-generais\/#breadcrumb"},"inLanguage":"pt-BR","potentialAction":[{"@type":"ReadAction","target":["https:\/\/www.notibras.com\/site\/missao-e-missao-familia-e-familia-lembram-generais\/"]}]},{"@type":"ImageObject","inLanguage":"pt-BR","@id":"https:\/\/www.notibras.com\/site\/missao-e-missao-familia-e-familia-lembram-generais\/#primaryimage","url":"https:\/\/www.notibras.com\/site\/wp-content\/uploads\/2019\/02\/miss\u00e3o-bolsonaro.jpg","contentUrl":"https:\/\/www.notibras.com\/site\/wp-content\/uploads\/2019\/02\/miss\u00e3o-bolsonaro.jpg","width":1140,"height":760,"caption":"Foto: T\u00e2nia R\u00eago\/ABr - Arquivo Notibras"},{"@type":"BreadcrumbList","@id":"https:\/\/www.notibras.com\/site\/missao-e-missao-familia-e-familia-lembram-generais\/#breadcrumb","itemListElement":[{"@type":"ListItem","position":1,"name":"In\u00edcio","item":"https:\/\/www.notibras.com\/site\/"},{"@type":"ListItem","position":2,"name":"Miss\u00e3o \u00e9 miss\u00e3o, fam\u00edlia \u00e9 fam\u00edlia, dizem os generais"}]},{"@type":"WebSite","@id":"https:\/\/www.notibras.com\/site\/#website","url":"https:\/\/www.notibras.com\/site\/","name":"Notibras","description":"Not\u00edcias de Bras\u00edlia, do Brasil e do Mundo","publisher":{"@id":"https:\/\/www.notibras.com\/site\/#organization"},"potentialAction":[{"@type":"SearchAction","target":{"@type":"EntryPoint","urlTemplate":"https:\/\/www.notibras.com\/site\/?s={search_term_string}"},"query-input":{"@type":"PropertyValueSpecification","valueRequired":true,"valueName":"search_term_string"}}],"inLanguage":"pt-BR"},{"@type":"Organization","@id":"https:\/\/www.notibras.com\/site\/#organization","name":"Grupo Notibras de Comunica\u00e7\u00e3o","url":"https:\/\/www.notibras.com\/site\/","logo":{"@type":"ImageObject","inLanguage":"pt-BR","@id":"https:\/\/www.notibras.com\/site\/#\/schema\/logo\/image\/","url":"https:\/\/www.notibras.com\/site\/wp-content\/uploads\/2023\/01\/notibras23.png","contentUrl":"https:\/\/www.notibras.com\/site\/wp-content\/uploads\/2023\/01\/notibras23.png","width":350,"height":87,"caption":"Grupo Notibras de Comunica\u00e7\u00e3o"},"image":{"@id":"https:\/\/www.notibras.com\/site\/#\/schema\/logo\/image\/"},"sameAs":["https:\/\/www.facebook.com\/notibras\/","https:\/\/x.com\/Notibras","https:\/\/www.instagram.com\/notibras\/"]},{"@type":"Person","@id":"https:\/\/www.notibras.com\/site\/#\/schema\/person\/36ab0979449956132d3e5b517ea76ac8","name":"Reda\u00e7\u00e3o","image":{"@type":"ImageObject","inLanguage":"pt-BR","@id":"https:\/\/secure.gravatar.com\/avatar\/e0a867bdedb85fd243eadf09663511f96fc81e0720a4a42581f334ad4303aa6b?s=96&d=mm&r=g","url":"https:\/\/secure.gravatar.com\/avatar\/e0a867bdedb85fd243eadf09663511f96fc81e0720a4a42581f334ad4303aa6b?s=96&d=mm&r=g","contentUrl":"https:\/\/secure.gravatar.com\/avatar\/e0a867bdedb85fd243eadf09663511f96fc81e0720a4a42581f334ad4303aa6b?s=96&d=mm&r=g","caption":"Reda\u00e7\u00e3o"}}]}},"amp_enabled":true,"_links":{"self":[{"href":"https:\/\/www.notibras.com\/site\/wp-json\/wp\/v2\/posts\/202891","targetHints":{"allow":["GET"]}}],"collection":[{"href":"https:\/\/www.notibras.com\/site\/wp-json\/wp\/v2\/posts"}],"about":[{"href":"https:\/\/www.notibras.com\/site\/wp-json\/wp\/v2\/types\/post"}],"author":[{"embeddable":true,"href":"https:\/\/www.notibras.com\/site\/wp-json\/wp\/v2\/users\/2"}],"replies":[{"embeddable":true,"href":"https:\/\/www.notibras.com\/site\/wp-json\/wp\/v2\/comments?post=202891"}],"version-history":[{"count":5,"href":"https:\/\/www.notibras.com\/site\/wp-json\/wp\/v2\/posts\/202891\/revisions"}],"predecessor-version":[{"id":202897,"href":"https:\/\/www.notibras.com\/site\/wp-json\/wp\/v2\/posts\/202891\/revisions\/202897"}],"wp:featuredmedia":[{"embeddable":true,"href":"https:\/\/www.notibras.com\/site\/wp-json\/wp\/v2\/media\/202892"}],"wp:attachment":[{"href":"https:\/\/www.notibras.com\/site\/wp-json\/wp\/v2\/media?parent=202891"}],"wp:term":[{"taxonomy":"category","embeddable":true,"href":"https:\/\/www.notibras.com\/site\/wp-json\/wp\/v2\/categories?post=202891"},{"taxonomy":"post_tag","embeddable":true,"href":"https:\/\/www.notibras.com\/site\/wp-json\/wp\/v2\/tags?post=202891"}],"curies":[{"name":"wp","href":"https:\/\/api.w.org\/{rel}","templated":true}]}}