{"id":202912,"date":"2019-02-19T07:47:28","date_gmt":"2019-02-19T10:47:28","guid":{"rendered":"https:\/\/www.notibras.com\/site\/?p=202912"},"modified":"2019-02-19T12:37:06","modified_gmt":"2019-02-19T15:37:06","slug":"mourao-elogia-cautela-de-bolsonaro-no-caso-bebianno","status":"publish","type":"post","link":"https:\/\/www.notibras.com\/site\/mourao-elogia-cautela-de-bolsonaro-no-caso-bebianno\/","title":{"rendered":"Mour\u00e3o elogia cautela de Bolsonaro com Bebianno"},"content":{"rendered":"<p>O vice-presidente Hamilton Mour\u00e3o saiu em defesa do presidente Jair Bolsonaro, criticado por ter demorado muito a decidir pela demiss\u00e3o do ministro da Secretaria-Geral, Gustavo Bebianno, prorrogando a crise pelo fim de semana. &#8220;Ele agiu com a cautela necess\u00e1ria&#8221;, declarou, ao deixar o Planalto, depois de o porta-voz da Presid\u00eancia, Ot\u00e1vio Rego Barros, ter anunciado a sa\u00edda de Bebianno do cargo.<\/p>\n<p>Mour\u00e3o evitou, tamb\u00e9m, ligar a demiss\u00e3o \u00e0s press\u00f5es dos filhos do presidente, particularmente o vereador Carlos Bolsonaro (PSC), do Rio, desafeto do ex-ministro desde os tempos de campanha. &#8220;Foi uma decis\u00e3o do presidente e n\u00e3o tem nada a ver com quest\u00f5es familiares&#8221;, afirmou.<\/p>\n<p>Em outro momento, mais uma vez, Mour\u00e3o elogiou a forma como Jair Bolsonaro conduziu o processo, evitou falar do PSL e elogiou a capacidade do presidente de promover o entendimento com os partidos da base aliada. &#8220;O PSL n\u00e3o \u00e9 meu partido. N\u00e3o posso emitir opini\u00e3o sobre algo que n\u00e3o tem nada a ver comigo, apesar de ser do governo e o PSL ser o principal partido da base aliada&#8221;, declarou Mour\u00e3o.<\/p>\n<p>E acrescentou: &#8220;O presidente tem habilidade e capacidade para superar qualquer crise dessa natureza&#8221;. Questionado se esse problema todo, \u00e0s v\u00e9speras do envio ao Congresso da reforma da Previd\u00eancia e do pacote anticrime do ministro da Justi\u00e7a, S\u00e9rgio Moro, o vice-presidente amenizou as consequ\u00eancias dos embates dos \u00faltimos dias.<\/p>\n<p>Sobre a diferen\u00e7a de tratamento dado por Bolsonaro a Bebianno e o ministro do Turismo, Marcelo \u00c1lvaro Ant\u00f4nio, que tamb\u00e9m foi acusado de irregularidades no patroc\u00ednio de candidatos-laranjas, mas que foi poupado pelo governo, o vice-presidente respondeu: &#8220;Uma coisa \u00e9 uma coisa e outra coisa \u00e9 outra coisa. Ent\u00e3o, acho que a quest\u00e3o entre o presidente e o ministro Bebianno tem mais, vamos dizer assim, tem mais problemas do que a quest\u00e3o dos laranjas&#8221;.<\/p>\n<p>Diante da insist\u00eancia dos rep\u00f3rteres sobre quais seriam esses problemas, Mour\u00e3o disse n\u00e3o saber e ressaltou que essa &#8220;foi uma decis\u00e3o de foro \u00edntimo&#8221; do presidente. Ao ser perguntado se existia algum desgaste anterior entre os dois, emendou: &#8220;N\u00e3o sei, o presidente nunca comentou isso comigo. Ent\u00e3o, o que eu julgo \u00e9 que, como eles se conhecem h\u00e1 algum tempo, talvez j\u00e1 tivessem alguns problemas a\u00ed que nunca foram ventilados&#8221;.<\/p>\n","protected":false},"excerpt":{"rendered":"<p>O vice-presidente Hamilton Mour\u00e3o saiu em defesa do presidente Jair Bolsonaro, criticado por ter demorado muito a decidir pela demiss\u00e3o do ministro da Secretaria-Geral, Gustavo Bebianno, prorrogando a crise pelo fim de semana. &#8220;Ele agiu com a cautela necess\u00e1ria&#8221;, declarou, ao deixar o Planalto, depois de o porta-voz da Presid\u00eancia, Ot\u00e1vio Rego Barros, ter anunciado [&hellip;]<\/p>\n","protected":false},"author":2,"featured_media":202460,"comment_status":"closed","ping_status":"closed","sticky":false,"template":"","format":"standard","meta":{"_acf_changed":false,"footnotes":""},"categories":[16],"tags":[95],"class_list":["post-202912","post","type-post","status-publish","format-standard","has-post-thumbnail","hentry","category-brasil","tag-capa"],"acf":[],"yoast_head":"<!-- This site is optimized with the Yoast SEO plugin v27.2 - https:\/\/yoast.com\/product\/yoast-seo-wordpress\/ -->\n<title>Mour\u00e3o elogia cautela de Bolsonaro com Bebianno - Notibras<\/title>\n<meta name=\"robots\" content=\"index, follow, max-snippet:-1, max-image-preview:large, max-video-preview:-1\" \/>\n<link rel=\"canonical\" href=\"https:\/\/www.notibras.com\/site\/mourao-elogia-cautela-de-bolsonaro-no-caso-bebianno\/\" \/>\n<meta property=\"og:locale\" content=\"pt_BR\" \/>\n<meta property=\"og:type\" content=\"article\" \/>\n<meta property=\"og:title\" content=\"Mour\u00e3o elogia cautela de Bolsonaro com Bebianno - Notibras\" \/>\n<meta property=\"og:description\" content=\"O vice-presidente Hamilton Mour\u00e3o saiu em defesa do presidente Jair Bolsonaro, criticado por ter demorado muito a decidir pela demiss\u00e3o do ministro da Secretaria-Geral, Gustavo Bebianno, prorrogando a crise pelo fim de semana. &#8220;Ele agiu com a cautela necess\u00e1ria&#8221;, declarou, ao deixar o Planalto, depois de o porta-voz da Presid\u00eancia, Ot\u00e1vio Rego Barros, ter anunciado [&hellip;]\" \/>\n<meta property=\"og:url\" content=\"https:\/\/www.notibras.com\/site\/mourao-elogia-cautela-de-bolsonaro-no-caso-bebianno\/\" \/>\n<meta property=\"og:site_name\" content=\"Notibras\" \/>\n<meta property=\"article:publisher\" content=\"https:\/\/www.facebook.com\/notibras\/\" \/>\n<meta property=\"article:published_time\" content=\"2019-02-19T10:47:28+00:00\" \/>\n<meta property=\"article:modified_time\" content=\"2019-02-19T15:37:06+00:00\" \/>\n<meta property=\"og:image\" content=\"https:\/\/www.notibras.com\/site\/wp-content\/uploads\/2019\/02\/mour\u00e3o-e-bolsonaro.14.jpg\" \/>\n\t<meta property=\"og:image:width\" content=\"1140\" \/>\n\t<meta property=\"og:image:height\" content=\"760\" \/>\n\t<meta property=\"og:image:type\" content=\"image\/jpeg\" \/>\n<meta name=\"author\" content=\"Reda\u00e7\u00e3o\" \/>\n<meta name=\"twitter:card\" content=\"summary_large_image\" \/>\n<meta name=\"twitter:creator\" content=\"@Notibras\" \/>\n<meta name=\"twitter:site\" content=\"@Notibras\" \/>\n<meta name=\"twitter:label1\" content=\"Escrito por\" \/>\n\t<meta name=\"twitter:data1\" content=\"Reda\u00e7\u00e3o\" \/>\n\t<meta name=\"twitter:label2\" content=\"Est. tempo de leitura\" \/>\n\t<meta name=\"twitter:data2\" content=\"2 minutos\" \/>\n<script type=\"application\/ld+json\" class=\"yoast-schema-graph\">{\"@context\":\"https:\/\/schema.org\",\"@graph\":[{\"@type\":\"Article\",\"@id\":\"https:\/\/www.notibras.com\/site\/mourao-elogia-cautela-de-bolsonaro-no-caso-bebianno\/#article\",\"isPartOf\":{\"@id\":\"https:\/\/www.notibras.com\/site\/mourao-elogia-cautela-de-bolsonaro-no-caso-bebianno\/\"},\"author\":{\"name\":\"Reda\u00e7\u00e3o\",\"@id\":\"https:\/\/www.notibras.com\/site\/#\/schema\/person\/36ab0979449956132d3e5b517ea76ac8\"},\"headline\":\"Mour\u00e3o elogia cautela de Bolsonaro com Bebianno\",\"datePublished\":\"2019-02-19T10:47:28+00:00\",\"dateModified\":\"2019-02-19T15:37:06+00:00\",\"mainEntityOfPage\":{\"@id\":\"https:\/\/www.notibras.com\/site\/mourao-elogia-cautela-de-bolsonaro-no-caso-bebianno\/\"},\"wordCount\":411,\"publisher\":{\"@id\":\"https:\/\/www.notibras.com\/site\/#organization\"},\"image\":{\"@id\":\"https:\/\/www.notibras.com\/site\/mourao-elogia-cautela-de-bolsonaro-no-caso-bebianno\/#primaryimage\"},\"thumbnailUrl\":\"https:\/\/www.notibras.com\/site\/wp-content\/uploads\/2019\/02\/mour\u00e3o-e-bolsonaro.14.jpg\",\"keywords\":[\"capa\"],\"articleSection\":[\"Brasil\"],\"inLanguage\":\"pt-BR\"},{\"@type\":\"WebPage\",\"@id\":\"https:\/\/www.notibras.com\/site\/mourao-elogia-cautela-de-bolsonaro-no-caso-bebianno\/\",\"url\":\"https:\/\/www.notibras.com\/site\/mourao-elogia-cautela-de-bolsonaro-no-caso-bebianno\/\",\"name\":\"Mour\u00e3o elogia cautela de Bolsonaro com Bebianno - Notibras\",\"isPartOf\":{\"@id\":\"https:\/\/www.notibras.com\/site\/#website\"},\"primaryImageOfPage\":{\"@id\":\"https:\/\/www.notibras.com\/site\/mourao-elogia-cautela-de-bolsonaro-no-caso-bebianno\/#primaryimage\"},\"image\":{\"@id\":\"https:\/\/www.notibras.com\/site\/mourao-elogia-cautela-de-bolsonaro-no-caso-bebianno\/#primaryimage\"},\"thumbnailUrl\":\"https:\/\/www.notibras.com\/site\/wp-content\/uploads\/2019\/02\/mour\u00e3o-e-bolsonaro.14.jpg\",\"datePublished\":\"2019-02-19T10:47:28+00:00\",\"dateModified\":\"2019-02-19T15:37:06+00:00\",\"breadcrumb\":{\"@id\":\"https:\/\/www.notibras.com\/site\/mourao-elogia-cautela-de-bolsonaro-no-caso-bebianno\/#breadcrumb\"},\"inLanguage\":\"pt-BR\",\"potentialAction\":[{\"@type\":\"ReadAction\",\"target\":[\"https:\/\/www.notibras.com\/site\/mourao-elogia-cautela-de-bolsonaro-no-caso-bebianno\/\"]}]},{\"@type\":\"ImageObject\",\"inLanguage\":\"pt-BR\",\"@id\":\"https:\/\/www.notibras.com\/site\/mourao-elogia-cautela-de-bolsonaro-no-caso-bebianno\/#primaryimage\",\"url\":\"https:\/\/www.notibras.com\/site\/wp-content\/uploads\/2019\/02\/mour\u00e3o-e-bolsonaro.14.jpg\",\"contentUrl\":\"https:\/\/www.notibras.com\/site\/wp-content\/uploads\/2019\/02\/mour\u00e3o-e-bolsonaro.14.jpg\",\"width\":1140,\"height\":760},{\"@type\":\"BreadcrumbList\",\"@id\":\"https:\/\/www.notibras.com\/site\/mourao-elogia-cautela-de-bolsonaro-no-caso-bebianno\/#breadcrumb\",\"itemListElement\":[{\"@type\":\"ListItem\",\"position\":1,\"name\":\"In\u00edcio\",\"item\":\"https:\/\/www.notibras.com\/site\/\"},{\"@type\":\"ListItem\",\"position\":2,\"name\":\"Mour\u00e3o elogia cautela de Bolsonaro com Bebianno\"}]},{\"@type\":\"WebSite\",\"@id\":\"https:\/\/www.notibras.com\/site\/#website\",\"url\":\"https:\/\/www.notibras.com\/site\/\",\"name\":\"Notibras\",\"description\":\"Not\u00edcias de Bras\u00edlia, do Brasil e do Mundo\",\"publisher\":{\"@id\":\"https:\/\/www.notibras.com\/site\/#organization\"},\"potentialAction\":[{\"@type\":\"SearchAction\",\"target\":{\"@type\":\"EntryPoint\",\"urlTemplate\":\"https:\/\/www.notibras.com\/site\/?s={search_term_string}\"},\"query-input\":{\"@type\":\"PropertyValueSpecification\",\"valueRequired\":true,\"valueName\":\"search_term_string\"}}],\"inLanguage\":\"pt-BR\"},{\"@type\":\"Organization\",\"@id\":\"https:\/\/www.notibras.com\/site\/#organization\",\"name\":\"Grupo Notibras de Comunica\u00e7\u00e3o\",\"url\":\"https:\/\/www.notibras.com\/site\/\",\"logo\":{\"@type\":\"ImageObject\",\"inLanguage\":\"pt-BR\",\"@id\":\"https:\/\/www.notibras.com\/site\/#\/schema\/logo\/image\/\",\"url\":\"https:\/\/www.notibras.com\/site\/wp-content\/uploads\/2023\/01\/notibras23.png\",\"contentUrl\":\"https:\/\/www.notibras.com\/site\/wp-content\/uploads\/2023\/01\/notibras23.png\",\"width\":350,\"height\":87,\"caption\":\"Grupo Notibras de Comunica\u00e7\u00e3o\"},\"image\":{\"@id\":\"https:\/\/www.notibras.com\/site\/#\/schema\/logo\/image\/\"},\"sameAs\":[\"https:\/\/www.facebook.com\/notibras\/\",\"https:\/\/x.com\/Notibras\",\"https:\/\/www.instagram.com\/notibras\/\"]},{\"@type\":\"Person\",\"@id\":\"https:\/\/www.notibras.com\/site\/#\/schema\/person\/36ab0979449956132d3e5b517ea76ac8\",\"name\":\"Reda\u00e7\u00e3o\",\"image\":{\"@type\":\"ImageObject\",\"inLanguage\":\"pt-BR\",\"@id\":\"https:\/\/secure.gravatar.com\/avatar\/e0a867bdedb85fd243eadf09663511f96fc81e0720a4a42581f334ad4303aa6b?s=96&d=mm&r=g\",\"url\":\"https:\/\/secure.gravatar.com\/avatar\/e0a867bdedb85fd243eadf09663511f96fc81e0720a4a42581f334ad4303aa6b?s=96&d=mm&r=g\",\"contentUrl\":\"https:\/\/secure.gravatar.com\/avatar\/e0a867bdedb85fd243eadf09663511f96fc81e0720a4a42581f334ad4303aa6b?s=96&d=mm&r=g\",\"caption\":\"Reda\u00e7\u00e3o\"}}]}<\/script>\n<!-- \/ Yoast SEO plugin. -->","yoast_head_json":{"title":"Mour\u00e3o elogia cautela de Bolsonaro com Bebianno - Notibras","robots":{"index":"index","follow":"follow","max-snippet":"max-snippet:-1","max-image-preview":"max-image-preview:large","max-video-preview":"max-video-preview:-1"},"canonical":"https:\/\/www.notibras.com\/site\/mourao-elogia-cautela-de-bolsonaro-no-caso-bebianno\/","og_locale":"pt_BR","og_type":"article","og_title":"Mour\u00e3o elogia cautela de Bolsonaro com Bebianno - Notibras","og_description":"O vice-presidente Hamilton Mour\u00e3o saiu em defesa do presidente Jair Bolsonaro, criticado por ter demorado muito a decidir pela demiss\u00e3o do ministro da Secretaria-Geral, Gustavo Bebianno, prorrogando a crise pelo fim de semana. &#8220;Ele agiu com a cautela necess\u00e1ria&#8221;, declarou, ao deixar o Planalto, depois de o porta-voz da Presid\u00eancia, Ot\u00e1vio Rego Barros, ter anunciado [&hellip;]","og_url":"https:\/\/www.notibras.com\/site\/mourao-elogia-cautela-de-bolsonaro-no-caso-bebianno\/","og_site_name":"Notibras","article_publisher":"https:\/\/www.facebook.com\/notibras\/","article_published_time":"2019-02-19T10:47:28+00:00","article_modified_time":"2019-02-19T15:37:06+00:00","og_image":[{"width":1140,"height":760,"url":"https:\/\/www.notibras.com\/site\/wp-content\/uploads\/2019\/02\/mour\u00e3o-e-bolsonaro.14.jpg","type":"image\/jpeg"}],"author":"Reda\u00e7\u00e3o","twitter_card":"summary_large_image","twitter_creator":"@Notibras","twitter_site":"@Notibras","twitter_misc":{"Escrito por":"Reda\u00e7\u00e3o","Est. tempo de leitura":"2 minutos"},"schema":{"@context":"https:\/\/schema.org","@graph":[{"@type":"Article","@id":"https:\/\/www.notibras.com\/site\/mourao-elogia-cautela-de-bolsonaro-no-caso-bebianno\/#article","isPartOf":{"@id":"https:\/\/www.notibras.com\/site\/mourao-elogia-cautela-de-bolsonaro-no-caso-bebianno\/"},"author":{"name":"Reda\u00e7\u00e3o","@id":"https:\/\/www.notibras.com\/site\/#\/schema\/person\/36ab0979449956132d3e5b517ea76ac8"},"headline":"Mour\u00e3o elogia cautela de Bolsonaro com Bebianno","datePublished":"2019-02-19T10:47:28+00:00","dateModified":"2019-02-19T15:37:06+00:00","mainEntityOfPage":{"@id":"https:\/\/www.notibras.com\/site\/mourao-elogia-cautela-de-bolsonaro-no-caso-bebianno\/"},"wordCount":411,"publisher":{"@id":"https:\/\/www.notibras.com\/site\/#organization"},"image":{"@id":"https:\/\/www.notibras.com\/site\/mourao-elogia-cautela-de-bolsonaro-no-caso-bebianno\/#primaryimage"},"thumbnailUrl":"https:\/\/www.notibras.com\/site\/wp-content\/uploads\/2019\/02\/mour\u00e3o-e-bolsonaro.14.jpg","keywords":["capa"],"articleSection":["Brasil"],"inLanguage":"pt-BR"},{"@type":"WebPage","@id":"https:\/\/www.notibras.com\/site\/mourao-elogia-cautela-de-bolsonaro-no-caso-bebianno\/","url":"https:\/\/www.notibras.com\/site\/mourao-elogia-cautela-de-bolsonaro-no-caso-bebianno\/","name":"Mour\u00e3o elogia cautela de Bolsonaro com Bebianno - Notibras","isPartOf":{"@id":"https:\/\/www.notibras.com\/site\/#website"},"primaryImageOfPage":{"@id":"https:\/\/www.notibras.com\/site\/mourao-elogia-cautela-de-bolsonaro-no-caso-bebianno\/#primaryimage"},"image":{"@id":"https:\/\/www.notibras.com\/site\/mourao-elogia-cautela-de-bolsonaro-no-caso-bebianno\/#primaryimage"},"thumbnailUrl":"https:\/\/www.notibras.com\/site\/wp-content\/uploads\/2019\/02\/mour\u00e3o-e-bolsonaro.14.jpg","datePublished":"2019-02-19T10:47:28+00:00","dateModified":"2019-02-19T15:37:06+00:00","breadcrumb":{"@id":"https:\/\/www.notibras.com\/site\/mourao-elogia-cautela-de-bolsonaro-no-caso-bebianno\/#breadcrumb"},"inLanguage":"pt-BR","potentialAction":[{"@type":"ReadAction","target":["https:\/\/www.notibras.com\/site\/mourao-elogia-cautela-de-bolsonaro-no-caso-bebianno\/"]}]},{"@type":"ImageObject","inLanguage":"pt-BR","@id":"https:\/\/www.notibras.com\/site\/mourao-elogia-cautela-de-bolsonaro-no-caso-bebianno\/#primaryimage","url":"https:\/\/www.notibras.com\/site\/wp-content\/uploads\/2019\/02\/mour\u00e3o-e-bolsonaro.14.jpg","contentUrl":"https:\/\/www.notibras.com\/site\/wp-content\/uploads\/2019\/02\/mour\u00e3o-e-bolsonaro.14.jpg","width":1140,"height":760},{"@type":"BreadcrumbList","@id":"https:\/\/www.notibras.com\/site\/mourao-elogia-cautela-de-bolsonaro-no-caso-bebianno\/#breadcrumb","itemListElement":[{"@type":"ListItem","position":1,"name":"In\u00edcio","item":"https:\/\/www.notibras.com\/site\/"},{"@type":"ListItem","position":2,"name":"Mour\u00e3o elogia cautela de Bolsonaro com Bebianno"}]},{"@type":"WebSite","@id":"https:\/\/www.notibras.com\/site\/#website","url":"https:\/\/www.notibras.com\/site\/","name":"Notibras","description":"Not\u00edcias de Bras\u00edlia, do Brasil e do Mundo","publisher":{"@id":"https:\/\/www.notibras.com\/site\/#organization"},"potentialAction":[{"@type":"SearchAction","target":{"@type":"EntryPoint","urlTemplate":"https:\/\/www.notibras.com\/site\/?s={search_term_string}"},"query-input":{"@type":"PropertyValueSpecification","valueRequired":true,"valueName":"search_term_string"}}],"inLanguage":"pt-BR"},{"@type":"Organization","@id":"https:\/\/www.notibras.com\/site\/#organization","name":"Grupo Notibras de Comunica\u00e7\u00e3o","url":"https:\/\/www.notibras.com\/site\/","logo":{"@type":"ImageObject","inLanguage":"pt-BR","@id":"https:\/\/www.notibras.com\/site\/#\/schema\/logo\/image\/","url":"https:\/\/www.notibras.com\/site\/wp-content\/uploads\/2023\/01\/notibras23.png","contentUrl":"https:\/\/www.notibras.com\/site\/wp-content\/uploads\/2023\/01\/notibras23.png","width":350,"height":87,"caption":"Grupo Notibras de Comunica\u00e7\u00e3o"},"image":{"@id":"https:\/\/www.notibras.com\/site\/#\/schema\/logo\/image\/"},"sameAs":["https:\/\/www.facebook.com\/notibras\/","https:\/\/x.com\/Notibras","https:\/\/www.instagram.com\/notibras\/"]},{"@type":"Person","@id":"https:\/\/www.notibras.com\/site\/#\/schema\/person\/36ab0979449956132d3e5b517ea76ac8","name":"Reda\u00e7\u00e3o","image":{"@type":"ImageObject","inLanguage":"pt-BR","@id":"https:\/\/secure.gravatar.com\/avatar\/e0a867bdedb85fd243eadf09663511f96fc81e0720a4a42581f334ad4303aa6b?s=96&d=mm&r=g","url":"https:\/\/secure.gravatar.com\/avatar\/e0a867bdedb85fd243eadf09663511f96fc81e0720a4a42581f334ad4303aa6b?s=96&d=mm&r=g","contentUrl":"https:\/\/secure.gravatar.com\/avatar\/e0a867bdedb85fd243eadf09663511f96fc81e0720a4a42581f334ad4303aa6b?s=96&d=mm&r=g","caption":"Reda\u00e7\u00e3o"}}]}},"amp_enabled":true,"_links":{"self":[{"href":"https:\/\/www.notibras.com\/site\/wp-json\/wp\/v2\/posts\/202912","targetHints":{"allow":["GET"]}}],"collection":[{"href":"https:\/\/www.notibras.com\/site\/wp-json\/wp\/v2\/posts"}],"about":[{"href":"https:\/\/www.notibras.com\/site\/wp-json\/wp\/v2\/types\/post"}],"author":[{"embeddable":true,"href":"https:\/\/www.notibras.com\/site\/wp-json\/wp\/v2\/users\/2"}],"replies":[{"embeddable":true,"href":"https:\/\/www.notibras.com\/site\/wp-json\/wp\/v2\/comments?post=202912"}],"version-history":[{"count":3,"href":"https:\/\/www.notibras.com\/site\/wp-json\/wp\/v2\/posts\/202912\/revisions"}],"predecessor-version":[{"id":202958,"href":"https:\/\/www.notibras.com\/site\/wp-json\/wp\/v2\/posts\/202912\/revisions\/202958"}],"wp:featuredmedia":[{"embeddable":true,"href":"https:\/\/www.notibras.com\/site\/wp-json\/wp\/v2\/media\/202460"}],"wp:attachment":[{"href":"https:\/\/www.notibras.com\/site\/wp-json\/wp\/v2\/media?parent=202912"}],"wp:term":[{"taxonomy":"category","embeddable":true,"href":"https:\/\/www.notibras.com\/site\/wp-json\/wp\/v2\/categories?post=202912"},{"taxonomy":"post_tag","embeddable":true,"href":"https:\/\/www.notibras.com\/site\/wp-json\/wp\/v2\/tags?post=202912"}],"curies":[{"name":"wp","href":"https:\/\/api.w.org\/{rel}","templated":true}]}}