{"id":202935,"date":"2019-02-19T10:02:18","date_gmt":"2019-02-19T13:02:18","guid":{"rendered":"https:\/\/www.notibras.com\/site\/?p=202935"},"modified":"2019-02-19T10:45:07","modified_gmt":"2019-02-19T13:45:07","slug":"presidente-da-cni-tambem-e-preso-com-os-fantoches","status":"publish","type":"post","link":"https:\/\/www.notibras.com\/site\/presidente-da-cni-tambem-e-preso-com-os-fantoches\/","title":{"rendered":"Presidente da CNI tamb\u00e9m \u00e9 preso com os fantoches"},"content":{"rendered":"<p>O Presidente da Confedera\u00e7\u00e3o Nacional da Ind\u00fastria (CNI), Robson Andrade, foi preso em S\u00e3o Paulo na manh\u00e3 desta ter\u00e7a-feira, 19, durante opera\u00e7\u00e3o da Pol\u00edcia Federal. Em colabora\u00e7\u00e3o com o Tribunal de Contas da Uni\u00e3o, a PF deflagrou a Opera\u00e7\u00e3o Fantoche para desarticular uma organiza\u00e7\u00e3o de crimes contra a administra\u00e7\u00e3o p\u00fablica, fraudes licitat\u00f3rias, associa\u00e7\u00e3o criminosa e lavagem de ativos.<\/p>\n<p>Respons\u00e1vel pela representa\u00e7\u00e3o da ind\u00fastria do Brasil, a CNI \u00e9 o \u00f3rg\u00e3o m\u00e1ximo do sistema sindical patronal da ind\u00fastria e atua em articula\u00e7\u00e3o com os Poderes Executivo, Legislativo e Judici\u00e1rio, al\u00e9m de entidades no Brasil e no exterior.<\/p>\n<p>Durante esta opera\u00e7\u00e3o deflagrada pela PF s\u00e3o cumpridos 40 mandados de busca e apreens\u00e3o e dez de pris\u00e3o tempor\u00e1ria, nos estados de PE, MG, SP, PB, DF, MS e AL.<\/p>\n<p>Segundo informa\u00e7\u00f5es da PF, um grupo de empresas, sob o controle de um mesmo n\u00facleo familiar, atuava desde 2002 executando contratos firmados por meio de conv\u00eanios com o Minist\u00e9rio do Turismo e entidades paraestatais do intitulado Sistema S. Estima-se que o grupo j\u00e1 tenha recebido mais de R$ 400 milh\u00f5es decorrentes desses contratos.<\/p>\n<p>As investiga\u00e7\u00f5es apontaram que o grupo utilizava entidades de direito privado, sem fins lucrativos, para justificar a celebra\u00e7\u00e3o de contratos e conv\u00eanios diretos com o Minist\u00e9rio e Unidades do Sistema S. Os contratos eram, em sua maioria, voltados \u00e0 execu\u00e7\u00e3o de eventos culturais e de publicidade superfaturados e com inexecu\u00e7\u00e3o parcial, sendo os recursos posteriormente desviados em favor do n\u00facleo empresarial por interm\u00e9dio de empresas de fachada.<\/p>\n","protected":false},"excerpt":{"rendered":"<p>O Presidente da Confedera\u00e7\u00e3o Nacional da Ind\u00fastria (CNI), Robson Andrade, foi preso em S\u00e3o Paulo na manh\u00e3 desta ter\u00e7a-feira, 19, durante opera\u00e7\u00e3o da Pol\u00edcia Federal. Em colabora\u00e7\u00e3o com o Tribunal de Contas da Uni\u00e3o, a PF deflagrou a Opera\u00e7\u00e3o Fantoche para desarticular uma organiza\u00e7\u00e3o de crimes contra a administra\u00e7\u00e3o p\u00fablica, fraudes licitat\u00f3rias, associa\u00e7\u00e3o criminosa e [&hellip;]<\/p>\n","protected":false},"author":2,"featured_media":202936,"comment_status":"closed","ping_status":"closed","sticky":false,"template":"","format":"standard","meta":{"_acf_changed":false,"footnotes":""},"categories":[16],"tags":[95],"class_list":["post-202935","post","type-post","status-publish","format-standard","has-post-thumbnail","hentry","category-brasil","tag-capa"],"acf":[],"yoast_head":"<!-- This site is optimized with the Yoast SEO plugin v27.2 - https:\/\/yoast.com\/product\/yoast-seo-wordpress\/ -->\n<title>Presidente da CNI tamb\u00e9m \u00e9 preso com os fantoches - Notibras<\/title>\n<meta name=\"robots\" content=\"index, follow, max-snippet:-1, max-image-preview:large, max-video-preview:-1\" \/>\n<link rel=\"canonical\" href=\"https:\/\/www.notibras.com\/site\/presidente-da-cni-tambem-e-preso-com-os-fantoches\/\" \/>\n<meta property=\"og:locale\" content=\"pt_BR\" \/>\n<meta property=\"og:type\" content=\"article\" \/>\n<meta property=\"og:title\" content=\"Presidente da CNI tamb\u00e9m \u00e9 preso com os fantoches - Notibras\" \/>\n<meta property=\"og:description\" content=\"O Presidente da Confedera\u00e7\u00e3o Nacional da Ind\u00fastria (CNI), Robson Andrade, foi preso em S\u00e3o Paulo na manh\u00e3 desta ter\u00e7a-feira, 19, durante opera\u00e7\u00e3o da Pol\u00edcia Federal. Em colabora\u00e7\u00e3o com o Tribunal de Contas da Uni\u00e3o, a PF deflagrou a Opera\u00e7\u00e3o Fantoche para desarticular uma organiza\u00e7\u00e3o de crimes contra a administra\u00e7\u00e3o p\u00fablica, fraudes licitat\u00f3rias, associa\u00e7\u00e3o criminosa e [&hellip;]\" \/>\n<meta property=\"og:url\" content=\"https:\/\/www.notibras.com\/site\/presidente-da-cni-tambem-e-preso-com-os-fantoches\/\" \/>\n<meta property=\"og:site_name\" content=\"Notibras\" \/>\n<meta property=\"article:publisher\" content=\"https:\/\/www.facebook.com\/notibras\/\" \/>\n<meta property=\"article:published_time\" content=\"2019-02-19T13:02:18+00:00\" \/>\n<meta property=\"article:modified_time\" content=\"2019-02-19T13:45:07+00:00\" \/>\n<meta property=\"og:image\" content=\"https:\/\/www.notibras.com\/site\/wp-content\/uploads\/2019\/02\/robson-andrade.jpg\" \/>\n\t<meta property=\"og:image:width\" content=\"1140\" \/>\n\t<meta property=\"og:image:height\" content=\"760\" \/>\n\t<meta property=\"og:image:type\" content=\"image\/jpeg\" \/>\n<meta name=\"author\" content=\"Reda\u00e7\u00e3o\" \/>\n<meta name=\"twitter:card\" content=\"summary_large_image\" \/>\n<meta name=\"twitter:creator\" content=\"@Notibras\" \/>\n<meta name=\"twitter:site\" content=\"@Notibras\" \/>\n<meta name=\"twitter:label1\" content=\"Escrito por\" \/>\n\t<meta name=\"twitter:data1\" content=\"Reda\u00e7\u00e3o\" \/>\n\t<meta name=\"twitter:label2\" content=\"Est. tempo de leitura\" \/>\n\t<meta name=\"twitter:data2\" content=\"1 minuto\" \/>\n<script type=\"application\/ld+json\" class=\"yoast-schema-graph\">{\"@context\":\"https:\/\/schema.org\",\"@graph\":[{\"@type\":\"Article\",\"@id\":\"https:\/\/www.notibras.com\/site\/presidente-da-cni-tambem-e-preso-com-os-fantoches\/#article\",\"isPartOf\":{\"@id\":\"https:\/\/www.notibras.com\/site\/presidente-da-cni-tambem-e-preso-com-os-fantoches\/\"},\"author\":{\"name\":\"Reda\u00e7\u00e3o\",\"@id\":\"https:\/\/www.notibras.com\/site\/#\/schema\/person\/36ab0979449956132d3e5b517ea76ac8\"},\"headline\":\"Presidente da CNI tamb\u00e9m \u00e9 preso com os fantoches\",\"datePublished\":\"2019-02-19T13:02:18+00:00\",\"dateModified\":\"2019-02-19T13:45:07+00:00\",\"mainEntityOfPage\":{\"@id\":\"https:\/\/www.notibras.com\/site\/presidente-da-cni-tambem-e-preso-com-os-fantoches\/\"},\"wordCount\":290,\"publisher\":{\"@id\":\"https:\/\/www.notibras.com\/site\/#organization\"},\"image\":{\"@id\":\"https:\/\/www.notibras.com\/site\/presidente-da-cni-tambem-e-preso-com-os-fantoches\/#primaryimage\"},\"thumbnailUrl\":\"https:\/\/www.notibras.com\/site\/wp-content\/uploads\/2019\/02\/robson-andrade.jpg\",\"keywords\":[\"capa\"],\"articleSection\":[\"Brasil\"],\"inLanguage\":\"pt-BR\"},{\"@type\":\"WebPage\",\"@id\":\"https:\/\/www.notibras.com\/site\/presidente-da-cni-tambem-e-preso-com-os-fantoches\/\",\"url\":\"https:\/\/www.notibras.com\/site\/presidente-da-cni-tambem-e-preso-com-os-fantoches\/\",\"name\":\"Presidente da CNI tamb\u00e9m \u00e9 preso com os fantoches - Notibras\",\"isPartOf\":{\"@id\":\"https:\/\/www.notibras.com\/site\/#website\"},\"primaryImageOfPage\":{\"@id\":\"https:\/\/www.notibras.com\/site\/presidente-da-cni-tambem-e-preso-com-os-fantoches\/#primaryimage\"},\"image\":{\"@id\":\"https:\/\/www.notibras.com\/site\/presidente-da-cni-tambem-e-preso-com-os-fantoches\/#primaryimage\"},\"thumbnailUrl\":\"https:\/\/www.notibras.com\/site\/wp-content\/uploads\/2019\/02\/robson-andrade.jpg\",\"datePublished\":\"2019-02-19T13:02:18+00:00\",\"dateModified\":\"2019-02-19T13:45:07+00:00\",\"breadcrumb\":{\"@id\":\"https:\/\/www.notibras.com\/site\/presidente-da-cni-tambem-e-preso-com-os-fantoches\/#breadcrumb\"},\"inLanguage\":\"pt-BR\",\"potentialAction\":[{\"@type\":\"ReadAction\",\"target\":[\"https:\/\/www.notibras.com\/site\/presidente-da-cni-tambem-e-preso-com-os-fantoches\/\"]}]},{\"@type\":\"ImageObject\",\"inLanguage\":\"pt-BR\",\"@id\":\"https:\/\/www.notibras.com\/site\/presidente-da-cni-tambem-e-preso-com-os-fantoches\/#primaryimage\",\"url\":\"https:\/\/www.notibras.com\/site\/wp-content\/uploads\/2019\/02\/robson-andrade.jpg\",\"contentUrl\":\"https:\/\/www.notibras.com\/site\/wp-content\/uploads\/2019\/02\/robson-andrade.jpg\",\"width\":1140,\"height\":760,\"caption\":\"Foto: Ant\u00f4nio Cruz\/ Ag\u00eancia Brasil - Arquivo Notibras\"},{\"@type\":\"BreadcrumbList\",\"@id\":\"https:\/\/www.notibras.com\/site\/presidente-da-cni-tambem-e-preso-com-os-fantoches\/#breadcrumb\",\"itemListElement\":[{\"@type\":\"ListItem\",\"position\":1,\"name\":\"In\u00edcio\",\"item\":\"https:\/\/www.notibras.com\/site\/\"},{\"@type\":\"ListItem\",\"position\":2,\"name\":\"Presidente da CNI tamb\u00e9m \u00e9 preso com os fantoches\"}]},{\"@type\":\"WebSite\",\"@id\":\"https:\/\/www.notibras.com\/site\/#website\",\"url\":\"https:\/\/www.notibras.com\/site\/\",\"name\":\"Notibras\",\"description\":\"Not\u00edcias de Bras\u00edlia, do Brasil e do Mundo\",\"publisher\":{\"@id\":\"https:\/\/www.notibras.com\/site\/#organization\"},\"potentialAction\":[{\"@type\":\"SearchAction\",\"target\":{\"@type\":\"EntryPoint\",\"urlTemplate\":\"https:\/\/www.notibras.com\/site\/?s={search_term_string}\"},\"query-input\":{\"@type\":\"PropertyValueSpecification\",\"valueRequired\":true,\"valueName\":\"search_term_string\"}}],\"inLanguage\":\"pt-BR\"},{\"@type\":\"Organization\",\"@id\":\"https:\/\/www.notibras.com\/site\/#organization\",\"name\":\"Grupo Notibras de Comunica\u00e7\u00e3o\",\"url\":\"https:\/\/www.notibras.com\/site\/\",\"logo\":{\"@type\":\"ImageObject\",\"inLanguage\":\"pt-BR\",\"@id\":\"https:\/\/www.notibras.com\/site\/#\/schema\/logo\/image\/\",\"url\":\"https:\/\/www.notibras.com\/site\/wp-content\/uploads\/2023\/01\/notibras23.png\",\"contentUrl\":\"https:\/\/www.notibras.com\/site\/wp-content\/uploads\/2023\/01\/notibras23.png\",\"width\":350,\"height\":87,\"caption\":\"Grupo Notibras de Comunica\u00e7\u00e3o\"},\"image\":{\"@id\":\"https:\/\/www.notibras.com\/site\/#\/schema\/logo\/image\/\"},\"sameAs\":[\"https:\/\/www.facebook.com\/notibras\/\",\"https:\/\/x.com\/Notibras\",\"https:\/\/www.instagram.com\/notibras\/\"]},{\"@type\":\"Person\",\"@id\":\"https:\/\/www.notibras.com\/site\/#\/schema\/person\/36ab0979449956132d3e5b517ea76ac8\",\"name\":\"Reda\u00e7\u00e3o\",\"image\":{\"@type\":\"ImageObject\",\"inLanguage\":\"pt-BR\",\"@id\":\"https:\/\/secure.gravatar.com\/avatar\/e0a867bdedb85fd243eadf09663511f96fc81e0720a4a42581f334ad4303aa6b?s=96&d=mm&r=g\",\"url\":\"https:\/\/secure.gravatar.com\/avatar\/e0a867bdedb85fd243eadf09663511f96fc81e0720a4a42581f334ad4303aa6b?s=96&d=mm&r=g\",\"contentUrl\":\"https:\/\/secure.gravatar.com\/avatar\/e0a867bdedb85fd243eadf09663511f96fc81e0720a4a42581f334ad4303aa6b?s=96&d=mm&r=g\",\"caption\":\"Reda\u00e7\u00e3o\"}}]}<\/script>\n<!-- \/ Yoast SEO plugin. -->","yoast_head_json":{"title":"Presidente da CNI tamb\u00e9m \u00e9 preso com os fantoches - Notibras","robots":{"index":"index","follow":"follow","max-snippet":"max-snippet:-1","max-image-preview":"max-image-preview:large","max-video-preview":"max-video-preview:-1"},"canonical":"https:\/\/www.notibras.com\/site\/presidente-da-cni-tambem-e-preso-com-os-fantoches\/","og_locale":"pt_BR","og_type":"article","og_title":"Presidente da CNI tamb\u00e9m \u00e9 preso com os fantoches - Notibras","og_description":"O Presidente da Confedera\u00e7\u00e3o Nacional da Ind\u00fastria (CNI), Robson Andrade, foi preso em S\u00e3o Paulo na manh\u00e3 desta ter\u00e7a-feira, 19, durante opera\u00e7\u00e3o da Pol\u00edcia Federal. Em colabora\u00e7\u00e3o com o Tribunal de Contas da Uni\u00e3o, a PF deflagrou a Opera\u00e7\u00e3o Fantoche para desarticular uma organiza\u00e7\u00e3o de crimes contra a administra\u00e7\u00e3o p\u00fablica, fraudes licitat\u00f3rias, associa\u00e7\u00e3o criminosa e [&hellip;]","og_url":"https:\/\/www.notibras.com\/site\/presidente-da-cni-tambem-e-preso-com-os-fantoches\/","og_site_name":"Notibras","article_publisher":"https:\/\/www.facebook.com\/notibras\/","article_published_time":"2019-02-19T13:02:18+00:00","article_modified_time":"2019-02-19T13:45:07+00:00","og_image":[{"width":1140,"height":760,"url":"https:\/\/www.notibras.com\/site\/wp-content\/uploads\/2019\/02\/robson-andrade.jpg","type":"image\/jpeg"}],"author":"Reda\u00e7\u00e3o","twitter_card":"summary_large_image","twitter_creator":"@Notibras","twitter_site":"@Notibras","twitter_misc":{"Escrito por":"Reda\u00e7\u00e3o","Est. tempo de leitura":"1 minuto"},"schema":{"@context":"https:\/\/schema.org","@graph":[{"@type":"Article","@id":"https:\/\/www.notibras.com\/site\/presidente-da-cni-tambem-e-preso-com-os-fantoches\/#article","isPartOf":{"@id":"https:\/\/www.notibras.com\/site\/presidente-da-cni-tambem-e-preso-com-os-fantoches\/"},"author":{"name":"Reda\u00e7\u00e3o","@id":"https:\/\/www.notibras.com\/site\/#\/schema\/person\/36ab0979449956132d3e5b517ea76ac8"},"headline":"Presidente da CNI tamb\u00e9m \u00e9 preso com os fantoches","datePublished":"2019-02-19T13:02:18+00:00","dateModified":"2019-02-19T13:45:07+00:00","mainEntityOfPage":{"@id":"https:\/\/www.notibras.com\/site\/presidente-da-cni-tambem-e-preso-com-os-fantoches\/"},"wordCount":290,"publisher":{"@id":"https:\/\/www.notibras.com\/site\/#organization"},"image":{"@id":"https:\/\/www.notibras.com\/site\/presidente-da-cni-tambem-e-preso-com-os-fantoches\/#primaryimage"},"thumbnailUrl":"https:\/\/www.notibras.com\/site\/wp-content\/uploads\/2019\/02\/robson-andrade.jpg","keywords":["capa"],"articleSection":["Brasil"],"inLanguage":"pt-BR"},{"@type":"WebPage","@id":"https:\/\/www.notibras.com\/site\/presidente-da-cni-tambem-e-preso-com-os-fantoches\/","url":"https:\/\/www.notibras.com\/site\/presidente-da-cni-tambem-e-preso-com-os-fantoches\/","name":"Presidente da CNI tamb\u00e9m \u00e9 preso com os fantoches - Notibras","isPartOf":{"@id":"https:\/\/www.notibras.com\/site\/#website"},"primaryImageOfPage":{"@id":"https:\/\/www.notibras.com\/site\/presidente-da-cni-tambem-e-preso-com-os-fantoches\/#primaryimage"},"image":{"@id":"https:\/\/www.notibras.com\/site\/presidente-da-cni-tambem-e-preso-com-os-fantoches\/#primaryimage"},"thumbnailUrl":"https:\/\/www.notibras.com\/site\/wp-content\/uploads\/2019\/02\/robson-andrade.jpg","datePublished":"2019-02-19T13:02:18+00:00","dateModified":"2019-02-19T13:45:07+00:00","breadcrumb":{"@id":"https:\/\/www.notibras.com\/site\/presidente-da-cni-tambem-e-preso-com-os-fantoches\/#breadcrumb"},"inLanguage":"pt-BR","potentialAction":[{"@type":"ReadAction","target":["https:\/\/www.notibras.com\/site\/presidente-da-cni-tambem-e-preso-com-os-fantoches\/"]}]},{"@type":"ImageObject","inLanguage":"pt-BR","@id":"https:\/\/www.notibras.com\/site\/presidente-da-cni-tambem-e-preso-com-os-fantoches\/#primaryimage","url":"https:\/\/www.notibras.com\/site\/wp-content\/uploads\/2019\/02\/robson-andrade.jpg","contentUrl":"https:\/\/www.notibras.com\/site\/wp-content\/uploads\/2019\/02\/robson-andrade.jpg","width":1140,"height":760,"caption":"Foto: Ant\u00f4nio Cruz\/ Ag\u00eancia Brasil - Arquivo Notibras"},{"@type":"BreadcrumbList","@id":"https:\/\/www.notibras.com\/site\/presidente-da-cni-tambem-e-preso-com-os-fantoches\/#breadcrumb","itemListElement":[{"@type":"ListItem","position":1,"name":"In\u00edcio","item":"https:\/\/www.notibras.com\/site\/"},{"@type":"ListItem","position":2,"name":"Presidente da CNI tamb\u00e9m \u00e9 preso com os fantoches"}]},{"@type":"WebSite","@id":"https:\/\/www.notibras.com\/site\/#website","url":"https:\/\/www.notibras.com\/site\/","name":"Notibras","description":"Not\u00edcias de Bras\u00edlia, do Brasil e do Mundo","publisher":{"@id":"https:\/\/www.notibras.com\/site\/#organization"},"potentialAction":[{"@type":"SearchAction","target":{"@type":"EntryPoint","urlTemplate":"https:\/\/www.notibras.com\/site\/?s={search_term_string}"},"query-input":{"@type":"PropertyValueSpecification","valueRequired":true,"valueName":"search_term_string"}}],"inLanguage":"pt-BR"},{"@type":"Organization","@id":"https:\/\/www.notibras.com\/site\/#organization","name":"Grupo Notibras de Comunica\u00e7\u00e3o","url":"https:\/\/www.notibras.com\/site\/","logo":{"@type":"ImageObject","inLanguage":"pt-BR","@id":"https:\/\/www.notibras.com\/site\/#\/schema\/logo\/image\/","url":"https:\/\/www.notibras.com\/site\/wp-content\/uploads\/2023\/01\/notibras23.png","contentUrl":"https:\/\/www.notibras.com\/site\/wp-content\/uploads\/2023\/01\/notibras23.png","width":350,"height":87,"caption":"Grupo Notibras de Comunica\u00e7\u00e3o"},"image":{"@id":"https:\/\/www.notibras.com\/site\/#\/schema\/logo\/image\/"},"sameAs":["https:\/\/www.facebook.com\/notibras\/","https:\/\/x.com\/Notibras","https:\/\/www.instagram.com\/notibras\/"]},{"@type":"Person","@id":"https:\/\/www.notibras.com\/site\/#\/schema\/person\/36ab0979449956132d3e5b517ea76ac8","name":"Reda\u00e7\u00e3o","image":{"@type":"ImageObject","inLanguage":"pt-BR","@id":"https:\/\/secure.gravatar.com\/avatar\/e0a867bdedb85fd243eadf09663511f96fc81e0720a4a42581f334ad4303aa6b?s=96&d=mm&r=g","url":"https:\/\/secure.gravatar.com\/avatar\/e0a867bdedb85fd243eadf09663511f96fc81e0720a4a42581f334ad4303aa6b?s=96&d=mm&r=g","contentUrl":"https:\/\/secure.gravatar.com\/avatar\/e0a867bdedb85fd243eadf09663511f96fc81e0720a4a42581f334ad4303aa6b?s=96&d=mm&r=g","caption":"Reda\u00e7\u00e3o"}}]}},"amp_enabled":true,"_links":{"self":[{"href":"https:\/\/www.notibras.com\/site\/wp-json\/wp\/v2\/posts\/202935","targetHints":{"allow":["GET"]}}],"collection":[{"href":"https:\/\/www.notibras.com\/site\/wp-json\/wp\/v2\/posts"}],"about":[{"href":"https:\/\/www.notibras.com\/site\/wp-json\/wp\/v2\/types\/post"}],"author":[{"embeddable":true,"href":"https:\/\/www.notibras.com\/site\/wp-json\/wp\/v2\/users\/2"}],"replies":[{"embeddable":true,"href":"https:\/\/www.notibras.com\/site\/wp-json\/wp\/v2\/comments?post=202935"}],"version-history":[{"count":4,"href":"https:\/\/www.notibras.com\/site\/wp-json\/wp\/v2\/posts\/202935\/revisions"}],"predecessor-version":[{"id":202940,"href":"https:\/\/www.notibras.com\/site\/wp-json\/wp\/v2\/posts\/202935\/revisions\/202940"}],"wp:featuredmedia":[{"embeddable":true,"href":"https:\/\/www.notibras.com\/site\/wp-json\/wp\/v2\/media\/202936"}],"wp:attachment":[{"href":"https:\/\/www.notibras.com\/site\/wp-json\/wp\/v2\/media?parent=202935"}],"wp:term":[{"taxonomy":"category","embeddable":true,"href":"https:\/\/www.notibras.com\/site\/wp-json\/wp\/v2\/categories?post=202935"},{"taxonomy":"post_tag","embeddable":true,"href":"https:\/\/www.notibras.com\/site\/wp-json\/wp\/v2\/tags?post=202935"}],"curies":[{"name":"wp","href":"https:\/\/api.w.org\/{rel}","templated":true}]}}