{"id":202945,"date":"2019-02-19T12:06:17","date_gmt":"2019-02-19T15:06:17","guid":{"rendered":"https:\/\/www.notibras.com\/site\/?p=202945"},"modified":"2019-02-19T12:10:17","modified_gmt":"2019-02-19T15:10:17","slug":"se-lei-de-moro-der-certo-bandido-vai-escolher-prisao","status":"publish","type":"post","link":"https:\/\/www.notibras.com\/site\/se-lei-de-moro-der-certo-bandido-vai-escolher-prisao\/","title":{"rendered":"Se Lei de Moro der certo bandido vai escolher pris\u00e3o?"},"content":{"rendered":"<p>Ser preso nos Estados Unidos pode ser menos penoso para empres\u00e1rios bem-sucedidos, pol\u00edticos ou celebridades, gra\u00e7as \u00e0 entrada em cena de um profissional chamado de expert em &#8220;p\u00f3s-senten\u00e7a&#8221;. Na pr\u00e1tica, um criminologista atua como um consultor de pris\u00f5es, contratado para estudar o perfil do cliente e recomendar, de acordo com uma an\u00e1lise das penitenci\u00e1rias, onde \u00e9 o melhor lugar para que a pena seja cumprida.<\/p>\n<p>A contrata\u00e7\u00e3o \u00e9 comum entre os presos por crimes de colarinho branco nos EUA que fazem acordos com a promotoria para confiss\u00e3o de culpa. Os advogados criminais recomendam que os clientes busquem por esse servi\u00e7o. O especialista &#8211; que pode ser um criminologista ou algu\u00e9m que j\u00e1 trabalhou no setor p\u00fablico com penas e corre\u00e7\u00f5es &#8211; analisa caracter\u00edsticas como religi\u00e3o, crime cometido, nacionalidade do acusado e resid\u00eancia da fam\u00edlia para indicar a penitenci\u00e1ria mais adequada.<\/p>\n<p>Um dos nomes mais cobi\u00e7ados entre os acusados nos Estados Unidos \u00e9 o do criminologista Joel Sickler, fundador do Justice Advocacy Group, que trabalha com consultoria privada h\u00e1 cerca de 15 anos. Sickler foi respons\u00e1vel por recomendar que o ex-presidente da CBF Jos\u00e9 Maria Marin fosse para a penitenci\u00e1ria de Allenwood, na Pensilv\u00e2nia, que recebe estrangeiros sentenciados por crimes de colarinho branco por ser uma das penitenci\u00e1rias que possui um programa em parceria com o departamento respons\u00e1vel por imigra\u00e7\u00e3o nos EUA.<\/p>\n<p>Ap\u00f3s orientar o cliente sobre qual a melhor pris\u00e3o, o especialista encaminha ao advogado do caso uma recomenda\u00e7\u00e3o com detalhes que justificam a escolha. O pedido \u00e9 enviado \u00e0s autoridades p\u00fablicas e o juiz do caso pode aceitar a recomenda\u00e7\u00e3o e fazer o pedido ao departamento de pris\u00f5es.<\/p>\n<p>Em 2002, o jornal Chicago Tribune noticiou que a hora de especialistas em p\u00f3s-senten\u00e7a &#8211; passava de US$ 400. O The New York Times estimou o custo da contrata\u00e7\u00e3o dos especialistas em &#8220;dezenas de milhares de d\u00f3lares&#8221;.<\/p>\n<p>A classifica\u00e7\u00e3o preferida dos especialistas da elite \u00e9 a de experts em pris\u00e3o e senten\u00e7a. O termo &#8220;consultor de pris\u00e3o&#8221; se popularizou nos EUA por ex-detentos que d\u00e3o dicas de sobreviv\u00eancia no c\u00e1rcere &#8211; um trabalho considerado menos s\u00e9rio do que o dos criminologistas. &#8220;Acredite ou n\u00e3o, n\u00e3o h\u00e1 uma regula\u00e7\u00e3o nos EUA. H\u00e1 muitos sites com gente se definindo como especialista em p\u00f3s-senten\u00e7a, mas h\u00e1 muitos no mercado querendo apenas tirar vantagem das pessoas&#8221;, diz o presidente da empresa My Federal Prison Consultant, Jack Donson.<\/p>\n<p><strong>Brasil<\/strong> &#8211; Com a maior popula\u00e7\u00e3o carcer\u00e1ria do mundo, a justi\u00e7a criminal dos EUA serviu de inspira\u00e7\u00e3o para a Lava Jato no uso da colabora\u00e7\u00e3o premiada e para o ministro da Justi\u00e7a S\u00e9rgio Moro, que quer ampliar as possibilidades de acordo entre acusado e promotor na \u00e1rea penal.<\/p>\n<p>N\u00e3o h\u00e1 impedimento no Pa\u00eds para discutir os aspectos da condena\u00e7\u00e3o, inclusive a pena. Segundo Jo\u00e3o Pedro P\u00e1dua, advogado criminalista e professor de direito da Universidade Federal Fluminense, no entanto, h\u00e1 diferen\u00e7as entre os dois pa\u00edses que seriam obst\u00e1culos a condenados brasileiros que queiram escolher onde cumprir a pena. A primeira \u00e9 a superlota\u00e7\u00e3o do sistema penitenci\u00e1rio.<\/p>\n<p>&#8220;O Brasil tem um d\u00e9ficit de mais de 200 mil vagas no sistema prisional. Uma recomenda\u00e7\u00e3o sobre onde o preso deveria cumprir pena seria in\u00f3cuo nesse sentido, j\u00e1 que o primeiro objetivo seria garantir que houvesse vaga para o preso cumprir pena, em qualquer estabelecimento&#8221;, afirma P\u00e1dua.<\/p>\n","protected":false},"excerpt":{"rendered":"<p>Ser preso nos Estados Unidos pode ser menos penoso para empres\u00e1rios bem-sucedidos, pol\u00edticos ou celebridades, gra\u00e7as \u00e0 entrada em cena de um profissional chamado de expert em &#8220;p\u00f3s-senten\u00e7a&#8221;. Na pr\u00e1tica, um criminologista atua como um consultor de pris\u00f5es, contratado para estudar o perfil do cliente e recomendar, de acordo com uma an\u00e1lise das penitenci\u00e1rias, onde [&hellip;]<\/p>\n","protected":false},"author":2,"featured_media":202946,"comment_status":"closed","ping_status":"closed","sticky":false,"template":"","format":"standard","meta":{"_acf_changed":false,"footnotes":""},"categories":[16],"tags":[95],"class_list":["post-202945","post","type-post","status-publish","format-standard","has-post-thumbnail","hentry","category-brasil","tag-capa"],"acf":[],"yoast_head":"<!-- This site is optimized with the Yoast SEO plugin v27.2 - https:\/\/yoast.com\/product\/yoast-seo-wordpress\/ -->\n<title>Se Lei de Moro der certo bandido vai escolher pris\u00e3o? - Notibras<\/title>\n<meta name=\"robots\" content=\"index, follow, max-snippet:-1, max-image-preview:large, max-video-preview:-1\" \/>\n<link rel=\"canonical\" href=\"https:\/\/www.notibras.com\/site\/se-lei-de-moro-der-certo-bandido-vai-escolher-prisao\/\" \/>\n<meta property=\"og:locale\" content=\"pt_BR\" \/>\n<meta property=\"og:type\" content=\"article\" \/>\n<meta property=\"og:title\" content=\"Se Lei de Moro der certo bandido vai escolher pris\u00e3o? - Notibras\" \/>\n<meta property=\"og:description\" content=\"Ser preso nos Estados Unidos pode ser menos penoso para empres\u00e1rios bem-sucedidos, pol\u00edticos ou celebridades, gra\u00e7as \u00e0 entrada em cena de um profissional chamado de expert em &#8220;p\u00f3s-senten\u00e7a&#8221;. Na pr\u00e1tica, um criminologista atua como um consultor de pris\u00f5es, contratado para estudar o perfil do cliente e recomendar, de acordo com uma an\u00e1lise das penitenci\u00e1rias, onde [&hellip;]\" \/>\n<meta property=\"og:url\" content=\"https:\/\/www.notibras.com\/site\/se-lei-de-moro-der-certo-bandido-vai-escolher-prisao\/\" \/>\n<meta property=\"og:site_name\" content=\"Notibras\" \/>\n<meta property=\"article:publisher\" content=\"https:\/\/www.facebook.com\/notibras\/\" \/>\n<meta property=\"article:published_time\" content=\"2019-02-19T15:06:17+00:00\" \/>\n<meta property=\"article:modified_time\" content=\"2019-02-19T15:10:17+00:00\" \/>\n<meta property=\"og:image\" content=\"https:\/\/www.notibras.com\/site\/wp-content\/uploads\/2019\/02\/penitenci\u00e1ria-de-Allenwood-na-Pensilv\u00e2nia.jpg\" \/>\n\t<meta property=\"og:image:width\" content=\"960\" \/>\n\t<meta property=\"og:image:height\" content=\"475\" \/>\n\t<meta property=\"og:image:type\" content=\"image\/jpeg\" \/>\n<meta name=\"author\" content=\"Reda\u00e7\u00e3o\" \/>\n<meta name=\"twitter:card\" content=\"summary_large_image\" \/>\n<meta name=\"twitter:creator\" content=\"@Notibras\" \/>\n<meta name=\"twitter:site\" content=\"@Notibras\" \/>\n<meta name=\"twitter:label1\" content=\"Escrito por\" \/>\n\t<meta name=\"twitter:data1\" content=\"Reda\u00e7\u00e3o\" \/>\n\t<meta name=\"twitter:label2\" content=\"Est. tempo de leitura\" \/>\n\t<meta name=\"twitter:data2\" content=\"3 minutos\" \/>\n<script type=\"application\/ld+json\" class=\"yoast-schema-graph\">{\"@context\":\"https:\/\/schema.org\",\"@graph\":[{\"@type\":\"Article\",\"@id\":\"https:\/\/www.notibras.com\/site\/se-lei-de-moro-der-certo-bandido-vai-escolher-prisao\/#article\",\"isPartOf\":{\"@id\":\"https:\/\/www.notibras.com\/site\/se-lei-de-moro-der-certo-bandido-vai-escolher-prisao\/\"},\"author\":{\"name\":\"Reda\u00e7\u00e3o\",\"@id\":\"https:\/\/www.notibras.com\/site\/#\/schema\/person\/36ab0979449956132d3e5b517ea76ac8\"},\"headline\":\"Se Lei de Moro der certo bandido vai escolher pris\u00e3o?\",\"datePublished\":\"2019-02-19T15:06:17+00:00\",\"dateModified\":\"2019-02-19T15:10:17+00:00\",\"mainEntityOfPage\":{\"@id\":\"https:\/\/www.notibras.com\/site\/se-lei-de-moro-der-certo-bandido-vai-escolher-prisao\/\"},\"wordCount\":615,\"publisher\":{\"@id\":\"https:\/\/www.notibras.com\/site\/#organization\"},\"image\":{\"@id\":\"https:\/\/www.notibras.com\/site\/se-lei-de-moro-der-certo-bandido-vai-escolher-prisao\/#primaryimage\"},\"thumbnailUrl\":\"https:\/\/www.notibras.com\/site\/wp-content\/uploads\/2019\/02\/penitenci\u00e1ria-de-Allenwood-na-Pensilv\u00e2nia.jpg\",\"keywords\":[\"capa\"],\"articleSection\":[\"Brasil\"],\"inLanguage\":\"pt-BR\"},{\"@type\":\"WebPage\",\"@id\":\"https:\/\/www.notibras.com\/site\/se-lei-de-moro-der-certo-bandido-vai-escolher-prisao\/\",\"url\":\"https:\/\/www.notibras.com\/site\/se-lei-de-moro-der-certo-bandido-vai-escolher-prisao\/\",\"name\":\"Se Lei de Moro der certo bandido vai escolher pris\u00e3o? - Notibras\",\"isPartOf\":{\"@id\":\"https:\/\/www.notibras.com\/site\/#website\"},\"primaryImageOfPage\":{\"@id\":\"https:\/\/www.notibras.com\/site\/se-lei-de-moro-der-certo-bandido-vai-escolher-prisao\/#primaryimage\"},\"image\":{\"@id\":\"https:\/\/www.notibras.com\/site\/se-lei-de-moro-der-certo-bandido-vai-escolher-prisao\/#primaryimage\"},\"thumbnailUrl\":\"https:\/\/www.notibras.com\/site\/wp-content\/uploads\/2019\/02\/penitenci\u00e1ria-de-Allenwood-na-Pensilv\u00e2nia.jpg\",\"datePublished\":\"2019-02-19T15:06:17+00:00\",\"dateModified\":\"2019-02-19T15:10:17+00:00\",\"breadcrumb\":{\"@id\":\"https:\/\/www.notibras.com\/site\/se-lei-de-moro-der-certo-bandido-vai-escolher-prisao\/#breadcrumb\"},\"inLanguage\":\"pt-BR\",\"potentialAction\":[{\"@type\":\"ReadAction\",\"target\":[\"https:\/\/www.notibras.com\/site\/se-lei-de-moro-der-certo-bandido-vai-escolher-prisao\/\"]}]},{\"@type\":\"ImageObject\",\"inLanguage\":\"pt-BR\",\"@id\":\"https:\/\/www.notibras.com\/site\/se-lei-de-moro-der-certo-bandido-vai-escolher-prisao\/#primaryimage\",\"url\":\"https:\/\/www.notibras.com\/site\/wp-content\/uploads\/2019\/02\/penitenci\u00e1ria-de-Allenwood-na-Pensilv\u00e2nia.jpg\",\"contentUrl\":\"https:\/\/www.notibras.com\/site\/wp-content\/uploads\/2019\/02\/penitenci\u00e1ria-de-Allenwood-na-Pensilv\u00e2nia.jpg\",\"width\":960,\"height\":475,\"caption\":\"Penitenci\u00e1ria de Allenwood, na Pensilv\u00e2nia, abriga 'colarinhos-brancos'. Foto\/Arquivo Notibras\"},{\"@type\":\"BreadcrumbList\",\"@id\":\"https:\/\/www.notibras.com\/site\/se-lei-de-moro-der-certo-bandido-vai-escolher-prisao\/#breadcrumb\",\"itemListElement\":[{\"@type\":\"ListItem\",\"position\":1,\"name\":\"In\u00edcio\",\"item\":\"https:\/\/www.notibras.com\/site\/\"},{\"@type\":\"ListItem\",\"position\":2,\"name\":\"Se Lei de Moro der certo bandido vai escolher pris\u00e3o?\"}]},{\"@type\":\"WebSite\",\"@id\":\"https:\/\/www.notibras.com\/site\/#website\",\"url\":\"https:\/\/www.notibras.com\/site\/\",\"name\":\"Notibras\",\"description\":\"Not\u00edcias de Bras\u00edlia, do Brasil e do Mundo\",\"publisher\":{\"@id\":\"https:\/\/www.notibras.com\/site\/#organization\"},\"potentialAction\":[{\"@type\":\"SearchAction\",\"target\":{\"@type\":\"EntryPoint\",\"urlTemplate\":\"https:\/\/www.notibras.com\/site\/?s={search_term_string}\"},\"query-input\":{\"@type\":\"PropertyValueSpecification\",\"valueRequired\":true,\"valueName\":\"search_term_string\"}}],\"inLanguage\":\"pt-BR\"},{\"@type\":\"Organization\",\"@id\":\"https:\/\/www.notibras.com\/site\/#organization\",\"name\":\"Grupo Notibras de Comunica\u00e7\u00e3o\",\"url\":\"https:\/\/www.notibras.com\/site\/\",\"logo\":{\"@type\":\"ImageObject\",\"inLanguage\":\"pt-BR\",\"@id\":\"https:\/\/www.notibras.com\/site\/#\/schema\/logo\/image\/\",\"url\":\"https:\/\/www.notibras.com\/site\/wp-content\/uploads\/2023\/01\/notibras23.png\",\"contentUrl\":\"https:\/\/www.notibras.com\/site\/wp-content\/uploads\/2023\/01\/notibras23.png\",\"width\":350,\"height\":87,\"caption\":\"Grupo Notibras de Comunica\u00e7\u00e3o\"},\"image\":{\"@id\":\"https:\/\/www.notibras.com\/site\/#\/schema\/logo\/image\/\"},\"sameAs\":[\"https:\/\/www.facebook.com\/notibras\/\",\"https:\/\/x.com\/Notibras\",\"https:\/\/www.instagram.com\/notibras\/\"]},{\"@type\":\"Person\",\"@id\":\"https:\/\/www.notibras.com\/site\/#\/schema\/person\/36ab0979449956132d3e5b517ea76ac8\",\"name\":\"Reda\u00e7\u00e3o\",\"image\":{\"@type\":\"ImageObject\",\"inLanguage\":\"pt-BR\",\"@id\":\"https:\/\/secure.gravatar.com\/avatar\/e0a867bdedb85fd243eadf09663511f96fc81e0720a4a42581f334ad4303aa6b?s=96&d=mm&r=g\",\"url\":\"https:\/\/secure.gravatar.com\/avatar\/e0a867bdedb85fd243eadf09663511f96fc81e0720a4a42581f334ad4303aa6b?s=96&d=mm&r=g\",\"contentUrl\":\"https:\/\/secure.gravatar.com\/avatar\/e0a867bdedb85fd243eadf09663511f96fc81e0720a4a42581f334ad4303aa6b?s=96&d=mm&r=g\",\"caption\":\"Reda\u00e7\u00e3o\"}}]}<\/script>\n<!-- \/ Yoast SEO plugin. -->","yoast_head_json":{"title":"Se Lei de Moro der certo bandido vai escolher pris\u00e3o? - Notibras","robots":{"index":"index","follow":"follow","max-snippet":"max-snippet:-1","max-image-preview":"max-image-preview:large","max-video-preview":"max-video-preview:-1"},"canonical":"https:\/\/www.notibras.com\/site\/se-lei-de-moro-der-certo-bandido-vai-escolher-prisao\/","og_locale":"pt_BR","og_type":"article","og_title":"Se Lei de Moro der certo bandido vai escolher pris\u00e3o? - Notibras","og_description":"Ser preso nos Estados Unidos pode ser menos penoso para empres\u00e1rios bem-sucedidos, pol\u00edticos ou celebridades, gra\u00e7as \u00e0 entrada em cena de um profissional chamado de expert em &#8220;p\u00f3s-senten\u00e7a&#8221;. Na pr\u00e1tica, um criminologista atua como um consultor de pris\u00f5es, contratado para estudar o perfil do cliente e recomendar, de acordo com uma an\u00e1lise das penitenci\u00e1rias, onde [&hellip;]","og_url":"https:\/\/www.notibras.com\/site\/se-lei-de-moro-der-certo-bandido-vai-escolher-prisao\/","og_site_name":"Notibras","article_publisher":"https:\/\/www.facebook.com\/notibras\/","article_published_time":"2019-02-19T15:06:17+00:00","article_modified_time":"2019-02-19T15:10:17+00:00","og_image":[{"width":960,"height":475,"url":"https:\/\/www.notibras.com\/site\/wp-content\/uploads\/2019\/02\/penitenci\u00e1ria-de-Allenwood-na-Pensilv\u00e2nia.jpg","type":"image\/jpeg"}],"author":"Reda\u00e7\u00e3o","twitter_card":"summary_large_image","twitter_creator":"@Notibras","twitter_site":"@Notibras","twitter_misc":{"Escrito por":"Reda\u00e7\u00e3o","Est. tempo de leitura":"3 minutos"},"schema":{"@context":"https:\/\/schema.org","@graph":[{"@type":"Article","@id":"https:\/\/www.notibras.com\/site\/se-lei-de-moro-der-certo-bandido-vai-escolher-prisao\/#article","isPartOf":{"@id":"https:\/\/www.notibras.com\/site\/se-lei-de-moro-der-certo-bandido-vai-escolher-prisao\/"},"author":{"name":"Reda\u00e7\u00e3o","@id":"https:\/\/www.notibras.com\/site\/#\/schema\/person\/36ab0979449956132d3e5b517ea76ac8"},"headline":"Se Lei de Moro der certo bandido vai escolher pris\u00e3o?","datePublished":"2019-02-19T15:06:17+00:00","dateModified":"2019-02-19T15:10:17+00:00","mainEntityOfPage":{"@id":"https:\/\/www.notibras.com\/site\/se-lei-de-moro-der-certo-bandido-vai-escolher-prisao\/"},"wordCount":615,"publisher":{"@id":"https:\/\/www.notibras.com\/site\/#organization"},"image":{"@id":"https:\/\/www.notibras.com\/site\/se-lei-de-moro-der-certo-bandido-vai-escolher-prisao\/#primaryimage"},"thumbnailUrl":"https:\/\/www.notibras.com\/site\/wp-content\/uploads\/2019\/02\/penitenci\u00e1ria-de-Allenwood-na-Pensilv\u00e2nia.jpg","keywords":["capa"],"articleSection":["Brasil"],"inLanguage":"pt-BR"},{"@type":"WebPage","@id":"https:\/\/www.notibras.com\/site\/se-lei-de-moro-der-certo-bandido-vai-escolher-prisao\/","url":"https:\/\/www.notibras.com\/site\/se-lei-de-moro-der-certo-bandido-vai-escolher-prisao\/","name":"Se Lei de Moro der certo bandido vai escolher pris\u00e3o? - Notibras","isPartOf":{"@id":"https:\/\/www.notibras.com\/site\/#website"},"primaryImageOfPage":{"@id":"https:\/\/www.notibras.com\/site\/se-lei-de-moro-der-certo-bandido-vai-escolher-prisao\/#primaryimage"},"image":{"@id":"https:\/\/www.notibras.com\/site\/se-lei-de-moro-der-certo-bandido-vai-escolher-prisao\/#primaryimage"},"thumbnailUrl":"https:\/\/www.notibras.com\/site\/wp-content\/uploads\/2019\/02\/penitenci\u00e1ria-de-Allenwood-na-Pensilv\u00e2nia.jpg","datePublished":"2019-02-19T15:06:17+00:00","dateModified":"2019-02-19T15:10:17+00:00","breadcrumb":{"@id":"https:\/\/www.notibras.com\/site\/se-lei-de-moro-der-certo-bandido-vai-escolher-prisao\/#breadcrumb"},"inLanguage":"pt-BR","potentialAction":[{"@type":"ReadAction","target":["https:\/\/www.notibras.com\/site\/se-lei-de-moro-der-certo-bandido-vai-escolher-prisao\/"]}]},{"@type":"ImageObject","inLanguage":"pt-BR","@id":"https:\/\/www.notibras.com\/site\/se-lei-de-moro-der-certo-bandido-vai-escolher-prisao\/#primaryimage","url":"https:\/\/www.notibras.com\/site\/wp-content\/uploads\/2019\/02\/penitenci\u00e1ria-de-Allenwood-na-Pensilv\u00e2nia.jpg","contentUrl":"https:\/\/www.notibras.com\/site\/wp-content\/uploads\/2019\/02\/penitenci\u00e1ria-de-Allenwood-na-Pensilv\u00e2nia.jpg","width":960,"height":475,"caption":"Penitenci\u00e1ria de Allenwood, na Pensilv\u00e2nia, abriga 'colarinhos-brancos'. Foto\/Arquivo Notibras"},{"@type":"BreadcrumbList","@id":"https:\/\/www.notibras.com\/site\/se-lei-de-moro-der-certo-bandido-vai-escolher-prisao\/#breadcrumb","itemListElement":[{"@type":"ListItem","position":1,"name":"In\u00edcio","item":"https:\/\/www.notibras.com\/site\/"},{"@type":"ListItem","position":2,"name":"Se Lei de Moro der certo bandido vai escolher pris\u00e3o?"}]},{"@type":"WebSite","@id":"https:\/\/www.notibras.com\/site\/#website","url":"https:\/\/www.notibras.com\/site\/","name":"Notibras","description":"Not\u00edcias de Bras\u00edlia, do Brasil e do Mundo","publisher":{"@id":"https:\/\/www.notibras.com\/site\/#organization"},"potentialAction":[{"@type":"SearchAction","target":{"@type":"EntryPoint","urlTemplate":"https:\/\/www.notibras.com\/site\/?s={search_term_string}"},"query-input":{"@type":"PropertyValueSpecification","valueRequired":true,"valueName":"search_term_string"}}],"inLanguage":"pt-BR"},{"@type":"Organization","@id":"https:\/\/www.notibras.com\/site\/#organization","name":"Grupo Notibras de Comunica\u00e7\u00e3o","url":"https:\/\/www.notibras.com\/site\/","logo":{"@type":"ImageObject","inLanguage":"pt-BR","@id":"https:\/\/www.notibras.com\/site\/#\/schema\/logo\/image\/","url":"https:\/\/www.notibras.com\/site\/wp-content\/uploads\/2023\/01\/notibras23.png","contentUrl":"https:\/\/www.notibras.com\/site\/wp-content\/uploads\/2023\/01\/notibras23.png","width":350,"height":87,"caption":"Grupo Notibras de Comunica\u00e7\u00e3o"},"image":{"@id":"https:\/\/www.notibras.com\/site\/#\/schema\/logo\/image\/"},"sameAs":["https:\/\/www.facebook.com\/notibras\/","https:\/\/x.com\/Notibras","https:\/\/www.instagram.com\/notibras\/"]},{"@type":"Person","@id":"https:\/\/www.notibras.com\/site\/#\/schema\/person\/36ab0979449956132d3e5b517ea76ac8","name":"Reda\u00e7\u00e3o","image":{"@type":"ImageObject","inLanguage":"pt-BR","@id":"https:\/\/secure.gravatar.com\/avatar\/e0a867bdedb85fd243eadf09663511f96fc81e0720a4a42581f334ad4303aa6b?s=96&d=mm&r=g","url":"https:\/\/secure.gravatar.com\/avatar\/e0a867bdedb85fd243eadf09663511f96fc81e0720a4a42581f334ad4303aa6b?s=96&d=mm&r=g","contentUrl":"https:\/\/secure.gravatar.com\/avatar\/e0a867bdedb85fd243eadf09663511f96fc81e0720a4a42581f334ad4303aa6b?s=96&d=mm&r=g","caption":"Reda\u00e7\u00e3o"}}]}},"amp_enabled":true,"_links":{"self":[{"href":"https:\/\/www.notibras.com\/site\/wp-json\/wp\/v2\/posts\/202945","targetHints":{"allow":["GET"]}}],"collection":[{"href":"https:\/\/www.notibras.com\/site\/wp-json\/wp\/v2\/posts"}],"about":[{"href":"https:\/\/www.notibras.com\/site\/wp-json\/wp\/v2\/types\/post"}],"author":[{"embeddable":true,"href":"https:\/\/www.notibras.com\/site\/wp-json\/wp\/v2\/users\/2"}],"replies":[{"embeddable":true,"href":"https:\/\/www.notibras.com\/site\/wp-json\/wp\/v2\/comments?post=202945"}],"version-history":[{"count":2,"href":"https:\/\/www.notibras.com\/site\/wp-json\/wp\/v2\/posts\/202945\/revisions"}],"predecessor-version":[{"id":202948,"href":"https:\/\/www.notibras.com\/site\/wp-json\/wp\/v2\/posts\/202945\/revisions\/202948"}],"wp:featuredmedia":[{"embeddable":true,"href":"https:\/\/www.notibras.com\/site\/wp-json\/wp\/v2\/media\/202946"}],"wp:attachment":[{"href":"https:\/\/www.notibras.com\/site\/wp-json\/wp\/v2\/media?parent=202945"}],"wp:term":[{"taxonomy":"category","embeddable":true,"href":"https:\/\/www.notibras.com\/site\/wp-json\/wp\/v2\/categories?post=202945"},{"taxonomy":"post_tag","embeddable":true,"href":"https:\/\/www.notibras.com\/site\/wp-json\/wp\/v2\/tags?post=202945"}],"curies":[{"name":"wp","href":"https:\/\/api.w.org\/{rel}","templated":true}]}}