{"id":20295,"date":"2014-08-21T16:13:13","date_gmt":"2014-08-21T19:13:13","guid":{"rendered":"http:\/\/www.notibras.com\/site\/?p=20295"},"modified":"2014-08-21T16:15:51","modified_gmt":"2014-08-21T19:15:51","slug":"familia-de-patricia-amieiro-sera-indenizada-em-r-780-mil","status":"publish","type":"post","link":"https:\/\/www.notibras.com\/site\/familia-de-patricia-amieiro-sera-indenizada-em-r-780-mil\/","title":{"rendered":"Fam\u00edlia de Patr\u00edcia Amieiro ser\u00e1 indenizada em R$ 780 mil"},"content":{"rendered":"<p>A fam\u00edlia da engenheira Patr\u00edcia Amieiro, desaparecida desde julho de 2008 ap\u00f3s sair de uma festa no Morro da Urca, na Zona Sul, em dire\u00e7\u00e3o \u00e0 Zona Oeste do Rio, conseguiu na Justi\u00e7a que o estado pague uma indeniza\u00e7\u00e3o no valor de R$ 780 mil por danos morais. Quatro PMs s\u00e3o acusados pelo homic\u00eddio qualificado e v\u00e3o a j\u00fari popular. De acordo com Jo\u00e3o Tancredo, advogado da fam\u00edlia, o estado ainda pode recorrer.<\/p>\n<p>Para a fam\u00edlia, a decis\u00e3o judicial j\u00e1 \u00e9 um reconhecimento da culpa dos policiais militares, que teriam atirado contra o carro de Patr\u00edcia na sa\u00edda de um t\u00fanel na Autoestrada Lagoa-Barra. \u201cS\u00e3o mais de quatro anos pedindo que seja feita a justi\u00e7a e isso prova que o juiz tem consci\u00eancia. (A decis\u00e3o de indeniza\u00e7\u00e3o) Mostrou que o estado est\u00e1 errado, que os policiais \u00e9 que s\u00e3o os bandidos\u201d, contou o pai, Ant\u00f4nio Celso Amieiro.<\/p>\n<p><strong>DEFESA CULPA A JOVEM<\/strong><\/p>\n<p>Segundo a defesa da fam\u00edlia, o juiz Ricardo Coimbra Barcelos, da 10\u00aa Vara da Fazenda P\u00fablica do Rio, determinou uma indeniza\u00e7\u00e3o de valor moderado, j\u00e1 que, na decis\u00e3o, o magistrado teria considerado que a atitude de Patr\u00edcia na ocasi\u00e3o teria contribuido de alguma forma para o crime. O fato de a engenheira ter supostamente furado uma blitz da PM minutos antes teria sido considerado como um fator relevante no resultado da a\u00e7\u00e3o.<\/p>\n<p>\u201cIsso \u00e9 um absurdo. Essa decis\u00e3o acaba por prestigiar o comportamento da pol\u00edcia de sair atirando em qualquer carro que fure uma blitz. Estava escuro, ela pode ter se confundido e, al\u00e9m do mais, existem blitze falsas organizadas por criminosos\u201d, argumentou Jos\u00e9 Tancredo.<\/p>\n<p>Ainda de acordo com a defesa da fam\u00edlia, a indeniza\u00e7\u00e3o contempla cinco parentes. O pai e a m\u00e3e ficariam com R$ 250 mil cada um, visto que o dano para eles \u00e9 presumido no processo de danos morais. Os dois irm\u00e3os ser\u00e3o ressarcidos com R$ 100 mil cada e um av\u00f4 da v\u00edtima ganharia R$ 80 mil. Tancredo afirmou que o forte v\u00ednculo dos irm\u00e3os e av\u00f4 com Patr\u00edcia foi provado a partir de fotos e registros e, por isso, houve a partilha da indeniza\u00e7\u00e3o.<\/p>\n<p><strong>J\u00daRI POPULAR<\/strong><\/p>\n<p>O caso Patr\u00edcia Amieiro corre com dois processos judiciais. Um deles \u00e9 o c\u00edvil, que trata da indeniza\u00e7\u00e3o da fam\u00edlia, e o outro \u00e9 o criminal, que busca julgar os culpados pelo desaparecimento da engenheira. Em ambos os processos, h\u00e1 possiblidade de recorrer das senten\u00e7as. Em \u00e2mbito criminal, o caso ser\u00e1 levado a j\u00fari popular, ainda sem data marcada.<\/p>\n<p>Segundo informa\u00e7\u00f5es do Tribunal de Justi\u00e7a do Rio de Janeiro (TJ-RJ) desta quinta (21), os quatro policiais militares acusados \u2013 Marcos Paulo Nogueira Maranh\u00e3o, Willian Luis do Nascimento, F\u00e1bio da Silveira Santana e M\u00e1rcio Oliveira dos Santos \u2013 respondem por homic\u00eddio qualificado. A assessoria de imprensa informou que eles n\u00e3o respondem mais por oculta\u00e7\u00e3o de cad\u00e1ver. O Tribunal de Justi\u00e7a tamb\u00e9m negou que F\u00e1bio da Silveira Santana e M\u00e1rcio Oliveira dos Santos respondam por fraude processual.<\/p>\n","protected":false},"excerpt":{"rendered":"<p>A fam\u00edlia da engenheira Patr\u00edcia Amieiro, desaparecida desde julho de 2008 ap\u00f3s sair de uma festa no Morro da Urca, na Zona Sul, em dire\u00e7\u00e3o \u00e0 Zona Oeste do Rio, conseguiu na Justi\u00e7a que o estado pague uma indeniza\u00e7\u00e3o no valor de R$ 780 mil por danos morais. Quatro PMs s\u00e3o acusados pelo homic\u00eddio qualificado [&hellip;]<\/p>\n","protected":false},"author":1,"featured_media":20301,"comment_status":"open","ping_status":"closed","sticky":false,"template":"","format":"standard","meta":{"_acf_changed":false,"footnotes":""},"categories":[21],"tags":[],"class_list":["post-20295","post","type-post","status-publish","format-standard","has-post-thumbnail","hentry","category-rio-de-janeiro"],"acf":[],"_links":{"self":[{"href":"https:\/\/www.notibras.com\/site\/wp-json\/wp\/v2\/posts\/20295","targetHints":{"allow":["GET"]}}],"collection":[{"href":"https:\/\/www.notibras.com\/site\/wp-json\/wp\/v2\/posts"}],"about":[{"href":"https:\/\/www.notibras.com\/site\/wp-json\/wp\/v2\/types\/post"}],"author":[{"embeddable":true,"href":"https:\/\/www.notibras.com\/site\/wp-json\/wp\/v2\/users\/1"}],"replies":[{"embeddable":true,"href":"https:\/\/www.notibras.com\/site\/wp-json\/wp\/v2\/comments?post=20295"}],"version-history":[{"count":0,"href":"https:\/\/www.notibras.com\/site\/wp-json\/wp\/v2\/posts\/20295\/revisions"}],"wp:featuredmedia":[{"embeddable":true,"href":"https:\/\/www.notibras.com\/site\/wp-json\/wp\/v2\/media\/20301"}],"wp:attachment":[{"href":"https:\/\/www.notibras.com\/site\/wp-json\/wp\/v2\/media?parent=20295"}],"wp:term":[{"taxonomy":"category","embeddable":true,"href":"https:\/\/www.notibras.com\/site\/wp-json\/wp\/v2\/categories?post=20295"},{"taxonomy":"post_tag","embeddable":true,"href":"https:\/\/www.notibras.com\/site\/wp-json\/wp\/v2\/tags?post=20295"}],"curies":[{"name":"wp","href":"https:\/\/api.w.org\/{rel}","templated":true}]}}