{"id":202952,"date":"2019-02-19T12:29:04","date_gmt":"2019-02-19T15:29:04","guid":{"rendered":"https:\/\/www.notibras.com\/site\/?p=202952"},"modified":"2019-02-19T12:30:59","modified_gmt":"2019-02-19T15:30:59","slug":"cristaos-reagem-e-satira-a-jesus-da-dc-fica-na-gaveta","status":"publish","type":"post","link":"https:\/\/www.notibras.com\/site\/cristaos-reagem-e-satira-a-jesus-da-dc-fica-na-gaveta\/","title":{"rendered":"Crist\u00e3os reagem e s\u00e1tira a Jesus da DC fica na gaveta"},"content":{"rendered":"<p>A DC Comics, imaginando atrair cada vez mais p\u00fablico, anunciou que lan\u00e7aria uma s\u00e9rie de s\u00e1tiras com Jesus Cristo como o personagem principal, bem como um super-her\u00f3i que est\u00e1 sendo adorado mais do que o Filho de Deus.<\/p>\n<p>Mas, mera ilus\u00e3o. A produtora teve que retirar a produ\u00e7\u00e3o e distribui\u00e7\u00e3o da s\u00e9rie de quadrinhos &#8220;Second Coming&#8221;, depois de enfrentar a rea\u00e7\u00e3o da comunidade crist\u00e3.<\/p>\n<p>A Segunda Vinda , escrita por Mark Russell e desenhada por Richard Pace, conta a hist\u00f3ria de Jesus Cristo retornando \u00e0 Terra depois de passar dois mil anos \u201ctrancado\u201d por Deus, que estava \u201cchateado\u201d com a pris\u00e3o e crucifica\u00e7\u00e3o de seu Filho.<\/p>\n<p>Jesus volta ao nosso planeta apenas para descobrir que seus ensinamentos foram distorcidos, e tem que aprender como ser um verdadeiro messias, observando um super-her\u00f3i &#8220;todo-poderoso&#8221;, Sun-Man, que parece ser seu companheiro de quarto.<\/p>\n<p>Os crist\u00e3os come\u00e7aram uma peti\u00e7\u00e3o no CitizenGo.org para impedir o lan\u00e7amento da s\u00e9rie de quadrinhos \u201cblasf\u00eamicos\u201d e \u201cultrajantes\u201d.<\/p>\n<p>\u201cVoc\u00ea pode imaginar a m\u00eddia e o alvoro\u00e7o pol\u00edtico se a DC Comics estivesse alterando e zombando da hist\u00f3ria de Maom\u00e9\u2026 ou Buda? Este conte\u00fado blasfemo n\u00e3o deve ser tolerado. Jesus Cristo \u00e9 o Filho de Deus. Sua hist\u00f3ria n\u00e3o deve ser ridicularizada por causa da venda de hist\u00f3rias em quadrinhos \u201d, diz a peti\u00e7\u00e3o.<\/p>\n<p>Os criadores do Second Coming n\u00e3o est\u00e3o culpando o selo da Vertigo Comics pelo s\u00fabito pull-out; pelo contr\u00e1rio, eles ainda esperam encontrar um novo editor para que sua hist\u00f3ria possa ver a luz.<\/p>\n<p>Mark Russell negou que a peti\u00e7\u00e3o fosse a raz\u00e3o pela qual a Vertigo havia recudao: &#8220;N\u00e3o foi por causa de algum descontentamento com a DC ou sua equipe editorial. Era apenas que eles queriam empurrar a data de lan\u00e7amento de volta para algum ponto indeterminado no futuro e eu fiz algumas pequenas altera\u00e7\u00f5es a seu pedido, ap\u00f3s o que, eu fui avisado que os pedidos de mudan\u00e7as mais significativas provavelmente estariam a caminho. Ent\u00e3o decidi que preferia manter a hist\u00f3ria intacta e permanecer fiel \u00e0 vis\u00e3o original e chegar \u00e0s m\u00e3os dos leitores de uma maneira mais oportuna&#8221;, afirmou.<\/p>\n<p>O grupo por tr\u00e1s da peti\u00e7\u00e3o online elogiou a decis\u00e3o da DC Comics e prometeu continuar a lutar contra o lan\u00e7amento da publica\u00e7\u00e3o &#8220;se for escolhido por outro editor&#8221;.<\/p>\n<p>\u201cJesus \u00e9 muito mais que um super-her\u00f3i. Os quadrinhos retratam uma vis\u00e3o falsa de nosso Salvador. Jesus n\u00e3o \u00e9 um fracasso. Ele foi enviado para a cruz por nossos pecados e salva\u00e7\u00e3o eterna. A maioria das crian\u00e7as cresce lendo sobre ic\u00f4nicos super-her\u00f3is da DC como Batman, Superman ou Wonder Women. Seria uma vergonha comercializar essa falsa vis\u00e3o de Jesus como uma leitura igual a esses n\u00fameros. Eu n\u00e3o gostaria que as crian\u00e7as lessem este livro em quadrinhos e acreditem que \u00e9 verdade \u201d, disseram os idealizadores da peti\u00e7\u00e3o.<\/p>\n<p>Apesar da feroz rea\u00e7\u00e3o dos crist\u00e3os, os usu\u00e1rios de m\u00eddias sociais est\u00e3o determinados a ir em frente com a compra da s\u00e9rie, caso liberada por outro editor. De fato, muitos atacaram aqueles que se opunham ao livro, dizendo que eles estavam exagerando. E houve quem sugerisse a Russell trabalhar em uma s\u00e1tira sobre o Profeta Muhammad.<\/p>\n","protected":false},"excerpt":{"rendered":"<p>A DC Comics, imaginando atrair cada vez mais p\u00fablico, anunciou que lan\u00e7aria uma s\u00e9rie de s\u00e1tiras com Jesus Cristo como o personagem principal, bem como um super-her\u00f3i que est\u00e1 sendo adorado mais do que o Filho de Deus. Mas, mera ilus\u00e3o. A produtora teve que retirar a produ\u00e7\u00e3o e distribui\u00e7\u00e3o da s\u00e9rie de quadrinhos &#8220;Second [&hellip;]<\/p>\n","protected":false},"author":2,"featured_media":202953,"comment_status":"closed","ping_status":"closed","sticky":false,"template":"","format":"standard","meta":{"_acf_changed":false,"footnotes":""},"categories":[71],"tags":[95],"class_list":["post-202952","post","type-post","status-publish","format-standard","has-post-thumbnail","hentry","category-curiosidades","tag-capa"],"acf":[],"yoast_head":"<!-- This site is optimized with the Yoast SEO plugin v27.2 - https:\/\/yoast.com\/product\/yoast-seo-wordpress\/ -->\n<title>Crist\u00e3os reagem e s\u00e1tira a Jesus da DC fica na gaveta - Notibras<\/title>\n<meta name=\"robots\" content=\"index, follow, max-snippet:-1, max-image-preview:large, max-video-preview:-1\" \/>\n<link rel=\"canonical\" href=\"https:\/\/www.notibras.com\/site\/cristaos-reagem-e-satira-a-jesus-da-dc-fica-na-gaveta\/\" \/>\n<meta property=\"og:locale\" content=\"pt_BR\" \/>\n<meta property=\"og:type\" content=\"article\" \/>\n<meta property=\"og:title\" content=\"Crist\u00e3os reagem e s\u00e1tira a Jesus da DC fica na gaveta - Notibras\" \/>\n<meta property=\"og:description\" content=\"A DC Comics, imaginando atrair cada vez mais p\u00fablico, anunciou que lan\u00e7aria uma s\u00e9rie de s\u00e1tiras com Jesus Cristo como o personagem principal, bem como um super-her\u00f3i que est\u00e1 sendo adorado mais do que o Filho de Deus. Mas, mera ilus\u00e3o. A produtora teve que retirar a produ\u00e7\u00e3o e distribui\u00e7\u00e3o da s\u00e9rie de quadrinhos &#8220;Second [&hellip;]\" \/>\n<meta property=\"og:url\" content=\"https:\/\/www.notibras.com\/site\/cristaos-reagem-e-satira-a-jesus-da-dc-fica-na-gaveta\/\" \/>\n<meta property=\"og:site_name\" content=\"Notibras\" \/>\n<meta property=\"article:publisher\" content=\"https:\/\/www.facebook.com\/notibras\/\" \/>\n<meta property=\"article:published_time\" content=\"2019-02-19T15:29:04+00:00\" \/>\n<meta property=\"article:modified_time\" content=\"2019-02-19T15:30:59+00:00\" \/>\n<meta property=\"og:image\" content=\"https:\/\/www.notibras.com\/site\/wp-content\/uploads\/2019\/02\/jesus-satira.jpg\" \/>\n\t<meta property=\"og:image:width\" content=\"700\" \/>\n\t<meta property=\"og:image:height\" content=\"420\" \/>\n\t<meta property=\"og:image:type\" content=\"image\/jpeg\" \/>\n<meta name=\"author\" content=\"Reda\u00e7\u00e3o\" \/>\n<meta name=\"twitter:card\" content=\"summary_large_image\" \/>\n<meta name=\"twitter:creator\" content=\"@Notibras\" \/>\n<meta name=\"twitter:site\" content=\"@Notibras\" \/>\n<meta name=\"twitter:label1\" content=\"Escrito por\" \/>\n\t<meta name=\"twitter:data1\" content=\"Reda\u00e7\u00e3o\" \/>\n\t<meta name=\"twitter:label2\" content=\"Est. tempo de leitura\" \/>\n\t<meta name=\"twitter:data2\" content=\"3 minutos\" \/>\n<script type=\"application\/ld+json\" class=\"yoast-schema-graph\">{\"@context\":\"https:\/\/schema.org\",\"@graph\":[{\"@type\":\"Article\",\"@id\":\"https:\/\/www.notibras.com\/site\/cristaos-reagem-e-satira-a-jesus-da-dc-fica-na-gaveta\/#article\",\"isPartOf\":{\"@id\":\"https:\/\/www.notibras.com\/site\/cristaos-reagem-e-satira-a-jesus-da-dc-fica-na-gaveta\/\"},\"author\":{\"name\":\"Reda\u00e7\u00e3o\",\"@id\":\"https:\/\/www.notibras.com\/site\/#\/schema\/person\/36ab0979449956132d3e5b517ea76ac8\"},\"headline\":\"Crist\u00e3os reagem e s\u00e1tira a Jesus da DC fica na gaveta\",\"datePublished\":\"2019-02-19T15:29:04+00:00\",\"dateModified\":\"2019-02-19T15:30:59+00:00\",\"mainEntityOfPage\":{\"@id\":\"https:\/\/www.notibras.com\/site\/cristaos-reagem-e-satira-a-jesus-da-dc-fica-na-gaveta\/\"},\"wordCount\":593,\"publisher\":{\"@id\":\"https:\/\/www.notibras.com\/site\/#organization\"},\"image\":{\"@id\":\"https:\/\/www.notibras.com\/site\/cristaos-reagem-e-satira-a-jesus-da-dc-fica-na-gaveta\/#primaryimage\"},\"thumbnailUrl\":\"https:\/\/www.notibras.com\/site\/wp-content\/uploads\/2019\/02\/jesus-satira.jpg\",\"keywords\":[\"capa\"],\"articleSection\":[\"Curiosidades\"],\"inLanguage\":\"pt-BR\"},{\"@type\":\"WebPage\",\"@id\":\"https:\/\/www.notibras.com\/site\/cristaos-reagem-e-satira-a-jesus-da-dc-fica-na-gaveta\/\",\"url\":\"https:\/\/www.notibras.com\/site\/cristaos-reagem-e-satira-a-jesus-da-dc-fica-na-gaveta\/\",\"name\":\"Crist\u00e3os reagem e s\u00e1tira a Jesus da DC fica na gaveta - Notibras\",\"isPartOf\":{\"@id\":\"https:\/\/www.notibras.com\/site\/#website\"},\"primaryImageOfPage\":{\"@id\":\"https:\/\/www.notibras.com\/site\/cristaos-reagem-e-satira-a-jesus-da-dc-fica-na-gaveta\/#primaryimage\"},\"image\":{\"@id\":\"https:\/\/www.notibras.com\/site\/cristaos-reagem-e-satira-a-jesus-da-dc-fica-na-gaveta\/#primaryimage\"},\"thumbnailUrl\":\"https:\/\/www.notibras.com\/site\/wp-content\/uploads\/2019\/02\/jesus-satira.jpg\",\"datePublished\":\"2019-02-19T15:29:04+00:00\",\"dateModified\":\"2019-02-19T15:30:59+00:00\",\"breadcrumb\":{\"@id\":\"https:\/\/www.notibras.com\/site\/cristaos-reagem-e-satira-a-jesus-da-dc-fica-na-gaveta\/#breadcrumb\"},\"inLanguage\":\"pt-BR\",\"potentialAction\":[{\"@type\":\"ReadAction\",\"target\":[\"https:\/\/www.notibras.com\/site\/cristaos-reagem-e-satira-a-jesus-da-dc-fica-na-gaveta\/\"]}]},{\"@type\":\"ImageObject\",\"inLanguage\":\"pt-BR\",\"@id\":\"https:\/\/www.notibras.com\/site\/cristaos-reagem-e-satira-a-jesus-da-dc-fica-na-gaveta\/#primaryimage\",\"url\":\"https:\/\/www.notibras.com\/site\/wp-content\/uploads\/2019\/02\/jesus-satira.jpg\",\"contentUrl\":\"https:\/\/www.notibras.com\/site\/wp-content\/uploads\/2019\/02\/jesus-satira.jpg\",\"width\":700,\"height\":420,\"caption\":\"Foto\/Reprodu\u00e7\u00e3o\"},{\"@type\":\"BreadcrumbList\",\"@id\":\"https:\/\/www.notibras.com\/site\/cristaos-reagem-e-satira-a-jesus-da-dc-fica-na-gaveta\/#breadcrumb\",\"itemListElement\":[{\"@type\":\"ListItem\",\"position\":1,\"name\":\"In\u00edcio\",\"item\":\"https:\/\/www.notibras.com\/site\/\"},{\"@type\":\"ListItem\",\"position\":2,\"name\":\"Crist\u00e3os reagem e s\u00e1tira a Jesus da DC fica na gaveta\"}]},{\"@type\":\"WebSite\",\"@id\":\"https:\/\/www.notibras.com\/site\/#website\",\"url\":\"https:\/\/www.notibras.com\/site\/\",\"name\":\"Notibras\",\"description\":\"Not\u00edcias de Bras\u00edlia, do Brasil e do Mundo\",\"publisher\":{\"@id\":\"https:\/\/www.notibras.com\/site\/#organization\"},\"potentialAction\":[{\"@type\":\"SearchAction\",\"target\":{\"@type\":\"EntryPoint\",\"urlTemplate\":\"https:\/\/www.notibras.com\/site\/?s={search_term_string}\"},\"query-input\":{\"@type\":\"PropertyValueSpecification\",\"valueRequired\":true,\"valueName\":\"search_term_string\"}}],\"inLanguage\":\"pt-BR\"},{\"@type\":\"Organization\",\"@id\":\"https:\/\/www.notibras.com\/site\/#organization\",\"name\":\"Grupo Notibras de Comunica\u00e7\u00e3o\",\"url\":\"https:\/\/www.notibras.com\/site\/\",\"logo\":{\"@type\":\"ImageObject\",\"inLanguage\":\"pt-BR\",\"@id\":\"https:\/\/www.notibras.com\/site\/#\/schema\/logo\/image\/\",\"url\":\"https:\/\/www.notibras.com\/site\/wp-content\/uploads\/2023\/01\/notibras23.png\",\"contentUrl\":\"https:\/\/www.notibras.com\/site\/wp-content\/uploads\/2023\/01\/notibras23.png\",\"width\":350,\"height\":87,\"caption\":\"Grupo Notibras de Comunica\u00e7\u00e3o\"},\"image\":{\"@id\":\"https:\/\/www.notibras.com\/site\/#\/schema\/logo\/image\/\"},\"sameAs\":[\"https:\/\/www.facebook.com\/notibras\/\",\"https:\/\/x.com\/Notibras\",\"https:\/\/www.instagram.com\/notibras\/\"]},{\"@type\":\"Person\",\"@id\":\"https:\/\/www.notibras.com\/site\/#\/schema\/person\/36ab0979449956132d3e5b517ea76ac8\",\"name\":\"Reda\u00e7\u00e3o\",\"image\":{\"@type\":\"ImageObject\",\"inLanguage\":\"pt-BR\",\"@id\":\"https:\/\/secure.gravatar.com\/avatar\/e0a867bdedb85fd243eadf09663511f96fc81e0720a4a42581f334ad4303aa6b?s=96&d=mm&r=g\",\"url\":\"https:\/\/secure.gravatar.com\/avatar\/e0a867bdedb85fd243eadf09663511f96fc81e0720a4a42581f334ad4303aa6b?s=96&d=mm&r=g\",\"contentUrl\":\"https:\/\/secure.gravatar.com\/avatar\/e0a867bdedb85fd243eadf09663511f96fc81e0720a4a42581f334ad4303aa6b?s=96&d=mm&r=g\",\"caption\":\"Reda\u00e7\u00e3o\"}}]}<\/script>\n<!-- \/ Yoast SEO plugin. -->","yoast_head_json":{"title":"Crist\u00e3os reagem e s\u00e1tira a Jesus da DC fica na gaveta - Notibras","robots":{"index":"index","follow":"follow","max-snippet":"max-snippet:-1","max-image-preview":"max-image-preview:large","max-video-preview":"max-video-preview:-1"},"canonical":"https:\/\/www.notibras.com\/site\/cristaos-reagem-e-satira-a-jesus-da-dc-fica-na-gaveta\/","og_locale":"pt_BR","og_type":"article","og_title":"Crist\u00e3os reagem e s\u00e1tira a Jesus da DC fica na gaveta - Notibras","og_description":"A DC Comics, imaginando atrair cada vez mais p\u00fablico, anunciou que lan\u00e7aria uma s\u00e9rie de s\u00e1tiras com Jesus Cristo como o personagem principal, bem como um super-her\u00f3i que est\u00e1 sendo adorado mais do que o Filho de Deus. Mas, mera ilus\u00e3o. A produtora teve que retirar a produ\u00e7\u00e3o e distribui\u00e7\u00e3o da s\u00e9rie de quadrinhos &#8220;Second [&hellip;]","og_url":"https:\/\/www.notibras.com\/site\/cristaos-reagem-e-satira-a-jesus-da-dc-fica-na-gaveta\/","og_site_name":"Notibras","article_publisher":"https:\/\/www.facebook.com\/notibras\/","article_published_time":"2019-02-19T15:29:04+00:00","article_modified_time":"2019-02-19T15:30:59+00:00","og_image":[{"width":700,"height":420,"url":"https:\/\/www.notibras.com\/site\/wp-content\/uploads\/2019\/02\/jesus-satira.jpg","type":"image\/jpeg"}],"author":"Reda\u00e7\u00e3o","twitter_card":"summary_large_image","twitter_creator":"@Notibras","twitter_site":"@Notibras","twitter_misc":{"Escrito por":"Reda\u00e7\u00e3o","Est. tempo de leitura":"3 minutos"},"schema":{"@context":"https:\/\/schema.org","@graph":[{"@type":"Article","@id":"https:\/\/www.notibras.com\/site\/cristaos-reagem-e-satira-a-jesus-da-dc-fica-na-gaveta\/#article","isPartOf":{"@id":"https:\/\/www.notibras.com\/site\/cristaos-reagem-e-satira-a-jesus-da-dc-fica-na-gaveta\/"},"author":{"name":"Reda\u00e7\u00e3o","@id":"https:\/\/www.notibras.com\/site\/#\/schema\/person\/36ab0979449956132d3e5b517ea76ac8"},"headline":"Crist\u00e3os reagem e s\u00e1tira a Jesus da DC fica na gaveta","datePublished":"2019-02-19T15:29:04+00:00","dateModified":"2019-02-19T15:30:59+00:00","mainEntityOfPage":{"@id":"https:\/\/www.notibras.com\/site\/cristaos-reagem-e-satira-a-jesus-da-dc-fica-na-gaveta\/"},"wordCount":593,"publisher":{"@id":"https:\/\/www.notibras.com\/site\/#organization"},"image":{"@id":"https:\/\/www.notibras.com\/site\/cristaos-reagem-e-satira-a-jesus-da-dc-fica-na-gaveta\/#primaryimage"},"thumbnailUrl":"https:\/\/www.notibras.com\/site\/wp-content\/uploads\/2019\/02\/jesus-satira.jpg","keywords":["capa"],"articleSection":["Curiosidades"],"inLanguage":"pt-BR"},{"@type":"WebPage","@id":"https:\/\/www.notibras.com\/site\/cristaos-reagem-e-satira-a-jesus-da-dc-fica-na-gaveta\/","url":"https:\/\/www.notibras.com\/site\/cristaos-reagem-e-satira-a-jesus-da-dc-fica-na-gaveta\/","name":"Crist\u00e3os reagem e s\u00e1tira a Jesus da DC fica na gaveta - Notibras","isPartOf":{"@id":"https:\/\/www.notibras.com\/site\/#website"},"primaryImageOfPage":{"@id":"https:\/\/www.notibras.com\/site\/cristaos-reagem-e-satira-a-jesus-da-dc-fica-na-gaveta\/#primaryimage"},"image":{"@id":"https:\/\/www.notibras.com\/site\/cristaos-reagem-e-satira-a-jesus-da-dc-fica-na-gaveta\/#primaryimage"},"thumbnailUrl":"https:\/\/www.notibras.com\/site\/wp-content\/uploads\/2019\/02\/jesus-satira.jpg","datePublished":"2019-02-19T15:29:04+00:00","dateModified":"2019-02-19T15:30:59+00:00","breadcrumb":{"@id":"https:\/\/www.notibras.com\/site\/cristaos-reagem-e-satira-a-jesus-da-dc-fica-na-gaveta\/#breadcrumb"},"inLanguage":"pt-BR","potentialAction":[{"@type":"ReadAction","target":["https:\/\/www.notibras.com\/site\/cristaos-reagem-e-satira-a-jesus-da-dc-fica-na-gaveta\/"]}]},{"@type":"ImageObject","inLanguage":"pt-BR","@id":"https:\/\/www.notibras.com\/site\/cristaos-reagem-e-satira-a-jesus-da-dc-fica-na-gaveta\/#primaryimage","url":"https:\/\/www.notibras.com\/site\/wp-content\/uploads\/2019\/02\/jesus-satira.jpg","contentUrl":"https:\/\/www.notibras.com\/site\/wp-content\/uploads\/2019\/02\/jesus-satira.jpg","width":700,"height":420,"caption":"Foto\/Reprodu\u00e7\u00e3o"},{"@type":"BreadcrumbList","@id":"https:\/\/www.notibras.com\/site\/cristaos-reagem-e-satira-a-jesus-da-dc-fica-na-gaveta\/#breadcrumb","itemListElement":[{"@type":"ListItem","position":1,"name":"In\u00edcio","item":"https:\/\/www.notibras.com\/site\/"},{"@type":"ListItem","position":2,"name":"Crist\u00e3os reagem e s\u00e1tira a Jesus da DC fica na gaveta"}]},{"@type":"WebSite","@id":"https:\/\/www.notibras.com\/site\/#website","url":"https:\/\/www.notibras.com\/site\/","name":"Notibras","description":"Not\u00edcias de Bras\u00edlia, do Brasil e do Mundo","publisher":{"@id":"https:\/\/www.notibras.com\/site\/#organization"},"potentialAction":[{"@type":"SearchAction","target":{"@type":"EntryPoint","urlTemplate":"https:\/\/www.notibras.com\/site\/?s={search_term_string}"},"query-input":{"@type":"PropertyValueSpecification","valueRequired":true,"valueName":"search_term_string"}}],"inLanguage":"pt-BR"},{"@type":"Organization","@id":"https:\/\/www.notibras.com\/site\/#organization","name":"Grupo Notibras de Comunica\u00e7\u00e3o","url":"https:\/\/www.notibras.com\/site\/","logo":{"@type":"ImageObject","inLanguage":"pt-BR","@id":"https:\/\/www.notibras.com\/site\/#\/schema\/logo\/image\/","url":"https:\/\/www.notibras.com\/site\/wp-content\/uploads\/2023\/01\/notibras23.png","contentUrl":"https:\/\/www.notibras.com\/site\/wp-content\/uploads\/2023\/01\/notibras23.png","width":350,"height":87,"caption":"Grupo Notibras de Comunica\u00e7\u00e3o"},"image":{"@id":"https:\/\/www.notibras.com\/site\/#\/schema\/logo\/image\/"},"sameAs":["https:\/\/www.facebook.com\/notibras\/","https:\/\/x.com\/Notibras","https:\/\/www.instagram.com\/notibras\/"]},{"@type":"Person","@id":"https:\/\/www.notibras.com\/site\/#\/schema\/person\/36ab0979449956132d3e5b517ea76ac8","name":"Reda\u00e7\u00e3o","image":{"@type":"ImageObject","inLanguage":"pt-BR","@id":"https:\/\/secure.gravatar.com\/avatar\/e0a867bdedb85fd243eadf09663511f96fc81e0720a4a42581f334ad4303aa6b?s=96&d=mm&r=g","url":"https:\/\/secure.gravatar.com\/avatar\/e0a867bdedb85fd243eadf09663511f96fc81e0720a4a42581f334ad4303aa6b?s=96&d=mm&r=g","contentUrl":"https:\/\/secure.gravatar.com\/avatar\/e0a867bdedb85fd243eadf09663511f96fc81e0720a4a42581f334ad4303aa6b?s=96&d=mm&r=g","caption":"Reda\u00e7\u00e3o"}}]}},"amp_enabled":true,"_links":{"self":[{"href":"https:\/\/www.notibras.com\/site\/wp-json\/wp\/v2\/posts\/202952","targetHints":{"allow":["GET"]}}],"collection":[{"href":"https:\/\/www.notibras.com\/site\/wp-json\/wp\/v2\/posts"}],"about":[{"href":"https:\/\/www.notibras.com\/site\/wp-json\/wp\/v2\/types\/post"}],"author":[{"embeddable":true,"href":"https:\/\/www.notibras.com\/site\/wp-json\/wp\/v2\/users\/2"}],"replies":[{"embeddable":true,"href":"https:\/\/www.notibras.com\/site\/wp-json\/wp\/v2\/comments?post=202952"}],"version-history":[{"count":3,"href":"https:\/\/www.notibras.com\/site\/wp-json\/wp\/v2\/posts\/202952\/revisions"}],"predecessor-version":[{"id":202956,"href":"https:\/\/www.notibras.com\/site\/wp-json\/wp\/v2\/posts\/202952\/revisions\/202956"}],"wp:featuredmedia":[{"embeddable":true,"href":"https:\/\/www.notibras.com\/site\/wp-json\/wp\/v2\/media\/202953"}],"wp:attachment":[{"href":"https:\/\/www.notibras.com\/site\/wp-json\/wp\/v2\/media?parent=202952"}],"wp:term":[{"taxonomy":"category","embeddable":true,"href":"https:\/\/www.notibras.com\/site\/wp-json\/wp\/v2\/categories?post=202952"},{"taxonomy":"post_tag","embeddable":true,"href":"https:\/\/www.notibras.com\/site\/wp-json\/wp\/v2\/tags?post=202952"}],"curies":[{"name":"wp","href":"https:\/\/api.w.org\/{rel}","templated":true}]}}