{"id":202973,"date":"2019-02-19T15:04:42","date_gmt":"2019-02-19T18:04:42","guid":{"rendered":"https:\/\/www.notibras.com\/site\/?p=202973"},"modified":"2019-02-19T15:04:42","modified_gmt":"2019-02-19T18:04:42","slug":"bunker-de-geddel-e-fichinha-junto-a-cofre-de-tucano","status":"publish","type":"post","link":"https:\/\/www.notibras.com\/site\/bunker-de-geddel-e-fichinha-junto-a-cofre-de-tucano\/","title":{"rendered":"Bunker de Geddel \u00e9 fichinha junto a cofre de tucano"},"content":{"rendered":"<p>O procurador da Rep\u00fablica Roberson Pozzobon, da for\u00e7a-tarefa da Opera\u00e7\u00e3o Lava Jato, afirmou nesta ter\u00e7a-feira, 19, que o \u2018bunker\u2019 da fortuna do ex-diretor da Dersa Paulo Vieira de Souza, operador do PSDB, corresponde ao dobro do tamanho e da riqueza do \u2018bunker\u2019 do ex-ministro Geddel Vieira Lima (Governo Temer).<\/p>\n<p>Em setembro de 2017, a Pol\u00edcia Federal encontrou R$ 51 milh\u00f5es em notas de R$ 100 e R$ 50 e em d\u00f3lares em caixas e malas em um apartamento usado por Geddel, em Salvador. O local ficou afamado como o \u2018bunker\u2019 de Geddel, que est\u00e1 preso desde setembro de 2017.<\/p>\n<p>Paulo Vieira det\u00e9m um tesouro que supera a casa dos R$ 100 milh\u00f5es, diz a Opera\u00e7\u00e3o Ad Infinitum, fase 60 da Lava Jato deflagrada nesta ter\u00e7a, 19. Ele foi preso preventivamente, por ordem da ju\u00edza federal Gabriela Hardt. O ex-ministro Aloysio Nunes Ferreira (Governo Temer\/Rela\u00e7\u00f5es Exteriores) foi alvo de buscas.<\/p>\n<p>O ex-diretor da Dersa \u00e9 investigado pela Lava Jato Paran\u00e1 como operador financeiro do esquema de lavagem de dinheiro em favor da empreiteira Odebrecht.<\/p>\n<p>\u201cPaulo Preto possu\u00eda um grande volume de recursos em esp\u00e9cie no Brasil. Segundo Adir Assad relatou, ele pretendia remeter esses valores ao exterior e fez isso com essa opera\u00e7\u00e3o casada para a Odebrecht\u201d, afirmou o procurador Pozzobon.<\/p>\n<p>O procurador se impressionou com tanto dinheiro. \u201cAdir Assad revelou que Paulo Preto possu\u00eda entre cerca de R$ 100 milh\u00f5es e R$ 110 milh\u00f5es no brasil, em esp\u00e9cie, em notas. Imaginem o volume desse dinheiro. \u00c9 muito volume.\u201d<\/p>\n<p>Pozzobon destacou que a dinheirama estava acondicionada em dois endere\u00e7os.<\/p>\n<p>\u201cEstava acondicionado em uma resid\u00eancia em S\u00e3o Paulo e tamb\u00e9m num apartamento que, segundo revelado por Adir Assad, era local onde Paulo Preto tinha um bunker para guardar as propinas. Nos remete aqui o bunker conhecido como bunker de Geddel, da fam\u00edlia Geddel, foi alvo de uma fotografia e escandalizou a popula\u00e7\u00e3o brasileira muito recentemente. Se formos levar em considera\u00e7\u00e3o, talvez o bunker de Paulo Preto tivesse o dobro do dinheiro do bunker de Geddel.\u201d<\/p>\n<p>A Lava Jato afirma que Paulo Vieira de Souza disponibilizou, a partir do segundo semestre de 2010, R$ 100 milh\u00f5es em esp\u00e9cie a Adir Assad no Brasil. Este, por sua vez, entregou os valores ao Setor de Opera\u00e7\u00f5es Estruturadas da Odebrecht, aos cuidados do doleiro \u00c1lvaro Jos\u00e9 Novis \u2013 que fazia pagamentos de propinas, a mando da empresa, para v\u00e1rios agentes p\u00fablicos e pol\u00edticos, inclusive da Petrobr\u00e1s.<\/p>\n<p>Em depoimento, Adir Assad contou que \u2018retirava o dinheiro vivo com Paulo Vieira de Souza em uma casa situada no bairro da Vila Nova Concei\u00e7\u00e3o, em S\u00e3o Paulo\u2019. Adir Assad controlava a empresa Rock Star no esquema de lavagem.<\/p>\n<p>\u201cNessas opera\u00e7\u00f5es espec\u00edficas, o colaborador entrava na garagem da resid\u00eancia com um autom\u00f3vel estilo perua e carregava, por viagem, de 12 a 15 malas com aproximadamente R$ 1,5 milh\u00e3o cada; que, al\u00e9m das retiradas nessa casa, funcion\u00e1rios da Rock Star retiraram valores com Paulo Vieira em um apartamento situado na Av. Brigadeiro Lu\u00eds Ant\u00f4nio, mantido exclusivamente para armazenar dinheiro, que Paulo Vieira tamb\u00e9m dizia ser de sua cunhada\u201d, contou.<\/p>\n<p>\u201cOs funcion\u00e1rios da Rock Star contavam que ali havia um quarto inteiro cheio de dinheiro, e que por vezes testemunharam Paulo Vieira colocar notas para tomar sol, a fim de evitar que embolorassem; que, as retiradas pela Odebrecht foram feitas regularmente no escrit\u00f3rio das empresas do colaborador na Rua Ira\u00ed, em regra por duas pessoas ligadas \u00e0 empreiteira no Rio de Janeiro, conhecidos pelo colaborador apenas como cariocas; que, o colaborador estima ter retirado com Paulo Vieira de Souza e repassado \u00e0 Odebrecht algo entre 100 a 110 milh\u00f5es de reais nas opera\u00e7\u00f5es ora descritas, aproximadamente entre fins de 2010 e meados de 2011.\u201d<\/p>\n<p>Vieira de Souza j\u00e1 \u00e9 r\u00e9u de duas a\u00e7\u00f5es penais da Lava Jato em S\u00e3o Paulo. No processo que trata de desvios de R$ 7,7 milh\u00f5es em obras de reassentamento do Rodoanel, Aloysio Nunes foi arrolado como testemunha de defesa de Tatiana, filha de Paulo, tamb\u00e9m r\u00e9 na a\u00e7\u00e3o.<\/p>\n<p>Ligado a governos do PSDB no Estado, ele foi diretor da Desenvolvimento Rodovi\u00e1rio S.A (Dersa), estatal paulista. Suas rela\u00e7\u00f5es com tucanos \u00e9 muito antiga. Ele desfruta da fama de que det\u00e9m informa\u00e7\u00f5es privilegiadas. Certa vez, na campanha presidencial em 2010, Vieira de Souza protagonizou epis\u00f3dio emblem\u00e1tico. Aparentemente \u2018ignorado\u2019 pelo ent\u00e3o candidato do PSDB Jos\u00e9 Serra, que em debate na TV Bandeirantes com sua oponente Dilma Rousseff (PT) disse \u2018n\u00e3o se lembrar\u2019 do ex-diretor da Dersa, ele declarou \u00e0 jornalista Andrea Michael. \u201cN\u00e3o se larga um l\u00edder ferido na estrada a troco de nada. N\u00e3o cometam esse erro.\u201d O recado de Vieira de Souza soou como um aviso ao ninho tucano sobre o alcance e o peso que suas informa\u00e7\u00f5es podem ter.<\/p>\n<p>O ex-ministro Aloysio Nunes Ferreira, presidente da Investe S\u00e3o Paulo, disse que ainda \u2018n\u00e3o teve acesso \u00e0s informa\u00e7\u00f5es\u2019 da Opera\u00e7\u00e3o Ad Infinitum, a fase 60 da Lava Jato. Segundo ele, o delegado da Pol\u00edcia Federal que conduziu as buscas em sua resid\u00eancia nesta ter\u00e7a, 19, \u2018foi muito cort\u00eas\u2019, mas n\u00e3o revelou a ele os motivos da dilig\u00eancia. \u201cO inqu\u00e9rito est\u00e1 em segredo, eu estou buscando saber o que h\u00e1.\u201d<\/p>\n<p>Aloysio negou ter recebido cart\u00e3o de cr\u00e9dito da conta do operador do PSDB Paulo Vieira de Souza, preso na Ad Infinitum.<\/p>\n","protected":false},"excerpt":{"rendered":"<p>O procurador da Rep\u00fablica Roberson Pozzobon, da for\u00e7a-tarefa da Opera\u00e7\u00e3o Lava Jato, afirmou nesta ter\u00e7a-feira, 19, que o \u2018bunker\u2019 da fortuna do ex-diretor da Dersa Paulo Vieira de Souza, operador do PSDB, corresponde ao dobro do tamanho e da riqueza do \u2018bunker\u2019 do ex-ministro Geddel Vieira Lima (Governo Temer). Em setembro de 2017, a Pol\u00edcia [&hellip;]<\/p>\n","protected":false},"author":2,"featured_media":202974,"comment_status":"closed","ping_status":"closed","sticky":false,"template":"","format":"standard","meta":{"_acf_changed":false,"footnotes":""},"categories":[16],"tags":[95],"class_list":["post-202973","post","type-post","status-publish","format-standard","has-post-thumbnail","hentry","category-brasil","tag-capa"],"acf":[],"yoast_head":"<!-- This site is optimized with the Yoast SEO plugin v27.2 - https:\/\/yoast.com\/product\/yoast-seo-wordpress\/ -->\n<title>Bunker de Geddel \u00e9 fichinha junto a cofre de tucano - Notibras<\/title>\n<meta name=\"robots\" content=\"index, follow, max-snippet:-1, max-image-preview:large, max-video-preview:-1\" \/>\n<link rel=\"canonical\" href=\"https:\/\/www.notibras.com\/site\/bunker-de-geddel-e-fichinha-junto-a-cofre-de-tucano\/\" \/>\n<meta property=\"og:locale\" content=\"pt_BR\" \/>\n<meta property=\"og:type\" content=\"article\" \/>\n<meta property=\"og:title\" content=\"Bunker de Geddel \u00e9 fichinha junto a cofre de tucano - Notibras\" \/>\n<meta property=\"og:description\" content=\"O procurador da Rep\u00fablica Roberson Pozzobon, da for\u00e7a-tarefa da Opera\u00e7\u00e3o Lava Jato, afirmou nesta ter\u00e7a-feira, 19, que o \u2018bunker\u2019 da fortuna do ex-diretor da Dersa Paulo Vieira de Souza, operador do PSDB, corresponde ao dobro do tamanho e da riqueza do \u2018bunker\u2019 do ex-ministro Geddel Vieira Lima (Governo Temer). Em setembro de 2017, a Pol\u00edcia [&hellip;]\" \/>\n<meta property=\"og:url\" content=\"https:\/\/www.notibras.com\/site\/bunker-de-geddel-e-fichinha-junto-a-cofre-de-tucano\/\" \/>\n<meta property=\"og:site_name\" content=\"Notibras\" \/>\n<meta property=\"article:publisher\" content=\"https:\/\/www.facebook.com\/notibras\/\" \/>\n<meta property=\"article:published_time\" content=\"2019-02-19T18:04:42+00:00\" \/>\n<meta property=\"og:image\" content=\"https:\/\/www.notibras.com\/site\/wp-content\/uploads\/2019\/02\/paulo-preto.jpg\" \/>\n\t<meta property=\"og:image:width\" content=\"1078\" \/>\n\t<meta property=\"og:image:height\" content=\"760\" \/>\n\t<meta property=\"og:image:type\" content=\"image\/jpeg\" \/>\n<meta name=\"author\" content=\"Reda\u00e7\u00e3o\" \/>\n<meta name=\"twitter:card\" content=\"summary_large_image\" \/>\n<meta name=\"twitter:creator\" content=\"@Notibras\" \/>\n<meta name=\"twitter:site\" content=\"@Notibras\" \/>\n<meta name=\"twitter:label1\" content=\"Escrito por\" \/>\n\t<meta name=\"twitter:data1\" content=\"Reda\u00e7\u00e3o\" \/>\n\t<meta name=\"twitter:label2\" content=\"Est. tempo de leitura\" \/>\n\t<meta name=\"twitter:data2\" content=\"5 minutos\" \/>\n<script type=\"application\/ld+json\" class=\"yoast-schema-graph\">{\"@context\":\"https:\/\/schema.org\",\"@graph\":[{\"@type\":\"Article\",\"@id\":\"https:\/\/www.notibras.com\/site\/bunker-de-geddel-e-fichinha-junto-a-cofre-de-tucano\/#article\",\"isPartOf\":{\"@id\":\"https:\/\/www.notibras.com\/site\/bunker-de-geddel-e-fichinha-junto-a-cofre-de-tucano\/\"},\"author\":{\"name\":\"Reda\u00e7\u00e3o\",\"@id\":\"https:\/\/www.notibras.com\/site\/#\/schema\/person\/36ab0979449956132d3e5b517ea76ac8\"},\"headline\":\"Bunker de Geddel \u00e9 fichinha junto a cofre de tucano\",\"datePublished\":\"2019-02-19T18:04:42+00:00\",\"mainEntityOfPage\":{\"@id\":\"https:\/\/www.notibras.com\/site\/bunker-de-geddel-e-fichinha-junto-a-cofre-de-tucano\/\"},\"wordCount\":932,\"publisher\":{\"@id\":\"https:\/\/www.notibras.com\/site\/#organization\"},\"image\":{\"@id\":\"https:\/\/www.notibras.com\/site\/bunker-de-geddel-e-fichinha-junto-a-cofre-de-tucano\/#primaryimage\"},\"thumbnailUrl\":\"https:\/\/www.notibras.com\/site\/wp-content\/uploads\/2019\/02\/paulo-preto.jpg\",\"keywords\":[\"capa\"],\"articleSection\":[\"Brasil\"],\"inLanguage\":\"pt-BR\"},{\"@type\":\"WebPage\",\"@id\":\"https:\/\/www.notibras.com\/site\/bunker-de-geddel-e-fichinha-junto-a-cofre-de-tucano\/\",\"url\":\"https:\/\/www.notibras.com\/site\/bunker-de-geddel-e-fichinha-junto-a-cofre-de-tucano\/\",\"name\":\"Bunker de Geddel \u00e9 fichinha junto a cofre de tucano - Notibras\",\"isPartOf\":{\"@id\":\"https:\/\/www.notibras.com\/site\/#website\"},\"primaryImageOfPage\":{\"@id\":\"https:\/\/www.notibras.com\/site\/bunker-de-geddel-e-fichinha-junto-a-cofre-de-tucano\/#primaryimage\"},\"image\":{\"@id\":\"https:\/\/www.notibras.com\/site\/bunker-de-geddel-e-fichinha-junto-a-cofre-de-tucano\/#primaryimage\"},\"thumbnailUrl\":\"https:\/\/www.notibras.com\/site\/wp-content\/uploads\/2019\/02\/paulo-preto.jpg\",\"datePublished\":\"2019-02-19T18:04:42+00:00\",\"breadcrumb\":{\"@id\":\"https:\/\/www.notibras.com\/site\/bunker-de-geddel-e-fichinha-junto-a-cofre-de-tucano\/#breadcrumb\"},\"inLanguage\":\"pt-BR\",\"potentialAction\":[{\"@type\":\"ReadAction\",\"target\":[\"https:\/\/www.notibras.com\/site\/bunker-de-geddel-e-fichinha-junto-a-cofre-de-tucano\/\"]}]},{\"@type\":\"ImageObject\",\"inLanguage\":\"pt-BR\",\"@id\":\"https:\/\/www.notibras.com\/site\/bunker-de-geddel-e-fichinha-junto-a-cofre-de-tucano\/#primaryimage\",\"url\":\"https:\/\/www.notibras.com\/site\/wp-content\/uploads\/2019\/02\/paulo-preto.jpg\",\"contentUrl\":\"https:\/\/www.notibras.com\/site\/wp-content\/uploads\/2019\/02\/paulo-preto.jpg\",\"width\":1078,\"height\":760,\"caption\":\"Foto: Ed Ferreira\/Estad\u00e3oConte\u00fado\"},{\"@type\":\"BreadcrumbList\",\"@id\":\"https:\/\/www.notibras.com\/site\/bunker-de-geddel-e-fichinha-junto-a-cofre-de-tucano\/#breadcrumb\",\"itemListElement\":[{\"@type\":\"ListItem\",\"position\":1,\"name\":\"In\u00edcio\",\"item\":\"https:\/\/www.notibras.com\/site\/\"},{\"@type\":\"ListItem\",\"position\":2,\"name\":\"Bunker de Geddel \u00e9 fichinha junto a cofre de tucano\"}]},{\"@type\":\"WebSite\",\"@id\":\"https:\/\/www.notibras.com\/site\/#website\",\"url\":\"https:\/\/www.notibras.com\/site\/\",\"name\":\"Notibras\",\"description\":\"Not\u00edcias de Bras\u00edlia, do Brasil e do Mundo\",\"publisher\":{\"@id\":\"https:\/\/www.notibras.com\/site\/#organization\"},\"potentialAction\":[{\"@type\":\"SearchAction\",\"target\":{\"@type\":\"EntryPoint\",\"urlTemplate\":\"https:\/\/www.notibras.com\/site\/?s={search_term_string}\"},\"query-input\":{\"@type\":\"PropertyValueSpecification\",\"valueRequired\":true,\"valueName\":\"search_term_string\"}}],\"inLanguage\":\"pt-BR\"},{\"@type\":\"Organization\",\"@id\":\"https:\/\/www.notibras.com\/site\/#organization\",\"name\":\"Grupo Notibras de Comunica\u00e7\u00e3o\",\"url\":\"https:\/\/www.notibras.com\/site\/\",\"logo\":{\"@type\":\"ImageObject\",\"inLanguage\":\"pt-BR\",\"@id\":\"https:\/\/www.notibras.com\/site\/#\/schema\/logo\/image\/\",\"url\":\"https:\/\/www.notibras.com\/site\/wp-content\/uploads\/2023\/01\/notibras23.png\",\"contentUrl\":\"https:\/\/www.notibras.com\/site\/wp-content\/uploads\/2023\/01\/notibras23.png\",\"width\":350,\"height\":87,\"caption\":\"Grupo Notibras de Comunica\u00e7\u00e3o\"},\"image\":{\"@id\":\"https:\/\/www.notibras.com\/site\/#\/schema\/logo\/image\/\"},\"sameAs\":[\"https:\/\/www.facebook.com\/notibras\/\",\"https:\/\/x.com\/Notibras\",\"https:\/\/www.instagram.com\/notibras\/\"]},{\"@type\":\"Person\",\"@id\":\"https:\/\/www.notibras.com\/site\/#\/schema\/person\/36ab0979449956132d3e5b517ea76ac8\",\"name\":\"Reda\u00e7\u00e3o\",\"image\":{\"@type\":\"ImageObject\",\"inLanguage\":\"pt-BR\",\"@id\":\"https:\/\/secure.gravatar.com\/avatar\/e0a867bdedb85fd243eadf09663511f96fc81e0720a4a42581f334ad4303aa6b?s=96&d=mm&r=g\",\"url\":\"https:\/\/secure.gravatar.com\/avatar\/e0a867bdedb85fd243eadf09663511f96fc81e0720a4a42581f334ad4303aa6b?s=96&d=mm&r=g\",\"contentUrl\":\"https:\/\/secure.gravatar.com\/avatar\/e0a867bdedb85fd243eadf09663511f96fc81e0720a4a42581f334ad4303aa6b?s=96&d=mm&r=g\",\"caption\":\"Reda\u00e7\u00e3o\"}}]}<\/script>\n<!-- \/ Yoast SEO plugin. -->","yoast_head_json":{"title":"Bunker de Geddel \u00e9 fichinha junto a cofre de tucano - Notibras","robots":{"index":"index","follow":"follow","max-snippet":"max-snippet:-1","max-image-preview":"max-image-preview:large","max-video-preview":"max-video-preview:-1"},"canonical":"https:\/\/www.notibras.com\/site\/bunker-de-geddel-e-fichinha-junto-a-cofre-de-tucano\/","og_locale":"pt_BR","og_type":"article","og_title":"Bunker de Geddel \u00e9 fichinha junto a cofre de tucano - Notibras","og_description":"O procurador da Rep\u00fablica Roberson Pozzobon, da for\u00e7a-tarefa da Opera\u00e7\u00e3o Lava Jato, afirmou nesta ter\u00e7a-feira, 19, que o \u2018bunker\u2019 da fortuna do ex-diretor da Dersa Paulo Vieira de Souza, operador do PSDB, corresponde ao dobro do tamanho e da riqueza do \u2018bunker\u2019 do ex-ministro Geddel Vieira Lima (Governo Temer). Em setembro de 2017, a Pol\u00edcia [&hellip;]","og_url":"https:\/\/www.notibras.com\/site\/bunker-de-geddel-e-fichinha-junto-a-cofre-de-tucano\/","og_site_name":"Notibras","article_publisher":"https:\/\/www.facebook.com\/notibras\/","article_published_time":"2019-02-19T18:04:42+00:00","og_image":[{"width":1078,"height":760,"url":"https:\/\/www.notibras.com\/site\/wp-content\/uploads\/2019\/02\/paulo-preto.jpg","type":"image\/jpeg"}],"author":"Reda\u00e7\u00e3o","twitter_card":"summary_large_image","twitter_creator":"@Notibras","twitter_site":"@Notibras","twitter_misc":{"Escrito por":"Reda\u00e7\u00e3o","Est. tempo de leitura":"5 minutos"},"schema":{"@context":"https:\/\/schema.org","@graph":[{"@type":"Article","@id":"https:\/\/www.notibras.com\/site\/bunker-de-geddel-e-fichinha-junto-a-cofre-de-tucano\/#article","isPartOf":{"@id":"https:\/\/www.notibras.com\/site\/bunker-de-geddel-e-fichinha-junto-a-cofre-de-tucano\/"},"author":{"name":"Reda\u00e7\u00e3o","@id":"https:\/\/www.notibras.com\/site\/#\/schema\/person\/36ab0979449956132d3e5b517ea76ac8"},"headline":"Bunker de Geddel \u00e9 fichinha junto a cofre de tucano","datePublished":"2019-02-19T18:04:42+00:00","mainEntityOfPage":{"@id":"https:\/\/www.notibras.com\/site\/bunker-de-geddel-e-fichinha-junto-a-cofre-de-tucano\/"},"wordCount":932,"publisher":{"@id":"https:\/\/www.notibras.com\/site\/#organization"},"image":{"@id":"https:\/\/www.notibras.com\/site\/bunker-de-geddel-e-fichinha-junto-a-cofre-de-tucano\/#primaryimage"},"thumbnailUrl":"https:\/\/www.notibras.com\/site\/wp-content\/uploads\/2019\/02\/paulo-preto.jpg","keywords":["capa"],"articleSection":["Brasil"],"inLanguage":"pt-BR"},{"@type":"WebPage","@id":"https:\/\/www.notibras.com\/site\/bunker-de-geddel-e-fichinha-junto-a-cofre-de-tucano\/","url":"https:\/\/www.notibras.com\/site\/bunker-de-geddel-e-fichinha-junto-a-cofre-de-tucano\/","name":"Bunker de Geddel \u00e9 fichinha junto a cofre de tucano - Notibras","isPartOf":{"@id":"https:\/\/www.notibras.com\/site\/#website"},"primaryImageOfPage":{"@id":"https:\/\/www.notibras.com\/site\/bunker-de-geddel-e-fichinha-junto-a-cofre-de-tucano\/#primaryimage"},"image":{"@id":"https:\/\/www.notibras.com\/site\/bunker-de-geddel-e-fichinha-junto-a-cofre-de-tucano\/#primaryimage"},"thumbnailUrl":"https:\/\/www.notibras.com\/site\/wp-content\/uploads\/2019\/02\/paulo-preto.jpg","datePublished":"2019-02-19T18:04:42+00:00","breadcrumb":{"@id":"https:\/\/www.notibras.com\/site\/bunker-de-geddel-e-fichinha-junto-a-cofre-de-tucano\/#breadcrumb"},"inLanguage":"pt-BR","potentialAction":[{"@type":"ReadAction","target":["https:\/\/www.notibras.com\/site\/bunker-de-geddel-e-fichinha-junto-a-cofre-de-tucano\/"]}]},{"@type":"ImageObject","inLanguage":"pt-BR","@id":"https:\/\/www.notibras.com\/site\/bunker-de-geddel-e-fichinha-junto-a-cofre-de-tucano\/#primaryimage","url":"https:\/\/www.notibras.com\/site\/wp-content\/uploads\/2019\/02\/paulo-preto.jpg","contentUrl":"https:\/\/www.notibras.com\/site\/wp-content\/uploads\/2019\/02\/paulo-preto.jpg","width":1078,"height":760,"caption":"Foto: Ed Ferreira\/Estad\u00e3oConte\u00fado"},{"@type":"BreadcrumbList","@id":"https:\/\/www.notibras.com\/site\/bunker-de-geddel-e-fichinha-junto-a-cofre-de-tucano\/#breadcrumb","itemListElement":[{"@type":"ListItem","position":1,"name":"In\u00edcio","item":"https:\/\/www.notibras.com\/site\/"},{"@type":"ListItem","position":2,"name":"Bunker de Geddel \u00e9 fichinha junto a cofre de tucano"}]},{"@type":"WebSite","@id":"https:\/\/www.notibras.com\/site\/#website","url":"https:\/\/www.notibras.com\/site\/","name":"Notibras","description":"Not\u00edcias de Bras\u00edlia, do Brasil e do Mundo","publisher":{"@id":"https:\/\/www.notibras.com\/site\/#organization"},"potentialAction":[{"@type":"SearchAction","target":{"@type":"EntryPoint","urlTemplate":"https:\/\/www.notibras.com\/site\/?s={search_term_string}"},"query-input":{"@type":"PropertyValueSpecification","valueRequired":true,"valueName":"search_term_string"}}],"inLanguage":"pt-BR"},{"@type":"Organization","@id":"https:\/\/www.notibras.com\/site\/#organization","name":"Grupo Notibras de Comunica\u00e7\u00e3o","url":"https:\/\/www.notibras.com\/site\/","logo":{"@type":"ImageObject","inLanguage":"pt-BR","@id":"https:\/\/www.notibras.com\/site\/#\/schema\/logo\/image\/","url":"https:\/\/www.notibras.com\/site\/wp-content\/uploads\/2023\/01\/notibras23.png","contentUrl":"https:\/\/www.notibras.com\/site\/wp-content\/uploads\/2023\/01\/notibras23.png","width":350,"height":87,"caption":"Grupo Notibras de Comunica\u00e7\u00e3o"},"image":{"@id":"https:\/\/www.notibras.com\/site\/#\/schema\/logo\/image\/"},"sameAs":["https:\/\/www.facebook.com\/notibras\/","https:\/\/x.com\/Notibras","https:\/\/www.instagram.com\/notibras\/"]},{"@type":"Person","@id":"https:\/\/www.notibras.com\/site\/#\/schema\/person\/36ab0979449956132d3e5b517ea76ac8","name":"Reda\u00e7\u00e3o","image":{"@type":"ImageObject","inLanguage":"pt-BR","@id":"https:\/\/secure.gravatar.com\/avatar\/e0a867bdedb85fd243eadf09663511f96fc81e0720a4a42581f334ad4303aa6b?s=96&d=mm&r=g","url":"https:\/\/secure.gravatar.com\/avatar\/e0a867bdedb85fd243eadf09663511f96fc81e0720a4a42581f334ad4303aa6b?s=96&d=mm&r=g","contentUrl":"https:\/\/secure.gravatar.com\/avatar\/e0a867bdedb85fd243eadf09663511f96fc81e0720a4a42581f334ad4303aa6b?s=96&d=mm&r=g","caption":"Reda\u00e7\u00e3o"}}]}},"amp_enabled":true,"_links":{"self":[{"href":"https:\/\/www.notibras.com\/site\/wp-json\/wp\/v2\/posts\/202973","targetHints":{"allow":["GET"]}}],"collection":[{"href":"https:\/\/www.notibras.com\/site\/wp-json\/wp\/v2\/posts"}],"about":[{"href":"https:\/\/www.notibras.com\/site\/wp-json\/wp\/v2\/types\/post"}],"author":[{"embeddable":true,"href":"https:\/\/www.notibras.com\/site\/wp-json\/wp\/v2\/users\/2"}],"replies":[{"embeddable":true,"href":"https:\/\/www.notibras.com\/site\/wp-json\/wp\/v2\/comments?post=202973"}],"version-history":[{"count":1,"href":"https:\/\/www.notibras.com\/site\/wp-json\/wp\/v2\/posts\/202973\/revisions"}],"predecessor-version":[{"id":202975,"href":"https:\/\/www.notibras.com\/site\/wp-json\/wp\/v2\/posts\/202973\/revisions\/202975"}],"wp:featuredmedia":[{"embeddable":true,"href":"https:\/\/www.notibras.com\/site\/wp-json\/wp\/v2\/media\/202974"}],"wp:attachment":[{"href":"https:\/\/www.notibras.com\/site\/wp-json\/wp\/v2\/media?parent=202973"}],"wp:term":[{"taxonomy":"category","embeddable":true,"href":"https:\/\/www.notibras.com\/site\/wp-json\/wp\/v2\/categories?post=202973"},{"taxonomy":"post_tag","embeddable":true,"href":"https:\/\/www.notibras.com\/site\/wp-json\/wp\/v2\/tags?post=202973"}],"curies":[{"name":"wp","href":"https:\/\/api.w.org\/{rel}","templated":true}]}}