{"id":202981,"date":"2019-02-19T16:30:31","date_gmt":"2019-02-19T19:30:31","guid":{"rendered":"https:\/\/www.notibras.com\/site\/?p=202981"},"modified":"2019-02-19T18:13:25","modified_gmt":"2019-02-19T21:13:25","slug":"policia-de-brasilia-tera-salario-igual-a-policia-federal","status":"publish","type":"post","link":"https:\/\/www.notibras.com\/site\/policia-de-brasilia-tera-salario-igual-a-policia-federal\/","title":{"rendered":"Pol\u00edcia de Bras\u00edlia ter\u00e1 sal\u00e1rio igual ao da PF"},"content":{"rendered":"<p>O governador Ibaneis Rocha anunciou nesta ter\u00e7a-feira a proposta de paridade salarial da Pol\u00edcia Civil do Distrito Federal com a Pol\u00edcia Federal (PF). O reajuste dos sal\u00e1rios de 37% ser\u00e1 gradual e feito em seis parcelas, pagas nos meses de abril e setembro de cada ano, de 2019 a 2021. O impacto previsto na folha de pagamento neste primeiro ano dever\u00e1 ser de R$ 96 milh\u00f5es.<\/p>\n<p>Neste primeiro ano, ser\u00e3o 15% de reajuste, no pr\u00f3ximo ser\u00e3o 13% e no seguinte o restante de 9%. A medida \u00e9 uma reivindica\u00e7\u00e3o da categoria que n\u00e3o conseguiu a equipara\u00e7\u00e3o dos sal\u00e1rios na gest\u00e3o passada do Governo do Distrito Federal. Com a paridade, um delegado de carreira passar\u00e1 a ter um sal\u00e1rio em torno de R$ 30 mil.<\/p>\n<p>O governador garantiu ainda que, caso os vencimentos da PF sejam reajustados nos pr\u00f3ximos tr\u00eas anos, uma nova proposta para paridade ser\u00e1 estudada. A equipe da Secretaria de Fazenda, Planejamento, Or\u00e7amento e Gest\u00e3o estudou a paridade salarial para absorver o impacto do aumento nas contas p\u00fablicas do DF.<\/p>\n<p>De acordo com o diretor-geral da Pol\u00edcia Civil, Robson C\u00e2ndido, ao tomar conhecimento das contas do Executivo a categoria entendeu a necessidade de adaptar a demanda dos policiais \u00e0 realidade econ\u00f4mica do DF. \u201cChegamos a um bom resultado\u201d, acredita.<\/p>\n<p>A proposta ainda precisa ser aprovada pela categoria para ser imediatamente enviada ao governo federal. Por meio de uma Medida Provis\u00f3ria, o reajuste ser\u00e1 ent\u00e3o enviado ao Congresso Nacional para aprova\u00e7\u00e3o dos deputados e dos senadores.<\/p>\n","protected":false},"excerpt":{"rendered":"<p>O governador Ibaneis Rocha anunciou nesta ter\u00e7a-feira a proposta de paridade salarial da Pol\u00edcia Civil do Distrito Federal com a Pol\u00edcia Federal (PF). O reajuste dos sal\u00e1rios de 37% ser\u00e1 gradual e feito em seis parcelas, pagas nos meses de abril e setembro de cada ano, de 2019 a 2021. O impacto previsto na folha [&hellip;]<\/p>\n","protected":false},"author":2,"featured_media":202982,"comment_status":"closed","ping_status":"closed","sticky":false,"template":"","format":"standard","meta":{"_acf_changed":false,"footnotes":""},"categories":[1],"tags":[95],"class_list":["post-202981","post","type-post","status-publish","format-standard","has-post-thumbnail","hentry","category-brasilia","tag-capa"],"acf":[],"yoast_head":"<!-- This site is optimized with the Yoast SEO plugin v27.2 - https:\/\/yoast.com\/product\/yoast-seo-wordpress\/ -->\n<title>Pol\u00edcia de Bras\u00edlia ter\u00e1 sal\u00e1rio igual ao da PF - Notibras<\/title>\n<meta name=\"robots\" content=\"index, follow, max-snippet:-1, max-image-preview:large, max-video-preview:-1\" \/>\n<link rel=\"canonical\" href=\"https:\/\/www.notibras.com\/site\/policia-de-brasilia-tera-salario-igual-a-policia-federal\/\" \/>\n<meta property=\"og:locale\" content=\"pt_BR\" \/>\n<meta property=\"og:type\" content=\"article\" \/>\n<meta property=\"og:title\" content=\"Pol\u00edcia de Bras\u00edlia ter\u00e1 sal\u00e1rio igual ao da PF - Notibras\" \/>\n<meta property=\"og:description\" content=\"O governador Ibaneis Rocha anunciou nesta ter\u00e7a-feira a proposta de paridade salarial da Pol\u00edcia Civil do Distrito Federal com a Pol\u00edcia Federal (PF). O reajuste dos sal\u00e1rios de 37% ser\u00e1 gradual e feito em seis parcelas, pagas nos meses de abril e setembro de cada ano, de 2019 a 2021. O impacto previsto na folha [&hellip;]\" \/>\n<meta property=\"og:url\" content=\"https:\/\/www.notibras.com\/site\/policia-de-brasilia-tera-salario-igual-a-policia-federal\/\" \/>\n<meta property=\"og:site_name\" content=\"Notibras\" \/>\n<meta property=\"article:publisher\" content=\"https:\/\/www.facebook.com\/notibras\/\" \/>\n<meta property=\"article:published_time\" content=\"2019-02-19T19:30:31+00:00\" \/>\n<meta property=\"article:modified_time\" content=\"2019-02-19T21:13:25+00:00\" \/>\n<meta property=\"og:image\" content=\"https:\/\/www.notibras.com\/site\/wp-content\/uploads\/2019\/02\/policia-df.jpg\" \/>\n\t<meta property=\"og:image:width\" content=\"888\" \/>\n\t<meta property=\"og:image:height\" content=\"500\" \/>\n\t<meta property=\"og:image:type\" content=\"image\/jpeg\" \/>\n<meta name=\"author\" content=\"Reda\u00e7\u00e3o\" \/>\n<meta name=\"twitter:card\" content=\"summary_large_image\" \/>\n<meta name=\"twitter:creator\" content=\"@Notibras\" \/>\n<meta name=\"twitter:site\" content=\"@Notibras\" \/>\n<meta name=\"twitter:label1\" content=\"Escrito por\" \/>\n\t<meta name=\"twitter:data1\" content=\"Reda\u00e7\u00e3o\" \/>\n\t<meta name=\"twitter:label2\" content=\"Est. tempo de leitura\" \/>\n\t<meta name=\"twitter:data2\" content=\"1 minuto\" \/>\n<script type=\"application\/ld+json\" class=\"yoast-schema-graph\">{\"@context\":\"https:\/\/schema.org\",\"@graph\":[{\"@type\":\"Article\",\"@id\":\"https:\/\/www.notibras.com\/site\/policia-de-brasilia-tera-salario-igual-a-policia-federal\/#article\",\"isPartOf\":{\"@id\":\"https:\/\/www.notibras.com\/site\/policia-de-brasilia-tera-salario-igual-a-policia-federal\/\"},\"author\":{\"name\":\"Reda\u00e7\u00e3o\",\"@id\":\"https:\/\/www.notibras.com\/site\/#\/schema\/person\/36ab0979449956132d3e5b517ea76ac8\"},\"headline\":\"Pol\u00edcia de Bras\u00edlia ter\u00e1 sal\u00e1rio igual ao da PF\",\"datePublished\":\"2019-02-19T19:30:31+00:00\",\"dateModified\":\"2019-02-19T21:13:25+00:00\",\"mainEntityOfPage\":{\"@id\":\"https:\/\/www.notibras.com\/site\/policia-de-brasilia-tera-salario-igual-a-policia-federal\/\"},\"wordCount\":274,\"publisher\":{\"@id\":\"https:\/\/www.notibras.com\/site\/#organization\"},\"image\":{\"@id\":\"https:\/\/www.notibras.com\/site\/policia-de-brasilia-tera-salario-igual-a-policia-federal\/#primaryimage\"},\"thumbnailUrl\":\"https:\/\/www.notibras.com\/site\/wp-content\/uploads\/2019\/02\/policia-df.jpg\",\"keywords\":[\"capa\"],\"articleSection\":[\"Bras\u00edlia\"],\"inLanguage\":\"pt-BR\"},{\"@type\":\"WebPage\",\"@id\":\"https:\/\/www.notibras.com\/site\/policia-de-brasilia-tera-salario-igual-a-policia-federal\/\",\"url\":\"https:\/\/www.notibras.com\/site\/policia-de-brasilia-tera-salario-igual-a-policia-federal\/\",\"name\":\"Pol\u00edcia de Bras\u00edlia ter\u00e1 sal\u00e1rio igual ao da PF - Notibras\",\"isPartOf\":{\"@id\":\"https:\/\/www.notibras.com\/site\/#website\"},\"primaryImageOfPage\":{\"@id\":\"https:\/\/www.notibras.com\/site\/policia-de-brasilia-tera-salario-igual-a-policia-federal\/#primaryimage\"},\"image\":{\"@id\":\"https:\/\/www.notibras.com\/site\/policia-de-brasilia-tera-salario-igual-a-policia-federal\/#primaryimage\"},\"thumbnailUrl\":\"https:\/\/www.notibras.com\/site\/wp-content\/uploads\/2019\/02\/policia-df.jpg\",\"datePublished\":\"2019-02-19T19:30:31+00:00\",\"dateModified\":\"2019-02-19T21:13:25+00:00\",\"breadcrumb\":{\"@id\":\"https:\/\/www.notibras.com\/site\/policia-de-brasilia-tera-salario-igual-a-policia-federal\/#breadcrumb\"},\"inLanguage\":\"pt-BR\",\"potentialAction\":[{\"@type\":\"ReadAction\",\"target\":[\"https:\/\/www.notibras.com\/site\/policia-de-brasilia-tera-salario-igual-a-policia-federal\/\"]}]},{\"@type\":\"ImageObject\",\"inLanguage\":\"pt-BR\",\"@id\":\"https:\/\/www.notibras.com\/site\/policia-de-brasilia-tera-salario-igual-a-policia-federal\/#primaryimage\",\"url\":\"https:\/\/www.notibras.com\/site\/wp-content\/uploads\/2019\/02\/policia-df.jpg\",\"contentUrl\":\"https:\/\/www.notibras.com\/site\/wp-content\/uploads\/2019\/02\/policia-df.jpg\",\"width\":888,\"height\":500},{\"@type\":\"BreadcrumbList\",\"@id\":\"https:\/\/www.notibras.com\/site\/policia-de-brasilia-tera-salario-igual-a-policia-federal\/#breadcrumb\",\"itemListElement\":[{\"@type\":\"ListItem\",\"position\":1,\"name\":\"In\u00edcio\",\"item\":\"https:\/\/www.notibras.com\/site\/\"},{\"@type\":\"ListItem\",\"position\":2,\"name\":\"Pol\u00edcia de Bras\u00edlia ter\u00e1 sal\u00e1rio igual ao da PF\"}]},{\"@type\":\"WebSite\",\"@id\":\"https:\/\/www.notibras.com\/site\/#website\",\"url\":\"https:\/\/www.notibras.com\/site\/\",\"name\":\"Notibras\",\"description\":\"Not\u00edcias de Bras\u00edlia, do Brasil e do Mundo\",\"publisher\":{\"@id\":\"https:\/\/www.notibras.com\/site\/#organization\"},\"potentialAction\":[{\"@type\":\"SearchAction\",\"target\":{\"@type\":\"EntryPoint\",\"urlTemplate\":\"https:\/\/www.notibras.com\/site\/?s={search_term_string}\"},\"query-input\":{\"@type\":\"PropertyValueSpecification\",\"valueRequired\":true,\"valueName\":\"search_term_string\"}}],\"inLanguage\":\"pt-BR\"},{\"@type\":\"Organization\",\"@id\":\"https:\/\/www.notibras.com\/site\/#organization\",\"name\":\"Grupo Notibras de Comunica\u00e7\u00e3o\",\"url\":\"https:\/\/www.notibras.com\/site\/\",\"logo\":{\"@type\":\"ImageObject\",\"inLanguage\":\"pt-BR\",\"@id\":\"https:\/\/www.notibras.com\/site\/#\/schema\/logo\/image\/\",\"url\":\"https:\/\/www.notibras.com\/site\/wp-content\/uploads\/2023\/01\/notibras23.png\",\"contentUrl\":\"https:\/\/www.notibras.com\/site\/wp-content\/uploads\/2023\/01\/notibras23.png\",\"width\":350,\"height\":87,\"caption\":\"Grupo Notibras de Comunica\u00e7\u00e3o\"},\"image\":{\"@id\":\"https:\/\/www.notibras.com\/site\/#\/schema\/logo\/image\/\"},\"sameAs\":[\"https:\/\/www.facebook.com\/notibras\/\",\"https:\/\/x.com\/Notibras\",\"https:\/\/www.instagram.com\/notibras\/\"]},{\"@type\":\"Person\",\"@id\":\"https:\/\/www.notibras.com\/site\/#\/schema\/person\/36ab0979449956132d3e5b517ea76ac8\",\"name\":\"Reda\u00e7\u00e3o\",\"image\":{\"@type\":\"ImageObject\",\"inLanguage\":\"pt-BR\",\"@id\":\"https:\/\/secure.gravatar.com\/avatar\/e0a867bdedb85fd243eadf09663511f96fc81e0720a4a42581f334ad4303aa6b?s=96&d=mm&r=g\",\"url\":\"https:\/\/secure.gravatar.com\/avatar\/e0a867bdedb85fd243eadf09663511f96fc81e0720a4a42581f334ad4303aa6b?s=96&d=mm&r=g\",\"contentUrl\":\"https:\/\/secure.gravatar.com\/avatar\/e0a867bdedb85fd243eadf09663511f96fc81e0720a4a42581f334ad4303aa6b?s=96&d=mm&r=g\",\"caption\":\"Reda\u00e7\u00e3o\"}}]}<\/script>\n<!-- \/ Yoast SEO plugin. -->","yoast_head_json":{"title":"Pol\u00edcia de Bras\u00edlia ter\u00e1 sal\u00e1rio igual ao da PF - Notibras","robots":{"index":"index","follow":"follow","max-snippet":"max-snippet:-1","max-image-preview":"max-image-preview:large","max-video-preview":"max-video-preview:-1"},"canonical":"https:\/\/www.notibras.com\/site\/policia-de-brasilia-tera-salario-igual-a-policia-federal\/","og_locale":"pt_BR","og_type":"article","og_title":"Pol\u00edcia de Bras\u00edlia ter\u00e1 sal\u00e1rio igual ao da PF - Notibras","og_description":"O governador Ibaneis Rocha anunciou nesta ter\u00e7a-feira a proposta de paridade salarial da Pol\u00edcia Civil do Distrito Federal com a Pol\u00edcia Federal (PF). O reajuste dos sal\u00e1rios de 37% ser\u00e1 gradual e feito em seis parcelas, pagas nos meses de abril e setembro de cada ano, de 2019 a 2021. O impacto previsto na folha [&hellip;]","og_url":"https:\/\/www.notibras.com\/site\/policia-de-brasilia-tera-salario-igual-a-policia-federal\/","og_site_name":"Notibras","article_publisher":"https:\/\/www.facebook.com\/notibras\/","article_published_time":"2019-02-19T19:30:31+00:00","article_modified_time":"2019-02-19T21:13:25+00:00","og_image":[{"width":888,"height":500,"url":"https:\/\/www.notibras.com\/site\/wp-content\/uploads\/2019\/02\/policia-df.jpg","type":"image\/jpeg"}],"author":"Reda\u00e7\u00e3o","twitter_card":"summary_large_image","twitter_creator":"@Notibras","twitter_site":"@Notibras","twitter_misc":{"Escrito por":"Reda\u00e7\u00e3o","Est. tempo de leitura":"1 minuto"},"schema":{"@context":"https:\/\/schema.org","@graph":[{"@type":"Article","@id":"https:\/\/www.notibras.com\/site\/policia-de-brasilia-tera-salario-igual-a-policia-federal\/#article","isPartOf":{"@id":"https:\/\/www.notibras.com\/site\/policia-de-brasilia-tera-salario-igual-a-policia-federal\/"},"author":{"name":"Reda\u00e7\u00e3o","@id":"https:\/\/www.notibras.com\/site\/#\/schema\/person\/36ab0979449956132d3e5b517ea76ac8"},"headline":"Pol\u00edcia de Bras\u00edlia ter\u00e1 sal\u00e1rio igual ao da PF","datePublished":"2019-02-19T19:30:31+00:00","dateModified":"2019-02-19T21:13:25+00:00","mainEntityOfPage":{"@id":"https:\/\/www.notibras.com\/site\/policia-de-brasilia-tera-salario-igual-a-policia-federal\/"},"wordCount":274,"publisher":{"@id":"https:\/\/www.notibras.com\/site\/#organization"},"image":{"@id":"https:\/\/www.notibras.com\/site\/policia-de-brasilia-tera-salario-igual-a-policia-federal\/#primaryimage"},"thumbnailUrl":"https:\/\/www.notibras.com\/site\/wp-content\/uploads\/2019\/02\/policia-df.jpg","keywords":["capa"],"articleSection":["Bras\u00edlia"],"inLanguage":"pt-BR"},{"@type":"WebPage","@id":"https:\/\/www.notibras.com\/site\/policia-de-brasilia-tera-salario-igual-a-policia-federal\/","url":"https:\/\/www.notibras.com\/site\/policia-de-brasilia-tera-salario-igual-a-policia-federal\/","name":"Pol\u00edcia de Bras\u00edlia ter\u00e1 sal\u00e1rio igual ao da PF - Notibras","isPartOf":{"@id":"https:\/\/www.notibras.com\/site\/#website"},"primaryImageOfPage":{"@id":"https:\/\/www.notibras.com\/site\/policia-de-brasilia-tera-salario-igual-a-policia-federal\/#primaryimage"},"image":{"@id":"https:\/\/www.notibras.com\/site\/policia-de-brasilia-tera-salario-igual-a-policia-federal\/#primaryimage"},"thumbnailUrl":"https:\/\/www.notibras.com\/site\/wp-content\/uploads\/2019\/02\/policia-df.jpg","datePublished":"2019-02-19T19:30:31+00:00","dateModified":"2019-02-19T21:13:25+00:00","breadcrumb":{"@id":"https:\/\/www.notibras.com\/site\/policia-de-brasilia-tera-salario-igual-a-policia-federal\/#breadcrumb"},"inLanguage":"pt-BR","potentialAction":[{"@type":"ReadAction","target":["https:\/\/www.notibras.com\/site\/policia-de-brasilia-tera-salario-igual-a-policia-federal\/"]}]},{"@type":"ImageObject","inLanguage":"pt-BR","@id":"https:\/\/www.notibras.com\/site\/policia-de-brasilia-tera-salario-igual-a-policia-federal\/#primaryimage","url":"https:\/\/www.notibras.com\/site\/wp-content\/uploads\/2019\/02\/policia-df.jpg","contentUrl":"https:\/\/www.notibras.com\/site\/wp-content\/uploads\/2019\/02\/policia-df.jpg","width":888,"height":500},{"@type":"BreadcrumbList","@id":"https:\/\/www.notibras.com\/site\/policia-de-brasilia-tera-salario-igual-a-policia-federal\/#breadcrumb","itemListElement":[{"@type":"ListItem","position":1,"name":"In\u00edcio","item":"https:\/\/www.notibras.com\/site\/"},{"@type":"ListItem","position":2,"name":"Pol\u00edcia de Bras\u00edlia ter\u00e1 sal\u00e1rio igual ao da PF"}]},{"@type":"WebSite","@id":"https:\/\/www.notibras.com\/site\/#website","url":"https:\/\/www.notibras.com\/site\/","name":"Notibras","description":"Not\u00edcias de Bras\u00edlia, do Brasil e do Mundo","publisher":{"@id":"https:\/\/www.notibras.com\/site\/#organization"},"potentialAction":[{"@type":"SearchAction","target":{"@type":"EntryPoint","urlTemplate":"https:\/\/www.notibras.com\/site\/?s={search_term_string}"},"query-input":{"@type":"PropertyValueSpecification","valueRequired":true,"valueName":"search_term_string"}}],"inLanguage":"pt-BR"},{"@type":"Organization","@id":"https:\/\/www.notibras.com\/site\/#organization","name":"Grupo Notibras de Comunica\u00e7\u00e3o","url":"https:\/\/www.notibras.com\/site\/","logo":{"@type":"ImageObject","inLanguage":"pt-BR","@id":"https:\/\/www.notibras.com\/site\/#\/schema\/logo\/image\/","url":"https:\/\/www.notibras.com\/site\/wp-content\/uploads\/2023\/01\/notibras23.png","contentUrl":"https:\/\/www.notibras.com\/site\/wp-content\/uploads\/2023\/01\/notibras23.png","width":350,"height":87,"caption":"Grupo Notibras de Comunica\u00e7\u00e3o"},"image":{"@id":"https:\/\/www.notibras.com\/site\/#\/schema\/logo\/image\/"},"sameAs":["https:\/\/www.facebook.com\/notibras\/","https:\/\/x.com\/Notibras","https:\/\/www.instagram.com\/notibras\/"]},{"@type":"Person","@id":"https:\/\/www.notibras.com\/site\/#\/schema\/person\/36ab0979449956132d3e5b517ea76ac8","name":"Reda\u00e7\u00e3o","image":{"@type":"ImageObject","inLanguage":"pt-BR","@id":"https:\/\/secure.gravatar.com\/avatar\/e0a867bdedb85fd243eadf09663511f96fc81e0720a4a42581f334ad4303aa6b?s=96&d=mm&r=g","url":"https:\/\/secure.gravatar.com\/avatar\/e0a867bdedb85fd243eadf09663511f96fc81e0720a4a42581f334ad4303aa6b?s=96&d=mm&r=g","contentUrl":"https:\/\/secure.gravatar.com\/avatar\/e0a867bdedb85fd243eadf09663511f96fc81e0720a4a42581f334ad4303aa6b?s=96&d=mm&r=g","caption":"Reda\u00e7\u00e3o"}}]}},"amp_enabled":true,"_links":{"self":[{"href":"https:\/\/www.notibras.com\/site\/wp-json\/wp\/v2\/posts\/202981","targetHints":{"allow":["GET"]}}],"collection":[{"href":"https:\/\/www.notibras.com\/site\/wp-json\/wp\/v2\/posts"}],"about":[{"href":"https:\/\/www.notibras.com\/site\/wp-json\/wp\/v2\/types\/post"}],"author":[{"embeddable":true,"href":"https:\/\/www.notibras.com\/site\/wp-json\/wp\/v2\/users\/2"}],"replies":[{"embeddable":true,"href":"https:\/\/www.notibras.com\/site\/wp-json\/wp\/v2\/comments?post=202981"}],"version-history":[{"count":4,"href":"https:\/\/www.notibras.com\/site\/wp-json\/wp\/v2\/posts\/202981\/revisions"}],"predecessor-version":[{"id":202996,"href":"https:\/\/www.notibras.com\/site\/wp-json\/wp\/v2\/posts\/202981\/revisions\/202996"}],"wp:featuredmedia":[{"embeddable":true,"href":"https:\/\/www.notibras.com\/site\/wp-json\/wp\/v2\/media\/202982"}],"wp:attachment":[{"href":"https:\/\/www.notibras.com\/site\/wp-json\/wp\/v2\/media?parent=202981"}],"wp:term":[{"taxonomy":"category","embeddable":true,"href":"https:\/\/www.notibras.com\/site\/wp-json\/wp\/v2\/categories?post=202981"},{"taxonomy":"post_tag","embeddable":true,"href":"https:\/\/www.notibras.com\/site\/wp-json\/wp\/v2\/tags?post=202981"}],"curies":[{"name":"wp","href":"https:\/\/api.w.org\/{rel}","templated":true}]}}