{"id":202990,"date":"2019-02-19T19:06:01","date_gmt":"2019-02-19T22:06:01","guid":{"rendered":"https:\/\/www.notibras.com\/site\/?p=202990"},"modified":"2019-02-19T21:09:30","modified_gmt":"2019-02-20T00:09:30","slug":"gabriela-hardt-decide-ir-para-o-confronto-com-gilmar-mendes","status":"publish","type":"post","link":"https:\/\/www.notibras.com\/site\/gabriela-hardt-decide-ir-para-o-confronto-com-gilmar-mendes\/","title":{"rendered":"Gabriela Hardt decide ir para o confronto com Gilmar Mendes"},"content":{"rendered":"<p>A ju\u00edza federal Gabriela Hardt afirma que em sua ordem de pris\u00e3o contra o operador do PSDB e ex-diretor da Dersa Paulo Vieira de Souza foi decretada com base nas provas e ind\u00edcios de seu envolvimento com os crimes de corrup\u00e7\u00e3o e lavagem de dinheiro relacionados ao setor de propinas da Odebrecht. Por isso, explica que &#8220;foge ao alcance&#8221; das decis\u00f5es do ministro Gilmar Mendes, do Supremo Tribunal Federal (STF), que mandou soltar duas vezes o investigado ap\u00f3s pris\u00f5es em processos abertos em S\u00e3o Paulo, relacionados a desvios no setor rodovi\u00e1rio<\/p>\n<p>&#8220;O presente caso, respeitosamente, foge ao alcance das decis\u00f5es do Eminente Ministro&#8221;, escreve a ju\u00edza substituta da 13\u00aa Vara Federal, em Curitiba, no despacho que desencadeou a Opera\u00e7\u00e3o Ad Infinitum &#8211; a fase 60 da Lava Jato &#8211; nesta ter\u00e7a-feira.<\/p>\n<p>Vieira de Souza, conhecido como homem da mala do PSDB paulista, foi preso preventivamente suspeito de receber R$ 100 milh\u00f5es de propinas entre 2007 e 2017 em contas na Su\u00ed\u00e7a. O esquema envolveria doleiros e operadores financeiros usados pelo Setor de Opera\u00e7\u00f5es Estruturadas da Odebrecht. Entre eles, Rodrigo Tacla Duran, Adir Assad e \u00c1lvaro Jos\u00e9 Novis &#8211; os dois \u00faltimos, delatores da Lava Jato. A AD Infinitum tem como ponto de partida os valores supostamente repassados ao ex-ministro e ex-senador Aloysio Nunes Ferreira &#8211; presidente da Investe SP, empresa do governo Jo\u00e3o D\u00f3ria (PSDB), em S\u00e3o Paulo.<\/p>\n<p>&#8220;N\u00e3o se est\u00e1 a discutir crimes adjacentes a desvios de dinheiro praticados pelo investigado enquanto Diretor da Dersa, mas \u00e0 gera\u00e7\u00e3o de recursos em esp\u00e9cie para o Setor de Opera\u00e7\u00f5es Estruturadas da Odebrecht e \u00e0 lavagem de dinheiro tendo por antecedentes crimes de associa\u00e7\u00e3o criminosa e crimes financeiros&#8221;, afirma a ju\u00edza.<\/p>\n<p>No final da decis\u00e3o de 29 p\u00e1ginas, a ju\u00edza diz que &#8220;s\u00e3o necess\u00e1rios alguns esclarecimentos complementares&#8221; e registra as acusa\u00e7\u00f5es que pesam contra o operador do PSDB na Justi\u00e7a Federal em S\u00e3o Paulo.<\/p>\n<p>&#8220;N\u00e3o desconhece esta Julgadora que Paulo Vieira de Souza \u00e9 tamb\u00e9m acusado perante a Justi\u00e7a Federal de S\u00e3o Paulo. Em s\u00edntese, ele \u00e9 apontado como respons\u00e1vel pelo desvio de R$ 7,7 milh\u00f5es da Dersa, nos anos de 2009 e 2010, durante os mandatos de Governador de S\u00e3o Paulo de Jos\u00e9 Serra, Alberto Goldman e Geraldo Alckmin.&#8221;<\/p>\n<p>Nessa apura\u00e7\u00e3o, Vieira de Souza foi preso preventivamente em abril de 2018, por decis\u00e3o da 5.\u00aa Vara Federal Criminal da Justi\u00e7a Federal de S\u00e3o Paulo. &#8220;O fundamento consistiria no risco \u00e0 instru\u00e7\u00e3o penal, haja vista que Paulo Vieira de Souza teria amea\u00e7ado coacusada colaboradora&#8221;, destaca a magistrada.<\/p>\n<p>A pris\u00e3o do ex-diretor da Dersa foi suspensa em 11 de maio por Gilmar Mendes, em um habeas corpus. &#8220;De acordo com o Eminente Ministro, al\u00e9m de n\u00e3o existirem ind\u00edcios de autoria das amea\u00e7as, a preventiva seria ineficaz a prevenir o risco atrelado ao depoimento de corr\u00e9 em ju\u00edzo&#8221;, explica Hardt.<\/p>\n<p>No dia 29 de maio,Vieira de Souza foi novamente preso depois de decis\u00e3o da 5.\u00aa Vara Federal Criminal da Justi\u00e7a Federal de S\u00e3o Paulo, em outro processo, pois &#8220;teriam sido identificados novos elementos de embara\u00e7o \u00e0s investiga\u00e7\u00f5es, coordenados pelo investigado&#8221;.<\/p>\n<p>&#8220;A pris\u00e3o foi novamente suspensa pelo Eminente Ministro Gilmar Mendes, na data de 30\/05\/2018, no HC 156.600\/SP, pela falta de concretude e por representar inconformismo com a anterior ordem de habeas corpus.&#8221;<\/p>\n<p>Nesse contexto, a ju\u00edza explica que as decis\u00e3o de prender o operador do PSDB em Curitiba foge ao alcance das decis\u00f5es de Mendes. O relator dos processos da Lava Jato no Supremo \u00e9 o ministro, Edson Fachin.<\/p>\n<p>Para a magistrada, o encerramento de contas em nome da offshore Groupe Nantes, de Vieira de Souza, no Bordier &amp; Cie, de Genebra, com a transfer\u00eancia dos respectivos saldos, de mais de USD 35 milh\u00f5es, durante o ano de 2017, para conta da Groupe Nantes LTD, no Banco Deltec Bank and Trust Limited, em Nassau, nas Bahamas, caracterizam &#8220;opera\u00e7\u00f5es de lavagem de dinheiro recentes&#8221;.<\/p>\n<p>As movimenta\u00e7\u00f5es, segundo Hardt, &#8220;indicam que foram praticadas com a finalidade de permitir posterior frui\u00e7\u00e3o dos valores ilicitamente recebidos e movimentados, ante a perspectiva de bloqueio e confisco&#8221; pela Justi\u00e7a.<\/p>\n<p>&#8220;A mera aplica\u00e7\u00e3o de medidas cautelares diversas da pris\u00e3o n\u00e3o \u00e9 suficiente para tornar desnecess\u00e1ria a preventiva e permitir a recupera\u00e7\u00e3o dos ativos mais recentemente ocultados e a interrup\u00e7\u00e3o dos supostos crimes de lavagem de dinheiro.&#8221;<\/p>\n<p>Para a ju\u00edza, &#8220;a pris\u00e3o preventiva, embora excepcional, pode ser utilizada, quando presente, em cogni\u00e7\u00e3o sum\u00e1ria, boa prova de autoria e de materialidade de crimes graves e a medida for essencial \u00e0 interrup\u00e7\u00e3o da pr\u00e1tica profissional de crimes e assim proteger a sociedade e outros indiv\u00edduos de novos delitos&#8221;<\/p>\n","protected":false},"excerpt":{"rendered":"<p>A ju\u00edza federal Gabriela Hardt afirma que em sua ordem de pris\u00e3o contra o operador do PSDB e ex-diretor da Dersa Paulo Vieira de Souza foi decretada com base nas provas e ind\u00edcios de seu envolvimento com os crimes de corrup\u00e7\u00e3o e lavagem de dinheiro relacionados ao setor de propinas da Odebrecht. Por isso, explica [&hellip;]<\/p>\n","protected":false},"author":2,"featured_media":201784,"comment_status":"closed","ping_status":"closed","sticky":false,"template":"","format":"standard","meta":{"_acf_changed":false,"footnotes":""},"categories":[16],"tags":[95],"class_list":["post-202990","post","type-post","status-publish","format-standard","has-post-thumbnail","hentry","category-brasil","tag-capa"],"acf":[],"yoast_head":"<!-- This site is optimized with the Yoast SEO plugin v27.2 - https:\/\/yoast.com\/product\/yoast-seo-wordpress\/ -->\n<title>Gabriela Hardt decide ir para o confronto com Gilmar Mendes - Notibras<\/title>\n<meta name=\"robots\" content=\"index, follow, max-snippet:-1, max-image-preview:large, max-video-preview:-1\" \/>\n<link rel=\"canonical\" href=\"https:\/\/www.notibras.com\/site\/gabriela-hardt-decide-ir-para-o-confronto-com-gilmar-mendes\/\" \/>\n<meta property=\"og:locale\" content=\"pt_BR\" \/>\n<meta property=\"og:type\" content=\"article\" \/>\n<meta property=\"og:title\" content=\"Gabriela Hardt decide ir para o confronto com Gilmar Mendes - Notibras\" \/>\n<meta property=\"og:description\" content=\"A ju\u00edza federal Gabriela Hardt afirma que em sua ordem de pris\u00e3o contra o operador do PSDB e ex-diretor da Dersa Paulo Vieira de Souza foi decretada com base nas provas e ind\u00edcios de seu envolvimento com os crimes de corrup\u00e7\u00e3o e lavagem de dinheiro relacionados ao setor de propinas da Odebrecht. Por isso, explica [&hellip;]\" \/>\n<meta property=\"og:url\" content=\"https:\/\/www.notibras.com\/site\/gabriela-hardt-decide-ir-para-o-confronto-com-gilmar-mendes\/\" \/>\n<meta property=\"og:site_name\" content=\"Notibras\" \/>\n<meta property=\"article:publisher\" content=\"https:\/\/www.facebook.com\/notibras\/\" \/>\n<meta property=\"article:published_time\" content=\"2019-02-19T22:06:01+00:00\" \/>\n<meta property=\"article:modified_time\" content=\"2019-02-20T00:09:30+00:00\" \/>\n<meta property=\"og:image\" content=\"https:\/\/www.notibras.com\/site\/wp-content\/uploads\/2019\/02\/gabriela-hardt-juiza-2018-3963.jpg\" \/>\n\t<meta property=\"og:image:width\" content=\"1024\" \/>\n\t<meta property=\"og:image:height\" content=\"683\" \/>\n\t<meta property=\"og:image:type\" content=\"image\/jpeg\" \/>\n<meta name=\"author\" content=\"Reda\u00e7\u00e3o\" \/>\n<meta name=\"twitter:card\" content=\"summary_large_image\" \/>\n<meta name=\"twitter:creator\" content=\"@Notibras\" \/>\n<meta name=\"twitter:site\" content=\"@Notibras\" \/>\n<meta name=\"twitter:label1\" content=\"Escrito por\" \/>\n\t<meta name=\"twitter:data1\" content=\"Reda\u00e7\u00e3o\" \/>\n\t<meta name=\"twitter:label2\" content=\"Est. tempo de leitura\" \/>\n\t<meta name=\"twitter:data2\" content=\"4 minutos\" \/>\n<script type=\"application\/ld+json\" class=\"yoast-schema-graph\">{\"@context\":\"https:\/\/schema.org\",\"@graph\":[{\"@type\":\"Article\",\"@id\":\"https:\/\/www.notibras.com\/site\/gabriela-hardt-decide-ir-para-o-confronto-com-gilmar-mendes\/#article\",\"isPartOf\":{\"@id\":\"https:\/\/www.notibras.com\/site\/gabriela-hardt-decide-ir-para-o-confronto-com-gilmar-mendes\/\"},\"author\":{\"name\":\"Reda\u00e7\u00e3o\",\"@id\":\"https:\/\/www.notibras.com\/site\/#\/schema\/person\/36ab0979449956132d3e5b517ea76ac8\"},\"headline\":\"Gabriela Hardt decide ir para o confronto com Gilmar Mendes\",\"datePublished\":\"2019-02-19T22:06:01+00:00\",\"dateModified\":\"2019-02-20T00:09:30+00:00\",\"mainEntityOfPage\":{\"@id\":\"https:\/\/www.notibras.com\/site\/gabriela-hardt-decide-ir-para-o-confronto-com-gilmar-mendes\/\"},\"wordCount\":821,\"publisher\":{\"@id\":\"https:\/\/www.notibras.com\/site\/#organization\"},\"image\":{\"@id\":\"https:\/\/www.notibras.com\/site\/gabriela-hardt-decide-ir-para-o-confronto-com-gilmar-mendes\/#primaryimage\"},\"thumbnailUrl\":\"https:\/\/www.notibras.com\/site\/wp-content\/uploads\/2019\/02\/gabriela-hardt-juiza-2018-3963.jpg\",\"keywords\":[\"capa\"],\"articleSection\":[\"Brasil\"],\"inLanguage\":\"pt-BR\"},{\"@type\":\"WebPage\",\"@id\":\"https:\/\/www.notibras.com\/site\/gabriela-hardt-decide-ir-para-o-confronto-com-gilmar-mendes\/\",\"url\":\"https:\/\/www.notibras.com\/site\/gabriela-hardt-decide-ir-para-o-confronto-com-gilmar-mendes\/\",\"name\":\"Gabriela Hardt decide ir para o confronto com Gilmar Mendes - Notibras\",\"isPartOf\":{\"@id\":\"https:\/\/www.notibras.com\/site\/#website\"},\"primaryImageOfPage\":{\"@id\":\"https:\/\/www.notibras.com\/site\/gabriela-hardt-decide-ir-para-o-confronto-com-gilmar-mendes\/#primaryimage\"},\"image\":{\"@id\":\"https:\/\/www.notibras.com\/site\/gabriela-hardt-decide-ir-para-o-confronto-com-gilmar-mendes\/#primaryimage\"},\"thumbnailUrl\":\"https:\/\/www.notibras.com\/site\/wp-content\/uploads\/2019\/02\/gabriela-hardt-juiza-2018-3963.jpg\",\"datePublished\":\"2019-02-19T22:06:01+00:00\",\"dateModified\":\"2019-02-20T00:09:30+00:00\",\"breadcrumb\":{\"@id\":\"https:\/\/www.notibras.com\/site\/gabriela-hardt-decide-ir-para-o-confronto-com-gilmar-mendes\/#breadcrumb\"},\"inLanguage\":\"pt-BR\",\"potentialAction\":[{\"@type\":\"ReadAction\",\"target\":[\"https:\/\/www.notibras.com\/site\/gabriela-hardt-decide-ir-para-o-confronto-com-gilmar-mendes\/\"]}]},{\"@type\":\"ImageObject\",\"inLanguage\":\"pt-BR\",\"@id\":\"https:\/\/www.notibras.com\/site\/gabriela-hardt-decide-ir-para-o-confronto-com-gilmar-mendes\/#primaryimage\",\"url\":\"https:\/\/www.notibras.com\/site\/wp-content\/uploads\/2019\/02\/gabriela-hardt-juiza-2018-3963.jpg\",\"contentUrl\":\"https:\/\/www.notibras.com\/site\/wp-content\/uploads\/2019\/02\/gabriela-hardt-juiza-2018-3963.jpg\",\"width\":1024,\"height\":683,\"caption\":\"Foto\/Arquivo Notibras\"},{\"@type\":\"BreadcrumbList\",\"@id\":\"https:\/\/www.notibras.com\/site\/gabriela-hardt-decide-ir-para-o-confronto-com-gilmar-mendes\/#breadcrumb\",\"itemListElement\":[{\"@type\":\"ListItem\",\"position\":1,\"name\":\"In\u00edcio\",\"item\":\"https:\/\/www.notibras.com\/site\/\"},{\"@type\":\"ListItem\",\"position\":2,\"name\":\"Gabriela Hardt decide ir para o confronto com Gilmar Mendes\"}]},{\"@type\":\"WebSite\",\"@id\":\"https:\/\/www.notibras.com\/site\/#website\",\"url\":\"https:\/\/www.notibras.com\/site\/\",\"name\":\"Notibras\",\"description\":\"Not\u00edcias de Bras\u00edlia, do Brasil e do Mundo\",\"publisher\":{\"@id\":\"https:\/\/www.notibras.com\/site\/#organization\"},\"potentialAction\":[{\"@type\":\"SearchAction\",\"target\":{\"@type\":\"EntryPoint\",\"urlTemplate\":\"https:\/\/www.notibras.com\/site\/?s={search_term_string}\"},\"query-input\":{\"@type\":\"PropertyValueSpecification\",\"valueRequired\":true,\"valueName\":\"search_term_string\"}}],\"inLanguage\":\"pt-BR\"},{\"@type\":\"Organization\",\"@id\":\"https:\/\/www.notibras.com\/site\/#organization\",\"name\":\"Grupo Notibras de Comunica\u00e7\u00e3o\",\"url\":\"https:\/\/www.notibras.com\/site\/\",\"logo\":{\"@type\":\"ImageObject\",\"inLanguage\":\"pt-BR\",\"@id\":\"https:\/\/www.notibras.com\/site\/#\/schema\/logo\/image\/\",\"url\":\"https:\/\/www.notibras.com\/site\/wp-content\/uploads\/2023\/01\/notibras23.png\",\"contentUrl\":\"https:\/\/www.notibras.com\/site\/wp-content\/uploads\/2023\/01\/notibras23.png\",\"width\":350,\"height\":87,\"caption\":\"Grupo Notibras de Comunica\u00e7\u00e3o\"},\"image\":{\"@id\":\"https:\/\/www.notibras.com\/site\/#\/schema\/logo\/image\/\"},\"sameAs\":[\"https:\/\/www.facebook.com\/notibras\/\",\"https:\/\/x.com\/Notibras\",\"https:\/\/www.instagram.com\/notibras\/\"]},{\"@type\":\"Person\",\"@id\":\"https:\/\/www.notibras.com\/site\/#\/schema\/person\/36ab0979449956132d3e5b517ea76ac8\",\"name\":\"Reda\u00e7\u00e3o\",\"image\":{\"@type\":\"ImageObject\",\"inLanguage\":\"pt-BR\",\"@id\":\"https:\/\/secure.gravatar.com\/avatar\/e0a867bdedb85fd243eadf09663511f96fc81e0720a4a42581f334ad4303aa6b?s=96&d=mm&r=g\",\"url\":\"https:\/\/secure.gravatar.com\/avatar\/e0a867bdedb85fd243eadf09663511f96fc81e0720a4a42581f334ad4303aa6b?s=96&d=mm&r=g\",\"contentUrl\":\"https:\/\/secure.gravatar.com\/avatar\/e0a867bdedb85fd243eadf09663511f96fc81e0720a4a42581f334ad4303aa6b?s=96&d=mm&r=g\",\"caption\":\"Reda\u00e7\u00e3o\"}}]}<\/script>\n<!-- \/ Yoast SEO plugin. -->","yoast_head_json":{"title":"Gabriela Hardt decide ir para o confronto com Gilmar Mendes - Notibras","robots":{"index":"index","follow":"follow","max-snippet":"max-snippet:-1","max-image-preview":"max-image-preview:large","max-video-preview":"max-video-preview:-1"},"canonical":"https:\/\/www.notibras.com\/site\/gabriela-hardt-decide-ir-para-o-confronto-com-gilmar-mendes\/","og_locale":"pt_BR","og_type":"article","og_title":"Gabriela Hardt decide ir para o confronto com Gilmar Mendes - Notibras","og_description":"A ju\u00edza federal Gabriela Hardt afirma que em sua ordem de pris\u00e3o contra o operador do PSDB e ex-diretor da Dersa Paulo Vieira de Souza foi decretada com base nas provas e ind\u00edcios de seu envolvimento com os crimes de corrup\u00e7\u00e3o e lavagem de dinheiro relacionados ao setor de propinas da Odebrecht. Por isso, explica [&hellip;]","og_url":"https:\/\/www.notibras.com\/site\/gabriela-hardt-decide-ir-para-o-confronto-com-gilmar-mendes\/","og_site_name":"Notibras","article_publisher":"https:\/\/www.facebook.com\/notibras\/","article_published_time":"2019-02-19T22:06:01+00:00","article_modified_time":"2019-02-20T00:09:30+00:00","og_image":[{"width":1024,"height":683,"url":"https:\/\/www.notibras.com\/site\/wp-content\/uploads\/2019\/02\/gabriela-hardt-juiza-2018-3963.jpg","type":"image\/jpeg"}],"author":"Reda\u00e7\u00e3o","twitter_card":"summary_large_image","twitter_creator":"@Notibras","twitter_site":"@Notibras","twitter_misc":{"Escrito por":"Reda\u00e7\u00e3o","Est. tempo de leitura":"4 minutos"},"schema":{"@context":"https:\/\/schema.org","@graph":[{"@type":"Article","@id":"https:\/\/www.notibras.com\/site\/gabriela-hardt-decide-ir-para-o-confronto-com-gilmar-mendes\/#article","isPartOf":{"@id":"https:\/\/www.notibras.com\/site\/gabriela-hardt-decide-ir-para-o-confronto-com-gilmar-mendes\/"},"author":{"name":"Reda\u00e7\u00e3o","@id":"https:\/\/www.notibras.com\/site\/#\/schema\/person\/36ab0979449956132d3e5b517ea76ac8"},"headline":"Gabriela Hardt decide ir para o confronto com Gilmar Mendes","datePublished":"2019-02-19T22:06:01+00:00","dateModified":"2019-02-20T00:09:30+00:00","mainEntityOfPage":{"@id":"https:\/\/www.notibras.com\/site\/gabriela-hardt-decide-ir-para-o-confronto-com-gilmar-mendes\/"},"wordCount":821,"publisher":{"@id":"https:\/\/www.notibras.com\/site\/#organization"},"image":{"@id":"https:\/\/www.notibras.com\/site\/gabriela-hardt-decide-ir-para-o-confronto-com-gilmar-mendes\/#primaryimage"},"thumbnailUrl":"https:\/\/www.notibras.com\/site\/wp-content\/uploads\/2019\/02\/gabriela-hardt-juiza-2018-3963.jpg","keywords":["capa"],"articleSection":["Brasil"],"inLanguage":"pt-BR"},{"@type":"WebPage","@id":"https:\/\/www.notibras.com\/site\/gabriela-hardt-decide-ir-para-o-confronto-com-gilmar-mendes\/","url":"https:\/\/www.notibras.com\/site\/gabriela-hardt-decide-ir-para-o-confronto-com-gilmar-mendes\/","name":"Gabriela Hardt decide ir para o confronto com Gilmar Mendes - Notibras","isPartOf":{"@id":"https:\/\/www.notibras.com\/site\/#website"},"primaryImageOfPage":{"@id":"https:\/\/www.notibras.com\/site\/gabriela-hardt-decide-ir-para-o-confronto-com-gilmar-mendes\/#primaryimage"},"image":{"@id":"https:\/\/www.notibras.com\/site\/gabriela-hardt-decide-ir-para-o-confronto-com-gilmar-mendes\/#primaryimage"},"thumbnailUrl":"https:\/\/www.notibras.com\/site\/wp-content\/uploads\/2019\/02\/gabriela-hardt-juiza-2018-3963.jpg","datePublished":"2019-02-19T22:06:01+00:00","dateModified":"2019-02-20T00:09:30+00:00","breadcrumb":{"@id":"https:\/\/www.notibras.com\/site\/gabriela-hardt-decide-ir-para-o-confronto-com-gilmar-mendes\/#breadcrumb"},"inLanguage":"pt-BR","potentialAction":[{"@type":"ReadAction","target":["https:\/\/www.notibras.com\/site\/gabriela-hardt-decide-ir-para-o-confronto-com-gilmar-mendes\/"]}]},{"@type":"ImageObject","inLanguage":"pt-BR","@id":"https:\/\/www.notibras.com\/site\/gabriela-hardt-decide-ir-para-o-confronto-com-gilmar-mendes\/#primaryimage","url":"https:\/\/www.notibras.com\/site\/wp-content\/uploads\/2019\/02\/gabriela-hardt-juiza-2018-3963.jpg","contentUrl":"https:\/\/www.notibras.com\/site\/wp-content\/uploads\/2019\/02\/gabriela-hardt-juiza-2018-3963.jpg","width":1024,"height":683,"caption":"Foto\/Arquivo Notibras"},{"@type":"BreadcrumbList","@id":"https:\/\/www.notibras.com\/site\/gabriela-hardt-decide-ir-para-o-confronto-com-gilmar-mendes\/#breadcrumb","itemListElement":[{"@type":"ListItem","position":1,"name":"In\u00edcio","item":"https:\/\/www.notibras.com\/site\/"},{"@type":"ListItem","position":2,"name":"Gabriela Hardt decide ir para o confronto com Gilmar Mendes"}]},{"@type":"WebSite","@id":"https:\/\/www.notibras.com\/site\/#website","url":"https:\/\/www.notibras.com\/site\/","name":"Notibras","description":"Not\u00edcias de Bras\u00edlia, do Brasil e do Mundo","publisher":{"@id":"https:\/\/www.notibras.com\/site\/#organization"},"potentialAction":[{"@type":"SearchAction","target":{"@type":"EntryPoint","urlTemplate":"https:\/\/www.notibras.com\/site\/?s={search_term_string}"},"query-input":{"@type":"PropertyValueSpecification","valueRequired":true,"valueName":"search_term_string"}}],"inLanguage":"pt-BR"},{"@type":"Organization","@id":"https:\/\/www.notibras.com\/site\/#organization","name":"Grupo Notibras de Comunica\u00e7\u00e3o","url":"https:\/\/www.notibras.com\/site\/","logo":{"@type":"ImageObject","inLanguage":"pt-BR","@id":"https:\/\/www.notibras.com\/site\/#\/schema\/logo\/image\/","url":"https:\/\/www.notibras.com\/site\/wp-content\/uploads\/2023\/01\/notibras23.png","contentUrl":"https:\/\/www.notibras.com\/site\/wp-content\/uploads\/2023\/01\/notibras23.png","width":350,"height":87,"caption":"Grupo Notibras de Comunica\u00e7\u00e3o"},"image":{"@id":"https:\/\/www.notibras.com\/site\/#\/schema\/logo\/image\/"},"sameAs":["https:\/\/www.facebook.com\/notibras\/","https:\/\/x.com\/Notibras","https:\/\/www.instagram.com\/notibras\/"]},{"@type":"Person","@id":"https:\/\/www.notibras.com\/site\/#\/schema\/person\/36ab0979449956132d3e5b517ea76ac8","name":"Reda\u00e7\u00e3o","image":{"@type":"ImageObject","inLanguage":"pt-BR","@id":"https:\/\/secure.gravatar.com\/avatar\/e0a867bdedb85fd243eadf09663511f96fc81e0720a4a42581f334ad4303aa6b?s=96&d=mm&r=g","url":"https:\/\/secure.gravatar.com\/avatar\/e0a867bdedb85fd243eadf09663511f96fc81e0720a4a42581f334ad4303aa6b?s=96&d=mm&r=g","contentUrl":"https:\/\/secure.gravatar.com\/avatar\/e0a867bdedb85fd243eadf09663511f96fc81e0720a4a42581f334ad4303aa6b?s=96&d=mm&r=g","caption":"Reda\u00e7\u00e3o"}}]}},"amp_enabled":true,"_links":{"self":[{"href":"https:\/\/www.notibras.com\/site\/wp-json\/wp\/v2\/posts\/202990","targetHints":{"allow":["GET"]}}],"collection":[{"href":"https:\/\/www.notibras.com\/site\/wp-json\/wp\/v2\/posts"}],"about":[{"href":"https:\/\/www.notibras.com\/site\/wp-json\/wp\/v2\/types\/post"}],"author":[{"embeddable":true,"href":"https:\/\/www.notibras.com\/site\/wp-json\/wp\/v2\/users\/2"}],"replies":[{"embeddable":true,"href":"https:\/\/www.notibras.com\/site\/wp-json\/wp\/v2\/comments?post=202990"}],"version-history":[{"count":5,"href":"https:\/\/www.notibras.com\/site\/wp-json\/wp\/v2\/posts\/202990\/revisions"}],"predecessor-version":[{"id":202995,"href":"https:\/\/www.notibras.com\/site\/wp-json\/wp\/v2\/posts\/202990\/revisions\/202995"}],"wp:featuredmedia":[{"embeddable":true,"href":"https:\/\/www.notibras.com\/site\/wp-json\/wp\/v2\/media\/201784"}],"wp:attachment":[{"href":"https:\/\/www.notibras.com\/site\/wp-json\/wp\/v2\/media?parent=202990"}],"wp:term":[{"taxonomy":"category","embeddable":true,"href":"https:\/\/www.notibras.com\/site\/wp-json\/wp\/v2\/categories?post=202990"},{"taxonomy":"post_tag","embeddable":true,"href":"https:\/\/www.notibras.com\/site\/wp-json\/wp\/v2\/tags?post=202990"}],"curies":[{"name":"wp","href":"https:\/\/api.w.org\/{rel}","templated":true}]}}