{"id":203045,"date":"2019-02-20T00:19:14","date_gmt":"2019-02-20T03:19:14","guid":{"rendered":"https:\/\/www.notibras.com\/site\/?p=203045"},"modified":"2019-02-20T07:21:51","modified_gmt":"2019-02-20T10:21:51","slug":"agora-vamos-deslanchar-diz-bolsonaro-sobre-nova-previdencia","status":"publish","type":"post","link":"https:\/\/www.notibras.com\/site\/agora-vamos-deslanchar-diz-bolsonaro-sobre-nova-previdencia\/","title":{"rendered":"&#8216;Agora vamos deslanchar&#8217;, diz Bolsonaro sobre nova Previd\u00eancia"},"content":{"rendered":"<p>O presidente Jair Bolsonaro defendeu nesta ter\u00e7a (19) as reformas como algo necess\u00e1rio para o Brasil &#8220;andar para frente&#8221;. Em evento de posse da diretoria da Frente Parlamentar da Agropecu\u00e1ria para o ano de 2019, Bolsonaro disse que, com a reforma da Previd\u00eancia, o Brasil \u201cdeslanchar\u00e1\u201d.<\/p>\n<p>\u201cO Brasil s\u00f3 poder\u00e1 andar para frente de verdade se aprovarmos essas reformas. Logicamente essa reforma n\u00e3o \u00e9 minha, n\u00e3o \u00e9 do Paulo Guedes. \u00c9 do Brasil, de todos n\u00f3s. Com essa reforma, n\u00f3s deslancharemos\u201d, disse o presidente para uma plateia repleta de representantes do setor agropecu\u00e1rio.<\/p>\n<p>Bolsonaro e Guedes levar\u00e3o a proposta da reforma da Previd\u00eancia para o presidente da C\u00e2mara, Rodrigo Maia nesta quarta, 20. Ap\u00f3s v\u00e1rias semanas de discuss\u00e3o entre a equipe econ\u00f4mica e o n\u00facleo do governo, ficou decidido que a proposta a ser levada para o Congresso fixar\u00e1 uma idade m\u00ednima de 65 anos para aposentadoria de homens e 62 anos para mulheres, com um per\u00edodo de transi\u00e7\u00e3o de 12 anos.<\/p>\n<p>Ainda est\u00e1 previsto para amanh\u00e3 \u00e0 noite um pronunciamento em cadeia de r\u00e1dio e televis\u00e3o, onde Bolsonaro explicar\u00e1 para a na\u00e7\u00e3o a import\u00e2ncia de uma Previd\u00eancia remodelada.<\/p>\n<p>O governo calcula que a reforma vai permitir uma economia de R$ 1 trilh\u00e3o nos pr\u00f3ximos dez anos. Por se tratar de uma proposta de emenda \u00e0 Constitui\u00e7\u00e3o (PEC), a reforma da Previd\u00eancia precisa ser votada em dois turnos na C\u00e2mara e depois no Senado, com apoio de no m\u00ednimo tr\u00eas quintos dos deputados e dos senadores em cada vota\u00e7\u00e3o.<\/p>\n","protected":false},"excerpt":{"rendered":"<p>O presidente Jair Bolsonaro defendeu nesta ter\u00e7a (19) as reformas como algo necess\u00e1rio para o Brasil &#8220;andar para frente&#8221;. Em evento de posse da diretoria da Frente Parlamentar da Agropecu\u00e1ria para o ano de 2019, Bolsonaro disse que, com a reforma da Previd\u00eancia, o Brasil \u201cdeslanchar\u00e1\u201d. \u201cO Brasil s\u00f3 poder\u00e1 andar para frente de verdade [&hellip;]<\/p>\n","protected":false},"author":2,"featured_media":203046,"comment_status":"closed","ping_status":"closed","sticky":false,"template":"","format":"standard","meta":{"_acf_changed":false,"footnotes":""},"categories":[16],"tags":[95],"class_list":["post-203045","post","type-post","status-publish","format-standard","has-post-thumbnail","hentry","category-brasil","tag-capa"],"acf":[],"yoast_head":"<!-- This site is optimized with the Yoast SEO plugin v27.2 - https:\/\/yoast.com\/product\/yoast-seo-wordpress\/ -->\n<title>&#039;Agora vamos deslanchar&#039;, diz Bolsonaro sobre nova Previd\u00eancia - Notibras<\/title>\n<meta name=\"robots\" content=\"index, follow, max-snippet:-1, max-image-preview:large, max-video-preview:-1\" \/>\n<link rel=\"canonical\" href=\"https:\/\/www.notibras.com\/site\/agora-vamos-deslanchar-diz-bolsonaro-sobre-nova-previdencia\/\" \/>\n<meta property=\"og:locale\" content=\"pt_BR\" \/>\n<meta property=\"og:type\" content=\"article\" \/>\n<meta property=\"og:title\" content=\"&#039;Agora vamos deslanchar&#039;, diz Bolsonaro sobre nova Previd\u00eancia - Notibras\" \/>\n<meta property=\"og:description\" content=\"O presidente Jair Bolsonaro defendeu nesta ter\u00e7a (19) as reformas como algo necess\u00e1rio para o Brasil &#8220;andar para frente&#8221;. Em evento de posse da diretoria da Frente Parlamentar da Agropecu\u00e1ria para o ano de 2019, Bolsonaro disse que, com a reforma da Previd\u00eancia, o Brasil \u201cdeslanchar\u00e1\u201d. \u201cO Brasil s\u00f3 poder\u00e1 andar para frente de verdade [&hellip;]\" \/>\n<meta property=\"og:url\" content=\"https:\/\/www.notibras.com\/site\/agora-vamos-deslanchar-diz-bolsonaro-sobre-nova-previdencia\/\" \/>\n<meta property=\"og:site_name\" content=\"Notibras\" \/>\n<meta property=\"article:publisher\" content=\"https:\/\/www.facebook.com\/notibras\/\" \/>\n<meta property=\"article:published_time\" content=\"2019-02-20T03:19:14+00:00\" \/>\n<meta property=\"article:modified_time\" content=\"2019-02-20T10:21:51+00:00\" \/>\n<meta property=\"og:image\" content=\"https:\/\/www.notibras.com\/site\/wp-content\/uploads\/2019\/02\/bolsonaro-20-valter-campanato.jpg\" \/>\n\t<meta property=\"og:image:width\" content=\"1140\" \/>\n\t<meta property=\"og:image:height\" content=\"760\" \/>\n\t<meta property=\"og:image:type\" content=\"image\/jpeg\" \/>\n<meta name=\"author\" content=\"Reda\u00e7\u00e3o\" \/>\n<meta name=\"twitter:card\" content=\"summary_large_image\" \/>\n<meta name=\"twitter:creator\" content=\"@Notibras\" \/>\n<meta name=\"twitter:site\" content=\"@Notibras\" \/>\n<meta name=\"twitter:label1\" content=\"Escrito por\" \/>\n\t<meta name=\"twitter:data1\" content=\"Reda\u00e7\u00e3o\" \/>\n\t<meta name=\"twitter:label2\" content=\"Est. tempo de leitura\" \/>\n\t<meta name=\"twitter:data2\" content=\"1 minuto\" \/>\n<script type=\"application\/ld+json\" class=\"yoast-schema-graph\">{\"@context\":\"https:\/\/schema.org\",\"@graph\":[{\"@type\":\"Article\",\"@id\":\"https:\/\/www.notibras.com\/site\/agora-vamos-deslanchar-diz-bolsonaro-sobre-nova-previdencia\/#article\",\"isPartOf\":{\"@id\":\"https:\/\/www.notibras.com\/site\/agora-vamos-deslanchar-diz-bolsonaro-sobre-nova-previdencia\/\"},\"author\":{\"name\":\"Reda\u00e7\u00e3o\",\"@id\":\"https:\/\/www.notibras.com\/site\/#\/schema\/person\/36ab0979449956132d3e5b517ea76ac8\"},\"headline\":\"&#8216;Agora vamos deslanchar&#8217;, diz Bolsonaro sobre nova Previd\u00eancia\",\"datePublished\":\"2019-02-20T03:19:14+00:00\",\"dateModified\":\"2019-02-20T10:21:51+00:00\",\"mainEntityOfPage\":{\"@id\":\"https:\/\/www.notibras.com\/site\/agora-vamos-deslanchar-diz-bolsonaro-sobre-nova-previdencia\/\"},\"wordCount\":279,\"publisher\":{\"@id\":\"https:\/\/www.notibras.com\/site\/#organization\"},\"image\":{\"@id\":\"https:\/\/www.notibras.com\/site\/agora-vamos-deslanchar-diz-bolsonaro-sobre-nova-previdencia\/#primaryimage\"},\"thumbnailUrl\":\"https:\/\/www.notibras.com\/site\/wp-content\/uploads\/2019\/02\/bolsonaro-20-valter-campanato.jpg\",\"keywords\":[\"capa\"],\"articleSection\":[\"Brasil\"],\"inLanguage\":\"pt-BR\"},{\"@type\":\"WebPage\",\"@id\":\"https:\/\/www.notibras.com\/site\/agora-vamos-deslanchar-diz-bolsonaro-sobre-nova-previdencia\/\",\"url\":\"https:\/\/www.notibras.com\/site\/agora-vamos-deslanchar-diz-bolsonaro-sobre-nova-previdencia\/\",\"name\":\"'Agora vamos deslanchar', diz Bolsonaro sobre nova Previd\u00eancia - Notibras\",\"isPartOf\":{\"@id\":\"https:\/\/www.notibras.com\/site\/#website\"},\"primaryImageOfPage\":{\"@id\":\"https:\/\/www.notibras.com\/site\/agora-vamos-deslanchar-diz-bolsonaro-sobre-nova-previdencia\/#primaryimage\"},\"image\":{\"@id\":\"https:\/\/www.notibras.com\/site\/agora-vamos-deslanchar-diz-bolsonaro-sobre-nova-previdencia\/#primaryimage\"},\"thumbnailUrl\":\"https:\/\/www.notibras.com\/site\/wp-content\/uploads\/2019\/02\/bolsonaro-20-valter-campanato.jpg\",\"datePublished\":\"2019-02-20T03:19:14+00:00\",\"dateModified\":\"2019-02-20T10:21:51+00:00\",\"breadcrumb\":{\"@id\":\"https:\/\/www.notibras.com\/site\/agora-vamos-deslanchar-diz-bolsonaro-sobre-nova-previdencia\/#breadcrumb\"},\"inLanguage\":\"pt-BR\",\"potentialAction\":[{\"@type\":\"ReadAction\",\"target\":[\"https:\/\/www.notibras.com\/site\/agora-vamos-deslanchar-diz-bolsonaro-sobre-nova-previdencia\/\"]}]},{\"@type\":\"ImageObject\",\"inLanguage\":\"pt-BR\",\"@id\":\"https:\/\/www.notibras.com\/site\/agora-vamos-deslanchar-diz-bolsonaro-sobre-nova-previdencia\/#primaryimage\",\"url\":\"https:\/\/www.notibras.com\/site\/wp-content\/uploads\/2019\/02\/bolsonaro-20-valter-campanato.jpg\",\"contentUrl\":\"https:\/\/www.notibras.com\/site\/wp-content\/uploads\/2019\/02\/bolsonaro-20-valter-campanato.jpg\",\"width\":1140,\"height\":760,\"caption\":\"Foto: Valter Campanato\/ABr\"},{\"@type\":\"BreadcrumbList\",\"@id\":\"https:\/\/www.notibras.com\/site\/agora-vamos-deslanchar-diz-bolsonaro-sobre-nova-previdencia\/#breadcrumb\",\"itemListElement\":[{\"@type\":\"ListItem\",\"position\":1,\"name\":\"In\u00edcio\",\"item\":\"https:\/\/www.notibras.com\/site\/\"},{\"@type\":\"ListItem\",\"position\":2,\"name\":\"&#8216;Agora vamos deslanchar&#8217;, diz Bolsonaro sobre nova Previd\u00eancia\"}]},{\"@type\":\"WebSite\",\"@id\":\"https:\/\/www.notibras.com\/site\/#website\",\"url\":\"https:\/\/www.notibras.com\/site\/\",\"name\":\"Notibras\",\"description\":\"Not\u00edcias de Bras\u00edlia, do Brasil e do Mundo\",\"publisher\":{\"@id\":\"https:\/\/www.notibras.com\/site\/#organization\"},\"potentialAction\":[{\"@type\":\"SearchAction\",\"target\":{\"@type\":\"EntryPoint\",\"urlTemplate\":\"https:\/\/www.notibras.com\/site\/?s={search_term_string}\"},\"query-input\":{\"@type\":\"PropertyValueSpecification\",\"valueRequired\":true,\"valueName\":\"search_term_string\"}}],\"inLanguage\":\"pt-BR\"},{\"@type\":\"Organization\",\"@id\":\"https:\/\/www.notibras.com\/site\/#organization\",\"name\":\"Grupo Notibras de Comunica\u00e7\u00e3o\",\"url\":\"https:\/\/www.notibras.com\/site\/\",\"logo\":{\"@type\":\"ImageObject\",\"inLanguage\":\"pt-BR\",\"@id\":\"https:\/\/www.notibras.com\/site\/#\/schema\/logo\/image\/\",\"url\":\"https:\/\/www.notibras.com\/site\/wp-content\/uploads\/2023\/01\/notibras23.png\",\"contentUrl\":\"https:\/\/www.notibras.com\/site\/wp-content\/uploads\/2023\/01\/notibras23.png\",\"width\":350,\"height\":87,\"caption\":\"Grupo Notibras de Comunica\u00e7\u00e3o\"},\"image\":{\"@id\":\"https:\/\/www.notibras.com\/site\/#\/schema\/logo\/image\/\"},\"sameAs\":[\"https:\/\/www.facebook.com\/notibras\/\",\"https:\/\/x.com\/Notibras\",\"https:\/\/www.instagram.com\/notibras\/\"]},{\"@type\":\"Person\",\"@id\":\"https:\/\/www.notibras.com\/site\/#\/schema\/person\/36ab0979449956132d3e5b517ea76ac8\",\"name\":\"Reda\u00e7\u00e3o\",\"image\":{\"@type\":\"ImageObject\",\"inLanguage\":\"pt-BR\",\"@id\":\"https:\/\/secure.gravatar.com\/avatar\/e0a867bdedb85fd243eadf09663511f96fc81e0720a4a42581f334ad4303aa6b?s=96&d=mm&r=g\",\"url\":\"https:\/\/secure.gravatar.com\/avatar\/e0a867bdedb85fd243eadf09663511f96fc81e0720a4a42581f334ad4303aa6b?s=96&d=mm&r=g\",\"contentUrl\":\"https:\/\/secure.gravatar.com\/avatar\/e0a867bdedb85fd243eadf09663511f96fc81e0720a4a42581f334ad4303aa6b?s=96&d=mm&r=g\",\"caption\":\"Reda\u00e7\u00e3o\"}}]}<\/script>\n<!-- \/ Yoast SEO plugin. -->","yoast_head_json":{"title":"'Agora vamos deslanchar', diz Bolsonaro sobre nova Previd\u00eancia - Notibras","robots":{"index":"index","follow":"follow","max-snippet":"max-snippet:-1","max-image-preview":"max-image-preview:large","max-video-preview":"max-video-preview:-1"},"canonical":"https:\/\/www.notibras.com\/site\/agora-vamos-deslanchar-diz-bolsonaro-sobre-nova-previdencia\/","og_locale":"pt_BR","og_type":"article","og_title":"'Agora vamos deslanchar', diz Bolsonaro sobre nova Previd\u00eancia - Notibras","og_description":"O presidente Jair Bolsonaro defendeu nesta ter\u00e7a (19) as reformas como algo necess\u00e1rio para o Brasil &#8220;andar para frente&#8221;. Em evento de posse da diretoria da Frente Parlamentar da Agropecu\u00e1ria para o ano de 2019, Bolsonaro disse que, com a reforma da Previd\u00eancia, o Brasil \u201cdeslanchar\u00e1\u201d. \u201cO Brasil s\u00f3 poder\u00e1 andar para frente de verdade [&hellip;]","og_url":"https:\/\/www.notibras.com\/site\/agora-vamos-deslanchar-diz-bolsonaro-sobre-nova-previdencia\/","og_site_name":"Notibras","article_publisher":"https:\/\/www.facebook.com\/notibras\/","article_published_time":"2019-02-20T03:19:14+00:00","article_modified_time":"2019-02-20T10:21:51+00:00","og_image":[{"width":1140,"height":760,"url":"https:\/\/www.notibras.com\/site\/wp-content\/uploads\/2019\/02\/bolsonaro-20-valter-campanato.jpg","type":"image\/jpeg"}],"author":"Reda\u00e7\u00e3o","twitter_card":"summary_large_image","twitter_creator":"@Notibras","twitter_site":"@Notibras","twitter_misc":{"Escrito por":"Reda\u00e7\u00e3o","Est. tempo de leitura":"1 minuto"},"schema":{"@context":"https:\/\/schema.org","@graph":[{"@type":"Article","@id":"https:\/\/www.notibras.com\/site\/agora-vamos-deslanchar-diz-bolsonaro-sobre-nova-previdencia\/#article","isPartOf":{"@id":"https:\/\/www.notibras.com\/site\/agora-vamos-deslanchar-diz-bolsonaro-sobre-nova-previdencia\/"},"author":{"name":"Reda\u00e7\u00e3o","@id":"https:\/\/www.notibras.com\/site\/#\/schema\/person\/36ab0979449956132d3e5b517ea76ac8"},"headline":"&#8216;Agora vamos deslanchar&#8217;, diz Bolsonaro sobre nova Previd\u00eancia","datePublished":"2019-02-20T03:19:14+00:00","dateModified":"2019-02-20T10:21:51+00:00","mainEntityOfPage":{"@id":"https:\/\/www.notibras.com\/site\/agora-vamos-deslanchar-diz-bolsonaro-sobre-nova-previdencia\/"},"wordCount":279,"publisher":{"@id":"https:\/\/www.notibras.com\/site\/#organization"},"image":{"@id":"https:\/\/www.notibras.com\/site\/agora-vamos-deslanchar-diz-bolsonaro-sobre-nova-previdencia\/#primaryimage"},"thumbnailUrl":"https:\/\/www.notibras.com\/site\/wp-content\/uploads\/2019\/02\/bolsonaro-20-valter-campanato.jpg","keywords":["capa"],"articleSection":["Brasil"],"inLanguage":"pt-BR"},{"@type":"WebPage","@id":"https:\/\/www.notibras.com\/site\/agora-vamos-deslanchar-diz-bolsonaro-sobre-nova-previdencia\/","url":"https:\/\/www.notibras.com\/site\/agora-vamos-deslanchar-diz-bolsonaro-sobre-nova-previdencia\/","name":"'Agora vamos deslanchar', diz Bolsonaro sobre nova Previd\u00eancia - Notibras","isPartOf":{"@id":"https:\/\/www.notibras.com\/site\/#website"},"primaryImageOfPage":{"@id":"https:\/\/www.notibras.com\/site\/agora-vamos-deslanchar-diz-bolsonaro-sobre-nova-previdencia\/#primaryimage"},"image":{"@id":"https:\/\/www.notibras.com\/site\/agora-vamos-deslanchar-diz-bolsonaro-sobre-nova-previdencia\/#primaryimage"},"thumbnailUrl":"https:\/\/www.notibras.com\/site\/wp-content\/uploads\/2019\/02\/bolsonaro-20-valter-campanato.jpg","datePublished":"2019-02-20T03:19:14+00:00","dateModified":"2019-02-20T10:21:51+00:00","breadcrumb":{"@id":"https:\/\/www.notibras.com\/site\/agora-vamos-deslanchar-diz-bolsonaro-sobre-nova-previdencia\/#breadcrumb"},"inLanguage":"pt-BR","potentialAction":[{"@type":"ReadAction","target":["https:\/\/www.notibras.com\/site\/agora-vamos-deslanchar-diz-bolsonaro-sobre-nova-previdencia\/"]}]},{"@type":"ImageObject","inLanguage":"pt-BR","@id":"https:\/\/www.notibras.com\/site\/agora-vamos-deslanchar-diz-bolsonaro-sobre-nova-previdencia\/#primaryimage","url":"https:\/\/www.notibras.com\/site\/wp-content\/uploads\/2019\/02\/bolsonaro-20-valter-campanato.jpg","contentUrl":"https:\/\/www.notibras.com\/site\/wp-content\/uploads\/2019\/02\/bolsonaro-20-valter-campanato.jpg","width":1140,"height":760,"caption":"Foto: Valter Campanato\/ABr"},{"@type":"BreadcrumbList","@id":"https:\/\/www.notibras.com\/site\/agora-vamos-deslanchar-diz-bolsonaro-sobre-nova-previdencia\/#breadcrumb","itemListElement":[{"@type":"ListItem","position":1,"name":"In\u00edcio","item":"https:\/\/www.notibras.com\/site\/"},{"@type":"ListItem","position":2,"name":"&#8216;Agora vamos deslanchar&#8217;, diz Bolsonaro sobre nova Previd\u00eancia"}]},{"@type":"WebSite","@id":"https:\/\/www.notibras.com\/site\/#website","url":"https:\/\/www.notibras.com\/site\/","name":"Notibras","description":"Not\u00edcias de Bras\u00edlia, do Brasil e do Mundo","publisher":{"@id":"https:\/\/www.notibras.com\/site\/#organization"},"potentialAction":[{"@type":"SearchAction","target":{"@type":"EntryPoint","urlTemplate":"https:\/\/www.notibras.com\/site\/?s={search_term_string}"},"query-input":{"@type":"PropertyValueSpecification","valueRequired":true,"valueName":"search_term_string"}}],"inLanguage":"pt-BR"},{"@type":"Organization","@id":"https:\/\/www.notibras.com\/site\/#organization","name":"Grupo Notibras de Comunica\u00e7\u00e3o","url":"https:\/\/www.notibras.com\/site\/","logo":{"@type":"ImageObject","inLanguage":"pt-BR","@id":"https:\/\/www.notibras.com\/site\/#\/schema\/logo\/image\/","url":"https:\/\/www.notibras.com\/site\/wp-content\/uploads\/2023\/01\/notibras23.png","contentUrl":"https:\/\/www.notibras.com\/site\/wp-content\/uploads\/2023\/01\/notibras23.png","width":350,"height":87,"caption":"Grupo Notibras de Comunica\u00e7\u00e3o"},"image":{"@id":"https:\/\/www.notibras.com\/site\/#\/schema\/logo\/image\/"},"sameAs":["https:\/\/www.facebook.com\/notibras\/","https:\/\/x.com\/Notibras","https:\/\/www.instagram.com\/notibras\/"]},{"@type":"Person","@id":"https:\/\/www.notibras.com\/site\/#\/schema\/person\/36ab0979449956132d3e5b517ea76ac8","name":"Reda\u00e7\u00e3o","image":{"@type":"ImageObject","inLanguage":"pt-BR","@id":"https:\/\/secure.gravatar.com\/avatar\/e0a867bdedb85fd243eadf09663511f96fc81e0720a4a42581f334ad4303aa6b?s=96&d=mm&r=g","url":"https:\/\/secure.gravatar.com\/avatar\/e0a867bdedb85fd243eadf09663511f96fc81e0720a4a42581f334ad4303aa6b?s=96&d=mm&r=g","contentUrl":"https:\/\/secure.gravatar.com\/avatar\/e0a867bdedb85fd243eadf09663511f96fc81e0720a4a42581f334ad4303aa6b?s=96&d=mm&r=g","caption":"Reda\u00e7\u00e3o"}}]}},"amp_enabled":true,"_links":{"self":[{"href":"https:\/\/www.notibras.com\/site\/wp-json\/wp\/v2\/posts\/203045","targetHints":{"allow":["GET"]}}],"collection":[{"href":"https:\/\/www.notibras.com\/site\/wp-json\/wp\/v2\/posts"}],"about":[{"href":"https:\/\/www.notibras.com\/site\/wp-json\/wp\/v2\/types\/post"}],"author":[{"embeddable":true,"href":"https:\/\/www.notibras.com\/site\/wp-json\/wp\/v2\/users\/2"}],"replies":[{"embeddable":true,"href":"https:\/\/www.notibras.com\/site\/wp-json\/wp\/v2\/comments?post=203045"}],"version-history":[{"count":1,"href":"https:\/\/www.notibras.com\/site\/wp-json\/wp\/v2\/posts\/203045\/revisions"}],"predecessor-version":[{"id":203047,"href":"https:\/\/www.notibras.com\/site\/wp-json\/wp\/v2\/posts\/203045\/revisions\/203047"}],"wp:featuredmedia":[{"embeddable":true,"href":"https:\/\/www.notibras.com\/site\/wp-json\/wp\/v2\/media\/203046"}],"wp:attachment":[{"href":"https:\/\/www.notibras.com\/site\/wp-json\/wp\/v2\/media?parent=203045"}],"wp:term":[{"taxonomy":"category","embeddable":true,"href":"https:\/\/www.notibras.com\/site\/wp-json\/wp\/v2\/categories?post=203045"},{"taxonomy":"post_tag","embeddable":true,"href":"https:\/\/www.notibras.com\/site\/wp-json\/wp\/v2\/tags?post=203045"}],"curies":[{"name":"wp","href":"https:\/\/api.w.org\/{rel}","templated":true}]}}