{"id":203073,"date":"2019-02-20T11:18:55","date_gmt":"2019-02-20T14:18:55","guid":{"rendered":"https:\/\/www.notibras.com\/site\/?p=203073"},"modified":"2019-02-20T14:32:21","modified_gmt":"2019-02-20T17:32:21","slug":"raquel-quer-ver-bando-do-mdb-na-mao-de-gabriela","status":"publish","type":"post","link":"https:\/\/www.notibras.com\/site\/raquel-quer-ver-bando-do-mdb-na-mao-de-gabriela\/","title":{"rendered":"Raquel quer ver bando do MDB na m\u00e3o de Gabriela"},"content":{"rendered":"<p>As investiga\u00e7\u00f5es sobre pagamento de &#8220;vantagem indevida&#8221; pelas empresas NM Engenharia e Odebrecht Ambiental a pol\u00edticos do MDB no que ficou conhecido como &#8216;Quadrilh\u00e3o do MDB&#8217; devem ser conduzidas pela 13\u00aa Vara Federal de Curitiba, hoje comandada pela ju\u00edza Gabriela Hardt. Esse \u00e9 o entendimento da procuradora-geral da Rep\u00fablica, Raquel Dodge, que recorreu da decis\u00e3o do ministro Edson Fachin, relator do caso no Supremo Tribunal Federal (STF).<\/p>\n<p>Em decis\u00e3o tomada no dia 1\u00ba de fevereiro, o ministro determinou que seja enviada \u00e0 Justi\u00e7a Federal, no Rio de Janeiro, den\u00fancia contra os ex-senadores Romero Juc\u00e1 e Valdir Raupp, o ex-presidente da Transpetro S\u00e9rgio Machado, os administradores da NM Engenharia e da NM Servi\u00e7os Luiz Maramaldo e Nelson Maramaldo, e o executivo Fernando Reis, da Odebrecht Ambiental.<\/p>\n<p>Em agravo regimental no Inqu\u00e9rito 4.215, a procuradora assinalou que, de acordo com a den\u00fancia, &#8220;os acertos de corrup\u00e7\u00e3o ocorreram, em sua grande maioria, no escrit\u00f3rio de S\u00e9rgio Machado, na \u00e9poca, diretor da Transpetro que tem sede no Rio de Janeiro&#8221;.<\/p>\n<p>No entanto, segundo ela, &#8220;os fatos apurados est\u00e3o diretamente associados ao esquema criminoso de corrup\u00e7\u00e3o e de lavagem de dinheiro, investigado no contexto da Opera\u00e7\u00e3o Lava Jato, que lesou frontalmente os cofres da Petrobras e que s\u00e3o apurados no Paran\u00e1&#8221;.<\/p>\n<p>O entendimento \u00e9 que &#8220;a situa\u00e7\u00e3o concreta afasta a aplica\u00e7\u00e3o da compet\u00eancia territorial, prevista como regra geral, pelo C\u00f3digo Penal, pelo local da infra\u00e7\u00e3o&#8221;.<\/p>\n<p>No recurso, Raquel sustenta que existe uma &#8220;indissoci\u00e1vel conex\u00e3o dos fatos com processos em andamento na 13.\u00aa Vara Federal de Curitiba&#8221; e que eventual separa\u00e7\u00e3o dos casos &#8220;geraria perda relevante da compreens\u00e3o do conte\u00fado&#8221;.<\/p>\n<p>&#8220;N\u00e3o h\u00e1 d\u00favidas de que os fatos objeto dos autos integram o conjunto de investiga\u00e7\u00f5es e processos que apuram o esquema criminoso praticado em detrimento da Petrobras, de modo que os denunciados destitu\u00eddos da prerrogativa de serem julgados pelo Supremo, ou por qualquer outro Tribunal, devem ser julgados pela 13\u00aa Vara da Se\u00e7\u00e3o Judici\u00e1ria de Curitiba&#8221;, reiterou.<\/p>\n<p>Caso o ministro Edson Fachin n\u00e3o reconsidere a decis\u00e3o, a procuradora-geral pede que o recurso seja submetido \u00e0 an\u00e1lise da Segunda Turma do STF. A PGR destaca que a preven\u00e7\u00e3o da 13\u00aa Vara Federal de Curitiba evita decis\u00f5es contradit\u00f3rias.<\/p>\n<p><strong>Entenda o caso<\/strong> &#8211; Em agosto de 2017, a Procuradoria-Geral denunciou o senador Renan Calheiros (MDB-AL), os ex-senadores Garibaldi Alves Filho, Romero Juc\u00e1, Jos\u00e9 Sarney, al\u00e9m do ex-presidente da Transpetro S\u00e9rgio Machado, os administradores da NM Engenharia e da NM Servi\u00e7os Luiz Maramaldo e Nelson Cortonesi Maramaldo, e o executivo Fernando Reis, da Odebrecht Ambiental.<\/p>\n<p>Segundo a den\u00fancia, &#8220;com farto conjunto probat\u00f3rio reunido a partir dos acordos de colabora\u00e7\u00e3o de S\u00e9rgio Machado, Fernando Reis e Luiz Fernando Maramaldo, os crimes de corrup\u00e7\u00e3o ativa e passiva e lavagem de dinheiro foram cometidos entre 2008 e 2012&#8221;<\/p>\n<p>Por for\u00e7a do novo entendimento firmado pelo Plen\u00e1rio do STF no julgamento da Quest\u00e3o de Ordem na A\u00e7\u00e3o Penal 937, e considerando o encerramento dos mandatos dos denunciados Romero Juc\u00e1 e Valdir Raupp, o ministro Fachin determinou a cis\u00e3o processual do inqu\u00e9rito com rela\u00e7\u00e3o aos denunciados sem foro na Corte.<\/p>\n<p>Fachin tamb\u00e9m decidiu pelo arquivamento dos inqu\u00e9ritos relativos a Sarney e Garibaldi, alegando como causa a prescri\u00e7\u00e3o do crime.<\/p>\n","protected":false},"excerpt":{"rendered":"<p>As investiga\u00e7\u00f5es sobre pagamento de &#8220;vantagem indevida&#8221; pelas empresas NM Engenharia e Odebrecht Ambiental a pol\u00edticos do MDB no que ficou conhecido como &#8216;Quadrilh\u00e3o do MDB&#8217; devem ser conduzidas pela 13\u00aa Vara Federal de Curitiba, hoje comandada pela ju\u00edza Gabriela Hardt. Esse \u00e9 o entendimento da procuradora-geral da Rep\u00fablica, Raquel Dodge, que recorreu da decis\u00e3o [&hellip;]<\/p>\n","protected":false},"author":2,"featured_media":203074,"comment_status":"closed","ping_status":"closed","sticky":false,"template":"","format":"standard","meta":{"_acf_changed":false,"footnotes":""},"categories":[16],"tags":[95],"class_list":["post-203073","post","type-post","status-publish","format-standard","has-post-thumbnail","hentry","category-brasil","tag-capa"],"acf":[],"yoast_head":"<!-- This site is optimized with the Yoast SEO plugin v27.2 - https:\/\/yoast.com\/product\/yoast-seo-wordpress\/ -->\n<title>Raquel quer ver bando do MDB na m\u00e3o de Gabriela - Notibras<\/title>\n<meta name=\"robots\" content=\"index, follow, max-snippet:-1, max-image-preview:large, max-video-preview:-1\" \/>\n<link rel=\"canonical\" href=\"https:\/\/www.notibras.com\/site\/raquel-quer-ver-bando-do-mdb-na-mao-de-gabriela\/\" \/>\n<meta property=\"og:locale\" content=\"pt_BR\" \/>\n<meta property=\"og:type\" content=\"article\" \/>\n<meta property=\"og:title\" content=\"Raquel quer ver bando do MDB na m\u00e3o de Gabriela - Notibras\" \/>\n<meta property=\"og:description\" content=\"As investiga\u00e7\u00f5es sobre pagamento de &#8220;vantagem indevida&#8221; pelas empresas NM Engenharia e Odebrecht Ambiental a pol\u00edticos do MDB no que ficou conhecido como &#8216;Quadrilh\u00e3o do MDB&#8217; devem ser conduzidas pela 13\u00aa Vara Federal de Curitiba, hoje comandada pela ju\u00edza Gabriela Hardt. Esse \u00e9 o entendimento da procuradora-geral da Rep\u00fablica, Raquel Dodge, que recorreu da decis\u00e3o [&hellip;]\" \/>\n<meta property=\"og:url\" content=\"https:\/\/www.notibras.com\/site\/raquel-quer-ver-bando-do-mdb-na-mao-de-gabriela\/\" \/>\n<meta property=\"og:site_name\" content=\"Notibras\" \/>\n<meta property=\"article:publisher\" content=\"https:\/\/www.facebook.com\/notibras\/\" \/>\n<meta property=\"article:published_time\" content=\"2019-02-20T14:18:55+00:00\" \/>\n<meta property=\"article:modified_time\" content=\"2019-02-20T17:32:21+00:00\" \/>\n<meta property=\"og:image\" content=\"https:\/\/www.notibras.com\/site\/wp-content\/uploads\/2019\/02\/raquel-20.jpg\" \/>\n\t<meta property=\"og:image:width\" content=\"1140\" \/>\n\t<meta property=\"og:image:height\" content=\"760\" \/>\n\t<meta property=\"og:image:type\" content=\"image\/jpeg\" \/>\n<meta name=\"author\" content=\"Reda\u00e7\u00e3o\" \/>\n<meta name=\"twitter:card\" content=\"summary_large_image\" \/>\n<meta name=\"twitter:creator\" content=\"@Notibras\" \/>\n<meta name=\"twitter:site\" content=\"@Notibras\" \/>\n<meta name=\"twitter:label1\" content=\"Escrito por\" \/>\n\t<meta name=\"twitter:data1\" content=\"Reda\u00e7\u00e3o\" \/>\n\t<meta name=\"twitter:label2\" content=\"Est. tempo de leitura\" \/>\n\t<meta name=\"twitter:data2\" content=\"3 minutos\" \/>\n<script type=\"application\/ld+json\" class=\"yoast-schema-graph\">{\"@context\":\"https:\/\/schema.org\",\"@graph\":[{\"@type\":\"Article\",\"@id\":\"https:\/\/www.notibras.com\/site\/raquel-quer-ver-bando-do-mdb-na-mao-de-gabriela\/#article\",\"isPartOf\":{\"@id\":\"https:\/\/www.notibras.com\/site\/raquel-quer-ver-bando-do-mdb-na-mao-de-gabriela\/\"},\"author\":{\"name\":\"Reda\u00e7\u00e3o\",\"@id\":\"https:\/\/www.notibras.com\/site\/#\/schema\/person\/36ab0979449956132d3e5b517ea76ac8\"},\"headline\":\"Raquel quer ver bando do MDB na m\u00e3o de Gabriela\",\"datePublished\":\"2019-02-20T14:18:55+00:00\",\"dateModified\":\"2019-02-20T17:32:21+00:00\",\"mainEntityOfPage\":{\"@id\":\"https:\/\/www.notibras.com\/site\/raquel-quer-ver-bando-do-mdb-na-mao-de-gabriela\/\"},\"wordCount\":581,\"publisher\":{\"@id\":\"https:\/\/www.notibras.com\/site\/#organization\"},\"image\":{\"@id\":\"https:\/\/www.notibras.com\/site\/raquel-quer-ver-bando-do-mdb-na-mao-de-gabriela\/#primaryimage\"},\"thumbnailUrl\":\"https:\/\/www.notibras.com\/site\/wp-content\/uploads\/2019\/02\/raquel-20.jpg\",\"keywords\":[\"capa\"],\"articleSection\":[\"Brasil\"],\"inLanguage\":\"pt-BR\"},{\"@type\":\"WebPage\",\"@id\":\"https:\/\/www.notibras.com\/site\/raquel-quer-ver-bando-do-mdb-na-mao-de-gabriela\/\",\"url\":\"https:\/\/www.notibras.com\/site\/raquel-quer-ver-bando-do-mdb-na-mao-de-gabriela\/\",\"name\":\"Raquel quer ver bando do MDB na m\u00e3o de Gabriela - Notibras\",\"isPartOf\":{\"@id\":\"https:\/\/www.notibras.com\/site\/#website\"},\"primaryImageOfPage\":{\"@id\":\"https:\/\/www.notibras.com\/site\/raquel-quer-ver-bando-do-mdb-na-mao-de-gabriela\/#primaryimage\"},\"image\":{\"@id\":\"https:\/\/www.notibras.com\/site\/raquel-quer-ver-bando-do-mdb-na-mao-de-gabriela\/#primaryimage\"},\"thumbnailUrl\":\"https:\/\/www.notibras.com\/site\/wp-content\/uploads\/2019\/02\/raquel-20.jpg\",\"datePublished\":\"2019-02-20T14:18:55+00:00\",\"dateModified\":\"2019-02-20T17:32:21+00:00\",\"breadcrumb\":{\"@id\":\"https:\/\/www.notibras.com\/site\/raquel-quer-ver-bando-do-mdb-na-mao-de-gabriela\/#breadcrumb\"},\"inLanguage\":\"pt-BR\",\"potentialAction\":[{\"@type\":\"ReadAction\",\"target\":[\"https:\/\/www.notibras.com\/site\/raquel-quer-ver-bando-do-mdb-na-mao-de-gabriela\/\"]}]},{\"@type\":\"ImageObject\",\"inLanguage\":\"pt-BR\",\"@id\":\"https:\/\/www.notibras.com\/site\/raquel-quer-ver-bando-do-mdb-na-mao-de-gabriela\/#primaryimage\",\"url\":\"https:\/\/www.notibras.com\/site\/wp-content\/uploads\/2019\/02\/raquel-20.jpg\",\"contentUrl\":\"https:\/\/www.notibras.com\/site\/wp-content\/uploads\/2019\/02\/raquel-20.jpg\",\"width\":1140,\"height\":760,\"caption\":\"Foto: Marcelo Camargo\/ABr\"},{\"@type\":\"BreadcrumbList\",\"@id\":\"https:\/\/www.notibras.com\/site\/raquel-quer-ver-bando-do-mdb-na-mao-de-gabriela\/#breadcrumb\",\"itemListElement\":[{\"@type\":\"ListItem\",\"position\":1,\"name\":\"In\u00edcio\",\"item\":\"https:\/\/www.notibras.com\/site\/\"},{\"@type\":\"ListItem\",\"position\":2,\"name\":\"Raquel quer ver bando do MDB na m\u00e3o de Gabriela\"}]},{\"@type\":\"WebSite\",\"@id\":\"https:\/\/www.notibras.com\/site\/#website\",\"url\":\"https:\/\/www.notibras.com\/site\/\",\"name\":\"Notibras\",\"description\":\"Not\u00edcias de Bras\u00edlia, do Brasil e do Mundo\",\"publisher\":{\"@id\":\"https:\/\/www.notibras.com\/site\/#organization\"},\"potentialAction\":[{\"@type\":\"SearchAction\",\"target\":{\"@type\":\"EntryPoint\",\"urlTemplate\":\"https:\/\/www.notibras.com\/site\/?s={search_term_string}\"},\"query-input\":{\"@type\":\"PropertyValueSpecification\",\"valueRequired\":true,\"valueName\":\"search_term_string\"}}],\"inLanguage\":\"pt-BR\"},{\"@type\":\"Organization\",\"@id\":\"https:\/\/www.notibras.com\/site\/#organization\",\"name\":\"Grupo Notibras de Comunica\u00e7\u00e3o\",\"url\":\"https:\/\/www.notibras.com\/site\/\",\"logo\":{\"@type\":\"ImageObject\",\"inLanguage\":\"pt-BR\",\"@id\":\"https:\/\/www.notibras.com\/site\/#\/schema\/logo\/image\/\",\"url\":\"https:\/\/www.notibras.com\/site\/wp-content\/uploads\/2023\/01\/notibras23.png\",\"contentUrl\":\"https:\/\/www.notibras.com\/site\/wp-content\/uploads\/2023\/01\/notibras23.png\",\"width\":350,\"height\":87,\"caption\":\"Grupo Notibras de Comunica\u00e7\u00e3o\"},\"image\":{\"@id\":\"https:\/\/www.notibras.com\/site\/#\/schema\/logo\/image\/\"},\"sameAs\":[\"https:\/\/www.facebook.com\/notibras\/\",\"https:\/\/x.com\/Notibras\",\"https:\/\/www.instagram.com\/notibras\/\"]},{\"@type\":\"Person\",\"@id\":\"https:\/\/www.notibras.com\/site\/#\/schema\/person\/36ab0979449956132d3e5b517ea76ac8\",\"name\":\"Reda\u00e7\u00e3o\",\"image\":{\"@type\":\"ImageObject\",\"inLanguage\":\"pt-BR\",\"@id\":\"https:\/\/secure.gravatar.com\/avatar\/e0a867bdedb85fd243eadf09663511f96fc81e0720a4a42581f334ad4303aa6b?s=96&d=mm&r=g\",\"url\":\"https:\/\/secure.gravatar.com\/avatar\/e0a867bdedb85fd243eadf09663511f96fc81e0720a4a42581f334ad4303aa6b?s=96&d=mm&r=g\",\"contentUrl\":\"https:\/\/secure.gravatar.com\/avatar\/e0a867bdedb85fd243eadf09663511f96fc81e0720a4a42581f334ad4303aa6b?s=96&d=mm&r=g\",\"caption\":\"Reda\u00e7\u00e3o\"}}]}<\/script>\n<!-- \/ Yoast SEO plugin. -->","yoast_head_json":{"title":"Raquel quer ver bando do MDB na m\u00e3o de Gabriela - Notibras","robots":{"index":"index","follow":"follow","max-snippet":"max-snippet:-1","max-image-preview":"max-image-preview:large","max-video-preview":"max-video-preview:-1"},"canonical":"https:\/\/www.notibras.com\/site\/raquel-quer-ver-bando-do-mdb-na-mao-de-gabriela\/","og_locale":"pt_BR","og_type":"article","og_title":"Raquel quer ver bando do MDB na m\u00e3o de Gabriela - Notibras","og_description":"As investiga\u00e7\u00f5es sobre pagamento de &#8220;vantagem indevida&#8221; pelas empresas NM Engenharia e Odebrecht Ambiental a pol\u00edticos do MDB no que ficou conhecido como &#8216;Quadrilh\u00e3o do MDB&#8217; devem ser conduzidas pela 13\u00aa Vara Federal de Curitiba, hoje comandada pela ju\u00edza Gabriela Hardt. Esse \u00e9 o entendimento da procuradora-geral da Rep\u00fablica, Raquel Dodge, que recorreu da decis\u00e3o [&hellip;]","og_url":"https:\/\/www.notibras.com\/site\/raquel-quer-ver-bando-do-mdb-na-mao-de-gabriela\/","og_site_name":"Notibras","article_publisher":"https:\/\/www.facebook.com\/notibras\/","article_published_time":"2019-02-20T14:18:55+00:00","article_modified_time":"2019-02-20T17:32:21+00:00","og_image":[{"width":1140,"height":760,"url":"https:\/\/www.notibras.com\/site\/wp-content\/uploads\/2019\/02\/raquel-20.jpg","type":"image\/jpeg"}],"author":"Reda\u00e7\u00e3o","twitter_card":"summary_large_image","twitter_creator":"@Notibras","twitter_site":"@Notibras","twitter_misc":{"Escrito por":"Reda\u00e7\u00e3o","Est. tempo de leitura":"3 minutos"},"schema":{"@context":"https:\/\/schema.org","@graph":[{"@type":"Article","@id":"https:\/\/www.notibras.com\/site\/raquel-quer-ver-bando-do-mdb-na-mao-de-gabriela\/#article","isPartOf":{"@id":"https:\/\/www.notibras.com\/site\/raquel-quer-ver-bando-do-mdb-na-mao-de-gabriela\/"},"author":{"name":"Reda\u00e7\u00e3o","@id":"https:\/\/www.notibras.com\/site\/#\/schema\/person\/36ab0979449956132d3e5b517ea76ac8"},"headline":"Raquel quer ver bando do MDB na m\u00e3o de Gabriela","datePublished":"2019-02-20T14:18:55+00:00","dateModified":"2019-02-20T17:32:21+00:00","mainEntityOfPage":{"@id":"https:\/\/www.notibras.com\/site\/raquel-quer-ver-bando-do-mdb-na-mao-de-gabriela\/"},"wordCount":581,"publisher":{"@id":"https:\/\/www.notibras.com\/site\/#organization"},"image":{"@id":"https:\/\/www.notibras.com\/site\/raquel-quer-ver-bando-do-mdb-na-mao-de-gabriela\/#primaryimage"},"thumbnailUrl":"https:\/\/www.notibras.com\/site\/wp-content\/uploads\/2019\/02\/raquel-20.jpg","keywords":["capa"],"articleSection":["Brasil"],"inLanguage":"pt-BR"},{"@type":"WebPage","@id":"https:\/\/www.notibras.com\/site\/raquel-quer-ver-bando-do-mdb-na-mao-de-gabriela\/","url":"https:\/\/www.notibras.com\/site\/raquel-quer-ver-bando-do-mdb-na-mao-de-gabriela\/","name":"Raquel quer ver bando do MDB na m\u00e3o de Gabriela - Notibras","isPartOf":{"@id":"https:\/\/www.notibras.com\/site\/#website"},"primaryImageOfPage":{"@id":"https:\/\/www.notibras.com\/site\/raquel-quer-ver-bando-do-mdb-na-mao-de-gabriela\/#primaryimage"},"image":{"@id":"https:\/\/www.notibras.com\/site\/raquel-quer-ver-bando-do-mdb-na-mao-de-gabriela\/#primaryimage"},"thumbnailUrl":"https:\/\/www.notibras.com\/site\/wp-content\/uploads\/2019\/02\/raquel-20.jpg","datePublished":"2019-02-20T14:18:55+00:00","dateModified":"2019-02-20T17:32:21+00:00","breadcrumb":{"@id":"https:\/\/www.notibras.com\/site\/raquel-quer-ver-bando-do-mdb-na-mao-de-gabriela\/#breadcrumb"},"inLanguage":"pt-BR","potentialAction":[{"@type":"ReadAction","target":["https:\/\/www.notibras.com\/site\/raquel-quer-ver-bando-do-mdb-na-mao-de-gabriela\/"]}]},{"@type":"ImageObject","inLanguage":"pt-BR","@id":"https:\/\/www.notibras.com\/site\/raquel-quer-ver-bando-do-mdb-na-mao-de-gabriela\/#primaryimage","url":"https:\/\/www.notibras.com\/site\/wp-content\/uploads\/2019\/02\/raquel-20.jpg","contentUrl":"https:\/\/www.notibras.com\/site\/wp-content\/uploads\/2019\/02\/raquel-20.jpg","width":1140,"height":760,"caption":"Foto: Marcelo Camargo\/ABr"},{"@type":"BreadcrumbList","@id":"https:\/\/www.notibras.com\/site\/raquel-quer-ver-bando-do-mdb-na-mao-de-gabriela\/#breadcrumb","itemListElement":[{"@type":"ListItem","position":1,"name":"In\u00edcio","item":"https:\/\/www.notibras.com\/site\/"},{"@type":"ListItem","position":2,"name":"Raquel quer ver bando do MDB na m\u00e3o de Gabriela"}]},{"@type":"WebSite","@id":"https:\/\/www.notibras.com\/site\/#website","url":"https:\/\/www.notibras.com\/site\/","name":"Notibras","description":"Not\u00edcias de Bras\u00edlia, do Brasil e do Mundo","publisher":{"@id":"https:\/\/www.notibras.com\/site\/#organization"},"potentialAction":[{"@type":"SearchAction","target":{"@type":"EntryPoint","urlTemplate":"https:\/\/www.notibras.com\/site\/?s={search_term_string}"},"query-input":{"@type":"PropertyValueSpecification","valueRequired":true,"valueName":"search_term_string"}}],"inLanguage":"pt-BR"},{"@type":"Organization","@id":"https:\/\/www.notibras.com\/site\/#organization","name":"Grupo Notibras de Comunica\u00e7\u00e3o","url":"https:\/\/www.notibras.com\/site\/","logo":{"@type":"ImageObject","inLanguage":"pt-BR","@id":"https:\/\/www.notibras.com\/site\/#\/schema\/logo\/image\/","url":"https:\/\/www.notibras.com\/site\/wp-content\/uploads\/2023\/01\/notibras23.png","contentUrl":"https:\/\/www.notibras.com\/site\/wp-content\/uploads\/2023\/01\/notibras23.png","width":350,"height":87,"caption":"Grupo Notibras de Comunica\u00e7\u00e3o"},"image":{"@id":"https:\/\/www.notibras.com\/site\/#\/schema\/logo\/image\/"},"sameAs":["https:\/\/www.facebook.com\/notibras\/","https:\/\/x.com\/Notibras","https:\/\/www.instagram.com\/notibras\/"]},{"@type":"Person","@id":"https:\/\/www.notibras.com\/site\/#\/schema\/person\/36ab0979449956132d3e5b517ea76ac8","name":"Reda\u00e7\u00e3o","image":{"@type":"ImageObject","inLanguage":"pt-BR","@id":"https:\/\/secure.gravatar.com\/avatar\/e0a867bdedb85fd243eadf09663511f96fc81e0720a4a42581f334ad4303aa6b?s=96&d=mm&r=g","url":"https:\/\/secure.gravatar.com\/avatar\/e0a867bdedb85fd243eadf09663511f96fc81e0720a4a42581f334ad4303aa6b?s=96&d=mm&r=g","contentUrl":"https:\/\/secure.gravatar.com\/avatar\/e0a867bdedb85fd243eadf09663511f96fc81e0720a4a42581f334ad4303aa6b?s=96&d=mm&r=g","caption":"Reda\u00e7\u00e3o"}}]}},"amp_enabled":true,"_links":{"self":[{"href":"https:\/\/www.notibras.com\/site\/wp-json\/wp\/v2\/posts\/203073","targetHints":{"allow":["GET"]}}],"collection":[{"href":"https:\/\/www.notibras.com\/site\/wp-json\/wp\/v2\/posts"}],"about":[{"href":"https:\/\/www.notibras.com\/site\/wp-json\/wp\/v2\/types\/post"}],"author":[{"embeddable":true,"href":"https:\/\/www.notibras.com\/site\/wp-json\/wp\/v2\/users\/2"}],"replies":[{"embeddable":true,"href":"https:\/\/www.notibras.com\/site\/wp-json\/wp\/v2\/comments?post=203073"}],"version-history":[{"count":6,"href":"https:\/\/www.notibras.com\/site\/wp-json\/wp\/v2\/posts\/203073\/revisions"}],"predecessor-version":[{"id":203082,"href":"https:\/\/www.notibras.com\/site\/wp-json\/wp\/v2\/posts\/203073\/revisions\/203082"}],"wp:featuredmedia":[{"embeddable":true,"href":"https:\/\/www.notibras.com\/site\/wp-json\/wp\/v2\/media\/203074"}],"wp:attachment":[{"href":"https:\/\/www.notibras.com\/site\/wp-json\/wp\/v2\/media?parent=203073"}],"wp:term":[{"taxonomy":"category","embeddable":true,"href":"https:\/\/www.notibras.com\/site\/wp-json\/wp\/v2\/categories?post=203073"},{"taxonomy":"post_tag","embeddable":true,"href":"https:\/\/www.notibras.com\/site\/wp-json\/wp\/v2\/tags?post=203073"}],"curies":[{"name":"wp","href":"https:\/\/api.w.org\/{rel}","templated":true}]}}