{"id":203098,"date":"2019-02-20T14:26:21","date_gmt":"2019-02-20T17:26:21","guid":{"rendered":"https:\/\/www.notibras.com\/site\/?p=203098"},"modified":"2019-02-20T15:27:07","modified_gmt":"2019-02-20T18:27:07","slug":"bebianno-foi-desleal-com-bolsonaro-a-pagina-virou","status":"publish","type":"post","link":"https:\/\/www.notibras.com\/site\/bebianno-foi-desleal-com-bolsonaro-a-pagina-virou\/","title":{"rendered":"&#8216;Bebianno foi desleal com Bolsonaro. A p\u00e1gina virou&#8217;"},"content":{"rendered":"<p>No dia em que o presidente Jair Bolsonaro entregou a proposta de reforma da Previd\u00eancia ao Congresso, o vice-presidente da Rep\u00fablica, general Hamilton Mour\u00e3o, afirmou em entrevista \u00e0 radio Bandeirantes que o ex-ministro Gustavo Bebianno, da Secretaria-Geral da Presid\u00eancia foi &#8220;desleal&#8221; com Bolsonaro, mas o epis\u00f3dio &#8220;est\u00e1 superado, j\u00e1 foi&#8221;.<\/p>\n<p>&#8220;A divulga\u00e7\u00e3o dos \u00e1udios foi uma deslealdade muito grande com o presidente&#8221;, disse Mour\u00e3o. &#8220;O principal problema foram os \u00e1udios, isso rompe a intimidade&#8221;, avaliou o vice.<\/p>\n<p>Sobre a primeira derrota do governo na C\u00e2mara, sofrida nesta ter\u00e7a-feira, 19, quando os deputados derrubaram o decreto assinado pelo vice-presidente que ampliava o poder de impor sigilo a documentos p\u00fablicos, Mour\u00e3o disse que o decreto apenas mudava a regulamenta\u00e7\u00e3o da lei e n\u00e3o a alterava. &#8220;Minha vis\u00e3o \u00e9 que Congresso mandou recado para o governo que temos que conversar mais com eles&#8221;, disse o vice-presidente nesta quarta-feira, 20.<\/p>\n<p>Ele admitiu, por\u00e9m, que o governo n\u00e3o tem os votos necess\u00e1rios para aprovar o texto da reforma da Previd\u00eancia, mas afirmou estar otimista. O pr\u00f3prio presidente da Rep\u00fablica, lembrou Mour\u00e3o, passou quase 30 anos dentro do Congresso e tem habilidade para se relacionar bem com os parlamentares. &#8220;N\u00e3o tenho d\u00favida disso&#8221;, disse na entrevista \u00e0 r\u00e1dio.<\/p>\n<p>Mour\u00e3o reafirmou que a reforma da Previd\u00eancia n\u00e3o \u00e9 &#8220;panaceia&#8221; para todos os males do Brasil, mas \u00e9 o &#8220;grande passo para que n\u00f3s cheguemos a linha de partida em condi\u00e7\u00f5es ideais&#8221;. O vice-presidente reafirmou que o governo calcula ter em torno 250 parlamentares a favor da reforma. S\u00e3o necess\u00e1rios 308 votos. &#8220;Precisamos garimpar uns 60, 70 votos para estar com seguran\u00e7a&#8221;, disse ele. &#8220;Estou otimista.&#8221;<\/p>\n<p>Questionado sobre a inclus\u00e3o dos militares na reforma da Previd\u00eancia, Mour\u00e3o declarou que, entre as mudan\u00e7as, a categoria vai aumentar o tempo de perman\u00eancia na atividade e as pensionistas, que hoje n\u00e3o contribuem, passar\u00e3o a contribuir. Alunos de escolas militares, que hoje n\u00e3o contribuem, tamb\u00e9m v\u00e3o passar a contribuir, disse ele, destacando que alguns pontos estavam sendo afinados em reuni\u00e3o no final da tarde desta ter\u00e7a, da qual n\u00e3o participou. &#8220;Da forma que temos nosso sistema previdenci\u00e1rio hoje, ele n\u00e3o passa de uma pir\u00e2mide financeira&#8221;, disse Mour\u00e3o.<\/p>\n","protected":false},"excerpt":{"rendered":"<p>No dia em que o presidente Jair Bolsonaro entregou a proposta de reforma da Previd\u00eancia ao Congresso, o vice-presidente da Rep\u00fablica, general Hamilton Mour\u00e3o, afirmou em entrevista \u00e0 radio Bandeirantes que o ex-ministro Gustavo Bebianno, da Secretaria-Geral da Presid\u00eancia foi &#8220;desleal&#8221; com Bolsonaro, mas o epis\u00f3dio &#8220;est\u00e1 superado, j\u00e1 foi&#8221;. &#8220;A divulga\u00e7\u00e3o dos \u00e1udios foi [&hellip;]<\/p>\n","protected":false},"author":2,"featured_media":201500,"comment_status":"closed","ping_status":"closed","sticky":false,"template":"","format":"standard","meta":{"_acf_changed":false,"footnotes":""},"categories":[16],"tags":[95],"class_list":["post-203098","post","type-post","status-publish","format-standard","has-post-thumbnail","hentry","category-brasil","tag-capa"],"acf":[],"yoast_head":"<!-- This site is optimized with the Yoast SEO plugin v27.2 - https:\/\/yoast.com\/product\/yoast-seo-wordpress\/ -->\n<title>&#039;Bebianno foi desleal com Bolsonaro. A p\u00e1gina virou&#039; - Notibras<\/title>\n<meta name=\"robots\" content=\"index, follow, max-snippet:-1, max-image-preview:large, max-video-preview:-1\" \/>\n<link rel=\"canonical\" href=\"https:\/\/www.notibras.com\/site\/bebianno-foi-desleal-com-bolsonaro-a-pagina-virou\/\" \/>\n<meta property=\"og:locale\" content=\"pt_BR\" \/>\n<meta property=\"og:type\" content=\"article\" \/>\n<meta property=\"og:title\" content=\"&#039;Bebianno foi desleal com Bolsonaro. A p\u00e1gina virou&#039; - Notibras\" \/>\n<meta property=\"og:description\" content=\"No dia em que o presidente Jair Bolsonaro entregou a proposta de reforma da Previd\u00eancia ao Congresso, o vice-presidente da Rep\u00fablica, general Hamilton Mour\u00e3o, afirmou em entrevista \u00e0 radio Bandeirantes que o ex-ministro Gustavo Bebianno, da Secretaria-Geral da Presid\u00eancia foi &#8220;desleal&#8221; com Bolsonaro, mas o epis\u00f3dio &#8220;est\u00e1 superado, j\u00e1 foi&#8221;. &#8220;A divulga\u00e7\u00e3o dos \u00e1udios foi [&hellip;]\" \/>\n<meta property=\"og:url\" content=\"https:\/\/www.notibras.com\/site\/bebianno-foi-desleal-com-bolsonaro-a-pagina-virou\/\" \/>\n<meta property=\"og:site_name\" content=\"Notibras\" \/>\n<meta property=\"article:publisher\" content=\"https:\/\/www.facebook.com\/notibras\/\" \/>\n<meta property=\"article:published_time\" content=\"2019-02-20T17:26:21+00:00\" \/>\n<meta property=\"article:modified_time\" content=\"2019-02-20T18:27:07+00:00\" \/>\n<meta property=\"og:image\" content=\"https:\/\/www.notibras.com\/site\/wp-content\/uploads\/2019\/02\/mour\u00e3o-foto-wilson-dias.jpg\" \/>\n\t<meta property=\"og:image:width\" content=\"1140\" \/>\n\t<meta property=\"og:image:height\" content=\"760\" \/>\n\t<meta property=\"og:image:type\" content=\"image\/jpeg\" \/>\n<meta name=\"author\" content=\"Reda\u00e7\u00e3o\" \/>\n<meta name=\"twitter:card\" content=\"summary_large_image\" \/>\n<meta name=\"twitter:creator\" content=\"@Notibras\" \/>\n<meta name=\"twitter:site\" content=\"@Notibras\" \/>\n<meta name=\"twitter:label1\" content=\"Escrito por\" \/>\n\t<meta name=\"twitter:data1\" content=\"Reda\u00e7\u00e3o\" \/>\n\t<meta name=\"twitter:label2\" content=\"Est. tempo de leitura\" \/>\n\t<meta name=\"twitter:data2\" content=\"2 minutos\" \/>\n<script type=\"application\/ld+json\" class=\"yoast-schema-graph\">{\"@context\":\"https:\/\/schema.org\",\"@graph\":[{\"@type\":\"Article\",\"@id\":\"https:\/\/www.notibras.com\/site\/bebianno-foi-desleal-com-bolsonaro-a-pagina-virou\/#article\",\"isPartOf\":{\"@id\":\"https:\/\/www.notibras.com\/site\/bebianno-foi-desleal-com-bolsonaro-a-pagina-virou\/\"},\"author\":{\"name\":\"Reda\u00e7\u00e3o\",\"@id\":\"https:\/\/www.notibras.com\/site\/#\/schema\/person\/36ab0979449956132d3e5b517ea76ac8\"},\"headline\":\"&#8216;Bebianno foi desleal com Bolsonaro. A p\u00e1gina virou&#8217;\",\"datePublished\":\"2019-02-20T17:26:21+00:00\",\"dateModified\":\"2019-02-20T18:27:07+00:00\",\"mainEntityOfPage\":{\"@id\":\"https:\/\/www.notibras.com\/site\/bebianno-foi-desleal-com-bolsonaro-a-pagina-virou\/\"},\"wordCount\":401,\"publisher\":{\"@id\":\"https:\/\/www.notibras.com\/site\/#organization\"},\"image\":{\"@id\":\"https:\/\/www.notibras.com\/site\/bebianno-foi-desleal-com-bolsonaro-a-pagina-virou\/#primaryimage\"},\"thumbnailUrl\":\"https:\/\/www.notibras.com\/site\/wp-content\/uploads\/2019\/02\/mour\u00e3o-foto-wilson-dias.jpg\",\"keywords\":[\"capa\"],\"articleSection\":[\"Brasil\"],\"inLanguage\":\"pt-BR\"},{\"@type\":\"WebPage\",\"@id\":\"https:\/\/www.notibras.com\/site\/bebianno-foi-desleal-com-bolsonaro-a-pagina-virou\/\",\"url\":\"https:\/\/www.notibras.com\/site\/bebianno-foi-desleal-com-bolsonaro-a-pagina-virou\/\",\"name\":\"'Bebianno foi desleal com Bolsonaro. A p\u00e1gina virou' - Notibras\",\"isPartOf\":{\"@id\":\"https:\/\/www.notibras.com\/site\/#website\"},\"primaryImageOfPage\":{\"@id\":\"https:\/\/www.notibras.com\/site\/bebianno-foi-desleal-com-bolsonaro-a-pagina-virou\/#primaryimage\"},\"image\":{\"@id\":\"https:\/\/www.notibras.com\/site\/bebianno-foi-desleal-com-bolsonaro-a-pagina-virou\/#primaryimage\"},\"thumbnailUrl\":\"https:\/\/www.notibras.com\/site\/wp-content\/uploads\/2019\/02\/mour\u00e3o-foto-wilson-dias.jpg\",\"datePublished\":\"2019-02-20T17:26:21+00:00\",\"dateModified\":\"2019-02-20T18:27:07+00:00\",\"breadcrumb\":{\"@id\":\"https:\/\/www.notibras.com\/site\/bebianno-foi-desleal-com-bolsonaro-a-pagina-virou\/#breadcrumb\"},\"inLanguage\":\"pt-BR\",\"potentialAction\":[{\"@type\":\"ReadAction\",\"target\":[\"https:\/\/www.notibras.com\/site\/bebianno-foi-desleal-com-bolsonaro-a-pagina-virou\/\"]}]},{\"@type\":\"ImageObject\",\"inLanguage\":\"pt-BR\",\"@id\":\"https:\/\/www.notibras.com\/site\/bebianno-foi-desleal-com-bolsonaro-a-pagina-virou\/#primaryimage\",\"url\":\"https:\/\/www.notibras.com\/site\/wp-content\/uploads\/2019\/02\/mour\u00e3o-foto-wilson-dias.jpg\",\"contentUrl\":\"https:\/\/www.notibras.com\/site\/wp-content\/uploads\/2019\/02\/mour\u00e3o-foto-wilson-dias.jpg\",\"width\":1140,\"height\":760,\"caption\":\"Foto: Wilson Dias\/ABr\"},{\"@type\":\"BreadcrumbList\",\"@id\":\"https:\/\/www.notibras.com\/site\/bebianno-foi-desleal-com-bolsonaro-a-pagina-virou\/#breadcrumb\",\"itemListElement\":[{\"@type\":\"ListItem\",\"position\":1,\"name\":\"In\u00edcio\",\"item\":\"https:\/\/www.notibras.com\/site\/\"},{\"@type\":\"ListItem\",\"position\":2,\"name\":\"&#8216;Bebianno foi desleal com Bolsonaro. A p\u00e1gina virou&#8217;\"}]},{\"@type\":\"WebSite\",\"@id\":\"https:\/\/www.notibras.com\/site\/#website\",\"url\":\"https:\/\/www.notibras.com\/site\/\",\"name\":\"Notibras\",\"description\":\"Not\u00edcias de Bras\u00edlia, do Brasil e do Mundo\",\"publisher\":{\"@id\":\"https:\/\/www.notibras.com\/site\/#organization\"},\"potentialAction\":[{\"@type\":\"SearchAction\",\"target\":{\"@type\":\"EntryPoint\",\"urlTemplate\":\"https:\/\/www.notibras.com\/site\/?s={search_term_string}\"},\"query-input\":{\"@type\":\"PropertyValueSpecification\",\"valueRequired\":true,\"valueName\":\"search_term_string\"}}],\"inLanguage\":\"pt-BR\"},{\"@type\":\"Organization\",\"@id\":\"https:\/\/www.notibras.com\/site\/#organization\",\"name\":\"Grupo Notibras de Comunica\u00e7\u00e3o\",\"url\":\"https:\/\/www.notibras.com\/site\/\",\"logo\":{\"@type\":\"ImageObject\",\"inLanguage\":\"pt-BR\",\"@id\":\"https:\/\/www.notibras.com\/site\/#\/schema\/logo\/image\/\",\"url\":\"https:\/\/www.notibras.com\/site\/wp-content\/uploads\/2023\/01\/notibras23.png\",\"contentUrl\":\"https:\/\/www.notibras.com\/site\/wp-content\/uploads\/2023\/01\/notibras23.png\",\"width\":350,\"height\":87,\"caption\":\"Grupo Notibras de Comunica\u00e7\u00e3o\"},\"image\":{\"@id\":\"https:\/\/www.notibras.com\/site\/#\/schema\/logo\/image\/\"},\"sameAs\":[\"https:\/\/www.facebook.com\/notibras\/\",\"https:\/\/x.com\/Notibras\",\"https:\/\/www.instagram.com\/notibras\/\"]},{\"@type\":\"Person\",\"@id\":\"https:\/\/www.notibras.com\/site\/#\/schema\/person\/36ab0979449956132d3e5b517ea76ac8\",\"name\":\"Reda\u00e7\u00e3o\",\"image\":{\"@type\":\"ImageObject\",\"inLanguage\":\"pt-BR\",\"@id\":\"https:\/\/secure.gravatar.com\/avatar\/e0a867bdedb85fd243eadf09663511f96fc81e0720a4a42581f334ad4303aa6b?s=96&d=mm&r=g\",\"url\":\"https:\/\/secure.gravatar.com\/avatar\/e0a867bdedb85fd243eadf09663511f96fc81e0720a4a42581f334ad4303aa6b?s=96&d=mm&r=g\",\"contentUrl\":\"https:\/\/secure.gravatar.com\/avatar\/e0a867bdedb85fd243eadf09663511f96fc81e0720a4a42581f334ad4303aa6b?s=96&d=mm&r=g\",\"caption\":\"Reda\u00e7\u00e3o\"}}]}<\/script>\n<!-- \/ Yoast SEO plugin. -->","yoast_head_json":{"title":"'Bebianno foi desleal com Bolsonaro. A p\u00e1gina virou' - Notibras","robots":{"index":"index","follow":"follow","max-snippet":"max-snippet:-1","max-image-preview":"max-image-preview:large","max-video-preview":"max-video-preview:-1"},"canonical":"https:\/\/www.notibras.com\/site\/bebianno-foi-desleal-com-bolsonaro-a-pagina-virou\/","og_locale":"pt_BR","og_type":"article","og_title":"'Bebianno foi desleal com Bolsonaro. A p\u00e1gina virou' - Notibras","og_description":"No dia em que o presidente Jair Bolsonaro entregou a proposta de reforma da Previd\u00eancia ao Congresso, o vice-presidente da Rep\u00fablica, general Hamilton Mour\u00e3o, afirmou em entrevista \u00e0 radio Bandeirantes que o ex-ministro Gustavo Bebianno, da Secretaria-Geral da Presid\u00eancia foi &#8220;desleal&#8221; com Bolsonaro, mas o epis\u00f3dio &#8220;est\u00e1 superado, j\u00e1 foi&#8221;. &#8220;A divulga\u00e7\u00e3o dos \u00e1udios foi [&hellip;]","og_url":"https:\/\/www.notibras.com\/site\/bebianno-foi-desleal-com-bolsonaro-a-pagina-virou\/","og_site_name":"Notibras","article_publisher":"https:\/\/www.facebook.com\/notibras\/","article_published_time":"2019-02-20T17:26:21+00:00","article_modified_time":"2019-02-20T18:27:07+00:00","og_image":[{"width":1140,"height":760,"url":"https:\/\/www.notibras.com\/site\/wp-content\/uploads\/2019\/02\/mour\u00e3o-foto-wilson-dias.jpg","type":"image\/jpeg"}],"author":"Reda\u00e7\u00e3o","twitter_card":"summary_large_image","twitter_creator":"@Notibras","twitter_site":"@Notibras","twitter_misc":{"Escrito por":"Reda\u00e7\u00e3o","Est. tempo de leitura":"2 minutos"},"schema":{"@context":"https:\/\/schema.org","@graph":[{"@type":"Article","@id":"https:\/\/www.notibras.com\/site\/bebianno-foi-desleal-com-bolsonaro-a-pagina-virou\/#article","isPartOf":{"@id":"https:\/\/www.notibras.com\/site\/bebianno-foi-desleal-com-bolsonaro-a-pagina-virou\/"},"author":{"name":"Reda\u00e7\u00e3o","@id":"https:\/\/www.notibras.com\/site\/#\/schema\/person\/36ab0979449956132d3e5b517ea76ac8"},"headline":"&#8216;Bebianno foi desleal com Bolsonaro. A p\u00e1gina virou&#8217;","datePublished":"2019-02-20T17:26:21+00:00","dateModified":"2019-02-20T18:27:07+00:00","mainEntityOfPage":{"@id":"https:\/\/www.notibras.com\/site\/bebianno-foi-desleal-com-bolsonaro-a-pagina-virou\/"},"wordCount":401,"publisher":{"@id":"https:\/\/www.notibras.com\/site\/#organization"},"image":{"@id":"https:\/\/www.notibras.com\/site\/bebianno-foi-desleal-com-bolsonaro-a-pagina-virou\/#primaryimage"},"thumbnailUrl":"https:\/\/www.notibras.com\/site\/wp-content\/uploads\/2019\/02\/mour\u00e3o-foto-wilson-dias.jpg","keywords":["capa"],"articleSection":["Brasil"],"inLanguage":"pt-BR"},{"@type":"WebPage","@id":"https:\/\/www.notibras.com\/site\/bebianno-foi-desleal-com-bolsonaro-a-pagina-virou\/","url":"https:\/\/www.notibras.com\/site\/bebianno-foi-desleal-com-bolsonaro-a-pagina-virou\/","name":"'Bebianno foi desleal com Bolsonaro. A p\u00e1gina virou' - Notibras","isPartOf":{"@id":"https:\/\/www.notibras.com\/site\/#website"},"primaryImageOfPage":{"@id":"https:\/\/www.notibras.com\/site\/bebianno-foi-desleal-com-bolsonaro-a-pagina-virou\/#primaryimage"},"image":{"@id":"https:\/\/www.notibras.com\/site\/bebianno-foi-desleal-com-bolsonaro-a-pagina-virou\/#primaryimage"},"thumbnailUrl":"https:\/\/www.notibras.com\/site\/wp-content\/uploads\/2019\/02\/mour\u00e3o-foto-wilson-dias.jpg","datePublished":"2019-02-20T17:26:21+00:00","dateModified":"2019-02-20T18:27:07+00:00","breadcrumb":{"@id":"https:\/\/www.notibras.com\/site\/bebianno-foi-desleal-com-bolsonaro-a-pagina-virou\/#breadcrumb"},"inLanguage":"pt-BR","potentialAction":[{"@type":"ReadAction","target":["https:\/\/www.notibras.com\/site\/bebianno-foi-desleal-com-bolsonaro-a-pagina-virou\/"]}]},{"@type":"ImageObject","inLanguage":"pt-BR","@id":"https:\/\/www.notibras.com\/site\/bebianno-foi-desleal-com-bolsonaro-a-pagina-virou\/#primaryimage","url":"https:\/\/www.notibras.com\/site\/wp-content\/uploads\/2019\/02\/mour\u00e3o-foto-wilson-dias.jpg","contentUrl":"https:\/\/www.notibras.com\/site\/wp-content\/uploads\/2019\/02\/mour\u00e3o-foto-wilson-dias.jpg","width":1140,"height":760,"caption":"Foto: Wilson Dias\/ABr"},{"@type":"BreadcrumbList","@id":"https:\/\/www.notibras.com\/site\/bebianno-foi-desleal-com-bolsonaro-a-pagina-virou\/#breadcrumb","itemListElement":[{"@type":"ListItem","position":1,"name":"In\u00edcio","item":"https:\/\/www.notibras.com\/site\/"},{"@type":"ListItem","position":2,"name":"&#8216;Bebianno foi desleal com Bolsonaro. A p\u00e1gina virou&#8217;"}]},{"@type":"WebSite","@id":"https:\/\/www.notibras.com\/site\/#website","url":"https:\/\/www.notibras.com\/site\/","name":"Notibras","description":"Not\u00edcias de Bras\u00edlia, do Brasil e do Mundo","publisher":{"@id":"https:\/\/www.notibras.com\/site\/#organization"},"potentialAction":[{"@type":"SearchAction","target":{"@type":"EntryPoint","urlTemplate":"https:\/\/www.notibras.com\/site\/?s={search_term_string}"},"query-input":{"@type":"PropertyValueSpecification","valueRequired":true,"valueName":"search_term_string"}}],"inLanguage":"pt-BR"},{"@type":"Organization","@id":"https:\/\/www.notibras.com\/site\/#organization","name":"Grupo Notibras de Comunica\u00e7\u00e3o","url":"https:\/\/www.notibras.com\/site\/","logo":{"@type":"ImageObject","inLanguage":"pt-BR","@id":"https:\/\/www.notibras.com\/site\/#\/schema\/logo\/image\/","url":"https:\/\/www.notibras.com\/site\/wp-content\/uploads\/2023\/01\/notibras23.png","contentUrl":"https:\/\/www.notibras.com\/site\/wp-content\/uploads\/2023\/01\/notibras23.png","width":350,"height":87,"caption":"Grupo Notibras de Comunica\u00e7\u00e3o"},"image":{"@id":"https:\/\/www.notibras.com\/site\/#\/schema\/logo\/image\/"},"sameAs":["https:\/\/www.facebook.com\/notibras\/","https:\/\/x.com\/Notibras","https:\/\/www.instagram.com\/notibras\/"]},{"@type":"Person","@id":"https:\/\/www.notibras.com\/site\/#\/schema\/person\/36ab0979449956132d3e5b517ea76ac8","name":"Reda\u00e7\u00e3o","image":{"@type":"ImageObject","inLanguage":"pt-BR","@id":"https:\/\/secure.gravatar.com\/avatar\/e0a867bdedb85fd243eadf09663511f96fc81e0720a4a42581f334ad4303aa6b?s=96&d=mm&r=g","url":"https:\/\/secure.gravatar.com\/avatar\/e0a867bdedb85fd243eadf09663511f96fc81e0720a4a42581f334ad4303aa6b?s=96&d=mm&r=g","contentUrl":"https:\/\/secure.gravatar.com\/avatar\/e0a867bdedb85fd243eadf09663511f96fc81e0720a4a42581f334ad4303aa6b?s=96&d=mm&r=g","caption":"Reda\u00e7\u00e3o"}}]}},"amp_enabled":true,"_links":{"self":[{"href":"https:\/\/www.notibras.com\/site\/wp-json\/wp\/v2\/posts\/203098","targetHints":{"allow":["GET"]}}],"collection":[{"href":"https:\/\/www.notibras.com\/site\/wp-json\/wp\/v2\/posts"}],"about":[{"href":"https:\/\/www.notibras.com\/site\/wp-json\/wp\/v2\/types\/post"}],"author":[{"embeddable":true,"href":"https:\/\/www.notibras.com\/site\/wp-json\/wp\/v2\/users\/2"}],"replies":[{"embeddable":true,"href":"https:\/\/www.notibras.com\/site\/wp-json\/wp\/v2\/comments?post=203098"}],"version-history":[{"count":5,"href":"https:\/\/www.notibras.com\/site\/wp-json\/wp\/v2\/posts\/203098\/revisions"}],"predecessor-version":[{"id":203103,"href":"https:\/\/www.notibras.com\/site\/wp-json\/wp\/v2\/posts\/203098\/revisions\/203103"}],"wp:featuredmedia":[{"embeddable":true,"href":"https:\/\/www.notibras.com\/site\/wp-json\/wp\/v2\/media\/201500"}],"wp:attachment":[{"href":"https:\/\/www.notibras.com\/site\/wp-json\/wp\/v2\/media?parent=203098"}],"wp:term":[{"taxonomy":"category","embeddable":true,"href":"https:\/\/www.notibras.com\/site\/wp-json\/wp\/v2\/categories?post=203098"},{"taxonomy":"post_tag","embeddable":true,"href":"https:\/\/www.notibras.com\/site\/wp-json\/wp\/v2\/tags?post=203098"}],"curies":[{"name":"wp","href":"https:\/\/api.w.org\/{rel}","templated":true}]}}