{"id":203126,"date":"2019-02-20T19:37:54","date_gmt":"2019-02-20T22:37:54","guid":{"rendered":"https:\/\/www.notibras.com\/site\/?p=203126"},"modified":"2019-02-20T19:39:28","modified_gmt":"2019-02-20T22:39:28","slug":"moro-pede-e-os-senadores-aprovam-nova-lei-anti-terror","status":"publish","type":"post","link":"https:\/\/www.notibras.com\/site\/moro-pede-e-os-senadores-aprovam-nova-lei-anti-terror\/","title":{"rendered":"Moro pede e o Senado aprova a lei anti-terror"},"content":{"rendered":"<p>Depois de passar com alguma resist\u00eancia pela C\u00e2mara dos Deputados na semana passada, o projeto que atualiza e endurece regras de combate a criminosos e empresas envolvidos em lavagem de dinheiro e financiamento ao terrorismo foi aprovado, em vota\u00e7\u00e3o simb\u00f3lica, no Senado Federal nesta quarta-feira, 20. O projeto, uma das urg\u00eancias do ministro da Justi\u00e7a e Seguran\u00e7a P\u00fablica, Sergio Moro, vai agora para o Planalto, para san\u00e7\u00e3o presidencial.<\/p>\n<p>Mais cedo, as comiss\u00f5es de Constitui\u00e7\u00e3o, Justi\u00e7a e Cidadania (CCJ) e de Rela\u00e7\u00f5es Exteriores e Defesa Nacional (CRE) do Senado aprovaram o projeto para assegurar o bloqueio r\u00e1pido de bens de envolvidos com terrorismo.<\/p>\n<p>Em tramita\u00e7\u00e3o desde 2018, a proposta precisava ser aprovada com urg\u00eancia, sob risco de o Brasil entrar na &#8220;lista negra&#8221; de na\u00e7\u00f5es n\u00e3o engajadas na preven\u00e7\u00e3o a esses crimes. O Pa\u00eds poderia sofrer san\u00e7\u00f5es econ\u00f4micas, pol\u00edticas e diplom\u00e1ticas de pa\u00edses como Estados Unidos e membros da Uni\u00e3o Europeia.<\/p>\n<p>No in\u00edcio de fevereiro, Moro disse que &#8220;se o projeto n\u00e3o for aprovado o Brasil ser\u00e1 suspenso do Gafi e ser\u00e1 desastroso para o ambiente de neg\u00f3cio&#8221;. O Gafi \u00e9 o Grupo de A\u00e7\u00e3o Financeira contra a Lavagem de Dinheiro e o Financiamento do Terrorismo, uma esp\u00e9cie de f\u00f3rum intergovernamental mundial que promove leis e normas globais contra a lavagem de dinheiro.<\/p>\n<p>Em 2010, o grupo comunicou o Brasil de suas defici\u00eancias na ado\u00e7\u00e3o das resolu\u00e7\u00f5es do Conselho de Seguran\u00e7a da ONU para combate ao terrorismo. Em junho de 2018, o Pa\u00eds foi advertido de que o n\u00e3o cumprimento das recomenda\u00e7\u00f5es poderia resultar em san\u00e7\u00f5es, como a expuls\u00e3o &#8211; medidas menos dr\u00e1sticas j\u00e1 foram adotadas para pressionar o governo local.<\/p>\n<p>Moro est\u00e1 em Paris, onde participa da Segunda Reuni\u00e3o Plen\u00e1ria do mandato XXX do Gafi. O ministro deve anunciar a decis\u00e3o do Senado durante o encontro. A avalia\u00e7\u00e3o do Brasil est\u00e1 prevista para a tarde desta sexta-feira, 22.<\/p>\n<p>Antes da sess\u00e3o plen\u00e1ria que aprovou o projeto, o novo l\u00edder do governo no Senado, Fernando Bezerra Coelho (MDB-PE), disse a jornalistas que estava animado por ter constru\u00eddo acordo com todos os partidos, inclusive os da oposi\u00e7\u00e3o.<\/p>\n<p>&#8220;O Brasil era o \u00fanico pa\u00eds-membro que n\u00e3o tinha atendido todas as recomenda\u00e7\u00f5es da terceira rodada de avalia\u00e7\u00e3o que foram feitas no \u00e2mbito da OCDE, que deu prazo at\u00e9 fevereiro. Com a constru\u00e7\u00e3o desse acordo, no \u00e2mbito das duas comiss\u00f5es, acho que vamos ter aqui o acordo&#8221;, disse.<\/p>\n<p>Ap\u00f3s a decis\u00e3o, o senador Major Ol\u00edmpio (PSL-SP) comemorou a vit\u00f3ria do governo no Senado. &#8220;O Brasil passaria a ter san\u00e7\u00f5es do n\u00e3o cumprimento em rela\u00e7\u00e3o a condicionantes estabelecidos pelo Conselho de Seguran\u00e7a da ONU, colocando o Brasil no rol ou na lista negra de pa\u00edses como Ir\u00e3, Coreia do Norte, que n\u00e3o s\u00e3o signat\u00e1rios de acordos em rela\u00e7\u00e3o ao enfrentamento do terrorismo &#8221;<\/p>\n<p>O senador Carlos Viana (PSD-MG) disse que o projeto &#8220;deixa muito claro que o Brasil se junta a outros pa\u00edses num esfor\u00e7o muito grande e que o prazo foi dado para que, legalmente, aqueles envolvidos, ou em determinado momento em que tenham os seus bens bloqueados, possam, dentro tamb\u00e9m da nossa legisla\u00e7\u00e3o, se manifestar e ter o direito de defesa&#8221;.<\/p>\n<p>Na avalia\u00e7\u00e3o do senador Randolfe Rodrigues (REDE-AP), o Senado deu uma contribui\u00e7\u00e3o adequada ao Brasil. &#8220;Entrega um texto de acordo internacional para a reuni\u00e3o do Gafi, mas sem abrir m\u00e3o de princ\u00edpios sens\u00edveis de soberania nacional e dos direitos individuais&#8221;, disse o senador.<\/p>\n<p>Para o senador Marcos Rog\u00e9rio (DEM-RO), o projeto aprovado hoje na Casa \u00e9 uma mat\u00e9ria sobre a qual o Congresso tem de se debru\u00e7ar e aprovar com o intuito de atenda \u00e0 expectativa da comunidade internacional.<\/p>\n<p>&#8220;O Gafi \u00e9 uma organiza\u00e7\u00e3o supranacional, que tem papel importante no combate \u00e0 lavagem de capitais, financiamento ao terrorismo e financiamento \u00e0 prolifera\u00e7\u00e3o de armas de destrui\u00e7\u00e3o em massa, que s\u00e3o amea\u00e7as \u00e0 sociedade nesses tempos. Ent\u00e3o, eu queria apenas fazer um registro aqui para enaltecer o esfor\u00e7o deste Senado em votar essa mat\u00e9ria no dia de hoje.&#8221;<\/p>\n","protected":false},"excerpt":{"rendered":"<p>Depois de passar com alguma resist\u00eancia pela C\u00e2mara dos Deputados na semana passada, o projeto que atualiza e endurece regras de combate a criminosos e empresas envolvidos em lavagem de dinheiro e financiamento ao terrorismo foi aprovado, em vota\u00e7\u00e3o simb\u00f3lica, no Senado Federal nesta quarta-feira, 20. O projeto, uma das urg\u00eancias do ministro da Justi\u00e7a [&hellip;]<\/p>\n","protected":false},"author":2,"featured_media":203127,"comment_status":"closed","ping_status":"closed","sticky":false,"template":"","format":"standard","meta":{"_acf_changed":false,"footnotes":""},"categories":[16],"tags":[95],"class_list":["post-203126","post","type-post","status-publish","format-standard","has-post-thumbnail","hentry","category-brasil","tag-capa"],"acf":[],"yoast_head":"<!-- This site is optimized with the Yoast SEO plugin v27.2 - https:\/\/yoast.com\/product\/yoast-seo-wordpress\/ -->\n<title>Moro pede e o Senado aprova a lei anti-terror - Notibras<\/title>\n<meta name=\"robots\" content=\"index, follow, max-snippet:-1, max-image-preview:large, max-video-preview:-1\" \/>\n<link rel=\"canonical\" href=\"https:\/\/www.notibras.com\/site\/moro-pede-e-os-senadores-aprovam-nova-lei-anti-terror\/\" \/>\n<meta property=\"og:locale\" content=\"pt_BR\" \/>\n<meta property=\"og:type\" content=\"article\" \/>\n<meta property=\"og:title\" content=\"Moro pede e o Senado aprova a lei anti-terror - Notibras\" \/>\n<meta property=\"og:description\" content=\"Depois de passar com alguma resist\u00eancia pela C\u00e2mara dos Deputados na semana passada, o projeto que atualiza e endurece regras de combate a criminosos e empresas envolvidos em lavagem de dinheiro e financiamento ao terrorismo foi aprovado, em vota\u00e7\u00e3o simb\u00f3lica, no Senado Federal nesta quarta-feira, 20. O projeto, uma das urg\u00eancias do ministro da Justi\u00e7a [&hellip;]\" \/>\n<meta property=\"og:url\" content=\"https:\/\/www.notibras.com\/site\/moro-pede-e-os-senadores-aprovam-nova-lei-anti-terror\/\" \/>\n<meta property=\"og:site_name\" content=\"Notibras\" \/>\n<meta property=\"article:publisher\" content=\"https:\/\/www.facebook.com\/notibras\/\" \/>\n<meta property=\"article:published_time\" content=\"2019-02-20T22:37:54+00:00\" \/>\n<meta property=\"article:modified_time\" content=\"2019-02-20T22:39:28+00:00\" \/>\n<meta property=\"og:image\" content=\"https:\/\/www.notibras.com\/site\/wp-content\/uploads\/2019\/02\/moro.20.jpg\" \/>\n\t<meta property=\"og:image:width\" content=\"1140\" \/>\n\t<meta property=\"og:image:height\" content=\"760\" \/>\n\t<meta property=\"og:image:type\" content=\"image\/jpeg\" \/>\n<meta name=\"author\" content=\"Reda\u00e7\u00e3o\" \/>\n<meta name=\"twitter:card\" content=\"summary_large_image\" \/>\n<meta name=\"twitter:creator\" content=\"@Notibras\" \/>\n<meta name=\"twitter:site\" content=\"@Notibras\" \/>\n<meta name=\"twitter:label1\" content=\"Escrito por\" \/>\n\t<meta name=\"twitter:data1\" content=\"Reda\u00e7\u00e3o\" \/>\n\t<meta name=\"twitter:label2\" content=\"Est. tempo de leitura\" \/>\n\t<meta name=\"twitter:data2\" content=\"4 minutos\" \/>\n<script type=\"application\/ld+json\" class=\"yoast-schema-graph\">{\"@context\":\"https:\/\/schema.org\",\"@graph\":[{\"@type\":\"Article\",\"@id\":\"https:\/\/www.notibras.com\/site\/moro-pede-e-os-senadores-aprovam-nova-lei-anti-terror\/#article\",\"isPartOf\":{\"@id\":\"https:\/\/www.notibras.com\/site\/moro-pede-e-os-senadores-aprovam-nova-lei-anti-terror\/\"},\"author\":{\"name\":\"Reda\u00e7\u00e3o\",\"@id\":\"https:\/\/www.notibras.com\/site\/#\/schema\/person\/36ab0979449956132d3e5b517ea76ac8\"},\"headline\":\"Moro pede e o Senado aprova a lei anti-terror\",\"datePublished\":\"2019-02-20T22:37:54+00:00\",\"dateModified\":\"2019-02-20T22:39:28+00:00\",\"mainEntityOfPage\":{\"@id\":\"https:\/\/www.notibras.com\/site\/moro-pede-e-os-senadores-aprovam-nova-lei-anti-terror\/\"},\"wordCount\":741,\"publisher\":{\"@id\":\"https:\/\/www.notibras.com\/site\/#organization\"},\"image\":{\"@id\":\"https:\/\/www.notibras.com\/site\/moro-pede-e-os-senadores-aprovam-nova-lei-anti-terror\/#primaryimage\"},\"thumbnailUrl\":\"https:\/\/www.notibras.com\/site\/wp-content\/uploads\/2019\/02\/moro.20.jpg\",\"keywords\":[\"capa\"],\"articleSection\":[\"Brasil\"],\"inLanguage\":\"pt-BR\"},{\"@type\":\"WebPage\",\"@id\":\"https:\/\/www.notibras.com\/site\/moro-pede-e-os-senadores-aprovam-nova-lei-anti-terror\/\",\"url\":\"https:\/\/www.notibras.com\/site\/moro-pede-e-os-senadores-aprovam-nova-lei-anti-terror\/\",\"name\":\"Moro pede e o Senado aprova a lei anti-terror - Notibras\",\"isPartOf\":{\"@id\":\"https:\/\/www.notibras.com\/site\/#website\"},\"primaryImageOfPage\":{\"@id\":\"https:\/\/www.notibras.com\/site\/moro-pede-e-os-senadores-aprovam-nova-lei-anti-terror\/#primaryimage\"},\"image\":{\"@id\":\"https:\/\/www.notibras.com\/site\/moro-pede-e-os-senadores-aprovam-nova-lei-anti-terror\/#primaryimage\"},\"thumbnailUrl\":\"https:\/\/www.notibras.com\/site\/wp-content\/uploads\/2019\/02\/moro.20.jpg\",\"datePublished\":\"2019-02-20T22:37:54+00:00\",\"dateModified\":\"2019-02-20T22:39:28+00:00\",\"breadcrumb\":{\"@id\":\"https:\/\/www.notibras.com\/site\/moro-pede-e-os-senadores-aprovam-nova-lei-anti-terror\/#breadcrumb\"},\"inLanguage\":\"pt-BR\",\"potentialAction\":[{\"@type\":\"ReadAction\",\"target\":[\"https:\/\/www.notibras.com\/site\/moro-pede-e-os-senadores-aprovam-nova-lei-anti-terror\/\"]}]},{\"@type\":\"ImageObject\",\"inLanguage\":\"pt-BR\",\"@id\":\"https:\/\/www.notibras.com\/site\/moro-pede-e-os-senadores-aprovam-nova-lei-anti-terror\/#primaryimage\",\"url\":\"https:\/\/www.notibras.com\/site\/wp-content\/uploads\/2019\/02\/moro.20.jpg\",\"contentUrl\":\"https:\/\/www.notibras.com\/site\/wp-content\/uploads\/2019\/02\/moro.20.jpg\",\"width\":1140,\"height\":760,\"caption\":\"Foto: Jos\u00e9 Cruz\/ABr\"},{\"@type\":\"BreadcrumbList\",\"@id\":\"https:\/\/www.notibras.com\/site\/moro-pede-e-os-senadores-aprovam-nova-lei-anti-terror\/#breadcrumb\",\"itemListElement\":[{\"@type\":\"ListItem\",\"position\":1,\"name\":\"In\u00edcio\",\"item\":\"https:\/\/www.notibras.com\/site\/\"},{\"@type\":\"ListItem\",\"position\":2,\"name\":\"Moro pede e o Senado aprova a lei anti-terror\"}]},{\"@type\":\"WebSite\",\"@id\":\"https:\/\/www.notibras.com\/site\/#website\",\"url\":\"https:\/\/www.notibras.com\/site\/\",\"name\":\"Notibras\",\"description\":\"Not\u00edcias de Bras\u00edlia, do Brasil e do Mundo\",\"publisher\":{\"@id\":\"https:\/\/www.notibras.com\/site\/#organization\"},\"potentialAction\":[{\"@type\":\"SearchAction\",\"target\":{\"@type\":\"EntryPoint\",\"urlTemplate\":\"https:\/\/www.notibras.com\/site\/?s={search_term_string}\"},\"query-input\":{\"@type\":\"PropertyValueSpecification\",\"valueRequired\":true,\"valueName\":\"search_term_string\"}}],\"inLanguage\":\"pt-BR\"},{\"@type\":\"Organization\",\"@id\":\"https:\/\/www.notibras.com\/site\/#organization\",\"name\":\"Grupo Notibras de Comunica\u00e7\u00e3o\",\"url\":\"https:\/\/www.notibras.com\/site\/\",\"logo\":{\"@type\":\"ImageObject\",\"inLanguage\":\"pt-BR\",\"@id\":\"https:\/\/www.notibras.com\/site\/#\/schema\/logo\/image\/\",\"url\":\"https:\/\/www.notibras.com\/site\/wp-content\/uploads\/2023\/01\/notibras23.png\",\"contentUrl\":\"https:\/\/www.notibras.com\/site\/wp-content\/uploads\/2023\/01\/notibras23.png\",\"width\":350,\"height\":87,\"caption\":\"Grupo Notibras de Comunica\u00e7\u00e3o\"},\"image\":{\"@id\":\"https:\/\/www.notibras.com\/site\/#\/schema\/logo\/image\/\"},\"sameAs\":[\"https:\/\/www.facebook.com\/notibras\/\",\"https:\/\/x.com\/Notibras\",\"https:\/\/www.instagram.com\/notibras\/\"]},{\"@type\":\"Person\",\"@id\":\"https:\/\/www.notibras.com\/site\/#\/schema\/person\/36ab0979449956132d3e5b517ea76ac8\",\"name\":\"Reda\u00e7\u00e3o\",\"image\":{\"@type\":\"ImageObject\",\"inLanguage\":\"pt-BR\",\"@id\":\"https:\/\/secure.gravatar.com\/avatar\/e0a867bdedb85fd243eadf09663511f96fc81e0720a4a42581f334ad4303aa6b?s=96&d=mm&r=g\",\"url\":\"https:\/\/secure.gravatar.com\/avatar\/e0a867bdedb85fd243eadf09663511f96fc81e0720a4a42581f334ad4303aa6b?s=96&d=mm&r=g\",\"contentUrl\":\"https:\/\/secure.gravatar.com\/avatar\/e0a867bdedb85fd243eadf09663511f96fc81e0720a4a42581f334ad4303aa6b?s=96&d=mm&r=g\",\"caption\":\"Reda\u00e7\u00e3o\"}}]}<\/script>\n<!-- \/ Yoast SEO plugin. -->","yoast_head_json":{"title":"Moro pede e o Senado aprova a lei anti-terror - Notibras","robots":{"index":"index","follow":"follow","max-snippet":"max-snippet:-1","max-image-preview":"max-image-preview:large","max-video-preview":"max-video-preview:-1"},"canonical":"https:\/\/www.notibras.com\/site\/moro-pede-e-os-senadores-aprovam-nova-lei-anti-terror\/","og_locale":"pt_BR","og_type":"article","og_title":"Moro pede e o Senado aprova a lei anti-terror - Notibras","og_description":"Depois de passar com alguma resist\u00eancia pela C\u00e2mara dos Deputados na semana passada, o projeto que atualiza e endurece regras de combate a criminosos e empresas envolvidos em lavagem de dinheiro e financiamento ao terrorismo foi aprovado, em vota\u00e7\u00e3o simb\u00f3lica, no Senado Federal nesta quarta-feira, 20. O projeto, uma das urg\u00eancias do ministro da Justi\u00e7a [&hellip;]","og_url":"https:\/\/www.notibras.com\/site\/moro-pede-e-os-senadores-aprovam-nova-lei-anti-terror\/","og_site_name":"Notibras","article_publisher":"https:\/\/www.facebook.com\/notibras\/","article_published_time":"2019-02-20T22:37:54+00:00","article_modified_time":"2019-02-20T22:39:28+00:00","og_image":[{"width":1140,"height":760,"url":"https:\/\/www.notibras.com\/site\/wp-content\/uploads\/2019\/02\/moro.20.jpg","type":"image\/jpeg"}],"author":"Reda\u00e7\u00e3o","twitter_card":"summary_large_image","twitter_creator":"@Notibras","twitter_site":"@Notibras","twitter_misc":{"Escrito por":"Reda\u00e7\u00e3o","Est. tempo de leitura":"4 minutos"},"schema":{"@context":"https:\/\/schema.org","@graph":[{"@type":"Article","@id":"https:\/\/www.notibras.com\/site\/moro-pede-e-os-senadores-aprovam-nova-lei-anti-terror\/#article","isPartOf":{"@id":"https:\/\/www.notibras.com\/site\/moro-pede-e-os-senadores-aprovam-nova-lei-anti-terror\/"},"author":{"name":"Reda\u00e7\u00e3o","@id":"https:\/\/www.notibras.com\/site\/#\/schema\/person\/36ab0979449956132d3e5b517ea76ac8"},"headline":"Moro pede e o Senado aprova a lei anti-terror","datePublished":"2019-02-20T22:37:54+00:00","dateModified":"2019-02-20T22:39:28+00:00","mainEntityOfPage":{"@id":"https:\/\/www.notibras.com\/site\/moro-pede-e-os-senadores-aprovam-nova-lei-anti-terror\/"},"wordCount":741,"publisher":{"@id":"https:\/\/www.notibras.com\/site\/#organization"},"image":{"@id":"https:\/\/www.notibras.com\/site\/moro-pede-e-os-senadores-aprovam-nova-lei-anti-terror\/#primaryimage"},"thumbnailUrl":"https:\/\/www.notibras.com\/site\/wp-content\/uploads\/2019\/02\/moro.20.jpg","keywords":["capa"],"articleSection":["Brasil"],"inLanguage":"pt-BR"},{"@type":"WebPage","@id":"https:\/\/www.notibras.com\/site\/moro-pede-e-os-senadores-aprovam-nova-lei-anti-terror\/","url":"https:\/\/www.notibras.com\/site\/moro-pede-e-os-senadores-aprovam-nova-lei-anti-terror\/","name":"Moro pede e o Senado aprova a lei anti-terror - Notibras","isPartOf":{"@id":"https:\/\/www.notibras.com\/site\/#website"},"primaryImageOfPage":{"@id":"https:\/\/www.notibras.com\/site\/moro-pede-e-os-senadores-aprovam-nova-lei-anti-terror\/#primaryimage"},"image":{"@id":"https:\/\/www.notibras.com\/site\/moro-pede-e-os-senadores-aprovam-nova-lei-anti-terror\/#primaryimage"},"thumbnailUrl":"https:\/\/www.notibras.com\/site\/wp-content\/uploads\/2019\/02\/moro.20.jpg","datePublished":"2019-02-20T22:37:54+00:00","dateModified":"2019-02-20T22:39:28+00:00","breadcrumb":{"@id":"https:\/\/www.notibras.com\/site\/moro-pede-e-os-senadores-aprovam-nova-lei-anti-terror\/#breadcrumb"},"inLanguage":"pt-BR","potentialAction":[{"@type":"ReadAction","target":["https:\/\/www.notibras.com\/site\/moro-pede-e-os-senadores-aprovam-nova-lei-anti-terror\/"]}]},{"@type":"ImageObject","inLanguage":"pt-BR","@id":"https:\/\/www.notibras.com\/site\/moro-pede-e-os-senadores-aprovam-nova-lei-anti-terror\/#primaryimage","url":"https:\/\/www.notibras.com\/site\/wp-content\/uploads\/2019\/02\/moro.20.jpg","contentUrl":"https:\/\/www.notibras.com\/site\/wp-content\/uploads\/2019\/02\/moro.20.jpg","width":1140,"height":760,"caption":"Foto: Jos\u00e9 Cruz\/ABr"},{"@type":"BreadcrumbList","@id":"https:\/\/www.notibras.com\/site\/moro-pede-e-os-senadores-aprovam-nova-lei-anti-terror\/#breadcrumb","itemListElement":[{"@type":"ListItem","position":1,"name":"In\u00edcio","item":"https:\/\/www.notibras.com\/site\/"},{"@type":"ListItem","position":2,"name":"Moro pede e o Senado aprova a lei anti-terror"}]},{"@type":"WebSite","@id":"https:\/\/www.notibras.com\/site\/#website","url":"https:\/\/www.notibras.com\/site\/","name":"Notibras","description":"Not\u00edcias de Bras\u00edlia, do Brasil e do Mundo","publisher":{"@id":"https:\/\/www.notibras.com\/site\/#organization"},"potentialAction":[{"@type":"SearchAction","target":{"@type":"EntryPoint","urlTemplate":"https:\/\/www.notibras.com\/site\/?s={search_term_string}"},"query-input":{"@type":"PropertyValueSpecification","valueRequired":true,"valueName":"search_term_string"}}],"inLanguage":"pt-BR"},{"@type":"Organization","@id":"https:\/\/www.notibras.com\/site\/#organization","name":"Grupo Notibras de Comunica\u00e7\u00e3o","url":"https:\/\/www.notibras.com\/site\/","logo":{"@type":"ImageObject","inLanguage":"pt-BR","@id":"https:\/\/www.notibras.com\/site\/#\/schema\/logo\/image\/","url":"https:\/\/www.notibras.com\/site\/wp-content\/uploads\/2023\/01\/notibras23.png","contentUrl":"https:\/\/www.notibras.com\/site\/wp-content\/uploads\/2023\/01\/notibras23.png","width":350,"height":87,"caption":"Grupo Notibras de Comunica\u00e7\u00e3o"},"image":{"@id":"https:\/\/www.notibras.com\/site\/#\/schema\/logo\/image\/"},"sameAs":["https:\/\/www.facebook.com\/notibras\/","https:\/\/x.com\/Notibras","https:\/\/www.instagram.com\/notibras\/"]},{"@type":"Person","@id":"https:\/\/www.notibras.com\/site\/#\/schema\/person\/36ab0979449956132d3e5b517ea76ac8","name":"Reda\u00e7\u00e3o","image":{"@type":"ImageObject","inLanguage":"pt-BR","@id":"https:\/\/secure.gravatar.com\/avatar\/e0a867bdedb85fd243eadf09663511f96fc81e0720a4a42581f334ad4303aa6b?s=96&d=mm&r=g","url":"https:\/\/secure.gravatar.com\/avatar\/e0a867bdedb85fd243eadf09663511f96fc81e0720a4a42581f334ad4303aa6b?s=96&d=mm&r=g","contentUrl":"https:\/\/secure.gravatar.com\/avatar\/e0a867bdedb85fd243eadf09663511f96fc81e0720a4a42581f334ad4303aa6b?s=96&d=mm&r=g","caption":"Reda\u00e7\u00e3o"}}]}},"amp_enabled":true,"_links":{"self":[{"href":"https:\/\/www.notibras.com\/site\/wp-json\/wp\/v2\/posts\/203126","targetHints":{"allow":["GET"]}}],"collection":[{"href":"https:\/\/www.notibras.com\/site\/wp-json\/wp\/v2\/posts"}],"about":[{"href":"https:\/\/www.notibras.com\/site\/wp-json\/wp\/v2\/types\/post"}],"author":[{"embeddable":true,"href":"https:\/\/www.notibras.com\/site\/wp-json\/wp\/v2\/users\/2"}],"replies":[{"embeddable":true,"href":"https:\/\/www.notibras.com\/site\/wp-json\/wp\/v2\/comments?post=203126"}],"version-history":[{"count":3,"href":"https:\/\/www.notibras.com\/site\/wp-json\/wp\/v2\/posts\/203126\/revisions"}],"predecessor-version":[{"id":203130,"href":"https:\/\/www.notibras.com\/site\/wp-json\/wp\/v2\/posts\/203126\/revisions\/203130"}],"wp:featuredmedia":[{"embeddable":true,"href":"https:\/\/www.notibras.com\/site\/wp-json\/wp\/v2\/media\/203127"}],"wp:attachment":[{"href":"https:\/\/www.notibras.com\/site\/wp-json\/wp\/v2\/media?parent=203126"}],"wp:term":[{"taxonomy":"category","embeddable":true,"href":"https:\/\/www.notibras.com\/site\/wp-json\/wp\/v2\/categories?post=203126"},{"taxonomy":"post_tag","embeddable":true,"href":"https:\/\/www.notibras.com\/site\/wp-json\/wp\/v2\/tags?post=203126"}],"curies":[{"name":"wp","href":"https:\/\/api.w.org\/{rel}","templated":true}]}}