{"id":203139,"date":"2019-02-21T04:00:48","date_gmt":"2019-02-21T07:00:48","guid":{"rendered":"https:\/\/www.notibras.com\/site\/?p=203139"},"modified":"2019-02-21T04:07:04","modified_gmt":"2019-02-21T07:07:04","slug":"esquerda-precisa-cair-na-real-com-gol-de-bolsonaro","status":"publish","type":"post","link":"https:\/\/www.notibras.com\/site\/esquerda-precisa-cair-na-real-com-gol-de-bolsonaro\/","title":{"rendered":"Esquerda precisa cair na real com gol de Bolsonaro"},"content":{"rendered":"<p>Foi alentador o epis\u00f3dio da entrega que fez pessoalmente Jair Bolsonaro da reforma da Previd\u00eancia ao Congresso Nacional. Revelou humildade e compet\u00eancia. Agiu como estadista, determinou que uma equipe, considerada competente e elogiada, inclusive pelo Grupo Globo, na pessoa de Carlos Alberto Sardenberg em fala na GloboNews, que n\u00e3o falou como inimigo \u2013 perder\u00e1 o emprego? \u2013, mas que afirmou que o governo parece governo, entusiasmado, depositando esperan\u00e7a.<\/p>\n<p>E explicou: \u201c&#8230;governo competente, organizado, que enviou uma proposta consistente, de verdade, bastante bom&#8230;etc\u201d.<\/p>\n<p>Quem acompanhou a apresenta\u00e7\u00e3o da reforma defendida pelos agentes do Planalto, deve ter ficado surpreendido com a consist\u00eancia da proposta entregue pelo presidente, com m\u00e9ritos para a equipe que estava disposta a ficar at\u00e9 a madrugada explicando o que fosse necess\u00e1rio sobre o tema aos parlamentares. \u00c9 assim que se faz.<\/p>\n<p>Al\u00e9m de urgente, \u00e9 fundamental que a reforma n\u00e3o seja contaminada ideologicamente, n\u00e3o cabe mais esse vi\u00e9s, de um bloco que tem o voto dos pobres. A\u00ed vem uma contradi\u00e7\u00e3o: elei\u00e7\u00e3o \u00e9 majorit\u00e1ria. Quem se elege com votos de pobres precisa do maior n\u00famero de votos poss\u00edvel. Ou seja, os votos do maior n\u00famero de pobres poss\u00edvel.<\/p>\n<p>\u00c9 terr\u00edvel ser did\u00e1tico. Tamb\u00e9m \u00e9 o caso da esquerda que escraviza miser\u00e1veis para, travestidos de integrantes leg\u00edtimos de um processo eleitoral covarde dizer que eles s\u00e3o leg\u00edtimos representantes de uma classe social inferior que chegou \u00e0 M\u00e9dia, comprou geladeira e chapinha, mas que agora, apenas 40 dias depois que o Brasil tem nova orienta\u00e7\u00e3o, os milh\u00f5es de seres que tiveram acesso \u00e0 Classe B \u2013 declara o PT sem comprova\u00e7\u00e3o &#8211; gra\u00e7as ao criminoso Lula, n\u00e3o v\u00e3o mais gozar desse para\u00edso.<\/p>\n<p>A esquerda n\u00e3o tem mais o que dizer, acabou! \u00c9 preciso ser cioso da conquista, respeitar os apostadores de primeira hora. O poder tem prazo. A convic\u00e7\u00e3o, bem orientada, ter\u00e1 sobrevida maior. A gratid\u00e3o \u00e9 uma virtude que a pol\u00edtica, at\u00e9 aqui, n\u00e3o reconhece e parece normal desprezar aliados de primeira hora. N\u00e3o vale a pena macular um processo muito consistente que nenhum Twitter poder\u00e1 manter, caso haja um escorreg\u00e3o que desfigure ou desqualifique aliados. A\u00ed ser\u00e1 o mesmo do mesmo.<\/p>\n<p>N\u00e3o \u00e9 o caso. Bolsonaro fez um gol imediatamente ap\u00f3s a in\u00fatil discuss\u00e3o com um ex-ministro, determinando que est\u00e1 definitivamente empenhado em reformar o Brasil. \u00c9 imposs\u00edvel n\u00e3o acreditar nisso. N\u00e3o h\u00e1 esperan\u00e7a se assim n\u00e3o for. A constru\u00e7\u00e3o da reforma da Previd\u00eancia, elogiada e competente, ainda que Delfim Netto, o ministro eterno dos militares, tenha dito que \u00e9 pouco, quando ele pr\u00f3prio n\u00e3o fez absolutamente nada para corrigir quando pode. Deu suas pedaladazinhas tamb\u00e9m, todos sabem, e agora vem com churumelas.<\/p>\n<p>A proposta de reforma, inadi\u00e1vel, foi concebida por pessoas an\u00f4nimas e muito competentes, de forma objetiva, pragm\u00e1tica, que n\u00e3o h\u00e1 o que discutir. Se Delfim acha pouco e ele pr\u00f3prio n\u00e3o fez mais, ou nada fez, sua avalia\u00e7\u00e3o \u00e9 secund\u00e1ria.<\/p>\n<p>Agora, ap\u00f3s o estrago do presidente sobre o PSL que \u00e9 o seu partido e de sua fam\u00edlia, um outro cap\u00edtulo no Congresso Nacional, pode ser uma aposta sem fim previs\u00edvel. Isso n\u00e3o pode da mesma forma ser resolvido pelo Twitter. O general Mour\u00e3o, ao recuar quando deu entrevista afirmando que Bebianno foi desleal ao divulgar as grava\u00e7\u00f5es de conversas \u2013 conversas, sim! \u2013, que teve com o presidente j\u00e1 disse ao que veio.<\/p>\n<p>Mour\u00e3o \u00e9 pol\u00edtico, h\u00e1bil, sabe onde est\u00e1 pisando, viabilizou a candidatura de Bolsonaro quando manteve Lula preso, com o endosso do general Villas Boas, no momento em que o STF estava mobilizado para soltar o torneiro mec\u00e2nico para derrotar Bolsonaro.<\/p>\n<p>Assim \u00e9 a hist\u00f3ria real. Chato \u00e9 n\u00e3o ser reconhecido por dizer a verdade, embora a verdade seja o melhor caminho para chegar onde \u00e9 preciso chegar. Paci\u00eancia, navegar \u00e9 preciso&#8230;<\/p>\n","protected":false},"excerpt":{"rendered":"<p>Foi alentador o epis\u00f3dio da entrega que fez pessoalmente Jair Bolsonaro da reforma da Previd\u00eancia ao Congresso Nacional. Revelou humildade e compet\u00eancia. Agiu como estadista, determinou que uma equipe, considerada competente e elogiada, inclusive pelo Grupo Globo, na pessoa de Carlos Alberto Sardenberg em fala na GloboNews, que n\u00e3o falou como inimigo \u2013 perder\u00e1 o [&hellip;]<\/p>\n","protected":false},"author":2,"featured_media":203140,"comment_status":"closed","ping_status":"closed","sticky":false,"template":"","format":"standard","meta":{"_acf_changed":false,"footnotes":""},"categories":[16],"tags":[95],"class_list":["post-203139","post","type-post","status-publish","format-standard","has-post-thumbnail","hentry","category-brasil","tag-capa"],"acf":[],"yoast_head":"<!-- This site is optimized with the Yoast SEO plugin v27.2 - https:\/\/yoast.com\/product\/yoast-seo-wordpress\/ -->\n<title>Esquerda precisa cair na real com gol de Bolsonaro - Notibras<\/title>\n<meta name=\"robots\" content=\"index, follow, max-snippet:-1, max-image-preview:large, max-video-preview:-1\" \/>\n<link rel=\"canonical\" href=\"https:\/\/www.notibras.com\/site\/esquerda-precisa-cair-na-real-com-gol-de-bolsonaro\/\" \/>\n<meta property=\"og:locale\" content=\"pt_BR\" \/>\n<meta property=\"og:type\" content=\"article\" \/>\n<meta property=\"og:title\" content=\"Esquerda precisa cair na real com gol de Bolsonaro - Notibras\" \/>\n<meta property=\"og:description\" content=\"Foi alentador o epis\u00f3dio da entrega que fez pessoalmente Jair Bolsonaro da reforma da Previd\u00eancia ao Congresso Nacional. Revelou humildade e compet\u00eancia. Agiu como estadista, determinou que uma equipe, considerada competente e elogiada, inclusive pelo Grupo Globo, na pessoa de Carlos Alberto Sardenberg em fala na GloboNews, que n\u00e3o falou como inimigo \u2013 perder\u00e1 o [&hellip;]\" \/>\n<meta property=\"og:url\" content=\"https:\/\/www.notibras.com\/site\/esquerda-precisa-cair-na-real-com-gol-de-bolsonaro\/\" \/>\n<meta property=\"og:site_name\" content=\"Notibras\" \/>\n<meta property=\"article:publisher\" content=\"https:\/\/www.facebook.com\/notibras\/\" \/>\n<meta property=\"article:published_time\" content=\"2019-02-21T07:00:48+00:00\" \/>\n<meta property=\"article:modified_time\" content=\"2019-02-21T07:07:04+00:00\" \/>\n<meta property=\"og:image\" content=\"https:\/\/www.notibras.com\/site\/wp-content\/uploads\/2019\/02\/gol-de-placa.jpg\" \/>\n\t<meta property=\"og:image:width\" content=\"1140\" \/>\n\t<meta property=\"og:image:height\" content=\"760\" \/>\n\t<meta property=\"og:image:type\" content=\"image\/jpeg\" \/>\n<meta name=\"author\" content=\"Reda\u00e7\u00e3o\" \/>\n<meta name=\"twitter:card\" content=\"summary_large_image\" \/>\n<meta name=\"twitter:creator\" content=\"@Notibras\" \/>\n<meta name=\"twitter:site\" content=\"@Notibras\" \/>\n<meta name=\"twitter:label1\" content=\"Escrito por\" \/>\n\t<meta name=\"twitter:data1\" content=\"Reda\u00e7\u00e3o\" \/>\n\t<meta name=\"twitter:label2\" content=\"Est. tempo de leitura\" \/>\n\t<meta name=\"twitter:data2\" content=\"3 minutos\" \/>\n<script type=\"application\/ld+json\" class=\"yoast-schema-graph\">{\"@context\":\"https:\/\/schema.org\",\"@graph\":[{\"@type\":\"Article\",\"@id\":\"https:\/\/www.notibras.com\/site\/esquerda-precisa-cair-na-real-com-gol-de-bolsonaro\/#article\",\"isPartOf\":{\"@id\":\"https:\/\/www.notibras.com\/site\/esquerda-precisa-cair-na-real-com-gol-de-bolsonaro\/\"},\"author\":{\"name\":\"Reda\u00e7\u00e3o\",\"@id\":\"https:\/\/www.notibras.com\/site\/#\/schema\/person\/36ab0979449956132d3e5b517ea76ac8\"},\"headline\":\"Esquerda precisa cair na real com gol de Bolsonaro\",\"datePublished\":\"2019-02-21T07:00:48+00:00\",\"dateModified\":\"2019-02-21T07:07:04+00:00\",\"mainEntityOfPage\":{\"@id\":\"https:\/\/www.notibras.com\/site\/esquerda-precisa-cair-na-real-com-gol-de-bolsonaro\/\"},\"wordCount\":683,\"publisher\":{\"@id\":\"https:\/\/www.notibras.com\/site\/#organization\"},\"image\":{\"@id\":\"https:\/\/www.notibras.com\/site\/esquerda-precisa-cair-na-real-com-gol-de-bolsonaro\/#primaryimage\"},\"thumbnailUrl\":\"https:\/\/www.notibras.com\/site\/wp-content\/uploads\/2019\/02\/gol-de-placa.jpg\",\"keywords\":[\"capa\"],\"articleSection\":[\"Brasil\"],\"inLanguage\":\"pt-BR\"},{\"@type\":\"WebPage\",\"@id\":\"https:\/\/www.notibras.com\/site\/esquerda-precisa-cair-na-real-com-gol-de-bolsonaro\/\",\"url\":\"https:\/\/www.notibras.com\/site\/esquerda-precisa-cair-na-real-com-gol-de-bolsonaro\/\",\"name\":\"Esquerda precisa cair na real com gol de Bolsonaro - Notibras\",\"isPartOf\":{\"@id\":\"https:\/\/www.notibras.com\/site\/#website\"},\"primaryImageOfPage\":{\"@id\":\"https:\/\/www.notibras.com\/site\/esquerda-precisa-cair-na-real-com-gol-de-bolsonaro\/#primaryimage\"},\"image\":{\"@id\":\"https:\/\/www.notibras.com\/site\/esquerda-precisa-cair-na-real-com-gol-de-bolsonaro\/#primaryimage\"},\"thumbnailUrl\":\"https:\/\/www.notibras.com\/site\/wp-content\/uploads\/2019\/02\/gol-de-placa.jpg\",\"datePublished\":\"2019-02-21T07:00:48+00:00\",\"dateModified\":\"2019-02-21T07:07:04+00:00\",\"breadcrumb\":{\"@id\":\"https:\/\/www.notibras.com\/site\/esquerda-precisa-cair-na-real-com-gol-de-bolsonaro\/#breadcrumb\"},\"inLanguage\":\"pt-BR\",\"potentialAction\":[{\"@type\":\"ReadAction\",\"target\":[\"https:\/\/www.notibras.com\/site\/esquerda-precisa-cair-na-real-com-gol-de-bolsonaro\/\"]}]},{\"@type\":\"ImageObject\",\"inLanguage\":\"pt-BR\",\"@id\":\"https:\/\/www.notibras.com\/site\/esquerda-precisa-cair-na-real-com-gol-de-bolsonaro\/#primaryimage\",\"url\":\"https:\/\/www.notibras.com\/site\/wp-content\/uploads\/2019\/02\/gol-de-placa.jpg\",\"contentUrl\":\"https:\/\/www.notibras.com\/site\/wp-content\/uploads\/2019\/02\/gol-de-placa.jpg\",\"width\":1140,\"height\":760,\"caption\":\"Foto: Marcelo Camargo\/ABr\"},{\"@type\":\"BreadcrumbList\",\"@id\":\"https:\/\/www.notibras.com\/site\/esquerda-precisa-cair-na-real-com-gol-de-bolsonaro\/#breadcrumb\",\"itemListElement\":[{\"@type\":\"ListItem\",\"position\":1,\"name\":\"In\u00edcio\",\"item\":\"https:\/\/www.notibras.com\/site\/\"},{\"@type\":\"ListItem\",\"position\":2,\"name\":\"Esquerda precisa cair na real com gol de Bolsonaro\"}]},{\"@type\":\"WebSite\",\"@id\":\"https:\/\/www.notibras.com\/site\/#website\",\"url\":\"https:\/\/www.notibras.com\/site\/\",\"name\":\"Notibras\",\"description\":\"Not\u00edcias de Bras\u00edlia, do Brasil e do Mundo\",\"publisher\":{\"@id\":\"https:\/\/www.notibras.com\/site\/#organization\"},\"potentialAction\":[{\"@type\":\"SearchAction\",\"target\":{\"@type\":\"EntryPoint\",\"urlTemplate\":\"https:\/\/www.notibras.com\/site\/?s={search_term_string}\"},\"query-input\":{\"@type\":\"PropertyValueSpecification\",\"valueRequired\":true,\"valueName\":\"search_term_string\"}}],\"inLanguage\":\"pt-BR\"},{\"@type\":\"Organization\",\"@id\":\"https:\/\/www.notibras.com\/site\/#organization\",\"name\":\"Grupo Notibras de Comunica\u00e7\u00e3o\",\"url\":\"https:\/\/www.notibras.com\/site\/\",\"logo\":{\"@type\":\"ImageObject\",\"inLanguage\":\"pt-BR\",\"@id\":\"https:\/\/www.notibras.com\/site\/#\/schema\/logo\/image\/\",\"url\":\"https:\/\/www.notibras.com\/site\/wp-content\/uploads\/2023\/01\/notibras23.png\",\"contentUrl\":\"https:\/\/www.notibras.com\/site\/wp-content\/uploads\/2023\/01\/notibras23.png\",\"width\":350,\"height\":87,\"caption\":\"Grupo Notibras de Comunica\u00e7\u00e3o\"},\"image\":{\"@id\":\"https:\/\/www.notibras.com\/site\/#\/schema\/logo\/image\/\"},\"sameAs\":[\"https:\/\/www.facebook.com\/notibras\/\",\"https:\/\/x.com\/Notibras\",\"https:\/\/www.instagram.com\/notibras\/\"]},{\"@type\":\"Person\",\"@id\":\"https:\/\/www.notibras.com\/site\/#\/schema\/person\/36ab0979449956132d3e5b517ea76ac8\",\"name\":\"Reda\u00e7\u00e3o\",\"image\":{\"@type\":\"ImageObject\",\"inLanguage\":\"pt-BR\",\"@id\":\"https:\/\/secure.gravatar.com\/avatar\/e0a867bdedb85fd243eadf09663511f96fc81e0720a4a42581f334ad4303aa6b?s=96&d=mm&r=g\",\"url\":\"https:\/\/secure.gravatar.com\/avatar\/e0a867bdedb85fd243eadf09663511f96fc81e0720a4a42581f334ad4303aa6b?s=96&d=mm&r=g\",\"contentUrl\":\"https:\/\/secure.gravatar.com\/avatar\/e0a867bdedb85fd243eadf09663511f96fc81e0720a4a42581f334ad4303aa6b?s=96&d=mm&r=g\",\"caption\":\"Reda\u00e7\u00e3o\"}}]}<\/script>\n<!-- \/ Yoast SEO plugin. -->","yoast_head_json":{"title":"Esquerda precisa cair na real com gol de Bolsonaro - Notibras","robots":{"index":"index","follow":"follow","max-snippet":"max-snippet:-1","max-image-preview":"max-image-preview:large","max-video-preview":"max-video-preview:-1"},"canonical":"https:\/\/www.notibras.com\/site\/esquerda-precisa-cair-na-real-com-gol-de-bolsonaro\/","og_locale":"pt_BR","og_type":"article","og_title":"Esquerda precisa cair na real com gol de Bolsonaro - Notibras","og_description":"Foi alentador o epis\u00f3dio da entrega que fez pessoalmente Jair Bolsonaro da reforma da Previd\u00eancia ao Congresso Nacional. Revelou humildade e compet\u00eancia. Agiu como estadista, determinou que uma equipe, considerada competente e elogiada, inclusive pelo Grupo Globo, na pessoa de Carlos Alberto Sardenberg em fala na GloboNews, que n\u00e3o falou como inimigo \u2013 perder\u00e1 o [&hellip;]","og_url":"https:\/\/www.notibras.com\/site\/esquerda-precisa-cair-na-real-com-gol-de-bolsonaro\/","og_site_name":"Notibras","article_publisher":"https:\/\/www.facebook.com\/notibras\/","article_published_time":"2019-02-21T07:00:48+00:00","article_modified_time":"2019-02-21T07:07:04+00:00","og_image":[{"width":1140,"height":760,"url":"https:\/\/www.notibras.com\/site\/wp-content\/uploads\/2019\/02\/gol-de-placa.jpg","type":"image\/jpeg"}],"author":"Reda\u00e7\u00e3o","twitter_card":"summary_large_image","twitter_creator":"@Notibras","twitter_site":"@Notibras","twitter_misc":{"Escrito por":"Reda\u00e7\u00e3o","Est. tempo de leitura":"3 minutos"},"schema":{"@context":"https:\/\/schema.org","@graph":[{"@type":"Article","@id":"https:\/\/www.notibras.com\/site\/esquerda-precisa-cair-na-real-com-gol-de-bolsonaro\/#article","isPartOf":{"@id":"https:\/\/www.notibras.com\/site\/esquerda-precisa-cair-na-real-com-gol-de-bolsonaro\/"},"author":{"name":"Reda\u00e7\u00e3o","@id":"https:\/\/www.notibras.com\/site\/#\/schema\/person\/36ab0979449956132d3e5b517ea76ac8"},"headline":"Esquerda precisa cair na real com gol de Bolsonaro","datePublished":"2019-02-21T07:00:48+00:00","dateModified":"2019-02-21T07:07:04+00:00","mainEntityOfPage":{"@id":"https:\/\/www.notibras.com\/site\/esquerda-precisa-cair-na-real-com-gol-de-bolsonaro\/"},"wordCount":683,"publisher":{"@id":"https:\/\/www.notibras.com\/site\/#organization"},"image":{"@id":"https:\/\/www.notibras.com\/site\/esquerda-precisa-cair-na-real-com-gol-de-bolsonaro\/#primaryimage"},"thumbnailUrl":"https:\/\/www.notibras.com\/site\/wp-content\/uploads\/2019\/02\/gol-de-placa.jpg","keywords":["capa"],"articleSection":["Brasil"],"inLanguage":"pt-BR"},{"@type":"WebPage","@id":"https:\/\/www.notibras.com\/site\/esquerda-precisa-cair-na-real-com-gol-de-bolsonaro\/","url":"https:\/\/www.notibras.com\/site\/esquerda-precisa-cair-na-real-com-gol-de-bolsonaro\/","name":"Esquerda precisa cair na real com gol de Bolsonaro - Notibras","isPartOf":{"@id":"https:\/\/www.notibras.com\/site\/#website"},"primaryImageOfPage":{"@id":"https:\/\/www.notibras.com\/site\/esquerda-precisa-cair-na-real-com-gol-de-bolsonaro\/#primaryimage"},"image":{"@id":"https:\/\/www.notibras.com\/site\/esquerda-precisa-cair-na-real-com-gol-de-bolsonaro\/#primaryimage"},"thumbnailUrl":"https:\/\/www.notibras.com\/site\/wp-content\/uploads\/2019\/02\/gol-de-placa.jpg","datePublished":"2019-02-21T07:00:48+00:00","dateModified":"2019-02-21T07:07:04+00:00","breadcrumb":{"@id":"https:\/\/www.notibras.com\/site\/esquerda-precisa-cair-na-real-com-gol-de-bolsonaro\/#breadcrumb"},"inLanguage":"pt-BR","potentialAction":[{"@type":"ReadAction","target":["https:\/\/www.notibras.com\/site\/esquerda-precisa-cair-na-real-com-gol-de-bolsonaro\/"]}]},{"@type":"ImageObject","inLanguage":"pt-BR","@id":"https:\/\/www.notibras.com\/site\/esquerda-precisa-cair-na-real-com-gol-de-bolsonaro\/#primaryimage","url":"https:\/\/www.notibras.com\/site\/wp-content\/uploads\/2019\/02\/gol-de-placa.jpg","contentUrl":"https:\/\/www.notibras.com\/site\/wp-content\/uploads\/2019\/02\/gol-de-placa.jpg","width":1140,"height":760,"caption":"Foto: Marcelo Camargo\/ABr"},{"@type":"BreadcrumbList","@id":"https:\/\/www.notibras.com\/site\/esquerda-precisa-cair-na-real-com-gol-de-bolsonaro\/#breadcrumb","itemListElement":[{"@type":"ListItem","position":1,"name":"In\u00edcio","item":"https:\/\/www.notibras.com\/site\/"},{"@type":"ListItem","position":2,"name":"Esquerda precisa cair na real com gol de Bolsonaro"}]},{"@type":"WebSite","@id":"https:\/\/www.notibras.com\/site\/#website","url":"https:\/\/www.notibras.com\/site\/","name":"Notibras","description":"Not\u00edcias de Bras\u00edlia, do Brasil e do Mundo","publisher":{"@id":"https:\/\/www.notibras.com\/site\/#organization"},"potentialAction":[{"@type":"SearchAction","target":{"@type":"EntryPoint","urlTemplate":"https:\/\/www.notibras.com\/site\/?s={search_term_string}"},"query-input":{"@type":"PropertyValueSpecification","valueRequired":true,"valueName":"search_term_string"}}],"inLanguage":"pt-BR"},{"@type":"Organization","@id":"https:\/\/www.notibras.com\/site\/#organization","name":"Grupo Notibras de Comunica\u00e7\u00e3o","url":"https:\/\/www.notibras.com\/site\/","logo":{"@type":"ImageObject","inLanguage":"pt-BR","@id":"https:\/\/www.notibras.com\/site\/#\/schema\/logo\/image\/","url":"https:\/\/www.notibras.com\/site\/wp-content\/uploads\/2023\/01\/notibras23.png","contentUrl":"https:\/\/www.notibras.com\/site\/wp-content\/uploads\/2023\/01\/notibras23.png","width":350,"height":87,"caption":"Grupo Notibras de Comunica\u00e7\u00e3o"},"image":{"@id":"https:\/\/www.notibras.com\/site\/#\/schema\/logo\/image\/"},"sameAs":["https:\/\/www.facebook.com\/notibras\/","https:\/\/x.com\/Notibras","https:\/\/www.instagram.com\/notibras\/"]},{"@type":"Person","@id":"https:\/\/www.notibras.com\/site\/#\/schema\/person\/36ab0979449956132d3e5b517ea76ac8","name":"Reda\u00e7\u00e3o","image":{"@type":"ImageObject","inLanguage":"pt-BR","@id":"https:\/\/secure.gravatar.com\/avatar\/e0a867bdedb85fd243eadf09663511f96fc81e0720a4a42581f334ad4303aa6b?s=96&d=mm&r=g","url":"https:\/\/secure.gravatar.com\/avatar\/e0a867bdedb85fd243eadf09663511f96fc81e0720a4a42581f334ad4303aa6b?s=96&d=mm&r=g","contentUrl":"https:\/\/secure.gravatar.com\/avatar\/e0a867bdedb85fd243eadf09663511f96fc81e0720a4a42581f334ad4303aa6b?s=96&d=mm&r=g","caption":"Reda\u00e7\u00e3o"}}]}},"amp_enabled":true,"_links":{"self":[{"href":"https:\/\/www.notibras.com\/site\/wp-json\/wp\/v2\/posts\/203139","targetHints":{"allow":["GET"]}}],"collection":[{"href":"https:\/\/www.notibras.com\/site\/wp-json\/wp\/v2\/posts"}],"about":[{"href":"https:\/\/www.notibras.com\/site\/wp-json\/wp\/v2\/types\/post"}],"author":[{"embeddable":true,"href":"https:\/\/www.notibras.com\/site\/wp-json\/wp\/v2\/users\/2"}],"replies":[{"embeddable":true,"href":"https:\/\/www.notibras.com\/site\/wp-json\/wp\/v2\/comments?post=203139"}],"version-history":[{"count":3,"href":"https:\/\/www.notibras.com\/site\/wp-json\/wp\/v2\/posts\/203139\/revisions"}],"predecessor-version":[{"id":203143,"href":"https:\/\/www.notibras.com\/site\/wp-json\/wp\/v2\/posts\/203139\/revisions\/203143"}],"wp:featuredmedia":[{"embeddable":true,"href":"https:\/\/www.notibras.com\/site\/wp-json\/wp\/v2\/media\/203140"}],"wp:attachment":[{"href":"https:\/\/www.notibras.com\/site\/wp-json\/wp\/v2\/media?parent=203139"}],"wp:term":[{"taxonomy":"category","embeddable":true,"href":"https:\/\/www.notibras.com\/site\/wp-json\/wp\/v2\/categories?post=203139"},{"taxonomy":"post_tag","embeddable":true,"href":"https:\/\/www.notibras.com\/site\/wp-json\/wp\/v2\/tags?post=203139"}],"curies":[{"name":"wp","href":"https:\/\/api.w.org\/{rel}","templated":true}]}}